{"id":1035,"date":"2019-06-19T11:08:11","date_gmt":"2019-06-19T09:08:11","guid":{"rendered":"http:\/\/www.italiaeconomiaonline.it\/web\/?p=1035"},"modified":"2019-06-19T11:08:11","modified_gmt":"2019-06-19T09:08:11","slug":"giornata-mondiale-della-proprieta-intellettuale","status":"publish","type":"post","link":"https:\/\/www.italiaeconomiaonline.it\/web\/giornata-mondiale-della-proprieta-intellettuale\/","title":{"rendered":"Giornata mondiale della propriet\u00e0 intellettuale"},"content":{"rendered":"<p><span class=\"dropcap dropcap3\">I<\/span>n occasione della giornata mondiale della Propriet\u00e0 Intellettuale, si \u00e8 tenuta oggi nel Salone degli Arazzi del <strong>MiSE<\/strong> una tavola rotonda sul tema \u201csport e contraffazione\u201d.<\/p>\n<p>Alla presenza di vari operatori di settore, il Vice Ministro dello Sviluppo Economico,<strong> Dario Galli<\/strong> ha aperto i lavori ricordando che \u201cla pratica sportiva ad alti livelli ha un riflesso economico non indifferente. Tutto ci\u00f2 che orbita attorno allo sport, quindi, se non gestito correttamente, si trasforma in danno, anche di immagine, alla collettivit\u00e0\u201d.<\/p>\n<p>Il Vice Ministro Galli ha sottolineato l\u2019importante lavoro portato avanti in questi anni dalla Direzione generale per la lotta alla contraffazione &#8211; Ufficio Italiano Brevetti e Marchi, che cura l\u2019attivit\u00e0 dell\u2019Accademia UIBM.<\/p>\n<p>\u201cLo sport \u00e8 uno strumento privilegiato per favorire nella nostra societ\u00e0 quel cambiamento culturale e comportamentale necessario per preservarla dal disvalore della contraffazione &#8211; ha concluso il Vice Ministro Galli. Infatti l\u2019attivit\u00e0 sportiva, basata sul fair play, sulla lealt\u00e0, consente di alimentare il circolo virtuoso necessario a sostenere un sano sviluppo del sistema imprenditoriale, capace di una concorrenza leale tra aziende, nel rispetto dei consumatori, dei lavoratori e dell\u2019ambiente\u201d.<\/p>\n<p>&nbsp;<\/p>\n<p><strong>\u00a0<\/strong><\/p>\n","protected":false},"excerpt":{"rendered":"<p>In occasione della giornata mondiale della Propriet\u00e0 Intellettuale, si \u00e8 tenuta oggi nel Salone degli Arazzi del MiSE una tavola rotonda sul tema \u201csport e contraffazione\u201d. Alla presenza di vari operatori di settore, il Vice Ministro dello Sviluppo Economico, Dario Galli ha aperto i lavori ricordando che \u201cla pratica sportiva ad alti livelli ha un [&hellip;]<\/p>\n","protected":false},"author":1,"featured_media":1036,"comment_status":"closed","ping_status":"open","sticky":false,"template":"","format":"standard","meta":{"footnotes":""},"categories":[56],"tags":[434,435,31],"yoast_head":"<!-- This site is optimized with the Yoast SEO plugin v22.2 - https:\/\/yoast.com\/wordpress\/plugins\/seo\/ -->\n<title>Giornata mondiale della propriet\u00e0 intellettuale -<\/title>\n<meta name=\"description\" content=\"In occasione della giornata mondiale della Propriet\u00e0 Intellettuale, si \u00e8 tenuta oggi nel Salone degli Arazzi del MiSE una tavola rotonda sul tema\" \/>\n<meta name=\"robots\" content=\"index, follow, max-snippet:-1, max-image-preview:large, max-video-preview:-1\" \/>\n<link rel=\"canonical\" href=\"https:\/\/www.italiaeconomiaonline.it\/web\/giornata-mondiale-della-proprieta-intellettuale\/\" \/>\n<meta property=\"og:locale\" content=\"it_IT\" \/>\n<meta property=\"og:type\" content=\"article\" \/>\n<meta property=\"og:title\" content=\"Giornata mondiale della propriet\u00e0 intellettuale -\" \/>\n<meta property=\"og:description\" content=\"In occasione della giornata mondiale della Propriet\u00e0 Intellettuale, si \u00e8 tenuta oggi nel Salone degli Arazzi del MiSE una tavola rotonda sul tema\" \/>\n<meta property=\"og:url\" content=\"https:\/\/www.italiaeconomiaonline.it\/web\/giornata-mondiale-della-proprieta-intellettuale\/\" \/>\n<meta property=\"og:site_name\" content=\"ItaliaEconomiaOnline\" \/>\n<meta property=\"article:published_time\" content=\"2019-06-19T09:08:11+00:00\" \/>\n<meta property=\"og:image\" content=\"https:\/\/www.italiaeconomiaonline.it\/web\/wp-content\/uploads\/2019\/06\/dariogalli-e1560935215829.jpg\" \/>\n\t<meta property=\"og:image:width\" content=\"1669\" \/>\n\t<meta property=\"og:image:height\" content=\"957\" \/>\n\t<meta property=\"og:image:type\" content=\"image\/jpeg\" \/>\n<meta name=\"author\" content=\"ladyitaliaeconomia\" \/>\n<meta name=\"twitter:card\" content=\"summary_large_image\" \/>\n<meta name=\"twitter:label1\" content=\"Scritto da\" \/>\n\t<meta name=\"twitter:data1\" content=\"ladyitaliaeconomia\" \/>\n\t<meta name=\"twitter:label2\" content=\"Tempo di lettura stimato\" \/>\n\t<meta name=\"twitter:data2\" content=\"1 minuto\" \/>\n<script type=\"application\/ld+json\" class=\"yoast-schema-graph\">{\"@context\":\"https:\/\/schema.org\",\"@graph\":[{\"@type\":\"WebPage\",\"@id\":\"https:\/\/www.italiaeconomiaonline.it\/web\/giornata-mondiale-della-proprieta-intellettuale\/\",\"url\":\"https:\/\/www.italiaeconomiaonline.it\/web\/giornata-mondiale-della-proprieta-intellettuale\/\",\"name\":\"Giornata mondiale della propriet\u00e0 intellettuale -\",\"isPartOf\":{\"@id\":\"https:\/\/www.italiaeconomiaonline.it\/web\/#website\"},\"primaryImageOfPage\":{\"@id\":\"https:\/\/www.italiaeconomiaonline.it\/web\/giornata-mondiale-della-proprieta-intellettuale\/#primaryimage\"},\"image\":{\"@id\":\"https:\/\/www.italiaeconomiaonline.it\/web\/giornata-mondiale-della-proprieta-intellettuale\/#primaryimage\"},\"thumbnailUrl\":\"https:\/\/www.italiaeconomiaonline.it\/web\/wp-content\/uploads\/2019\/06\/dariogalli-e1560935215829.jpg\",\"datePublished\":\"2019-06-19T09:08:11+00:00\",\"dateModified\":\"2019-06-19T09:08:11+00:00\",\"author\":{\"@id\":\"https:\/\/www.italiaeconomiaonline.it\/web\/#\/schema\/person\/909a49cce752523b020fbc37d5ab1c31\"},\"description\":\"In occasione della giornata mondiale della Propriet\u00e0 Intellettuale, si \u00e8 tenuta oggi nel Salone degli Arazzi del MiSE una tavola rotonda sul tema\",\"breadcrumb\":{\"@id\":\"https:\/\/www.italiaeconomiaonline.it\/web\/giornata-mondiale-della-proprieta-intellettuale\/#breadcrumb\"},\"inLanguage\":\"it-IT\",\"potentialAction\":[{\"@type\":\"ReadAction\",\"target\":[\"https:\/\/www.italiaeconomiaonline.it\/web\/giornata-mondiale-della-proprieta-intellettuale\/\"]}]},{\"@type\":\"ImageObject\",\"inLanguage\":\"it-IT\",\"@id\":\"https:\/\/www.italiaeconomiaonline.it\/web\/giornata-mondiale-della-proprieta-intellettuale\/#primaryimage\",\"url\":\"https:\/\/www.italiaeconomiaonline.it\/web\/wp-content\/uploads\/2019\/06\/dariogalli-e1560935215829.jpg\",\"contentUrl\":\"https:\/\/www.italiaeconomiaonline.it\/web\/wp-content\/uploads\/2019\/06\/dariogalli-e1560935215829.jpg\",\"width\":1669,\"height\":957,\"caption\":\"Dario Galli\"},{\"@type\":\"BreadcrumbList\",\"@id\":\"https:\/\/www.italiaeconomiaonline.it\/web\/giornata-mondiale-della-proprieta-intellettuale\/#breadcrumb\",\"itemListElement\":[{\"@type\":\"ListItem\",\"position\":1,\"name\":\"Home\",\"item\":\"https:\/\/www.italiaeconomiaonline.it\/web\/\"},{\"@type\":\"ListItem\",\"position\":2,\"name\":\"Giornata mondiale della propriet\u00e0 intellettuale\"}]},{\"@type\":\"WebSite\",\"@id\":\"https:\/\/www.italiaeconomiaonline.it\/web\/#website\",\"url\":\"https:\/\/www.italiaeconomiaonline.it\/web\/\",\"name\":\"ItaliaEconomiaOnline\",\"description\":\"Quotidiano Economico Online\",\"potentialAction\":[{\"@type\":\"SearchAction\",\"target\":{\"@type\":\"EntryPoint\",\"urlTemplate\":\"https:\/\/www.italiaeconomiaonline.it\/web\/?s={search_term_string}\"},\"query-input\":\"required name=search_term_string\"}],\"inLanguage\":\"it-IT\"},{\"@type\":\"Person\",\"@id\":\"https:\/\/www.italiaeconomiaonline.it\/web\/#\/schema\/person\/909a49cce752523b020fbc37d5ab1c31\",\"name\":\"ladyitaliaeconomia\",\"image\":{\"@type\":\"ImageObject\",\"inLanguage\":\"it-IT\",\"@id\":\"https:\/\/www.italiaeconomiaonline.it\/web\/#\/schema\/person\/image\/\",\"url\":\"https:\/\/secure.gravatar.com\/avatar\/cedca10ce7416a579b9fa6bce9c0a8f2?s=96&d=mm&r=g\",\"contentUrl\":\"https:\/\/secure.gravatar.com\/avatar\/cedca10ce7416a579b9fa6bce9c0a8f2?s=96&d=mm&r=g\",\"caption\":\"ladyitaliaeconomia\"},\"url\":\"https:\/\/www.italiaeconomiaonline.it\/web\/author\/ladyitaliaeconomia\/\"}]}<\/script>\n<!-- \/ Yoast SEO plugin. -->","yoast_head_json":{"title":"Giornata mondiale della propriet\u00e0 intellettuale -","description":"In occasione della giornata mondiale della Propriet\u00e0 Intellettuale, si \u00e8 tenuta oggi nel Salone degli Arazzi del MiSE una tavola rotonda sul tema","robots":{"index":"index","follow":"follow","max-snippet":"max-snippet:-1","max-image-preview":"max-image-preview:large","max-video-preview":"max-video-preview:-1"},"canonical":"https:\/\/www.italiaeconomiaonline.it\/web\/giornata-mondiale-della-proprieta-intellettuale\/","og_locale":"it_IT","og_type":"article","og_title":"Giornata mondiale della propriet\u00e0 intellettuale -","og_description":"In occasione della giornata mondiale della Propriet\u00e0 Intellettuale, si \u00e8 tenuta oggi nel Salone degli Arazzi del MiSE una tavola rotonda sul tema","og_url":"https:\/\/www.italiaeconomiaonline.it\/web\/giornata-mondiale-della-proprieta-intellettuale\/","og_site_name":"ItaliaEconomiaOnline","article_published_time":"2019-06-19T09:08:11+00:00","og_image":[{"width":1669,"height":957,"url":"https:\/\/www.italiaeconomiaonline.it\/web\/wp-content\/uploads\/2019\/06\/dariogalli-e1560935215829.jpg","type":"image\/jpeg"}],"author":"ladyitaliaeconomia","twitter_card":"summary_large_image","twitter_misc":{"Scritto da":"ladyitaliaeconomia","Tempo di lettura stimato":"1 minuto"},"schema":{"@context":"https:\/\/schema.org","@graph":[{"@type":"WebPage","@id":"https:\/\/www.italiaeconomiaonline.it\/web\/giornata-mondiale-della-proprieta-intellettuale\/","url":"https:\/\/www.italiaeconomiaonline.it\/web\/giornata-mondiale-della-proprieta-intellettuale\/","name":"Giornata mondiale della propriet\u00e0 intellettuale -","isPartOf":{"@id":"https:\/\/www.italiaeconomiaonline.it\/web\/#website"},"primaryImageOfPage":{"@id":"https:\/\/www.italiaeconomiaonline.it\/web\/giornata-mondiale-della-proprieta-intellettuale\/#primaryimage"},"image":{"@id":"https:\/\/www.italiaeconomiaonline.it\/web\/giornata-mondiale-della-proprieta-intellettuale\/#primaryimage"},"thumbnailUrl":"https:\/\/www.italiaeconomiaonline.it\/web\/wp-content\/uploads\/2019\/06\/dariogalli-e1560935215829.jpg","datePublished":"2019-06-19T09:08:11+00:00","dateModified":"2019-06-19T09:08:11+00:00","author":{"@id":"https:\/\/www.italiaeconomiaonline.it\/web\/#\/schema\/person\/909a49cce752523b020fbc37d5ab1c31"},"description":"In occasione della giornata mondiale della Propriet\u00e0 Intellettuale, si \u00e8 tenuta oggi nel Salone degli Arazzi del MiSE una tavola rotonda sul tema","breadcrumb":{"@id":"https:\/\/www.italiaeconomiaonline.it\/web\/giornata-mondiale-della-proprieta-intellettuale\/#breadcrumb"},"inLanguage":"it-IT","potentialAction":[{"@type":"ReadAction","target":["https:\/\/www.italiaeconomiaonline.it\/web\/giornata-mondiale-della-proprieta-intellettuale\/"]}]},{"@type":"ImageObject","inLanguage":"it-IT","@id":"https:\/\/www.italiaeconomiaonline.it\/web\/giornata-mondiale-della-proprieta-intellettuale\/#primaryimage","url":"https:\/\/www.italiaeconomiaonline.it\/web\/wp-content\/uploads\/2019\/06\/dariogalli-e1560935215829.jpg","contentUrl":"https:\/\/www.italiaeconomiaonline.it\/web\/wp-content\/uploads\/2019\/06\/dariogalli-e1560935215829.jpg","width":1669,"height":957,"caption":"Dario Galli"},{"@type":"BreadcrumbList","@id":"https:\/\/www.italiaeconomiaonline.it\/web\/giornata-mondiale-della-proprieta-intellettuale\/#breadcrumb","itemListElement":[{"@type":"ListItem","position":1,"name":"Home","item":"https:\/\/www.italiaeconomiaonline.it\/web\/"},{"@type":"ListItem","position":2,"name":"Giornata mondiale della propriet\u00e0 intellettuale"}]},{"@type":"WebSite","@id":"https:\/\/www.italiaeconomiaonline.it\/web\/#website","url":"https:\/\/www.italiaeconomiaonline.it\/web\/","name":"ItaliaEconomiaOnline","description":"Quotidiano Economico Online","potentialAction":[{"@type":"SearchAction","target":{"@type":"EntryPoint","urlTemplate":"https:\/\/www.italiaeconomiaonline.it\/web\/?s={search_term_string}"},"query-input":"required name=search_term_string"}],"inLanguage":"it-IT"},{"@type":"Person","@id":"https:\/\/www.italiaeconomiaonline.it\/web\/#\/schema\/person\/909a49cce752523b020fbc37d5ab1c31","name":"ladyitaliaeconomia","image":{"@type":"ImageObject","inLanguage":"it-IT","@id":"https:\/\/www.italiaeconomiaonline.it\/web\/#\/schema\/person\/image\/","url":"https:\/\/secure.gravatar.com\/avatar\/cedca10ce7416a579b9fa6bce9c0a8f2?s=96&d=mm&r=g","contentUrl":"https:\/\/secure.gravatar.com\/avatar\/cedca10ce7416a579b9fa6bce9c0a8f2?s=96&d=mm&r=g","caption":"ladyitaliaeconomia"},"url":"https:\/\/www.italiaeconomiaonline.it\/web\/author\/ladyitaliaeconomia\/"}]}},"_links":{"self":[{"href":"https:\/\/www.italiaeconomiaonline.it\/web\/wp-json\/wp\/v2\/posts\/1035"}],"collection":[{"href":"https:\/\/www.italiaeconomiaonline.it\/web\/wp-json\/wp\/v2\/posts"}],"about":[{"href":"https:\/\/www.italiaeconomiaonline.it\/web\/wp-json\/wp\/v2\/types\/post"}],"author":[{"embeddable":true,"href":"https:\/\/www.italiaeconomiaonline.it\/web\/wp-json\/wp\/v2\/users\/1"}],"replies":[{"embeddable":true,"href":"https:\/\/www.italiaeconomiaonline.it\/web\/wp-json\/wp\/v2\/comments?post=1035"}],"version-history":[{"count":1,"href":"https:\/\/www.italiaeconomiaonline.it\/web\/wp-json\/wp\/v2\/posts\/1035\/revisions"}],"predecessor-version":[{"id":1037,"href":"https:\/\/www.italiaeconomiaonline.it\/web\/wp-json\/wp\/v2\/posts\/1035\/revisions\/1037"}],"wp:featuredmedia":[{"embeddable":true,"href":"https:\/\/www.italiaeconomiaonline.it\/web\/wp-json\/wp\/v2\/media\/1036"}],"wp:attachment":[{"href":"https:\/\/www.italiaeconomiaonline.it\/web\/wp-json\/wp\/v2\/media?parent=1035"}],"wp:term":[{"taxonomy":"category","embeddable":true,"href":"https:\/\/www.italiaeconomiaonline.it\/web\/wp-json\/wp\/v2\/categories?post=1035"},{"taxonomy":"post_tag","embeddable":true,"href":"https:\/\/www.italiaeconomiaonline.it\/web\/wp-json\/wp\/v2\/tags?post=1035"}],"curies":[{"name":"wp","href":"https:\/\/api.w.org\/{rel}","templated":true}]}}