{"id":1143,"date":"2019-06-29T12:29:12","date_gmt":"2019-06-29T10:29:12","guid":{"rendered":"http:\/\/www.italiaeconomiaonline.it\/web\/?p=1143"},"modified":"2019-06-29T12:29:12","modified_gmt":"2019-06-29T10:29:12","slug":"neet-la-cisl-lancia-lallarme","status":"publish","type":"post","link":"https:\/\/www.italiaeconomiaonline.it\/web\/neet-la-cisl-lancia-lallarme\/","title":{"rendered":"Neet: la Cisl lancia l&#8217;allarme"},"content":{"rendered":"<p>\u201cLa quota di Neet, giovani che non risultano impegnati in nessun tipo di percorso di studi o di formazione, n\u00e9 lavorano, sul totale della popolazione della fascia 20-34 anni, \u00e8 cresciuta in maniera allarmante dagli anni pre-crisi, arrivando <a class=\"matchTooltip\">oggi<\/a> a sfiorare il 30% e a \u201cguadagnare\u201d il record europeo\u201d.<\/p>\n<p>Il dato sui Neet \u00e8 il pi\u00f9 significativo del disagio occupazionale giovanile, molto pi\u00f9 del tasso di disoccupazione, che viene calcolato in modo da non scorporare i ragazzi che studiano\u201d. Dichiara in una nota il Segretario Generale aggiunto della Cisl, Luigi Sbarra.<\/p>\n<p>\u201cSe a tale dato aggiungiamo che, sempre secondo i dati Eurostat &#8211; sottolinea Sbarra &#8211; il tasso di dispersione scolastica \u00e8 al 14% rispetto alla media Ue del 10,6% e che l\u2019Italia \u00e8 anche al penultimo posto in Europa per numero di laureati, prima della Romania, possiamo capire come una delle cause di tale disagio vada ricercata in un sistema scolastico ed universitario penalizzato dai tagli delle risorse e dal blocco delle assunzioni e dalla totale carenza di adeguati servizi di orientamento.<\/p>\n<p>Inoltre i giovani sono da anni penalizzati nell\u2019accesso al lavoro, per una serie di motivi che vanno dalle riforme pensionistiche, al blocco del turn over nella Pubblica Amministrazione, alla mancanza di un sistema \u00a0di servizi all\u2019impiego adeguato, all\u2019utilizzo smodato dei tirocini, problemi a cui si \u00e8 sovrapposta la lunga crisi economica ed ora una nuova fase di stagnazione.<\/p>\n<blockquote class=\"td_pull_quote td_pull_center\"><p>A fronte di tale situazione, non c\u2019\u00e8 da stupirsi per il forte aumento di giovani che vanno a cercare all\u2019estero migliori condizioni<\/p><\/blockquote>\n<p>\u201cC\u2019\u00e8 invece da realizzare un piano di riqualificazione del sistema formativo-educativo- conclude Sbarra- un sistema di orientamento verso percorsi di studi che assicurino un futuro occupazionale, \u00a0dalle nuove tecnologie alla tutela ambientale,\u00a0 nonch\u00e8 rivedere il sistema degli incentivi al lavoro giovanile, per non impoverire il Paese delle sue risorse migliori e soprattutto per non togliere il futuro ai nostri ragazzi\u201d.<\/p>\n","protected":false},"excerpt":{"rendered":"<p>\u201cLa quota di Neet, giovani che non risultano impegnati in nessun tipo di percorso di studi o di formazione, n\u00e9 lavorano, sul totale della popolazione della fascia 20-34 anni, \u00e8 cresciuta in maniera allarmante dagli anni pre-crisi, arrivando oggi a sfiorare il 30% e a \u201cguadagnare\u201d il record europeo\u201d. Il dato sui Neet \u00e8 il [&hellip;]<\/p>\n","protected":false},"author":1,"featured_media":1063,"comment_status":"closed","ping_status":"open","sticky":false,"template":"","format":"standard","meta":{"footnotes":""},"categories":[28],"tags":[485,336,484,486],"yoast_head":"<!-- This site is optimized with the Yoast SEO plugin v22.2 - https:\/\/yoast.com\/wordpress\/plugins\/seo\/ -->\n<title>Neet: la Cisl lancia l&#039;allarme -<\/title>\n<meta name=\"robots\" content=\"index, follow, max-snippet:-1, max-image-preview:large, max-video-preview:-1\" \/>\n<link rel=\"canonical\" href=\"https:\/\/www.italiaeconomiaonline.it\/web\/neet-la-cisl-lancia-lallarme\/\" \/>\n<meta property=\"og:locale\" content=\"it_IT\" \/>\n<meta property=\"og:type\" content=\"article\" \/>\n<meta property=\"og:title\" content=\"Neet: la Cisl lancia l&#039;allarme -\" \/>\n<meta property=\"og:description\" content=\"\u201cLa quota di Neet, giovani che non risultano impegnati in nessun tipo di percorso di studi o di formazione, n\u00e9 lavorano, sul totale della popolazione della fascia 20-34 anni, \u00e8 cresciuta in maniera allarmante dagli anni pre-crisi, arrivando oggi a sfiorare il 30% e a \u201cguadagnare\u201d il record europeo\u201d. Il dato sui Neet \u00e8 il [&hellip;]\" \/>\n<meta property=\"og:url\" content=\"https:\/\/www.italiaeconomiaonline.it\/web\/neet-la-cisl-lancia-lallarme\/\" \/>\n<meta property=\"og:site_name\" content=\"ItaliaEconomiaOnline\" \/>\n<meta property=\"article:published_time\" content=\"2019-06-29T10:29:12+00:00\" \/>\n<meta property=\"og:image\" content=\"https:\/\/www.italiaeconomiaonline.it\/web\/wp-content\/uploads\/2019\/06\/cellulari.jpg\" \/>\n\t<meta property=\"og:image:width\" content=\"960\" \/>\n\t<meta property=\"og:image:height\" content=\"640\" \/>\n\t<meta property=\"og:image:type\" content=\"image\/jpeg\" \/>\n<meta name=\"author\" content=\"ladyitaliaeconomia\" \/>\n<meta name=\"twitter:card\" content=\"summary_large_image\" \/>\n<meta name=\"twitter:label1\" content=\"Scritto da\" \/>\n\t<meta name=\"twitter:data1\" content=\"ladyitaliaeconomia\" \/>\n\t<meta name=\"twitter:label2\" content=\"Tempo di lettura stimato\" \/>\n\t<meta name=\"twitter:data2\" content=\"2 minuti\" \/>\n<script type=\"application\/ld+json\" class=\"yoast-schema-graph\">{\"@context\":\"https:\/\/schema.org\",\"@graph\":[{\"@type\":\"WebPage\",\"@id\":\"https:\/\/www.italiaeconomiaonline.it\/web\/neet-la-cisl-lancia-lallarme\/\",\"url\":\"https:\/\/www.italiaeconomiaonline.it\/web\/neet-la-cisl-lancia-lallarme\/\",\"name\":\"Neet: la Cisl lancia l'allarme -\",\"isPartOf\":{\"@id\":\"https:\/\/www.italiaeconomiaonline.it\/web\/#website\"},\"primaryImageOfPage\":{\"@id\":\"https:\/\/www.italiaeconomiaonline.it\/web\/neet-la-cisl-lancia-lallarme\/#primaryimage\"},\"image\":{\"@id\":\"https:\/\/www.italiaeconomiaonline.it\/web\/neet-la-cisl-lancia-lallarme\/#primaryimage\"},\"thumbnailUrl\":\"https:\/\/www.italiaeconomiaonline.it\/web\/wp-content\/uploads\/2019\/06\/cellulari.jpg\",\"datePublished\":\"2019-06-29T10:29:12+00:00\",\"dateModified\":\"2019-06-29T10:29:12+00:00\",\"author\":{\"@id\":\"https:\/\/www.italiaeconomiaonline.it\/web\/#\/schema\/person\/909a49cce752523b020fbc37d5ab1c31\"},\"breadcrumb\":{\"@id\":\"https:\/\/www.italiaeconomiaonline.it\/web\/neet-la-cisl-lancia-lallarme\/#breadcrumb\"},\"inLanguage\":\"it-IT\",\"potentialAction\":[{\"@type\":\"ReadAction\",\"target\":[\"https:\/\/www.italiaeconomiaonline.it\/web\/neet-la-cisl-lancia-lallarme\/\"]}]},{\"@type\":\"ImageObject\",\"inLanguage\":\"it-IT\",\"@id\":\"https:\/\/www.italiaeconomiaonline.it\/web\/neet-la-cisl-lancia-lallarme\/#primaryimage\",\"url\":\"https:\/\/www.italiaeconomiaonline.it\/web\/wp-content\/uploads\/2019\/06\/cellulari.jpg\",\"contentUrl\":\"https:\/\/www.italiaeconomiaonline.it\/web\/wp-content\/uploads\/2019\/06\/cellulari.jpg\",\"width\":960,\"height\":640},{\"@type\":\"BreadcrumbList\",\"@id\":\"https:\/\/www.italiaeconomiaonline.it\/web\/neet-la-cisl-lancia-lallarme\/#breadcrumb\",\"itemListElement\":[{\"@type\":\"ListItem\",\"position\":1,\"name\":\"Home\",\"item\":\"https:\/\/www.italiaeconomiaonline.it\/web\/\"},{\"@type\":\"ListItem\",\"position\":2,\"name\":\"Neet: la Cisl lancia l&#8217;allarme\"}]},{\"@type\":\"WebSite\",\"@id\":\"https:\/\/www.italiaeconomiaonline.it\/web\/#website\",\"url\":\"https:\/\/www.italiaeconomiaonline.it\/web\/\",\"name\":\"ItaliaEconomiaOnline\",\"description\":\"Quotidiano Economico Online\",\"potentialAction\":[{\"@type\":\"SearchAction\",\"target\":{\"@type\":\"EntryPoint\",\"urlTemplate\":\"https:\/\/www.italiaeconomiaonline.it\/web\/?s={search_term_string}\"},\"query-input\":\"required name=search_term_string\"}],\"inLanguage\":\"it-IT\"},{\"@type\":\"Person\",\"@id\":\"https:\/\/www.italiaeconomiaonline.it\/web\/#\/schema\/person\/909a49cce752523b020fbc37d5ab1c31\",\"name\":\"ladyitaliaeconomia\",\"image\":{\"@type\":\"ImageObject\",\"inLanguage\":\"it-IT\",\"@id\":\"https:\/\/www.italiaeconomiaonline.it\/web\/#\/schema\/person\/image\/\",\"url\":\"https:\/\/secure.gravatar.com\/avatar\/cedca10ce7416a579b9fa6bce9c0a8f2?s=96&d=mm&r=g\",\"contentUrl\":\"https:\/\/secure.gravatar.com\/avatar\/cedca10ce7416a579b9fa6bce9c0a8f2?s=96&d=mm&r=g\",\"caption\":\"ladyitaliaeconomia\"},\"url\":\"https:\/\/www.italiaeconomiaonline.it\/web\/author\/ladyitaliaeconomia\/\"}]}<\/script>\n<!-- \/ Yoast SEO plugin. -->","yoast_head_json":{"title":"Neet: la Cisl lancia l'allarme -","robots":{"index":"index","follow":"follow","max-snippet":"max-snippet:-1","max-image-preview":"max-image-preview:large","max-video-preview":"max-video-preview:-1"},"canonical":"https:\/\/www.italiaeconomiaonline.it\/web\/neet-la-cisl-lancia-lallarme\/","og_locale":"it_IT","og_type":"article","og_title":"Neet: la Cisl lancia l'allarme -","og_description":"\u201cLa quota di Neet, giovani che non risultano impegnati in nessun tipo di percorso di studi o di formazione, n\u00e9 lavorano, sul totale della popolazione della fascia 20-34 anni, \u00e8 cresciuta in maniera allarmante dagli anni pre-crisi, arrivando oggi a sfiorare il 30% e a \u201cguadagnare\u201d il record europeo\u201d. Il dato sui Neet \u00e8 il [&hellip;]","og_url":"https:\/\/www.italiaeconomiaonline.it\/web\/neet-la-cisl-lancia-lallarme\/","og_site_name":"ItaliaEconomiaOnline","article_published_time":"2019-06-29T10:29:12+00:00","og_image":[{"width":960,"height":640,"url":"https:\/\/www.italiaeconomiaonline.it\/web\/wp-content\/uploads\/2019\/06\/cellulari.jpg","type":"image\/jpeg"}],"author":"ladyitaliaeconomia","twitter_card":"summary_large_image","twitter_misc":{"Scritto da":"ladyitaliaeconomia","Tempo di lettura stimato":"2 minuti"},"schema":{"@context":"https:\/\/schema.org","@graph":[{"@type":"WebPage","@id":"https:\/\/www.italiaeconomiaonline.it\/web\/neet-la-cisl-lancia-lallarme\/","url":"https:\/\/www.italiaeconomiaonline.it\/web\/neet-la-cisl-lancia-lallarme\/","name":"Neet: la Cisl lancia l'allarme -","isPartOf":{"@id":"https:\/\/www.italiaeconomiaonline.it\/web\/#website"},"primaryImageOfPage":{"@id":"https:\/\/www.italiaeconomiaonline.it\/web\/neet-la-cisl-lancia-lallarme\/#primaryimage"},"image":{"@id":"https:\/\/www.italiaeconomiaonline.it\/web\/neet-la-cisl-lancia-lallarme\/#primaryimage"},"thumbnailUrl":"https:\/\/www.italiaeconomiaonline.it\/web\/wp-content\/uploads\/2019\/06\/cellulari.jpg","datePublished":"2019-06-29T10:29:12+00:00","dateModified":"2019-06-29T10:29:12+00:00","author":{"@id":"https:\/\/www.italiaeconomiaonline.it\/web\/#\/schema\/person\/909a49cce752523b020fbc37d5ab1c31"},"breadcrumb":{"@id":"https:\/\/www.italiaeconomiaonline.it\/web\/neet-la-cisl-lancia-lallarme\/#breadcrumb"},"inLanguage":"it-IT","potentialAction":[{"@type":"ReadAction","target":["https:\/\/www.italiaeconomiaonline.it\/web\/neet-la-cisl-lancia-lallarme\/"]}]},{"@type":"ImageObject","inLanguage":"it-IT","@id":"https:\/\/www.italiaeconomiaonline.it\/web\/neet-la-cisl-lancia-lallarme\/#primaryimage","url":"https:\/\/www.italiaeconomiaonline.it\/web\/wp-content\/uploads\/2019\/06\/cellulari.jpg","contentUrl":"https:\/\/www.italiaeconomiaonline.it\/web\/wp-content\/uploads\/2019\/06\/cellulari.jpg","width":960,"height":640},{"@type":"BreadcrumbList","@id":"https:\/\/www.italiaeconomiaonline.it\/web\/neet-la-cisl-lancia-lallarme\/#breadcrumb","itemListElement":[{"@type":"ListItem","position":1,"name":"Home","item":"https:\/\/www.italiaeconomiaonline.it\/web\/"},{"@type":"ListItem","position":2,"name":"Neet: la Cisl lancia l&#8217;allarme"}]},{"@type":"WebSite","@id":"https:\/\/www.italiaeconomiaonline.it\/web\/#website","url":"https:\/\/www.italiaeconomiaonline.it\/web\/","name":"ItaliaEconomiaOnline","description":"Quotidiano Economico Online","potentialAction":[{"@type":"SearchAction","target":{"@type":"EntryPoint","urlTemplate":"https:\/\/www.italiaeconomiaonline.it\/web\/?s={search_term_string}"},"query-input":"required name=search_term_string"}],"inLanguage":"it-IT"},{"@type":"Person","@id":"https:\/\/www.italiaeconomiaonline.it\/web\/#\/schema\/person\/909a49cce752523b020fbc37d5ab1c31","name":"ladyitaliaeconomia","image":{"@type":"ImageObject","inLanguage":"it-IT","@id":"https:\/\/www.italiaeconomiaonline.it\/web\/#\/schema\/person\/image\/","url":"https:\/\/secure.gravatar.com\/avatar\/cedca10ce7416a579b9fa6bce9c0a8f2?s=96&d=mm&r=g","contentUrl":"https:\/\/secure.gravatar.com\/avatar\/cedca10ce7416a579b9fa6bce9c0a8f2?s=96&d=mm&r=g","caption":"ladyitaliaeconomia"},"url":"https:\/\/www.italiaeconomiaonline.it\/web\/author\/ladyitaliaeconomia\/"}]}},"_links":{"self":[{"href":"https:\/\/www.italiaeconomiaonline.it\/web\/wp-json\/wp\/v2\/posts\/1143"}],"collection":[{"href":"https:\/\/www.italiaeconomiaonline.it\/web\/wp-json\/wp\/v2\/posts"}],"about":[{"href":"https:\/\/www.italiaeconomiaonline.it\/web\/wp-json\/wp\/v2\/types\/post"}],"author":[{"embeddable":true,"href":"https:\/\/www.italiaeconomiaonline.it\/web\/wp-json\/wp\/v2\/users\/1"}],"replies":[{"embeddable":true,"href":"https:\/\/www.italiaeconomiaonline.it\/web\/wp-json\/wp\/v2\/comments?post=1143"}],"version-history":[{"count":1,"href":"https:\/\/www.italiaeconomiaonline.it\/web\/wp-json\/wp\/v2\/posts\/1143\/revisions"}],"predecessor-version":[{"id":1144,"href":"https:\/\/www.italiaeconomiaonline.it\/web\/wp-json\/wp\/v2\/posts\/1143\/revisions\/1144"}],"wp:featuredmedia":[{"embeddable":true,"href":"https:\/\/www.italiaeconomiaonline.it\/web\/wp-json\/wp\/v2\/media\/1063"}],"wp:attachment":[{"href":"https:\/\/www.italiaeconomiaonline.it\/web\/wp-json\/wp\/v2\/media?parent=1143"}],"wp:term":[{"taxonomy":"category","embeddable":true,"href":"https:\/\/www.italiaeconomiaonline.it\/web\/wp-json\/wp\/v2\/categories?post=1143"},{"taxonomy":"post_tag","embeddable":true,"href":"https:\/\/www.italiaeconomiaonline.it\/web\/wp-json\/wp\/v2\/tags?post=1143"}],"curies":[{"name":"wp","href":"https:\/\/api.w.org\/{rel}","templated":true}]}}