{"id":1181,"date":"2019-07-03T14:39:19","date_gmt":"2019-07-03T12:39:19","guid":{"rendered":"http:\/\/www.italiaeconomiaonline.it\/web\/?p=1181"},"modified":"2019-07-03T15:02:00","modified_gmt":"2019-07-03T13:02:00","slug":"istat-a-maggio-occupazione-in-crescita","status":"publish","type":"post","link":"https:\/\/www.italiaeconomiaonline.it\/web\/istat-a-maggio-occupazione-in-crescita\/","title":{"rendered":"Istat, a maggio occupazione in crescita"},"content":{"rendered":"<p><span class=\"dropcap dropcap3\">A<\/span> maggio l\u2019occupazione \u00e8 in crescita dopo la sostanziale stabilit\u00e0 del mese precedente; tale aumento porta la stima degli occupati oltre i livelli massimi storici, sia in termini assoluti sia come incidenza sulla popolazione.<\/p>\n<p>La crescita occupazionale riguarda in particolare gli uomini e si distribuisce tra dipendenti permanenti, a termine e indipendenti. I dipendenti superano per la prima volta il livello di 18 milioni di unit\u00e0.<\/p>\n<p>Alla crescita degli occupati a maggio, si accompagna un calo dei disoccupati e la sostanziale stabilit\u00e0 degli inattivi.<\/p>\n<p>La crescita dell\u2019occupazione e il calo della disoccupazione registrati su base mensile vengono confermati nel confronto trimestrale e tendenziale.<\/p>\n<p>Ecco i dati in dettaglio:<\/p>\n<ul>\n<li>Dopo la sostanziale stabilit\u00e0 registrata ad aprile, a maggio 2019 la stima degli occupati risulta in crescita rispetto al mese precedente (+0,3%, pari a +67 mila); anche il tasso di occupazione sale al 59,0% (+0,1 punti percentuali).<\/li>\n<li>L\u2019aumento dell\u2019occupazione si concentra tra gli uomini (+66 mila) mentre risultano sostanzialmente stabili le donne; per et\u00e0 sono stabili i 15-24enni, in calo i 35-49enni (-34 mila) e in aumento le altre classi di et\u00e0, prevalentemente gli ultracinquantenni (+88 mila). Si registra una crescita sia degli indipendenti (+28 mila) sia dei dipendenti, permanenti e a termine (+39 mila nel complesso).<\/li>\n<li>Le persone in cerca di occupazione sono in calo (-1,9%, pari a -51 mila). La diminuzione \u00e8 determinata da entrambe le componenti di genere ed \u00e8 distribuita in tutte le classi d\u2019et\u00e0 tranne i 35-49enni. Il tasso di disoccupazione cala al 9,9% (-0,2 punti percentuali).<\/li>\n<li>La stima complessiva degli inattivi tra i 15 e i 64 anni a maggio \u00e8 sostanzialmente stabile, l\u2019andamento \u00e8 sintesi di una diminuzione tra gli uomini (-29 mila) e una crescita tra le donne (+33 mila). Il tasso di inattivit\u00e0 \u00e8 invariato al 34,3% per il quarto mese consecutivo.<\/li>\n<li>Nel trimestre marzo-maggio 2019 l\u2019occupazione registra una crescita rilevante rispetto ai tre mesi precedenti (+0,5%, pari a +125 mila), verificata per entrambi i generi. Nello stesso periodo aumentano sia gli indipendenti (+0,5%, +27 mila) sia i dipendenti permanenti (+0,6%, +96 mila) sia, in misura lieve, quelli a termine; per tutte le classi di et\u00e0 si registrano segnali positivi ad eccezione dei 35-49enni.<\/li>\n<li>All\u2019aumento degli occupati si associa, nel trimestre, un ampio calo delle persone in cerca di occupazione (-3,7%, pari a -100 mila) e degli inattivi tra i 15 e i 64 anni (-0,3%, -37 mila).<\/li>\n<li>Anche su base annua l\u2019occupazione risulta in crescita (+0,4%, pari a +92 mila unit\u00e0). L\u2019espansione riguarda entrambe le componenti di genere, i 15-24enni (+43 mila) e soprattutto gli ultracinquantenni (+300 mila) mentre risultano in calo le fasce di et\u00e0 centrali. Al netto della componente demografica la variazione \u00e8 positiva per tutte le classi di et\u00e0. La crescita nell\u2019anno si distribuisce tra dipendenti permanenti (+63 mila), a termine (+18 mila) e indipendenti (+12 mila).<\/li>\n<li>Nei dodici mesi, la crescita degli occupati si accompagna a un notevole calo dei disoccupati (-6,9%, pari a -192 mila unit\u00e0) e a una sostanziale stabilit\u00e0 degli inattivi tra i 15 e i 64 anni.<\/li>\n<\/ul>\n<p>&nbsp;<\/p>\n","protected":false},"excerpt":{"rendered":"<p>A maggio l\u2019occupazione \u00e8 in crescita dopo la sostanziale stabilit\u00e0 del mese precedente; tale aumento porta la stima degli occupati oltre i livelli massimi storici, sia in termini assoluti sia come incidenza sulla popolazione. La crescita occupazionale riguarda in particolare gli uomini e si distribuisce tra dipendenti permanenti, a termine e indipendenti. I dipendenti superano [&hellip;]<\/p>\n","protected":false},"author":1,"featured_media":5,"comment_status":"closed","ping_status":"open","sticky":false,"template":"","format":"standard","meta":{"footnotes":""},"categories":[28],"tags":[511,510,88,437],"yoast_head":"<!-- This site is optimized with the Yoast SEO plugin v22.2 - https:\/\/yoast.com\/wordpress\/plugins\/seo\/ -->\n<title>Istat, a maggio occupazione in crescita -<\/title>\n<meta name=\"robots\" content=\"index, follow, max-snippet:-1, max-image-preview:large, max-video-preview:-1\" \/>\n<link rel=\"canonical\" href=\"https:\/\/www.italiaeconomiaonline.it\/web\/istat-a-maggio-occupazione-in-crescita\/\" \/>\n<meta property=\"og:locale\" content=\"it_IT\" \/>\n<meta property=\"og:type\" content=\"article\" \/>\n<meta property=\"og:title\" content=\"Istat, a maggio occupazione in crescita -\" \/>\n<meta property=\"og:description\" content=\"A maggio l\u2019occupazione \u00e8 in crescita dopo la sostanziale stabilit\u00e0 del mese precedente; tale aumento porta la stima degli occupati oltre i livelli massimi storici, sia in termini assoluti sia come incidenza sulla popolazione. La crescita occupazionale riguarda in particolare gli uomini e si distribuisce tra dipendenti permanenti, a termine e indipendenti. I dipendenti superano [&hellip;]\" \/>\n<meta property=\"og:url\" content=\"https:\/\/www.italiaeconomiaonline.it\/web\/istat-a-maggio-occupazione-in-crescita\/\" \/>\n<meta property=\"og:site_name\" content=\"ItaliaEconomiaOnline\" \/>\n<meta property=\"article:published_time\" content=\"2019-07-03T12:39:19+00:00\" \/>\n<meta property=\"article:modified_time\" content=\"2019-07-03T13:02:00+00:00\" \/>\n<meta property=\"og:image\" content=\"https:\/\/www.italiaeconomiaonline.it\/web\/wp-content\/uploads\/2018\/07\/1.jpg\" \/>\n\t<meta property=\"og:image:width\" content=\"1068\" \/>\n\t<meta property=\"og:image:height\" content=\"682\" \/>\n\t<meta property=\"og:image:type\" content=\"image\/jpeg\" \/>\n<meta name=\"author\" content=\"ladyitaliaeconomia\" \/>\n<meta name=\"twitter:card\" content=\"summary_large_image\" \/>\n<meta name=\"twitter:label1\" content=\"Scritto da\" \/>\n\t<meta name=\"twitter:data1\" content=\"ladyitaliaeconomia\" \/>\n\t<meta name=\"twitter:label2\" content=\"Tempo di lettura stimato\" \/>\n\t<meta name=\"twitter:data2\" content=\"2 minuti\" \/>\n<script type=\"application\/ld+json\" class=\"yoast-schema-graph\">{\"@context\":\"https:\/\/schema.org\",\"@graph\":[{\"@type\":\"WebPage\",\"@id\":\"https:\/\/www.italiaeconomiaonline.it\/web\/istat-a-maggio-occupazione-in-crescita\/\",\"url\":\"https:\/\/www.italiaeconomiaonline.it\/web\/istat-a-maggio-occupazione-in-crescita\/\",\"name\":\"Istat, a maggio occupazione in crescita -\",\"isPartOf\":{\"@id\":\"https:\/\/www.italiaeconomiaonline.it\/web\/#website\"},\"primaryImageOfPage\":{\"@id\":\"https:\/\/www.italiaeconomiaonline.it\/web\/istat-a-maggio-occupazione-in-crescita\/#primaryimage\"},\"image\":{\"@id\":\"https:\/\/www.italiaeconomiaonline.it\/web\/istat-a-maggio-occupazione-in-crescita\/#primaryimage\"},\"thumbnailUrl\":\"https:\/\/www.italiaeconomiaonline.it\/web\/wp-content\/uploads\/2018\/07\/1.jpg\",\"datePublished\":\"2019-07-03T12:39:19+00:00\",\"dateModified\":\"2019-07-03T13:02:00+00:00\",\"author\":{\"@id\":\"https:\/\/www.italiaeconomiaonline.it\/web\/#\/schema\/person\/909a49cce752523b020fbc37d5ab1c31\"},\"breadcrumb\":{\"@id\":\"https:\/\/www.italiaeconomiaonline.it\/web\/istat-a-maggio-occupazione-in-crescita\/#breadcrumb\"},\"inLanguage\":\"it-IT\",\"potentialAction\":[{\"@type\":\"ReadAction\",\"target\":[\"https:\/\/www.italiaeconomiaonline.it\/web\/istat-a-maggio-occupazione-in-crescita\/\"]}]},{\"@type\":\"ImageObject\",\"inLanguage\":\"it-IT\",\"@id\":\"https:\/\/www.italiaeconomiaonline.it\/web\/istat-a-maggio-occupazione-in-crescita\/#primaryimage\",\"url\":\"https:\/\/www.italiaeconomiaonline.it\/web\/wp-content\/uploads\/2018\/07\/1.jpg\",\"contentUrl\":\"https:\/\/www.italiaeconomiaonline.it\/web\/wp-content\/uploads\/2018\/07\/1.jpg\",\"width\":1068,\"height\":682},{\"@type\":\"BreadcrumbList\",\"@id\":\"https:\/\/www.italiaeconomiaonline.it\/web\/istat-a-maggio-occupazione-in-crescita\/#breadcrumb\",\"itemListElement\":[{\"@type\":\"ListItem\",\"position\":1,\"name\":\"Home\",\"item\":\"https:\/\/www.italiaeconomiaonline.it\/web\/\"},{\"@type\":\"ListItem\",\"position\":2,\"name\":\"Istat, a maggio occupazione in crescita\"}]},{\"@type\":\"WebSite\",\"@id\":\"https:\/\/www.italiaeconomiaonline.it\/web\/#website\",\"url\":\"https:\/\/www.italiaeconomiaonline.it\/web\/\",\"name\":\"ItaliaEconomiaOnline\",\"description\":\"Quotidiano Economico Online\",\"potentialAction\":[{\"@type\":\"SearchAction\",\"target\":{\"@type\":\"EntryPoint\",\"urlTemplate\":\"https:\/\/www.italiaeconomiaonline.it\/web\/?s={search_term_string}\"},\"query-input\":\"required name=search_term_string\"}],\"inLanguage\":\"it-IT\"},{\"@type\":\"Person\",\"@id\":\"https:\/\/www.italiaeconomiaonline.it\/web\/#\/schema\/person\/909a49cce752523b020fbc37d5ab1c31\",\"name\":\"ladyitaliaeconomia\",\"image\":{\"@type\":\"ImageObject\",\"inLanguage\":\"it-IT\",\"@id\":\"https:\/\/www.italiaeconomiaonline.it\/web\/#\/schema\/person\/image\/\",\"url\":\"https:\/\/secure.gravatar.com\/avatar\/cedca10ce7416a579b9fa6bce9c0a8f2?s=96&d=mm&r=g\",\"contentUrl\":\"https:\/\/secure.gravatar.com\/avatar\/cedca10ce7416a579b9fa6bce9c0a8f2?s=96&d=mm&r=g\",\"caption\":\"ladyitaliaeconomia\"},\"url\":\"https:\/\/www.italiaeconomiaonline.it\/web\/author\/ladyitaliaeconomia\/\"}]}<\/script>\n<!-- \/ Yoast SEO plugin. -->","yoast_head_json":{"title":"Istat, a maggio occupazione in crescita -","robots":{"index":"index","follow":"follow","max-snippet":"max-snippet:-1","max-image-preview":"max-image-preview:large","max-video-preview":"max-video-preview:-1"},"canonical":"https:\/\/www.italiaeconomiaonline.it\/web\/istat-a-maggio-occupazione-in-crescita\/","og_locale":"it_IT","og_type":"article","og_title":"Istat, a maggio occupazione in crescita -","og_description":"A maggio l\u2019occupazione \u00e8 in crescita dopo la sostanziale stabilit\u00e0 del mese precedente; tale aumento porta la stima degli occupati oltre i livelli massimi storici, sia in termini assoluti sia come incidenza sulla popolazione. La crescita occupazionale riguarda in particolare gli uomini e si distribuisce tra dipendenti permanenti, a termine e indipendenti. I dipendenti superano [&hellip;]","og_url":"https:\/\/www.italiaeconomiaonline.it\/web\/istat-a-maggio-occupazione-in-crescita\/","og_site_name":"ItaliaEconomiaOnline","article_published_time":"2019-07-03T12:39:19+00:00","article_modified_time":"2019-07-03T13:02:00+00:00","og_image":[{"width":1068,"height":682,"url":"https:\/\/www.italiaeconomiaonline.it\/web\/wp-content\/uploads\/2018\/07\/1.jpg","type":"image\/jpeg"}],"author":"ladyitaliaeconomia","twitter_card":"summary_large_image","twitter_misc":{"Scritto da":"ladyitaliaeconomia","Tempo di lettura stimato":"2 minuti"},"schema":{"@context":"https:\/\/schema.org","@graph":[{"@type":"WebPage","@id":"https:\/\/www.italiaeconomiaonline.it\/web\/istat-a-maggio-occupazione-in-crescita\/","url":"https:\/\/www.italiaeconomiaonline.it\/web\/istat-a-maggio-occupazione-in-crescita\/","name":"Istat, a maggio occupazione in crescita -","isPartOf":{"@id":"https:\/\/www.italiaeconomiaonline.it\/web\/#website"},"primaryImageOfPage":{"@id":"https:\/\/www.italiaeconomiaonline.it\/web\/istat-a-maggio-occupazione-in-crescita\/#primaryimage"},"image":{"@id":"https:\/\/www.italiaeconomiaonline.it\/web\/istat-a-maggio-occupazione-in-crescita\/#primaryimage"},"thumbnailUrl":"https:\/\/www.italiaeconomiaonline.it\/web\/wp-content\/uploads\/2018\/07\/1.jpg","datePublished":"2019-07-03T12:39:19+00:00","dateModified":"2019-07-03T13:02:00+00:00","author":{"@id":"https:\/\/www.italiaeconomiaonline.it\/web\/#\/schema\/person\/909a49cce752523b020fbc37d5ab1c31"},"breadcrumb":{"@id":"https:\/\/www.italiaeconomiaonline.it\/web\/istat-a-maggio-occupazione-in-crescita\/#breadcrumb"},"inLanguage":"it-IT","potentialAction":[{"@type":"ReadAction","target":["https:\/\/www.italiaeconomiaonline.it\/web\/istat-a-maggio-occupazione-in-crescita\/"]}]},{"@type":"ImageObject","inLanguage":"it-IT","@id":"https:\/\/www.italiaeconomiaonline.it\/web\/istat-a-maggio-occupazione-in-crescita\/#primaryimage","url":"https:\/\/www.italiaeconomiaonline.it\/web\/wp-content\/uploads\/2018\/07\/1.jpg","contentUrl":"https:\/\/www.italiaeconomiaonline.it\/web\/wp-content\/uploads\/2018\/07\/1.jpg","width":1068,"height":682},{"@type":"BreadcrumbList","@id":"https:\/\/www.italiaeconomiaonline.it\/web\/istat-a-maggio-occupazione-in-crescita\/#breadcrumb","itemListElement":[{"@type":"ListItem","position":1,"name":"Home","item":"https:\/\/www.italiaeconomiaonline.it\/web\/"},{"@type":"ListItem","position":2,"name":"Istat, a maggio occupazione in crescita"}]},{"@type":"WebSite","@id":"https:\/\/www.italiaeconomiaonline.it\/web\/#website","url":"https:\/\/www.italiaeconomiaonline.it\/web\/","name":"ItaliaEconomiaOnline","description":"Quotidiano Economico Online","potentialAction":[{"@type":"SearchAction","target":{"@type":"EntryPoint","urlTemplate":"https:\/\/www.italiaeconomiaonline.it\/web\/?s={search_term_string}"},"query-input":"required name=search_term_string"}],"inLanguage":"it-IT"},{"@type":"Person","@id":"https:\/\/www.italiaeconomiaonline.it\/web\/#\/schema\/person\/909a49cce752523b020fbc37d5ab1c31","name":"ladyitaliaeconomia","image":{"@type":"ImageObject","inLanguage":"it-IT","@id":"https:\/\/www.italiaeconomiaonline.it\/web\/#\/schema\/person\/image\/","url":"https:\/\/secure.gravatar.com\/avatar\/cedca10ce7416a579b9fa6bce9c0a8f2?s=96&d=mm&r=g","contentUrl":"https:\/\/secure.gravatar.com\/avatar\/cedca10ce7416a579b9fa6bce9c0a8f2?s=96&d=mm&r=g","caption":"ladyitaliaeconomia"},"url":"https:\/\/www.italiaeconomiaonline.it\/web\/author\/ladyitaliaeconomia\/"}]}},"_links":{"self":[{"href":"https:\/\/www.italiaeconomiaonline.it\/web\/wp-json\/wp\/v2\/posts\/1181"}],"collection":[{"href":"https:\/\/www.italiaeconomiaonline.it\/web\/wp-json\/wp\/v2\/posts"}],"about":[{"href":"https:\/\/www.italiaeconomiaonline.it\/web\/wp-json\/wp\/v2\/types\/post"}],"author":[{"embeddable":true,"href":"https:\/\/www.italiaeconomiaonline.it\/web\/wp-json\/wp\/v2\/users\/1"}],"replies":[{"embeddable":true,"href":"https:\/\/www.italiaeconomiaonline.it\/web\/wp-json\/wp\/v2\/comments?post=1181"}],"version-history":[{"count":2,"href":"https:\/\/www.italiaeconomiaonline.it\/web\/wp-json\/wp\/v2\/posts\/1181\/revisions"}],"predecessor-version":[{"id":1195,"href":"https:\/\/www.italiaeconomiaonline.it\/web\/wp-json\/wp\/v2\/posts\/1181\/revisions\/1195"}],"wp:featuredmedia":[{"embeddable":true,"href":"https:\/\/www.italiaeconomiaonline.it\/web\/wp-json\/wp\/v2\/media\/5"}],"wp:attachment":[{"href":"https:\/\/www.italiaeconomiaonline.it\/web\/wp-json\/wp\/v2\/media?parent=1181"}],"wp:term":[{"taxonomy":"category","embeddable":true,"href":"https:\/\/www.italiaeconomiaonline.it\/web\/wp-json\/wp\/v2\/categories?post=1181"},{"taxonomy":"post_tag","embeddable":true,"href":"https:\/\/www.italiaeconomiaonline.it\/web\/wp-json\/wp\/v2\/tags?post=1181"}],"curies":[{"name":"wp","href":"https:\/\/api.w.org\/{rel}","templated":true}]}}