{"id":1187,"date":"2019-07-03T14:49:50","date_gmt":"2019-07-03T12:49:50","guid":{"rendered":"http:\/\/www.italiaeconomiaonline.it\/web\/?p=1187"},"modified":"2019-07-03T14:57:43","modified_gmt":"2019-07-03T12:57:43","slug":"occupazione-sono-le-donne-a-trascinare-il-mercato-del-lavoro","status":"publish","type":"post","link":"https:\/\/www.italiaeconomiaonline.it\/web\/occupazione-sono-le-donne-a-trascinare-il-mercato-del-lavoro\/","title":{"rendered":"Occupazione, sono le donne a trascinare il mercato del lavoro"},"content":{"rendered":"<p class=\"western\" align=\"justify\"><b><span class=\"dropcap dropcap3\">S<\/span>ono le donne a trascinare il mercato del lavoro<\/b>. A registrarlo \u00a0l&#8217;Osservatorio Statistico dei Consulenti del Lavoro, con il rapporto \u201c<b>La crescita del mercato del lavoro in Lombardia<\/b>\u201d.<\/p>\n<p class=\"western\" align=\"justify\">A fare la parte del leone per quanto riguarda l&#8217;occupazione femminile \u00e8 la Lombardia, dove nel decennio tra il 2008 e il 2018, il <b>numero di donne occupate \u00e8 cresciuto del 5,9%<\/b> (con 105 mila unit\u00e0 in pi\u00f9); nello stesso lasso di tempo, <b>l&#8217;occupazione maschile<\/b> lombarda \u00e8 cresciuta solo dello <b>0,9% <\/b>(+22 mila unit\u00e0).<\/p>\n<p class=\"western\" align=\"justify\">Se dunque la Lombardia del 2018 ha superato di ben 127 mila unit\u00e0 gli occupati del 2008, il maggior contributo \u00e8 da individuare proprio nella componente femminile. Nel dettaglio, lo studio dimostra come la crisi finanziaria abbia determinato una <b>flessione dell&#8217;occupazione delle donne solo fino al 2011<\/b>, per poi ripartire negli immediatamente anni seguenti; al contrario, invece, l&#8217;occupazione maschile \u00e8 rimasta in flessione fino al 2015.<\/p>\n<p class=\"western\" align=\"justify\">Il tasso di <b>inattivit\u00e0 femminile in Lombardia<\/b> \u00e8 dunque passato dal 39,9% del 2008 al 35,8% dell 2018, di gran lunga <b>inferiore alla media nazionale del 43,8% (trascinato in alto soprattutto da<\/b>l Meridione, dove il tasso di inattivit\u00e0 femminile si attesta al 58,4%). Nel medesimo decennio non sono cresciute solo le donne occupate, ma anche le laureate, cresciute del 53,1%, di fronte a una crescita &#8216;ridotta&#8217; dei laureati, pari al 33,2%.<\/p>\n<p class=\"western\" align=\"justify\">Gli esperti non possono che guardare positivamente al dato lombardo, che sembra pian piano voler avvicinare il dato nazionale a quello europeo (dove l&#8217;occupazione femminile \u00e8 del 61.2%): <b>col crescere del numero delle donne occupate ci sarebbe, per esempio, un&#8217;automatica crescita del PIL<\/b>.<\/p>\n<p align=\"justify\">Gli studi fatti a livello nazionale poi parlano chiaro: nel nostro Paese \u00e8 occupata solamente una donna su due, e non \u00e8 dunque un caso se sempre pi\u00f9 spesso si dice che &#8216;l&#8217;occupazione \u00e8 una cosa da uomini&#8217;. Pi\u00f9 nello specifico, l&#8217;Istat ha segnalato che attualmente \u00e8 occupato il 49,8% delle donne, il massimo delle serie storiche, che per\u00f2 resta comunque di 10 punti inferiore al tasso maschile \u2013 e di 12 punti al di sotto rispetto alla media europea.<\/p>\n<p class=\"western\" align=\"justify\">\u00abDi certo il problema dell&#8217;occupazione femminile in Italia \u00e8 ancora molto lontano dall&#8217;essere risolto\u00bb spiega <b>Carola Adami, amministratore delegato della societ\u00e0 di head hunting Adami &amp; Associati<\/b> \u00abe il nodo principale continua a essere quello della conciliazione lavoro-famiglia, con le donne che ancora <a class=\"matchTooltip\">oggi<\/a>, nella maggior parte dei casi, si devono fare carico dei figli e, spesso, anche dei genitori\u00bb.<\/p>\n<p class=\"western\" align=\"justify\">Indubbiamente la soluzione a questo problema di lungo corso \u00e8 quella di <b>aumentare i servizi, a partire dagli asili nido<\/b>: \u00abnel nostro Paese sono ancora tantissime le donne che, all&#8217;arrivo del primo figlio, escono in modo definitivo dal mondo del lavoro\u00bb sottolinea Carola Adami.<\/p>\n<p class=\"western\" align=\"justify\">Ciononostante, i numeri dell&#8217;Osservatorio Statistico dei Consulenti del Lavoro sull&#8217;occupazione femminile in Lombardia fanno ben sperare.<\/p>\n<p class=\"western\" align=\"justify\">\u00abI fattori da tenere presente sono tantissimi: la stessa crisi che ha ridimensionato l&#8217;occupazione, per esempio, ha poi spinto molte donne a ritornare nel mondo del lavoro per rimettere in sesto l&#8217;economia famigliare; non si pu\u00f2 negare, inoltre, che un <b>maggior numero di donne laureate<\/b> significa che ci sono <b>sempre pi\u00f9 donne in grado di affrontare al meglio il mercato del lavoro<\/b>, presentandosi con tutte le carte in regola per la selezione di personale qualificato\u00bb conclude l\u2019head hunter milanese.<\/p>\n<p>&nbsp;<\/p>\n","protected":false},"excerpt":{"rendered":"<p>Sono le donne a trascinare il mercato del lavoro. A registrarlo \u00a0l&#8217;Osservatorio Statistico dei Consulenti del Lavoro, con il rapporto \u201cLa crescita del mercato del lavoro in Lombardia\u201d. A fare la parte del leone per quanto riguarda l&#8217;occupazione femminile \u00e8 la Lombardia, dove nel decennio tra il 2008 e il 2018, il numero di donne [&hellip;]<\/p>\n","protected":false},"author":1,"featured_media":1188,"comment_status":"closed","ping_status":"open","sticky":false,"template":"","format":"standard","meta":{"footnotes":""},"categories":[28],"tags":[339,314,88],"yoast_head":"<!-- This site is optimized with the Yoast SEO plugin v22.2 - https:\/\/yoast.com\/wordpress\/plugins\/seo\/ -->\n<title>Occupazione, sono le donne a trascinare il mercato del lavoro -<\/title>\n<meta name=\"robots\" content=\"index, follow, max-snippet:-1, max-image-preview:large, max-video-preview:-1\" \/>\n<link rel=\"canonical\" href=\"https:\/\/www.italiaeconomiaonline.it\/web\/occupazione-sono-le-donne-a-trascinare-il-mercato-del-lavoro\/\" \/>\n<meta property=\"og:locale\" content=\"it_IT\" \/>\n<meta property=\"og:type\" content=\"article\" \/>\n<meta property=\"og:title\" content=\"Occupazione, sono le donne a trascinare il mercato del lavoro -\" \/>\n<meta property=\"og:description\" content=\"Sono le donne a trascinare il mercato del lavoro. A registrarlo \u00a0l&#8217;Osservatorio Statistico dei Consulenti del Lavoro, con il rapporto \u201cLa crescita del mercato del lavoro in Lombardia\u201d. A fare la parte del leone per quanto riguarda l&#8217;occupazione femminile \u00e8 la Lombardia, dove nel decennio tra il 2008 e il 2018, il numero di donne [&hellip;]\" \/>\n<meta property=\"og:url\" content=\"https:\/\/www.italiaeconomiaonline.it\/web\/occupazione-sono-le-donne-a-trascinare-il-mercato-del-lavoro\/\" \/>\n<meta property=\"og:site_name\" content=\"ItaliaEconomiaOnline\" \/>\n<meta property=\"article:published_time\" content=\"2019-07-03T12:49:50+00:00\" \/>\n<meta property=\"article:modified_time\" content=\"2019-07-03T12:57:43+00:00\" \/>\n<meta property=\"og:image\" content=\"https:\/\/www.italiaeconomiaonline.it\/web\/wp-content\/uploads\/2019\/07\/Lavoro-donne.jpeg\" \/>\n\t<meta property=\"og:image:width\" content=\"540\" \/>\n\t<meta property=\"og:image:height\" content=\"360\" \/>\n\t<meta property=\"og:image:type\" content=\"image\/jpeg\" \/>\n<meta name=\"author\" content=\"ladyitaliaeconomia\" \/>\n<meta name=\"twitter:card\" content=\"summary_large_image\" \/>\n<meta name=\"twitter:label1\" content=\"Scritto da\" \/>\n\t<meta name=\"twitter:data1\" content=\"ladyitaliaeconomia\" \/>\n\t<meta name=\"twitter:label2\" content=\"Tempo di lettura stimato\" \/>\n\t<meta name=\"twitter:data2\" content=\"3 minuti\" \/>\n<script type=\"application\/ld+json\" class=\"yoast-schema-graph\">{\"@context\":\"https:\/\/schema.org\",\"@graph\":[{\"@type\":\"WebPage\",\"@id\":\"https:\/\/www.italiaeconomiaonline.it\/web\/occupazione-sono-le-donne-a-trascinare-il-mercato-del-lavoro\/\",\"url\":\"https:\/\/www.italiaeconomiaonline.it\/web\/occupazione-sono-le-donne-a-trascinare-il-mercato-del-lavoro\/\",\"name\":\"Occupazione, sono le donne a trascinare il mercato del lavoro -\",\"isPartOf\":{\"@id\":\"https:\/\/www.italiaeconomiaonline.it\/web\/#website\"},\"primaryImageOfPage\":{\"@id\":\"https:\/\/www.italiaeconomiaonline.it\/web\/occupazione-sono-le-donne-a-trascinare-il-mercato-del-lavoro\/#primaryimage\"},\"image\":{\"@id\":\"https:\/\/www.italiaeconomiaonline.it\/web\/occupazione-sono-le-donne-a-trascinare-il-mercato-del-lavoro\/#primaryimage\"},\"thumbnailUrl\":\"https:\/\/www.italiaeconomiaonline.it\/web\/wp-content\/uploads\/2019\/07\/Lavoro-donne.jpeg\",\"datePublished\":\"2019-07-03T12:49:50+00:00\",\"dateModified\":\"2019-07-03T12:57:43+00:00\",\"author\":{\"@id\":\"https:\/\/www.italiaeconomiaonline.it\/web\/#\/schema\/person\/909a49cce752523b020fbc37d5ab1c31\"},\"breadcrumb\":{\"@id\":\"https:\/\/www.italiaeconomiaonline.it\/web\/occupazione-sono-le-donne-a-trascinare-il-mercato-del-lavoro\/#breadcrumb\"},\"inLanguage\":\"it-IT\",\"potentialAction\":[{\"@type\":\"ReadAction\",\"target\":[\"https:\/\/www.italiaeconomiaonline.it\/web\/occupazione-sono-le-donne-a-trascinare-il-mercato-del-lavoro\/\"]}]},{\"@type\":\"ImageObject\",\"inLanguage\":\"it-IT\",\"@id\":\"https:\/\/www.italiaeconomiaonline.it\/web\/occupazione-sono-le-donne-a-trascinare-il-mercato-del-lavoro\/#primaryimage\",\"url\":\"https:\/\/www.italiaeconomiaonline.it\/web\/wp-content\/uploads\/2019\/07\/Lavoro-donne.jpeg\",\"contentUrl\":\"https:\/\/www.italiaeconomiaonline.it\/web\/wp-content\/uploads\/2019\/07\/Lavoro-donne.jpeg\",\"width\":540,\"height\":360,\"caption\":\"foto generica\"},{\"@type\":\"BreadcrumbList\",\"@id\":\"https:\/\/www.italiaeconomiaonline.it\/web\/occupazione-sono-le-donne-a-trascinare-il-mercato-del-lavoro\/#breadcrumb\",\"itemListElement\":[{\"@type\":\"ListItem\",\"position\":1,\"name\":\"Home\",\"item\":\"https:\/\/www.italiaeconomiaonline.it\/web\/\"},{\"@type\":\"ListItem\",\"position\":2,\"name\":\"Occupazione, sono le donne a trascinare il mercato del lavoro\"}]},{\"@type\":\"WebSite\",\"@id\":\"https:\/\/www.italiaeconomiaonline.it\/web\/#website\",\"url\":\"https:\/\/www.italiaeconomiaonline.it\/web\/\",\"name\":\"ItaliaEconomiaOnline\",\"description\":\"Quotidiano Economico Online\",\"potentialAction\":[{\"@type\":\"SearchAction\",\"target\":{\"@type\":\"EntryPoint\",\"urlTemplate\":\"https:\/\/www.italiaeconomiaonline.it\/web\/?s={search_term_string}\"},\"query-input\":\"required name=search_term_string\"}],\"inLanguage\":\"it-IT\"},{\"@type\":\"Person\",\"@id\":\"https:\/\/www.italiaeconomiaonline.it\/web\/#\/schema\/person\/909a49cce752523b020fbc37d5ab1c31\",\"name\":\"ladyitaliaeconomia\",\"image\":{\"@type\":\"ImageObject\",\"inLanguage\":\"it-IT\",\"@id\":\"https:\/\/www.italiaeconomiaonline.it\/web\/#\/schema\/person\/image\/\",\"url\":\"https:\/\/secure.gravatar.com\/avatar\/cedca10ce7416a579b9fa6bce9c0a8f2?s=96&d=mm&r=g\",\"contentUrl\":\"https:\/\/secure.gravatar.com\/avatar\/cedca10ce7416a579b9fa6bce9c0a8f2?s=96&d=mm&r=g\",\"caption\":\"ladyitaliaeconomia\"},\"url\":\"https:\/\/www.italiaeconomiaonline.it\/web\/author\/ladyitaliaeconomia\/\"}]}<\/script>\n<!-- \/ Yoast SEO plugin. -->","yoast_head_json":{"title":"Occupazione, sono le donne a trascinare il mercato del lavoro -","robots":{"index":"index","follow":"follow","max-snippet":"max-snippet:-1","max-image-preview":"max-image-preview:large","max-video-preview":"max-video-preview:-1"},"canonical":"https:\/\/www.italiaeconomiaonline.it\/web\/occupazione-sono-le-donne-a-trascinare-il-mercato-del-lavoro\/","og_locale":"it_IT","og_type":"article","og_title":"Occupazione, sono le donne a trascinare il mercato del lavoro -","og_description":"Sono le donne a trascinare il mercato del lavoro. A registrarlo \u00a0l&#8217;Osservatorio Statistico dei Consulenti del Lavoro, con il rapporto \u201cLa crescita del mercato del lavoro in Lombardia\u201d. A fare la parte del leone per quanto riguarda l&#8217;occupazione femminile \u00e8 la Lombardia, dove nel decennio tra il 2008 e il 2018, il numero di donne [&hellip;]","og_url":"https:\/\/www.italiaeconomiaonline.it\/web\/occupazione-sono-le-donne-a-trascinare-il-mercato-del-lavoro\/","og_site_name":"ItaliaEconomiaOnline","article_published_time":"2019-07-03T12:49:50+00:00","article_modified_time":"2019-07-03T12:57:43+00:00","og_image":[{"width":540,"height":360,"url":"https:\/\/www.italiaeconomiaonline.it\/web\/wp-content\/uploads\/2019\/07\/Lavoro-donne.jpeg","type":"image\/jpeg"}],"author":"ladyitaliaeconomia","twitter_card":"summary_large_image","twitter_misc":{"Scritto da":"ladyitaliaeconomia","Tempo di lettura stimato":"3 minuti"},"schema":{"@context":"https:\/\/schema.org","@graph":[{"@type":"WebPage","@id":"https:\/\/www.italiaeconomiaonline.it\/web\/occupazione-sono-le-donne-a-trascinare-il-mercato-del-lavoro\/","url":"https:\/\/www.italiaeconomiaonline.it\/web\/occupazione-sono-le-donne-a-trascinare-il-mercato-del-lavoro\/","name":"Occupazione, sono le donne a trascinare il mercato del lavoro -","isPartOf":{"@id":"https:\/\/www.italiaeconomiaonline.it\/web\/#website"},"primaryImageOfPage":{"@id":"https:\/\/www.italiaeconomiaonline.it\/web\/occupazione-sono-le-donne-a-trascinare-il-mercato-del-lavoro\/#primaryimage"},"image":{"@id":"https:\/\/www.italiaeconomiaonline.it\/web\/occupazione-sono-le-donne-a-trascinare-il-mercato-del-lavoro\/#primaryimage"},"thumbnailUrl":"https:\/\/www.italiaeconomiaonline.it\/web\/wp-content\/uploads\/2019\/07\/Lavoro-donne.jpeg","datePublished":"2019-07-03T12:49:50+00:00","dateModified":"2019-07-03T12:57:43+00:00","author":{"@id":"https:\/\/www.italiaeconomiaonline.it\/web\/#\/schema\/person\/909a49cce752523b020fbc37d5ab1c31"},"breadcrumb":{"@id":"https:\/\/www.italiaeconomiaonline.it\/web\/occupazione-sono-le-donne-a-trascinare-il-mercato-del-lavoro\/#breadcrumb"},"inLanguage":"it-IT","potentialAction":[{"@type":"ReadAction","target":["https:\/\/www.italiaeconomiaonline.it\/web\/occupazione-sono-le-donne-a-trascinare-il-mercato-del-lavoro\/"]}]},{"@type":"ImageObject","inLanguage":"it-IT","@id":"https:\/\/www.italiaeconomiaonline.it\/web\/occupazione-sono-le-donne-a-trascinare-il-mercato-del-lavoro\/#primaryimage","url":"https:\/\/www.italiaeconomiaonline.it\/web\/wp-content\/uploads\/2019\/07\/Lavoro-donne.jpeg","contentUrl":"https:\/\/www.italiaeconomiaonline.it\/web\/wp-content\/uploads\/2019\/07\/Lavoro-donne.jpeg","width":540,"height":360,"caption":"foto generica"},{"@type":"BreadcrumbList","@id":"https:\/\/www.italiaeconomiaonline.it\/web\/occupazione-sono-le-donne-a-trascinare-il-mercato-del-lavoro\/#breadcrumb","itemListElement":[{"@type":"ListItem","position":1,"name":"Home","item":"https:\/\/www.italiaeconomiaonline.it\/web\/"},{"@type":"ListItem","position":2,"name":"Occupazione, sono le donne a trascinare il mercato del lavoro"}]},{"@type":"WebSite","@id":"https:\/\/www.italiaeconomiaonline.it\/web\/#website","url":"https:\/\/www.italiaeconomiaonline.it\/web\/","name":"ItaliaEconomiaOnline","description":"Quotidiano Economico Online","potentialAction":[{"@type":"SearchAction","target":{"@type":"EntryPoint","urlTemplate":"https:\/\/www.italiaeconomiaonline.it\/web\/?s={search_term_string}"},"query-input":"required name=search_term_string"}],"inLanguage":"it-IT"},{"@type":"Person","@id":"https:\/\/www.italiaeconomiaonline.it\/web\/#\/schema\/person\/909a49cce752523b020fbc37d5ab1c31","name":"ladyitaliaeconomia","image":{"@type":"ImageObject","inLanguage":"it-IT","@id":"https:\/\/www.italiaeconomiaonline.it\/web\/#\/schema\/person\/image\/","url":"https:\/\/secure.gravatar.com\/avatar\/cedca10ce7416a579b9fa6bce9c0a8f2?s=96&d=mm&r=g","contentUrl":"https:\/\/secure.gravatar.com\/avatar\/cedca10ce7416a579b9fa6bce9c0a8f2?s=96&d=mm&r=g","caption":"ladyitaliaeconomia"},"url":"https:\/\/www.italiaeconomiaonline.it\/web\/author\/ladyitaliaeconomia\/"}]}},"_links":{"self":[{"href":"https:\/\/www.italiaeconomiaonline.it\/web\/wp-json\/wp\/v2\/posts\/1187"}],"collection":[{"href":"https:\/\/www.italiaeconomiaonline.it\/web\/wp-json\/wp\/v2\/posts"}],"about":[{"href":"https:\/\/www.italiaeconomiaonline.it\/web\/wp-json\/wp\/v2\/types\/post"}],"author":[{"embeddable":true,"href":"https:\/\/www.italiaeconomiaonline.it\/web\/wp-json\/wp\/v2\/users\/1"}],"replies":[{"embeddable":true,"href":"https:\/\/www.italiaeconomiaonline.it\/web\/wp-json\/wp\/v2\/comments?post=1187"}],"version-history":[{"count":1,"href":"https:\/\/www.italiaeconomiaonline.it\/web\/wp-json\/wp\/v2\/posts\/1187\/revisions"}],"predecessor-version":[{"id":1189,"href":"https:\/\/www.italiaeconomiaonline.it\/web\/wp-json\/wp\/v2\/posts\/1187\/revisions\/1189"}],"wp:featuredmedia":[{"embeddable":true,"href":"https:\/\/www.italiaeconomiaonline.it\/web\/wp-json\/wp\/v2\/media\/1188"}],"wp:attachment":[{"href":"https:\/\/www.italiaeconomiaonline.it\/web\/wp-json\/wp\/v2\/media?parent=1187"}],"wp:term":[{"taxonomy":"category","embeddable":true,"href":"https:\/\/www.italiaeconomiaonline.it\/web\/wp-json\/wp\/v2\/categories?post=1187"},{"taxonomy":"post_tag","embeddable":true,"href":"https:\/\/www.italiaeconomiaonline.it\/web\/wp-json\/wp\/v2\/tags?post=1187"}],"curies":[{"name":"wp","href":"https:\/\/api.w.org\/{rel}","templated":true}]}}