{"id":1292,"date":"2019-07-20T12:13:10","date_gmt":"2019-07-20T10:13:10","guid":{"rendered":"http:\/\/www.italiaeconomiaonline.it\/web\/?p=1292"},"modified":"2019-07-20T12:25:50","modified_gmt":"2019-07-20T10:25:50","slug":"confindustria-e-srm-lanciano-lallarme-sulleconomia-del-mezzogiorno","status":"publish","type":"post","link":"https:\/\/www.italiaeconomiaonline.it\/web\/confindustria-e-srm-lanciano-lallarme-sulleconomia-del-mezzogiorno\/","title":{"rendered":"Confindustria e SRM lanciano l&#8217;allarme sull&#8217;economia del mezzogiorno"},"content":{"rendered":"<p><span class=\"dropcap dropcap3\">M<\/span>otori al minimo per l\u2019economia meridionale.<\/p>\n<p>Secondo la tradizionale analisi di mezza estate condotta da Confindustria e SRM-Studi e Ricerche per il Mezzogiorno (Centro studi del Gruppo Intesa Sanpaolo) il Sud, nei primi mesi del 2019, vede affievolire la sua capacit\u00e0 di spinta, e i segnali di frenata, gi\u00e0 ampiamente visibili a fine 2018, rischiano di diventare veri e propri arretramenti.<\/p>\n<p>Anche nel 2018, continua la lenta risalita dell\u2019<i>Indice Sintetico dell\u2019Economia Meridionale<\/i> elaborato da Confindustria e SRM, in aumento di circa 10 punti rispetto al 2017: tutti e 5 gli indicatori che compongono l\u2019indice fanno segnare un piccolo miglioramento, che si fa tuttavia sempre pi\u00f9 lieve, in particolare con riferimento al Pil, all\u2019occupazione, agli investimenti e alle imprese, mentre continua la crescita dell\u2019export.<\/p>\n<p><span class=\"td_btn td_btn_md td_default_btn\"> \u00c8 ancora lontano il recupero dei livelli pre-crisi: il consumo procapite di energia elettrica \u00e8 del 9,4% inferiore a quello del 2007.<\/span><\/p>\n<p>Ha smesso di crescere il numero delle imprese: dopo molti trimestri di aumento, infatti, nei primi mesi del 2019 le imprese attive sono meno di 1milione settecentomila (esattamente come un anno fa).<\/p>\n<p>All\u2019interno di questo insieme, aumentano le imprese di capitali, che sono al Sud ormai quasi 330mila, con una crescita del 5,8% rispetto allo stesso periodo dell\u2019anno precedente.<\/p>\n<p>Ma di queste, solo 25mila hanno pi\u00f9 di 9 dipendenti.<\/p>\n<p>L\u2019export meridionale, dal canto suo, mostra segnali di miglioramento assieme ad altri di frenata che prevalgono nel breve periodo.<\/p>\n<p>Se il 2018, infatti, si \u00e8 chiuso con un valore positivo delle esportazioni (+5,5%, per un valore complessivo delle merci esportate di circa 50 miliardi di euro), nei primi tre mesi del 2019 si registra un inatteso stop: a penalizzare le regioni meridionali \u00e8 soprattutto la flessione dell\u2019export di coke e prodotti raffinati, in diminuzione del 21% rispetto al primo trimestre 2018, solo parzialmente compensata dall\u2019andamento dell\u2019export di mezzi di trasporto (+4,5%), prodotti alimentari (+5,1%) e soprattutto dalla farmaceutica, che mette a segno un lusinghiero +18%. Cresce nel 2018 anche l\u2019export turistico, ovvero arrivi (+14,9%) e spesa (+8,8%) dei turisti stranieri.<\/p>\n<p><span class=\"td_btn td_btn_md td_default_btn\">Il mercato domestico continua a soffrire: restano elevati i divari interni relativi al potere d\u2019acquisto, che si traducono in minori consumi (circa 800 euro pro capite in meno nelle regioni del Mezzogiorno rispetto a quelle del Centro Nord).<\/span><\/p>\n<p>L\u2019andamento degli occupati mostra elementi positivi mescolati a quelli negativi, con questi ultimi che prevalgono nei mesi pi\u00f9 recenti (-2,2%): il primo trimestre 2019 \u00e8 infatti il terzo trimestre di fila a far segnare un andamento negativo, cosicch\u00e9, gli occupati al Sud tornano sotto la soglia dei 6 milioni, con un calo nella maggior parte delle regioni, tranne Molise, Puglia e Sardegna.<\/p>\n<p>I disoccupati sono circa 1milione e 500mila, mentre molti di pi\u00f9 sono gli inattivi. Il tasso di attivit\u00e0 si ferma al 54% e quello di occupazione al 43,4%.<\/p>\n<p>Resta particolarmente elevata la disoccupazione giovanile, che raggiunge il tasso record del 51,9%: in pratica, pi\u00f9 di un giovane meridionale su due non lavora.<\/p>\n<p>L\u2019emergenza lavoro per i giovani, che ha caratterizzato la fotografia del Sud degli ultimi anni, non accenna a ridursi, sebbene solo \u00bc circa delle domande di reddito di cittadinanza presentate facciano riferimento a persone di et\u00e0 inferiore a quarant\u2019anni.<\/p>\n<p>Ristagnano anche gli investimenti fissi lordi, per i quali sembra attenuarsi di intensit\u00e0 il rimbalzo che aveva caratterizzato gli ultimi anni, con una piccola ma significativa eccezione delle costruzioni.<\/p>\n<p>E restano comunque lontanissimi i valori pre-crisi: gli investimenti fissi lordi totali sono inferiori del 36,2% rispetto a quelli del 2007.<\/p>\n<p>In conseguenza di questo andamento lento, frena anche il Pil, che nel 2018, secondo le stime preliminari dell\u2019ISTAT, fa registrare nel Mezzogiorno una crescita dello 0,4%, meno della met\u00e0 del +0,9% della media nazionale.<\/p>\n<p>Fra i settori, l\u2019andamento migliore \u00e8 quello dell\u2019industria (il cui valore aggiunto cresce del +7,4% tra il 2016 e il 2017), ma il suo apporto all\u2019economia \u00e8 pari a circa il 10% del totale: troppo poco per far recuperare al Sud anche solo i livelli pre-crisi. Non mancano settori ad alto valore aggiunto, come mostra l\u2019approfondimento condotto, nel Check-Up, assieme all\u2019ISTAT: ma la produttivit\u00e0 dei settori produttivi meridionali si mantiene, in media, di circa \u00bc inferiore a quella del Centro Nord.<\/p>\n<p>Aumentano il numero e l\u2019intensit\u00e0 dei campanelli di allarme sul rischio di rallentamento dell\u2019attivit\u00e0 economica. Sul fronte creditizio, sebbene tra il 2017 e il 2018 si assista ad un forte calo dei crediti in sofferenza, che scendono al Sud in un solo anno di circa 8,3 miliardi di euro, il livello totale degli impieghi registra un calo altrettanto brusco nel quarto trimestre 2018 rispetto all\u2019anno precedente (-5,2%), con 14 miliardi di euro in meno erogato a famiglie ed imprese meridionali.<\/p>\n<p>Tornano ad aumentare, nel primo trimestre 2019, i giorni di ritardo nei pagamenti tra imprese (in media 17,7 giorni) e riprendono a crescere nel 2018 i fallimenti, cos\u00ec come le liquidazioni volontarie, possibile sintomo del peggioramento della percezione sulle aspettative future degli imprenditori meridionali.<\/p>\n<p>Segnali ancora contenuti, ma che coincidono con la percezione di un diffuso peggioramento dello scenario economico, a livello internazionale, nazionale e locale.<\/p>\n<p>A pesare \u00e8 anche il contributo limitato degli investimenti pubblici, che accentuano il proprio calo soprattutto nelle regioni meridionali. Infatti, la spesa pubblica in conto capitale pro capite del Centro Nord torna ad essere, nel 2017, di quasi 500 euro pi\u00f9 elevata di quella del Mezzogiorno.<\/p>\n<p>Se i fondi strutturali rispettano i target fissati per i pagamenti, resta ridotta la spesa ordinaria, e molto basso \u00e8 il contributo del Fondo Sviluppo e Coesione. Ad eccezione del credito d\u2019imposta per gli investimenti nel Mezzogiorno, \u00e8 in forte calo anche la spesa pubblica per incentivi alle imprese.<\/p>\n<p>Il passo dell\u2019economia meridionale si fa dunque pi\u00f9 lento, a causa di condizioni dell\u2019economia italiana e internazionale che restano deboli, dell\u2019incertezza sulle prospettive economiche e delle caratteristiche endemiche dell\u2019economia meridionale. I segnali pi\u00f9 recenti indicano che gli elementi di preoccupazione si fanno pi\u00f9 frequenti e pi\u00f9 intensi, mentre quelli di dinamismo divengono pi\u00f9 isolati.<\/p>\n<p>Invece passa proprio dal rafforzamento, qualitativo e quantitativo, di questi segnali di dinamismo la strada per rimettere il Mezzogiorno sul sentiero di crescita duratura di cui ha estremo bisogno.<\/p>\n<p>Una strada che passa da un cambiamento di prospettiva radicale che deve caratterizzare l\u2019azione pubblica, adottando fino in fondo il punto di vista delle imprese nel disegno delle politiche di sviluppo e degli strumenti, nella scelta dei progetti e nella identificazione dei fabbisogni dei territori, a partire da quelli infrastrutturali, in cui i divari restano rilevanti.<\/p>\n<p>\u00c8 un cambiamento di prospettiva profondo e di non breve periodo, che deve portare a vedere l\u2019impresa meridionale come un vero pilastro su cui costruire l\u2019intera azione pubblica: a partire dalla definizione dei documenti di programmazione della nuova politica di coesione 2021-27 che in queste settimane sta prendendo il via.<\/p>\n<p>Una nuova politica centrata sull\u2019impresa pu\u00f2 essere la rivoluzione di cui il Sud ha bisogno: una rivoluzione che gi\u00e0 nell\u2019immediato dovrebbe vedere delle necessarie azioni, a partire dal rapido avvio delle Zone Economiche Speciali, per dare ulteriore impulso agli investimenti nel Mezzogiorno dal punto di vista imprenditoriale e logistico portuale, e dal rilancio del credito d\u2019imposta per gli investimenti al Sud.<\/p>\n","protected":false},"excerpt":{"rendered":"<p>Motori al minimo per l\u2019economia meridionale. Secondo la tradizionale analisi di mezza estate condotta da Confindustria e SRM-Studi e Ricerche per il Mezzogiorno (Centro studi del Gruppo Intesa Sanpaolo) il Sud, nei primi mesi del 2019, vede affievolire la sua capacit\u00e0 di spinta, e i segnali di frenata, gi\u00e0 ampiamente visibili a fine 2018, rischiano [&hellip;]<\/p>\n","protected":false},"author":1,"featured_media":390,"comment_status":"closed","ping_status":"open","sticky":false,"template":"","format":"standard","meta":{"footnotes":""},"categories":[56],"tags":[554,553],"yoast_head":"<!-- This site is optimized with the Yoast SEO plugin v22.2 - https:\/\/yoast.com\/wordpress\/plugins\/seo\/ -->\n<title>Confindustria e SRM lanciano l&#039;allarme sull&#039;economia del mezzogiorno -<\/title>\n<meta name=\"robots\" content=\"index, follow, max-snippet:-1, max-image-preview:large, max-video-preview:-1\" \/>\n<link rel=\"canonical\" href=\"https:\/\/www.italiaeconomiaonline.it\/web\/confindustria-e-srm-lanciano-lallarme-sulleconomia-del-mezzogiorno\/\" \/>\n<meta property=\"og:locale\" content=\"it_IT\" \/>\n<meta property=\"og:type\" content=\"article\" \/>\n<meta property=\"og:title\" content=\"Confindustria e SRM lanciano l&#039;allarme sull&#039;economia del mezzogiorno -\" \/>\n<meta property=\"og:description\" content=\"Motori al minimo per l\u2019economia meridionale. Secondo la tradizionale analisi di mezza estate condotta da Confindustria e SRM-Studi e Ricerche per il Mezzogiorno (Centro studi del Gruppo Intesa Sanpaolo) il Sud, nei primi mesi del 2019, vede affievolire la sua capacit\u00e0 di spinta, e i segnali di frenata, gi\u00e0 ampiamente visibili a fine 2018, rischiano [&hellip;]\" \/>\n<meta property=\"og:url\" content=\"https:\/\/www.italiaeconomiaonline.it\/web\/confindustria-e-srm-lanciano-lallarme-sulleconomia-del-mezzogiorno\/\" \/>\n<meta property=\"og:site_name\" content=\"ItaliaEconomiaOnline\" \/>\n<meta property=\"article:published_time\" content=\"2019-07-20T10:13:10+00:00\" \/>\n<meta property=\"article:modified_time\" content=\"2019-07-20T10:25:50+00:00\" \/>\n<meta property=\"og:image\" content=\"https:\/\/www.italiaeconomiaonline.it\/web\/wp-content\/uploads\/2019\/01\/Boccia1.jpg\" \/>\n\t<meta property=\"og:image:width\" content=\"960\" \/>\n\t<meta property=\"og:image:height\" content=\"540\" \/>\n\t<meta property=\"og:image:type\" content=\"image\/jpeg\" \/>\n<meta name=\"author\" content=\"ladyitaliaeconomia\" \/>\n<meta name=\"twitter:card\" content=\"summary_large_image\" \/>\n<meta name=\"twitter:label1\" content=\"Scritto da\" \/>\n\t<meta name=\"twitter:data1\" content=\"ladyitaliaeconomia\" \/>\n\t<meta name=\"twitter:label2\" content=\"Tempo di lettura stimato\" \/>\n\t<meta name=\"twitter:data2\" content=\"6 minuti\" \/>\n<script type=\"application\/ld+json\" class=\"yoast-schema-graph\">{\"@context\":\"https:\/\/schema.org\",\"@graph\":[{\"@type\":\"WebPage\",\"@id\":\"https:\/\/www.italiaeconomiaonline.it\/web\/confindustria-e-srm-lanciano-lallarme-sulleconomia-del-mezzogiorno\/\",\"url\":\"https:\/\/www.italiaeconomiaonline.it\/web\/confindustria-e-srm-lanciano-lallarme-sulleconomia-del-mezzogiorno\/\",\"name\":\"Confindustria e SRM lanciano l'allarme sull'economia del mezzogiorno -\",\"isPartOf\":{\"@id\":\"https:\/\/www.italiaeconomiaonline.it\/web\/#website\"},\"primaryImageOfPage\":{\"@id\":\"https:\/\/www.italiaeconomiaonline.it\/web\/confindustria-e-srm-lanciano-lallarme-sulleconomia-del-mezzogiorno\/#primaryimage\"},\"image\":{\"@id\":\"https:\/\/www.italiaeconomiaonline.it\/web\/confindustria-e-srm-lanciano-lallarme-sulleconomia-del-mezzogiorno\/#primaryimage\"},\"thumbnailUrl\":\"https:\/\/www.italiaeconomiaonline.it\/web\/wp-content\/uploads\/2019\/01\/Boccia1.jpg\",\"datePublished\":\"2019-07-20T10:13:10+00:00\",\"dateModified\":\"2019-07-20T10:25:50+00:00\",\"author\":{\"@id\":\"https:\/\/www.italiaeconomiaonline.it\/web\/#\/schema\/person\/909a49cce752523b020fbc37d5ab1c31\"},\"breadcrumb\":{\"@id\":\"https:\/\/www.italiaeconomiaonline.it\/web\/confindustria-e-srm-lanciano-lallarme-sulleconomia-del-mezzogiorno\/#breadcrumb\"},\"inLanguage\":\"it-IT\",\"potentialAction\":[{\"@type\":\"ReadAction\",\"target\":[\"https:\/\/www.italiaeconomiaonline.it\/web\/confindustria-e-srm-lanciano-lallarme-sulleconomia-del-mezzogiorno\/\"]}]},{\"@type\":\"ImageObject\",\"inLanguage\":\"it-IT\",\"@id\":\"https:\/\/www.italiaeconomiaonline.it\/web\/confindustria-e-srm-lanciano-lallarme-sulleconomia-del-mezzogiorno\/#primaryimage\",\"url\":\"https:\/\/www.italiaeconomiaonline.it\/web\/wp-content\/uploads\/2019\/01\/Boccia1.jpg\",\"contentUrl\":\"https:\/\/www.italiaeconomiaonline.it\/web\/wp-content\/uploads\/2019\/01\/Boccia1.jpg\",\"width\":960,\"height\":540,\"caption\":\"Vincenzo Boccia\"},{\"@type\":\"BreadcrumbList\",\"@id\":\"https:\/\/www.italiaeconomiaonline.it\/web\/confindustria-e-srm-lanciano-lallarme-sulleconomia-del-mezzogiorno\/#breadcrumb\",\"itemListElement\":[{\"@type\":\"ListItem\",\"position\":1,\"name\":\"Home\",\"item\":\"https:\/\/www.italiaeconomiaonline.it\/web\/\"},{\"@type\":\"ListItem\",\"position\":2,\"name\":\"Confindustria e SRM lanciano l&#8217;allarme sull&#8217;economia del mezzogiorno\"}]},{\"@type\":\"WebSite\",\"@id\":\"https:\/\/www.italiaeconomiaonline.it\/web\/#website\",\"url\":\"https:\/\/www.italiaeconomiaonline.it\/web\/\",\"name\":\"ItaliaEconomiaOnline\",\"description\":\"Quotidiano Economico Online\",\"potentialAction\":[{\"@type\":\"SearchAction\",\"target\":{\"@type\":\"EntryPoint\",\"urlTemplate\":\"https:\/\/www.italiaeconomiaonline.it\/web\/?s={search_term_string}\"},\"query-input\":\"required name=search_term_string\"}],\"inLanguage\":\"it-IT\"},{\"@type\":\"Person\",\"@id\":\"https:\/\/www.italiaeconomiaonline.it\/web\/#\/schema\/person\/909a49cce752523b020fbc37d5ab1c31\",\"name\":\"ladyitaliaeconomia\",\"image\":{\"@type\":\"ImageObject\",\"inLanguage\":\"it-IT\",\"@id\":\"https:\/\/www.italiaeconomiaonline.it\/web\/#\/schema\/person\/image\/\",\"url\":\"https:\/\/secure.gravatar.com\/avatar\/cedca10ce7416a579b9fa6bce9c0a8f2?s=96&d=mm&r=g\",\"contentUrl\":\"https:\/\/secure.gravatar.com\/avatar\/cedca10ce7416a579b9fa6bce9c0a8f2?s=96&d=mm&r=g\",\"caption\":\"ladyitaliaeconomia\"},\"url\":\"https:\/\/www.italiaeconomiaonline.it\/web\/author\/ladyitaliaeconomia\/\"}]}<\/script>\n<!-- \/ Yoast SEO plugin. -->","yoast_head_json":{"title":"Confindustria e SRM lanciano l'allarme sull'economia del mezzogiorno -","robots":{"index":"index","follow":"follow","max-snippet":"max-snippet:-1","max-image-preview":"max-image-preview:large","max-video-preview":"max-video-preview:-1"},"canonical":"https:\/\/www.italiaeconomiaonline.it\/web\/confindustria-e-srm-lanciano-lallarme-sulleconomia-del-mezzogiorno\/","og_locale":"it_IT","og_type":"article","og_title":"Confindustria e SRM lanciano l'allarme sull'economia del mezzogiorno -","og_description":"Motori al minimo per l\u2019economia meridionale. Secondo la tradizionale analisi di mezza estate condotta da Confindustria e SRM-Studi e Ricerche per il Mezzogiorno (Centro studi del Gruppo Intesa Sanpaolo) il Sud, nei primi mesi del 2019, vede affievolire la sua capacit\u00e0 di spinta, e i segnali di frenata, gi\u00e0 ampiamente visibili a fine 2018, rischiano [&hellip;]","og_url":"https:\/\/www.italiaeconomiaonline.it\/web\/confindustria-e-srm-lanciano-lallarme-sulleconomia-del-mezzogiorno\/","og_site_name":"ItaliaEconomiaOnline","article_published_time":"2019-07-20T10:13:10+00:00","article_modified_time":"2019-07-20T10:25:50+00:00","og_image":[{"width":960,"height":540,"url":"https:\/\/www.italiaeconomiaonline.it\/web\/wp-content\/uploads\/2019\/01\/Boccia1.jpg","type":"image\/jpeg"}],"author":"ladyitaliaeconomia","twitter_card":"summary_large_image","twitter_misc":{"Scritto da":"ladyitaliaeconomia","Tempo di lettura stimato":"6 minuti"},"schema":{"@context":"https:\/\/schema.org","@graph":[{"@type":"WebPage","@id":"https:\/\/www.italiaeconomiaonline.it\/web\/confindustria-e-srm-lanciano-lallarme-sulleconomia-del-mezzogiorno\/","url":"https:\/\/www.italiaeconomiaonline.it\/web\/confindustria-e-srm-lanciano-lallarme-sulleconomia-del-mezzogiorno\/","name":"Confindustria e SRM lanciano l'allarme sull'economia del mezzogiorno -","isPartOf":{"@id":"https:\/\/www.italiaeconomiaonline.it\/web\/#website"},"primaryImageOfPage":{"@id":"https:\/\/www.italiaeconomiaonline.it\/web\/confindustria-e-srm-lanciano-lallarme-sulleconomia-del-mezzogiorno\/#primaryimage"},"image":{"@id":"https:\/\/www.italiaeconomiaonline.it\/web\/confindustria-e-srm-lanciano-lallarme-sulleconomia-del-mezzogiorno\/#primaryimage"},"thumbnailUrl":"https:\/\/www.italiaeconomiaonline.it\/web\/wp-content\/uploads\/2019\/01\/Boccia1.jpg","datePublished":"2019-07-20T10:13:10+00:00","dateModified":"2019-07-20T10:25:50+00:00","author":{"@id":"https:\/\/www.italiaeconomiaonline.it\/web\/#\/schema\/person\/909a49cce752523b020fbc37d5ab1c31"},"breadcrumb":{"@id":"https:\/\/www.italiaeconomiaonline.it\/web\/confindustria-e-srm-lanciano-lallarme-sulleconomia-del-mezzogiorno\/#breadcrumb"},"inLanguage":"it-IT","potentialAction":[{"@type":"ReadAction","target":["https:\/\/www.italiaeconomiaonline.it\/web\/confindustria-e-srm-lanciano-lallarme-sulleconomia-del-mezzogiorno\/"]}]},{"@type":"ImageObject","inLanguage":"it-IT","@id":"https:\/\/www.italiaeconomiaonline.it\/web\/confindustria-e-srm-lanciano-lallarme-sulleconomia-del-mezzogiorno\/#primaryimage","url":"https:\/\/www.italiaeconomiaonline.it\/web\/wp-content\/uploads\/2019\/01\/Boccia1.jpg","contentUrl":"https:\/\/www.italiaeconomiaonline.it\/web\/wp-content\/uploads\/2019\/01\/Boccia1.jpg","width":960,"height":540,"caption":"Vincenzo Boccia"},{"@type":"BreadcrumbList","@id":"https:\/\/www.italiaeconomiaonline.it\/web\/confindustria-e-srm-lanciano-lallarme-sulleconomia-del-mezzogiorno\/#breadcrumb","itemListElement":[{"@type":"ListItem","position":1,"name":"Home","item":"https:\/\/www.italiaeconomiaonline.it\/web\/"},{"@type":"ListItem","position":2,"name":"Confindustria e SRM lanciano l&#8217;allarme sull&#8217;economia del mezzogiorno"}]},{"@type":"WebSite","@id":"https:\/\/www.italiaeconomiaonline.it\/web\/#website","url":"https:\/\/www.italiaeconomiaonline.it\/web\/","name":"ItaliaEconomiaOnline","description":"Quotidiano Economico Online","potentialAction":[{"@type":"SearchAction","target":{"@type":"EntryPoint","urlTemplate":"https:\/\/www.italiaeconomiaonline.it\/web\/?s={search_term_string}"},"query-input":"required name=search_term_string"}],"inLanguage":"it-IT"},{"@type":"Person","@id":"https:\/\/www.italiaeconomiaonline.it\/web\/#\/schema\/person\/909a49cce752523b020fbc37d5ab1c31","name":"ladyitaliaeconomia","image":{"@type":"ImageObject","inLanguage":"it-IT","@id":"https:\/\/www.italiaeconomiaonline.it\/web\/#\/schema\/person\/image\/","url":"https:\/\/secure.gravatar.com\/avatar\/cedca10ce7416a579b9fa6bce9c0a8f2?s=96&d=mm&r=g","contentUrl":"https:\/\/secure.gravatar.com\/avatar\/cedca10ce7416a579b9fa6bce9c0a8f2?s=96&d=mm&r=g","caption":"ladyitaliaeconomia"},"url":"https:\/\/www.italiaeconomiaonline.it\/web\/author\/ladyitaliaeconomia\/"}]}},"_links":{"self":[{"href":"https:\/\/www.italiaeconomiaonline.it\/web\/wp-json\/wp\/v2\/posts\/1292"}],"collection":[{"href":"https:\/\/www.italiaeconomiaonline.it\/web\/wp-json\/wp\/v2\/posts"}],"about":[{"href":"https:\/\/www.italiaeconomiaonline.it\/web\/wp-json\/wp\/v2\/types\/post"}],"author":[{"embeddable":true,"href":"https:\/\/www.italiaeconomiaonline.it\/web\/wp-json\/wp\/v2\/users\/1"}],"replies":[{"embeddable":true,"href":"https:\/\/www.italiaeconomiaonline.it\/web\/wp-json\/wp\/v2\/comments?post=1292"}],"version-history":[{"count":1,"href":"https:\/\/www.italiaeconomiaonline.it\/web\/wp-json\/wp\/v2\/posts\/1292\/revisions"}],"predecessor-version":[{"id":1293,"href":"https:\/\/www.italiaeconomiaonline.it\/web\/wp-json\/wp\/v2\/posts\/1292\/revisions\/1293"}],"wp:featuredmedia":[{"embeddable":true,"href":"https:\/\/www.italiaeconomiaonline.it\/web\/wp-json\/wp\/v2\/media\/390"}],"wp:attachment":[{"href":"https:\/\/www.italiaeconomiaonline.it\/web\/wp-json\/wp\/v2\/media?parent=1292"}],"wp:term":[{"taxonomy":"category","embeddable":true,"href":"https:\/\/www.italiaeconomiaonline.it\/web\/wp-json\/wp\/v2\/categories?post=1292"},{"taxonomy":"post_tag","embeddable":true,"href":"https:\/\/www.italiaeconomiaonline.it\/web\/wp-json\/wp\/v2\/tags?post=1292"}],"curies":[{"name":"wp","href":"https:\/\/api.w.org\/{rel}","templated":true}]}}