{"id":1301,"date":"2019-07-21T17:51:32","date_gmt":"2019-07-21T15:51:32","guid":{"rendered":"http:\/\/www.italiaeconomiaonline.it\/web\/?p=1301"},"modified":"2019-07-21T17:51:32","modified_gmt":"2019-07-21T15:51:32","slug":"mediocredito-centrale-firmato-il-primo-euro-medium-term-note-programme","status":"publish","type":"post","link":"https:\/\/www.italiaeconomiaonline.it\/web\/mediocredito-centrale-firmato-il-primo-euro-medium-term-note-programme\/","title":{"rendered":"Mediocredito Centrale, firmato il primo &#8220;Euro Medium Term Note Programme&#8221;"},"content":{"rendered":"<div>\n<p><span class=\"dropcap dropcap3\">\u00c8<\/span> stato firmato il <strong>19 luglio 2019 a Londra<\/strong> e quotato alla <strong>Borsa del Lussemburgo<\/strong>, il primo programma <em>Euro Medium Term Note <\/em>di <strong>Mediocredito Centrale<\/strong>.<\/p>\n<p>Per il suo tramite la Banca potr\u00e0 emettere, nei prossimi esercizi, strumenti finanziari di tipo senior preferred, senior non preferred e subordinati rivolti ad investitori istituzionali, per finanziare progetti &#8211; in conformit\u00e0 ai requisiti dettati dai Social Bond Principles &#8211; per un ammontare massimo pari a 1 miliardo di euro.<\/p>\n<p>Con il Programma EMTN, <strong>rinnovabile periodicamente<\/strong>, Mediocredito Centrale amplier\u00e0 lo spettro delle fonti di raccolta, garantendo un&#8217;adeguata copertura delle proprie esigenze finanziarie a medio\/lungo termine.<\/p>\n<p>Joint Arrangers e Lead Managers del Programma EMTN sono Banca Akros S.p.A. \u2013 Gruppo Banco BPM, Soci\u00e9t\u00e9 G\u00e9n\u00e9rale e UniCredit Bank AG. Fiscal, Paying e Listing Agent \u00e8 Soci\u00e9t\u00e9 G\u00e9n\u00e9rale Bank &amp; Trust.<\/p>\n<p>Per quanto riguarda gli aspetti legali, Mediocredito Centrale \u00e8 stato assistito dallo Studio Legale Orrick, Joint Arrangers e Lead Managers dallo Studio Legale Allen &amp; Overy.<\/p>\n<\/div>\n","protected":false},"excerpt":{"rendered":"<p>\u00c8 stato firmato il 19 luglio 2019 a Londra e quotato alla Borsa del Lussemburgo, il primo programma Euro Medium Term Note di Mediocredito Centrale. Per il suo tramite la Banca potr\u00e0 emettere, nei prossimi esercizi, strumenti finanziari di tipo senior preferred, senior non preferred e subordinati rivolti ad investitori istituzionali, per finanziare progetti &#8211; [&hellip;]<\/p>\n","protected":false},"author":1,"featured_media":728,"comment_status":"closed","ping_status":"open","sticky":false,"template":"","format":"standard","meta":{"footnotes":""},"categories":[162],"tags":[292,557,101,558],"yoast_head":"<!-- This site is optimized with the Yoast SEO plugin v22.2 - https:\/\/yoast.com\/wordpress\/plugins\/seo\/ -->\n<title>Mediocredito Centrale, firmato il primo &quot;Euro Medium Term Note Programme&quot; -<\/title>\n<meta name=\"robots\" content=\"index, follow, max-snippet:-1, max-image-preview:large, max-video-preview:-1\" \/>\n<link rel=\"canonical\" href=\"https:\/\/www.italiaeconomiaonline.it\/web\/mediocredito-centrale-firmato-il-primo-euro-medium-term-note-programme\/\" \/>\n<meta property=\"og:locale\" content=\"it_IT\" \/>\n<meta property=\"og:type\" content=\"article\" \/>\n<meta property=\"og:title\" content=\"Mediocredito Centrale, firmato il primo &quot;Euro Medium Term Note Programme&quot; -\" \/>\n<meta property=\"og:description\" content=\"\u00c8 stato firmato il 19 luglio 2019 a Londra e quotato alla Borsa del Lussemburgo, il primo programma Euro Medium Term Note di Mediocredito Centrale. Per il suo tramite la Banca potr\u00e0 emettere, nei prossimi esercizi, strumenti finanziari di tipo senior preferred, senior non preferred e subordinati rivolti ad investitori istituzionali, per finanziare progetti &#8211; [&hellip;]\" \/>\n<meta property=\"og:url\" content=\"https:\/\/www.italiaeconomiaonline.it\/web\/mediocredito-centrale-firmato-il-primo-euro-medium-term-note-programme\/\" \/>\n<meta property=\"og:site_name\" content=\"ItaliaEconomiaOnline\" \/>\n<meta property=\"article:published_time\" content=\"2019-07-21T15:51:32+00:00\" \/>\n<meta property=\"og:image\" content=\"https:\/\/www.italiaeconomiaonline.it\/web\/wp-content\/uploads\/2019\/05\/arcuri._invitaliajpg.jpg\" \/>\n\t<meta property=\"og:image:width\" content=\"400\" \/>\n\t<meta property=\"og:image:height\" content=\"299\" \/>\n\t<meta property=\"og:image:type\" content=\"image\/jpeg\" \/>\n<meta name=\"author\" content=\"ladyitaliaeconomia\" \/>\n<meta name=\"twitter:card\" content=\"summary_large_image\" \/>\n<meta name=\"twitter:label1\" content=\"Scritto da\" \/>\n\t<meta name=\"twitter:data1\" content=\"ladyitaliaeconomia\" \/>\n\t<meta name=\"twitter:label2\" content=\"Tempo di lettura stimato\" \/>\n\t<meta name=\"twitter:data2\" content=\"1 minuto\" \/>\n<script type=\"application\/ld+json\" class=\"yoast-schema-graph\">{\"@context\":\"https:\/\/schema.org\",\"@graph\":[{\"@type\":\"WebPage\",\"@id\":\"https:\/\/www.italiaeconomiaonline.it\/web\/mediocredito-centrale-firmato-il-primo-euro-medium-term-note-programme\/\",\"url\":\"https:\/\/www.italiaeconomiaonline.it\/web\/mediocredito-centrale-firmato-il-primo-euro-medium-term-note-programme\/\",\"name\":\"Mediocredito Centrale, firmato il primo \\\"Euro Medium Term Note Programme\\\" -\",\"isPartOf\":{\"@id\":\"https:\/\/www.italiaeconomiaonline.it\/web\/#website\"},\"primaryImageOfPage\":{\"@id\":\"https:\/\/www.italiaeconomiaonline.it\/web\/mediocredito-centrale-firmato-il-primo-euro-medium-term-note-programme\/#primaryimage\"},\"image\":{\"@id\":\"https:\/\/www.italiaeconomiaonline.it\/web\/mediocredito-centrale-firmato-il-primo-euro-medium-term-note-programme\/#primaryimage\"},\"thumbnailUrl\":\"https:\/\/www.italiaeconomiaonline.it\/web\/wp-content\/uploads\/2019\/05\/arcuri._invitaliajpg.jpg\",\"datePublished\":\"2019-07-21T15:51:32+00:00\",\"dateModified\":\"2019-07-21T15:51:32+00:00\",\"author\":{\"@id\":\"https:\/\/www.italiaeconomiaonline.it\/web\/#\/schema\/person\/909a49cce752523b020fbc37d5ab1c31\"},\"breadcrumb\":{\"@id\":\"https:\/\/www.italiaeconomiaonline.it\/web\/mediocredito-centrale-firmato-il-primo-euro-medium-term-note-programme\/#breadcrumb\"},\"inLanguage\":\"it-IT\",\"potentialAction\":[{\"@type\":\"ReadAction\",\"target\":[\"https:\/\/www.italiaeconomiaonline.it\/web\/mediocredito-centrale-firmato-il-primo-euro-medium-term-note-programme\/\"]}]},{\"@type\":\"ImageObject\",\"inLanguage\":\"it-IT\",\"@id\":\"https:\/\/www.italiaeconomiaonline.it\/web\/mediocredito-centrale-firmato-il-primo-euro-medium-term-note-programme\/#primaryimage\",\"url\":\"https:\/\/www.italiaeconomiaonline.it\/web\/wp-content\/uploads\/2019\/05\/arcuri._invitaliajpg.jpg\",\"contentUrl\":\"https:\/\/www.italiaeconomiaonline.it\/web\/wp-content\/uploads\/2019\/05\/arcuri._invitaliajpg.jpg\",\"width\":400,\"height\":299,\"caption\":\"Domenico Arcuri\"},{\"@type\":\"BreadcrumbList\",\"@id\":\"https:\/\/www.italiaeconomiaonline.it\/web\/mediocredito-centrale-firmato-il-primo-euro-medium-term-note-programme\/#breadcrumb\",\"itemListElement\":[{\"@type\":\"ListItem\",\"position\":1,\"name\":\"Home\",\"item\":\"https:\/\/www.italiaeconomiaonline.it\/web\/\"},{\"@type\":\"ListItem\",\"position\":2,\"name\":\"Mediocredito Centrale, firmato il primo &#8220;Euro Medium Term Note Programme&#8221;\"}]},{\"@type\":\"WebSite\",\"@id\":\"https:\/\/www.italiaeconomiaonline.it\/web\/#website\",\"url\":\"https:\/\/www.italiaeconomiaonline.it\/web\/\",\"name\":\"ItaliaEconomiaOnline\",\"description\":\"Quotidiano Economico Online\",\"potentialAction\":[{\"@type\":\"SearchAction\",\"target\":{\"@type\":\"EntryPoint\",\"urlTemplate\":\"https:\/\/www.italiaeconomiaonline.it\/web\/?s={search_term_string}\"},\"query-input\":\"required name=search_term_string\"}],\"inLanguage\":\"it-IT\"},{\"@type\":\"Person\",\"@id\":\"https:\/\/www.italiaeconomiaonline.it\/web\/#\/schema\/person\/909a49cce752523b020fbc37d5ab1c31\",\"name\":\"ladyitaliaeconomia\",\"image\":{\"@type\":\"ImageObject\",\"inLanguage\":\"it-IT\",\"@id\":\"https:\/\/www.italiaeconomiaonline.it\/web\/#\/schema\/person\/image\/\",\"url\":\"https:\/\/secure.gravatar.com\/avatar\/cedca10ce7416a579b9fa6bce9c0a8f2?s=96&d=mm&r=g\",\"contentUrl\":\"https:\/\/secure.gravatar.com\/avatar\/cedca10ce7416a579b9fa6bce9c0a8f2?s=96&d=mm&r=g\",\"caption\":\"ladyitaliaeconomia\"},\"url\":\"https:\/\/www.italiaeconomiaonline.it\/web\/author\/ladyitaliaeconomia\/\"}]}<\/script>\n<!-- \/ Yoast SEO plugin. -->","yoast_head_json":{"title":"Mediocredito Centrale, firmato il primo \"Euro Medium Term Note Programme\" -","robots":{"index":"index","follow":"follow","max-snippet":"max-snippet:-1","max-image-preview":"max-image-preview:large","max-video-preview":"max-video-preview:-1"},"canonical":"https:\/\/www.italiaeconomiaonline.it\/web\/mediocredito-centrale-firmato-il-primo-euro-medium-term-note-programme\/","og_locale":"it_IT","og_type":"article","og_title":"Mediocredito Centrale, firmato il primo \"Euro Medium Term Note Programme\" -","og_description":"\u00c8 stato firmato il 19 luglio 2019 a Londra e quotato alla Borsa del Lussemburgo, il primo programma Euro Medium Term Note di Mediocredito Centrale. Per il suo tramite la Banca potr\u00e0 emettere, nei prossimi esercizi, strumenti finanziari di tipo senior preferred, senior non preferred e subordinati rivolti ad investitori istituzionali, per finanziare progetti &#8211; [&hellip;]","og_url":"https:\/\/www.italiaeconomiaonline.it\/web\/mediocredito-centrale-firmato-il-primo-euro-medium-term-note-programme\/","og_site_name":"ItaliaEconomiaOnline","article_published_time":"2019-07-21T15:51:32+00:00","og_image":[{"width":400,"height":299,"url":"https:\/\/www.italiaeconomiaonline.it\/web\/wp-content\/uploads\/2019\/05\/arcuri._invitaliajpg.jpg","type":"image\/jpeg"}],"author":"ladyitaliaeconomia","twitter_card":"summary_large_image","twitter_misc":{"Scritto da":"ladyitaliaeconomia","Tempo di lettura stimato":"1 minuto"},"schema":{"@context":"https:\/\/schema.org","@graph":[{"@type":"WebPage","@id":"https:\/\/www.italiaeconomiaonline.it\/web\/mediocredito-centrale-firmato-il-primo-euro-medium-term-note-programme\/","url":"https:\/\/www.italiaeconomiaonline.it\/web\/mediocredito-centrale-firmato-il-primo-euro-medium-term-note-programme\/","name":"Mediocredito Centrale, firmato il primo \"Euro Medium Term Note Programme\" -","isPartOf":{"@id":"https:\/\/www.italiaeconomiaonline.it\/web\/#website"},"primaryImageOfPage":{"@id":"https:\/\/www.italiaeconomiaonline.it\/web\/mediocredito-centrale-firmato-il-primo-euro-medium-term-note-programme\/#primaryimage"},"image":{"@id":"https:\/\/www.italiaeconomiaonline.it\/web\/mediocredito-centrale-firmato-il-primo-euro-medium-term-note-programme\/#primaryimage"},"thumbnailUrl":"https:\/\/www.italiaeconomiaonline.it\/web\/wp-content\/uploads\/2019\/05\/arcuri._invitaliajpg.jpg","datePublished":"2019-07-21T15:51:32+00:00","dateModified":"2019-07-21T15:51:32+00:00","author":{"@id":"https:\/\/www.italiaeconomiaonline.it\/web\/#\/schema\/person\/909a49cce752523b020fbc37d5ab1c31"},"breadcrumb":{"@id":"https:\/\/www.italiaeconomiaonline.it\/web\/mediocredito-centrale-firmato-il-primo-euro-medium-term-note-programme\/#breadcrumb"},"inLanguage":"it-IT","potentialAction":[{"@type":"ReadAction","target":["https:\/\/www.italiaeconomiaonline.it\/web\/mediocredito-centrale-firmato-il-primo-euro-medium-term-note-programme\/"]}]},{"@type":"ImageObject","inLanguage":"it-IT","@id":"https:\/\/www.italiaeconomiaonline.it\/web\/mediocredito-centrale-firmato-il-primo-euro-medium-term-note-programme\/#primaryimage","url":"https:\/\/www.italiaeconomiaonline.it\/web\/wp-content\/uploads\/2019\/05\/arcuri._invitaliajpg.jpg","contentUrl":"https:\/\/www.italiaeconomiaonline.it\/web\/wp-content\/uploads\/2019\/05\/arcuri._invitaliajpg.jpg","width":400,"height":299,"caption":"Domenico Arcuri"},{"@type":"BreadcrumbList","@id":"https:\/\/www.italiaeconomiaonline.it\/web\/mediocredito-centrale-firmato-il-primo-euro-medium-term-note-programme\/#breadcrumb","itemListElement":[{"@type":"ListItem","position":1,"name":"Home","item":"https:\/\/www.italiaeconomiaonline.it\/web\/"},{"@type":"ListItem","position":2,"name":"Mediocredito Centrale, firmato il primo &#8220;Euro Medium Term Note Programme&#8221;"}]},{"@type":"WebSite","@id":"https:\/\/www.italiaeconomiaonline.it\/web\/#website","url":"https:\/\/www.italiaeconomiaonline.it\/web\/","name":"ItaliaEconomiaOnline","description":"Quotidiano Economico Online","potentialAction":[{"@type":"SearchAction","target":{"@type":"EntryPoint","urlTemplate":"https:\/\/www.italiaeconomiaonline.it\/web\/?s={search_term_string}"},"query-input":"required name=search_term_string"}],"inLanguage":"it-IT"},{"@type":"Person","@id":"https:\/\/www.italiaeconomiaonline.it\/web\/#\/schema\/person\/909a49cce752523b020fbc37d5ab1c31","name":"ladyitaliaeconomia","image":{"@type":"ImageObject","inLanguage":"it-IT","@id":"https:\/\/www.italiaeconomiaonline.it\/web\/#\/schema\/person\/image\/","url":"https:\/\/secure.gravatar.com\/avatar\/cedca10ce7416a579b9fa6bce9c0a8f2?s=96&d=mm&r=g","contentUrl":"https:\/\/secure.gravatar.com\/avatar\/cedca10ce7416a579b9fa6bce9c0a8f2?s=96&d=mm&r=g","caption":"ladyitaliaeconomia"},"url":"https:\/\/www.italiaeconomiaonline.it\/web\/author\/ladyitaliaeconomia\/"}]}},"_links":{"self":[{"href":"https:\/\/www.italiaeconomiaonline.it\/web\/wp-json\/wp\/v2\/posts\/1301"}],"collection":[{"href":"https:\/\/www.italiaeconomiaonline.it\/web\/wp-json\/wp\/v2\/posts"}],"about":[{"href":"https:\/\/www.italiaeconomiaonline.it\/web\/wp-json\/wp\/v2\/types\/post"}],"author":[{"embeddable":true,"href":"https:\/\/www.italiaeconomiaonline.it\/web\/wp-json\/wp\/v2\/users\/1"}],"replies":[{"embeddable":true,"href":"https:\/\/www.italiaeconomiaonline.it\/web\/wp-json\/wp\/v2\/comments?post=1301"}],"version-history":[{"count":1,"href":"https:\/\/www.italiaeconomiaonline.it\/web\/wp-json\/wp\/v2\/posts\/1301\/revisions"}],"predecessor-version":[{"id":1302,"href":"https:\/\/www.italiaeconomiaonline.it\/web\/wp-json\/wp\/v2\/posts\/1301\/revisions\/1302"}],"wp:featuredmedia":[{"embeddable":true,"href":"https:\/\/www.italiaeconomiaonline.it\/web\/wp-json\/wp\/v2\/media\/728"}],"wp:attachment":[{"href":"https:\/\/www.italiaeconomiaonline.it\/web\/wp-json\/wp\/v2\/media?parent=1301"}],"wp:term":[{"taxonomy":"category","embeddable":true,"href":"https:\/\/www.italiaeconomiaonline.it\/web\/wp-json\/wp\/v2\/categories?post=1301"},{"taxonomy":"post_tag","embeddable":true,"href":"https:\/\/www.italiaeconomiaonline.it\/web\/wp-json\/wp\/v2\/tags?post=1301"}],"curies":[{"name":"wp","href":"https:\/\/api.w.org\/{rel}","templated":true}]}}