{"id":1320,"date":"2019-07-22T18:32:30","date_gmt":"2019-07-22T16:32:30","guid":{"rendered":"http:\/\/www.italiaeconomiaonline.it\/web\/?p=1320"},"modified":"2019-07-22T18:32:30","modified_gmt":"2019-07-22T16:32:30","slug":"mise-riunito-il-tavolo-tecnico-per-lexport-agrumicolo-in-cina","status":"publish","type":"post","link":"https:\/\/www.italiaeconomiaonline.it\/web\/mise-riunito-il-tavolo-tecnico-per-lexport-agrumicolo-in-cina\/","title":{"rendered":"Mise: riunito il tavolo tecnico per l\u2019export agrumicolo in Cina"},"content":{"rendered":"<p><span class=\"dropcap dropcap3\">S<\/span>i \u00e8 svolto oggi al Ministero dello Sviluppo Economico il tavolo tecnico per l\u2019export agrumicolo in Cina, a cui hanno preso parte i rappresentanti del Ministero dell\u2019Agricoltura, la Regione Siciliana, l\u2019ICE, il Presidente del Distretto Produttivo Agrumi di Sicilia Federica Argentati, gli enti e le associazioni d\u2019impresa del settore.<\/p>\n<p>Nel corso dell\u2019incontro \u00e8 stato fatto il punto sullo stato di attuazione del Protocollo sui requisiti fitosanitari per l\u2019esportazione di agrumi freschi dall\u2019Italia alla Cina.<\/p>\n<p>L\u2019export di agrumi in Cina rappresenta infatti una opportunit\u00e0 per la commercializzazione di prodotti italiani di qualit\u00e0, come quella delle arance rosse siciliane il cui trasporto aereo \u00e8 stato reso possibile grazie al lavoro di squadra avviato dal Ministro <strong>Di Maio<\/strong> nel corso delle missioni istituzionali nel Paese asiatico.<\/p>\n<p>Al tavolo \u00e8 stata, inoltre, esaminata la possibilit\u00e0 di estendere l\u2019applicazione del Protocollo ad altri prodotti agrumicoli italiani, nonch\u00e9 la possibilit\u00e0 di affrontare in un successivo incontro il tema specifico della logistica legata a questa tipologia di esportazioni.<\/p>\n<p>Per rafforzare nei prossimi anni le esportazioni di agrumi nel mercato cinese, il MiSE e l\u2019ICE elaboreranno una serie di iniziative promozionali, che verranno condivise con gli operatori del settore.<\/p>\n","protected":false},"excerpt":{"rendered":"<p>Si \u00e8 svolto oggi al Ministero dello Sviluppo Economico il tavolo tecnico per l\u2019export agrumicolo in Cina, a cui hanno preso parte i rappresentanti del Ministero dell\u2019Agricoltura, la Regione Siciliana, l\u2019ICE, il Presidente del Distretto Produttivo Agrumi di Sicilia Federica Argentati, gli enti e le associazioni d\u2019impresa del settore. Nel corso dell\u2019incontro \u00e8 stato fatto [&hellip;]<\/p>\n","protected":false},"author":1,"featured_media":986,"comment_status":"closed","ping_status":"open","sticky":false,"template":"","format":"standard","meta":{"footnotes":""},"categories":[224],"tags":[576,574,572,573,575],"yoast_head":"<!-- This site is optimized with the Yoast SEO plugin v22.2 - https:\/\/yoast.com\/wordpress\/plugins\/seo\/ -->\n<title>Mise: riunito il tavolo tecnico per l\u2019export agrumicolo in Cina -<\/title>\n<meta name=\"robots\" content=\"index, follow, max-snippet:-1, max-image-preview:large, max-video-preview:-1\" \/>\n<link rel=\"canonical\" href=\"https:\/\/www.italiaeconomiaonline.it\/web\/mise-riunito-il-tavolo-tecnico-per-lexport-agrumicolo-in-cina\/\" \/>\n<meta property=\"og:locale\" content=\"it_IT\" \/>\n<meta property=\"og:type\" content=\"article\" \/>\n<meta property=\"og:title\" content=\"Mise: riunito il tavolo tecnico per l\u2019export agrumicolo in Cina -\" \/>\n<meta property=\"og:description\" content=\"Si \u00e8 svolto oggi al Ministero dello Sviluppo Economico il tavolo tecnico per l\u2019export agrumicolo in Cina, a cui hanno preso parte i rappresentanti del Ministero dell\u2019Agricoltura, la Regione Siciliana, l\u2019ICE, il Presidente del Distretto Produttivo Agrumi di Sicilia Federica Argentati, gli enti e le associazioni d\u2019impresa del settore. Nel corso dell\u2019incontro \u00e8 stato fatto [&hellip;]\" \/>\n<meta property=\"og:url\" content=\"https:\/\/www.italiaeconomiaonline.it\/web\/mise-riunito-il-tavolo-tecnico-per-lexport-agrumicolo-in-cina\/\" \/>\n<meta property=\"og:site_name\" content=\"ItaliaEconomiaOnline\" \/>\n<meta property=\"article:published_time\" content=\"2019-07-22T16:32:30+00:00\" \/>\n<meta property=\"og:image\" content=\"https:\/\/www.italiaeconomiaonline.it\/web\/wp-content\/uploads\/2019\/06\/luigidimaio-e1560504740557.jpg\" \/>\n\t<meta property=\"og:image:width\" content=\"792\" \/>\n\t<meta property=\"og:image:height\" content=\"439\" \/>\n\t<meta property=\"og:image:type\" content=\"image\/jpeg\" \/>\n<meta name=\"author\" content=\"ladyitaliaeconomia\" \/>\n<meta name=\"twitter:card\" content=\"summary_large_image\" \/>\n<meta name=\"twitter:label1\" content=\"Scritto da\" \/>\n\t<meta name=\"twitter:data1\" content=\"ladyitaliaeconomia\" \/>\n\t<meta name=\"twitter:label2\" content=\"Tempo di lettura stimato\" \/>\n\t<meta name=\"twitter:data2\" content=\"1 minuto\" \/>\n<script type=\"application\/ld+json\" class=\"yoast-schema-graph\">{\"@context\":\"https:\/\/schema.org\",\"@graph\":[{\"@type\":\"WebPage\",\"@id\":\"https:\/\/www.italiaeconomiaonline.it\/web\/mise-riunito-il-tavolo-tecnico-per-lexport-agrumicolo-in-cina\/\",\"url\":\"https:\/\/www.italiaeconomiaonline.it\/web\/mise-riunito-il-tavolo-tecnico-per-lexport-agrumicolo-in-cina\/\",\"name\":\"Mise: riunito il tavolo tecnico per l\u2019export agrumicolo in Cina -\",\"isPartOf\":{\"@id\":\"https:\/\/www.italiaeconomiaonline.it\/web\/#website\"},\"primaryImageOfPage\":{\"@id\":\"https:\/\/www.italiaeconomiaonline.it\/web\/mise-riunito-il-tavolo-tecnico-per-lexport-agrumicolo-in-cina\/#primaryimage\"},\"image\":{\"@id\":\"https:\/\/www.italiaeconomiaonline.it\/web\/mise-riunito-il-tavolo-tecnico-per-lexport-agrumicolo-in-cina\/#primaryimage\"},\"thumbnailUrl\":\"https:\/\/www.italiaeconomiaonline.it\/web\/wp-content\/uploads\/2019\/06\/luigidimaio-e1560504740557.jpg\",\"datePublished\":\"2019-07-22T16:32:30+00:00\",\"dateModified\":\"2019-07-22T16:32:30+00:00\",\"author\":{\"@id\":\"https:\/\/www.italiaeconomiaonline.it\/web\/#\/schema\/person\/909a49cce752523b020fbc37d5ab1c31\"},\"breadcrumb\":{\"@id\":\"https:\/\/www.italiaeconomiaonline.it\/web\/mise-riunito-il-tavolo-tecnico-per-lexport-agrumicolo-in-cina\/#breadcrumb\"},\"inLanguage\":\"it-IT\",\"potentialAction\":[{\"@type\":\"ReadAction\",\"target\":[\"https:\/\/www.italiaeconomiaonline.it\/web\/mise-riunito-il-tavolo-tecnico-per-lexport-agrumicolo-in-cina\/\"]}]},{\"@type\":\"ImageObject\",\"inLanguage\":\"it-IT\",\"@id\":\"https:\/\/www.italiaeconomiaonline.it\/web\/mise-riunito-il-tavolo-tecnico-per-lexport-agrumicolo-in-cina\/#primaryimage\",\"url\":\"https:\/\/www.italiaeconomiaonline.it\/web\/wp-content\/uploads\/2019\/06\/luigidimaio-e1560504740557.jpg\",\"contentUrl\":\"https:\/\/www.italiaeconomiaonline.it\/web\/wp-content\/uploads\/2019\/06\/luigidimaio-e1560504740557.jpg\",\"width\":792,\"height\":439},{\"@type\":\"BreadcrumbList\",\"@id\":\"https:\/\/www.italiaeconomiaonline.it\/web\/mise-riunito-il-tavolo-tecnico-per-lexport-agrumicolo-in-cina\/#breadcrumb\",\"itemListElement\":[{\"@type\":\"ListItem\",\"position\":1,\"name\":\"Home\",\"item\":\"https:\/\/www.italiaeconomiaonline.it\/web\/\"},{\"@type\":\"ListItem\",\"position\":2,\"name\":\"Mise: riunito il tavolo tecnico per l\u2019export agrumicolo in Cina\"}]},{\"@type\":\"WebSite\",\"@id\":\"https:\/\/www.italiaeconomiaonline.it\/web\/#website\",\"url\":\"https:\/\/www.italiaeconomiaonline.it\/web\/\",\"name\":\"ItaliaEconomiaOnline\",\"description\":\"Quotidiano Economico Online\",\"potentialAction\":[{\"@type\":\"SearchAction\",\"target\":{\"@type\":\"EntryPoint\",\"urlTemplate\":\"https:\/\/www.italiaeconomiaonline.it\/web\/?s={search_term_string}\"},\"query-input\":\"required name=search_term_string\"}],\"inLanguage\":\"it-IT\"},{\"@type\":\"Person\",\"@id\":\"https:\/\/www.italiaeconomiaonline.it\/web\/#\/schema\/person\/909a49cce752523b020fbc37d5ab1c31\",\"name\":\"ladyitaliaeconomia\",\"image\":{\"@type\":\"ImageObject\",\"inLanguage\":\"it-IT\",\"@id\":\"https:\/\/www.italiaeconomiaonline.it\/web\/#\/schema\/person\/image\/\",\"url\":\"https:\/\/secure.gravatar.com\/avatar\/cedca10ce7416a579b9fa6bce9c0a8f2?s=96&d=mm&r=g\",\"contentUrl\":\"https:\/\/secure.gravatar.com\/avatar\/cedca10ce7416a579b9fa6bce9c0a8f2?s=96&d=mm&r=g\",\"caption\":\"ladyitaliaeconomia\"},\"url\":\"https:\/\/www.italiaeconomiaonline.it\/web\/author\/ladyitaliaeconomia\/\"}]}<\/script>\n<!-- \/ Yoast SEO plugin. -->","yoast_head_json":{"title":"Mise: riunito il tavolo tecnico per l\u2019export agrumicolo in Cina -","robots":{"index":"index","follow":"follow","max-snippet":"max-snippet:-1","max-image-preview":"max-image-preview:large","max-video-preview":"max-video-preview:-1"},"canonical":"https:\/\/www.italiaeconomiaonline.it\/web\/mise-riunito-il-tavolo-tecnico-per-lexport-agrumicolo-in-cina\/","og_locale":"it_IT","og_type":"article","og_title":"Mise: riunito il tavolo tecnico per l\u2019export agrumicolo in Cina -","og_description":"Si \u00e8 svolto oggi al Ministero dello Sviluppo Economico il tavolo tecnico per l\u2019export agrumicolo in Cina, a cui hanno preso parte i rappresentanti del Ministero dell\u2019Agricoltura, la Regione Siciliana, l\u2019ICE, il Presidente del Distretto Produttivo Agrumi di Sicilia Federica Argentati, gli enti e le associazioni d\u2019impresa del settore. Nel corso dell\u2019incontro \u00e8 stato fatto [&hellip;]","og_url":"https:\/\/www.italiaeconomiaonline.it\/web\/mise-riunito-il-tavolo-tecnico-per-lexport-agrumicolo-in-cina\/","og_site_name":"ItaliaEconomiaOnline","article_published_time":"2019-07-22T16:32:30+00:00","og_image":[{"width":792,"height":439,"url":"https:\/\/www.italiaeconomiaonline.it\/web\/wp-content\/uploads\/2019\/06\/luigidimaio-e1560504740557.jpg","type":"image\/jpeg"}],"author":"ladyitaliaeconomia","twitter_card":"summary_large_image","twitter_misc":{"Scritto da":"ladyitaliaeconomia","Tempo di lettura stimato":"1 minuto"},"schema":{"@context":"https:\/\/schema.org","@graph":[{"@type":"WebPage","@id":"https:\/\/www.italiaeconomiaonline.it\/web\/mise-riunito-il-tavolo-tecnico-per-lexport-agrumicolo-in-cina\/","url":"https:\/\/www.italiaeconomiaonline.it\/web\/mise-riunito-il-tavolo-tecnico-per-lexport-agrumicolo-in-cina\/","name":"Mise: riunito il tavolo tecnico per l\u2019export agrumicolo in Cina -","isPartOf":{"@id":"https:\/\/www.italiaeconomiaonline.it\/web\/#website"},"primaryImageOfPage":{"@id":"https:\/\/www.italiaeconomiaonline.it\/web\/mise-riunito-il-tavolo-tecnico-per-lexport-agrumicolo-in-cina\/#primaryimage"},"image":{"@id":"https:\/\/www.italiaeconomiaonline.it\/web\/mise-riunito-il-tavolo-tecnico-per-lexport-agrumicolo-in-cina\/#primaryimage"},"thumbnailUrl":"https:\/\/www.italiaeconomiaonline.it\/web\/wp-content\/uploads\/2019\/06\/luigidimaio-e1560504740557.jpg","datePublished":"2019-07-22T16:32:30+00:00","dateModified":"2019-07-22T16:32:30+00:00","author":{"@id":"https:\/\/www.italiaeconomiaonline.it\/web\/#\/schema\/person\/909a49cce752523b020fbc37d5ab1c31"},"breadcrumb":{"@id":"https:\/\/www.italiaeconomiaonline.it\/web\/mise-riunito-il-tavolo-tecnico-per-lexport-agrumicolo-in-cina\/#breadcrumb"},"inLanguage":"it-IT","potentialAction":[{"@type":"ReadAction","target":["https:\/\/www.italiaeconomiaonline.it\/web\/mise-riunito-il-tavolo-tecnico-per-lexport-agrumicolo-in-cina\/"]}]},{"@type":"ImageObject","inLanguage":"it-IT","@id":"https:\/\/www.italiaeconomiaonline.it\/web\/mise-riunito-il-tavolo-tecnico-per-lexport-agrumicolo-in-cina\/#primaryimage","url":"https:\/\/www.italiaeconomiaonline.it\/web\/wp-content\/uploads\/2019\/06\/luigidimaio-e1560504740557.jpg","contentUrl":"https:\/\/www.italiaeconomiaonline.it\/web\/wp-content\/uploads\/2019\/06\/luigidimaio-e1560504740557.jpg","width":792,"height":439},{"@type":"BreadcrumbList","@id":"https:\/\/www.italiaeconomiaonline.it\/web\/mise-riunito-il-tavolo-tecnico-per-lexport-agrumicolo-in-cina\/#breadcrumb","itemListElement":[{"@type":"ListItem","position":1,"name":"Home","item":"https:\/\/www.italiaeconomiaonline.it\/web\/"},{"@type":"ListItem","position":2,"name":"Mise: riunito il tavolo tecnico per l\u2019export agrumicolo in Cina"}]},{"@type":"WebSite","@id":"https:\/\/www.italiaeconomiaonline.it\/web\/#website","url":"https:\/\/www.italiaeconomiaonline.it\/web\/","name":"ItaliaEconomiaOnline","description":"Quotidiano Economico Online","potentialAction":[{"@type":"SearchAction","target":{"@type":"EntryPoint","urlTemplate":"https:\/\/www.italiaeconomiaonline.it\/web\/?s={search_term_string}"},"query-input":"required name=search_term_string"}],"inLanguage":"it-IT"},{"@type":"Person","@id":"https:\/\/www.italiaeconomiaonline.it\/web\/#\/schema\/person\/909a49cce752523b020fbc37d5ab1c31","name":"ladyitaliaeconomia","image":{"@type":"ImageObject","inLanguage":"it-IT","@id":"https:\/\/www.italiaeconomiaonline.it\/web\/#\/schema\/person\/image\/","url":"https:\/\/secure.gravatar.com\/avatar\/cedca10ce7416a579b9fa6bce9c0a8f2?s=96&d=mm&r=g","contentUrl":"https:\/\/secure.gravatar.com\/avatar\/cedca10ce7416a579b9fa6bce9c0a8f2?s=96&d=mm&r=g","caption":"ladyitaliaeconomia"},"url":"https:\/\/www.italiaeconomiaonline.it\/web\/author\/ladyitaliaeconomia\/"}]}},"_links":{"self":[{"href":"https:\/\/www.italiaeconomiaonline.it\/web\/wp-json\/wp\/v2\/posts\/1320"}],"collection":[{"href":"https:\/\/www.italiaeconomiaonline.it\/web\/wp-json\/wp\/v2\/posts"}],"about":[{"href":"https:\/\/www.italiaeconomiaonline.it\/web\/wp-json\/wp\/v2\/types\/post"}],"author":[{"embeddable":true,"href":"https:\/\/www.italiaeconomiaonline.it\/web\/wp-json\/wp\/v2\/users\/1"}],"replies":[{"embeddable":true,"href":"https:\/\/www.italiaeconomiaonline.it\/web\/wp-json\/wp\/v2\/comments?post=1320"}],"version-history":[{"count":1,"href":"https:\/\/www.italiaeconomiaonline.it\/web\/wp-json\/wp\/v2\/posts\/1320\/revisions"}],"predecessor-version":[{"id":1321,"href":"https:\/\/www.italiaeconomiaonline.it\/web\/wp-json\/wp\/v2\/posts\/1320\/revisions\/1321"}],"wp:featuredmedia":[{"embeddable":true,"href":"https:\/\/www.italiaeconomiaonline.it\/web\/wp-json\/wp\/v2\/media\/986"}],"wp:attachment":[{"href":"https:\/\/www.italiaeconomiaonline.it\/web\/wp-json\/wp\/v2\/media?parent=1320"}],"wp:term":[{"taxonomy":"category","embeddable":true,"href":"https:\/\/www.italiaeconomiaonline.it\/web\/wp-json\/wp\/v2\/categories?post=1320"},{"taxonomy":"post_tag","embeddable":true,"href":"https:\/\/www.italiaeconomiaonline.it\/web\/wp-json\/wp\/v2\/tags?post=1320"}],"curies":[{"name":"wp","href":"https:\/\/api.w.org\/{rel}","templated":true}]}}