{"id":1328,"date":"2019-07-23T08:11:32","date_gmt":"2019-07-23T06:11:32","guid":{"rendered":"http:\/\/www.italiaeconomiaonline.it\/web\/?p=1328"},"modified":"2019-07-22T19:16:29","modified_gmt":"2019-07-22T17:16:29","slug":"autonomia-confindustria-puo-essere-fattore-di-efficenza-e-competitivita-per-i-territori","status":"publish","type":"post","link":"https:\/\/www.italiaeconomiaonline.it\/web\/autonomia-confindustria-puo-essere-fattore-di-efficenza-e-competitivita-per-i-territori\/","title":{"rendered":"Autonomia: Confindustria, pu\u00f2 essere fattore di efficenza e competitivit\u00e0 per i territori"},"content":{"rendered":"<p><span class=\"dropcap dropcap3\">L\u2019<\/span>autonomia differenziata pu\u00f2 rappresentare un fattore di efficienza e competitivit\u00e0 per i territori interessati e per l\u2019intero Paese, nel rispetto dell\u2019unit\u00e0 nazionale.<\/p>\n<p>Dal punto di vista delle imprese, pu\u00f2 contribuire a migliorare le condizioni di contesto se agir\u00e0 su questioni come la semplificazione dei procedimenti e l&#8217;efficienza dell&#8217;amministrazione, assicurando per\u00f2 allo Stato la regia su materie fondamentali per l&#8217;economia nazionale, come l\u2019energia e le infrastrutture strategiche.<\/p>\n<p>Confindustria ha condiviso una linea comune, nell\u2019ambito del Consiglio delle rappresentanze regionali &#8211; composto da tutti i presidenti delle Confindustrie regionali &#8211; articolata in una serie di proposte per rendere il percorso di trasferimento delle funzioni coerente con i valori costituzionali e le esigenze del mondo produttivo.<\/p>\n<p>Sul piano delle risorse, Confindustria ritiene che il trasferimento delle funzioni dovr\u00e0 seguire:<\/p>\n<p>&#8211; l\u2019efficienza, attraverso l&#8217;adozione dei fabbisogni standard per tutte le Regioni;<\/p>\n<p>&#8211; la solidariet\u00e0, mediante la conferma dei meccanismi di perequazione tra le diverse aree del Paese;<\/p>\n<p>&#8211; l\u2019equit\u00e0, con un meccanismo di premialit\u00e0 per i territori che avranno conseguito risparmi di spesa rispetto al fabbisogno finanziato e, viceversa, di responsabilizzazione verso chi avr\u00e0 ecceduto tali limiti.<\/p>\n<p>Il processo di approvazione delle Intese tra Stato e Regioni dovr\u00e0 essere trasparente e partecipato valorizzando il ruolo del Parlamento che \u00e8 il luogo naturale del dibattito e del bilanciamento tra i diversi interessi in gioco.<\/p>\n","protected":false},"excerpt":{"rendered":"<p>L\u2019autonomia differenziata pu\u00f2 rappresentare un fattore di efficienza e competitivit\u00e0 per i territori interessati e per l\u2019intero Paese, nel rispetto dell\u2019unit\u00e0 nazionale. Dal punto di vista delle imprese, pu\u00f2 contribuire a migliorare le condizioni di contesto se agir\u00e0 su questioni come la semplificazione dei procedimenti e l&#8217;efficienza dell&#8217;amministrazione, assicurando per\u00f2 allo Stato la regia su [&hellip;]<\/p>\n","protected":false},"author":1,"featured_media":390,"comment_status":"closed","ping_status":"open","sticky":false,"template":"","format":"standard","meta":{"footnotes":""},"categories":[70],"tags":[583,584,180],"yoast_head":"<!-- This site is optimized with the Yoast SEO plugin v22.2 - https:\/\/yoast.com\/wordpress\/plugins\/seo\/ -->\n<title>Autonomia: Confindustria, pu\u00f2 essere fattore di efficenza e competitivit\u00e0 per i territori -<\/title>\n<meta name=\"robots\" content=\"index, follow, max-snippet:-1, max-image-preview:large, max-video-preview:-1\" \/>\n<link rel=\"canonical\" href=\"https:\/\/www.italiaeconomiaonline.it\/web\/autonomia-confindustria-puo-essere-fattore-di-efficenza-e-competitivita-per-i-territori\/\" \/>\n<meta property=\"og:locale\" content=\"it_IT\" \/>\n<meta property=\"og:type\" content=\"article\" \/>\n<meta property=\"og:title\" content=\"Autonomia: Confindustria, pu\u00f2 essere fattore di efficenza e competitivit\u00e0 per i territori -\" \/>\n<meta property=\"og:description\" content=\"L\u2019autonomia differenziata pu\u00f2 rappresentare un fattore di efficienza e competitivit\u00e0 per i territori interessati e per l\u2019intero Paese, nel rispetto dell\u2019unit\u00e0 nazionale. Dal punto di vista delle imprese, pu\u00f2 contribuire a migliorare le condizioni di contesto se agir\u00e0 su questioni come la semplificazione dei procedimenti e l&#8217;efficienza dell&#8217;amministrazione, assicurando per\u00f2 allo Stato la regia su [&hellip;]\" \/>\n<meta property=\"og:url\" content=\"https:\/\/www.italiaeconomiaonline.it\/web\/autonomia-confindustria-puo-essere-fattore-di-efficenza-e-competitivita-per-i-territori\/\" \/>\n<meta property=\"og:site_name\" content=\"ItaliaEconomiaOnline\" \/>\n<meta property=\"article:published_time\" content=\"2019-07-23T06:11:32+00:00\" \/>\n<meta property=\"article:modified_time\" content=\"2019-07-22T17:16:29+00:00\" \/>\n<meta property=\"og:image\" content=\"https:\/\/www.italiaeconomiaonline.it\/web\/wp-content\/uploads\/2019\/01\/Boccia1.jpg\" \/>\n\t<meta property=\"og:image:width\" content=\"960\" \/>\n\t<meta property=\"og:image:height\" content=\"540\" \/>\n\t<meta property=\"og:image:type\" content=\"image\/jpeg\" \/>\n<meta name=\"author\" content=\"ladyitaliaeconomia\" \/>\n<meta name=\"twitter:card\" content=\"summary_large_image\" \/>\n<meta name=\"twitter:label1\" content=\"Scritto da\" \/>\n\t<meta name=\"twitter:data1\" content=\"ladyitaliaeconomia\" \/>\n\t<meta name=\"twitter:label2\" content=\"Tempo di lettura stimato\" \/>\n\t<meta name=\"twitter:data2\" content=\"1 minuto\" \/>\n<script type=\"application\/ld+json\" class=\"yoast-schema-graph\">{\"@context\":\"https:\/\/schema.org\",\"@graph\":[{\"@type\":\"WebPage\",\"@id\":\"https:\/\/www.italiaeconomiaonline.it\/web\/autonomia-confindustria-puo-essere-fattore-di-efficenza-e-competitivita-per-i-territori\/\",\"url\":\"https:\/\/www.italiaeconomiaonline.it\/web\/autonomia-confindustria-puo-essere-fattore-di-efficenza-e-competitivita-per-i-territori\/\",\"name\":\"Autonomia: Confindustria, pu\u00f2 essere fattore di efficenza e competitivit\u00e0 per i territori -\",\"isPartOf\":{\"@id\":\"https:\/\/www.italiaeconomiaonline.it\/web\/#website\"},\"primaryImageOfPage\":{\"@id\":\"https:\/\/www.italiaeconomiaonline.it\/web\/autonomia-confindustria-puo-essere-fattore-di-efficenza-e-competitivita-per-i-territori\/#primaryimage\"},\"image\":{\"@id\":\"https:\/\/www.italiaeconomiaonline.it\/web\/autonomia-confindustria-puo-essere-fattore-di-efficenza-e-competitivita-per-i-territori\/#primaryimage\"},\"thumbnailUrl\":\"https:\/\/www.italiaeconomiaonline.it\/web\/wp-content\/uploads\/2019\/01\/Boccia1.jpg\",\"datePublished\":\"2019-07-23T06:11:32+00:00\",\"dateModified\":\"2019-07-22T17:16:29+00:00\",\"author\":{\"@id\":\"https:\/\/www.italiaeconomiaonline.it\/web\/#\/schema\/person\/909a49cce752523b020fbc37d5ab1c31\"},\"breadcrumb\":{\"@id\":\"https:\/\/www.italiaeconomiaonline.it\/web\/autonomia-confindustria-puo-essere-fattore-di-efficenza-e-competitivita-per-i-territori\/#breadcrumb\"},\"inLanguage\":\"it-IT\",\"potentialAction\":[{\"@type\":\"ReadAction\",\"target\":[\"https:\/\/www.italiaeconomiaonline.it\/web\/autonomia-confindustria-puo-essere-fattore-di-efficenza-e-competitivita-per-i-territori\/\"]}]},{\"@type\":\"ImageObject\",\"inLanguage\":\"it-IT\",\"@id\":\"https:\/\/www.italiaeconomiaonline.it\/web\/autonomia-confindustria-puo-essere-fattore-di-efficenza-e-competitivita-per-i-territori\/#primaryimage\",\"url\":\"https:\/\/www.italiaeconomiaonline.it\/web\/wp-content\/uploads\/2019\/01\/Boccia1.jpg\",\"contentUrl\":\"https:\/\/www.italiaeconomiaonline.it\/web\/wp-content\/uploads\/2019\/01\/Boccia1.jpg\",\"width\":960,\"height\":540,\"caption\":\"Vincenzo Boccia\"},{\"@type\":\"BreadcrumbList\",\"@id\":\"https:\/\/www.italiaeconomiaonline.it\/web\/autonomia-confindustria-puo-essere-fattore-di-efficenza-e-competitivita-per-i-territori\/#breadcrumb\",\"itemListElement\":[{\"@type\":\"ListItem\",\"position\":1,\"name\":\"Home\",\"item\":\"https:\/\/www.italiaeconomiaonline.it\/web\/\"},{\"@type\":\"ListItem\",\"position\":2,\"name\":\"Autonomia: Confindustria, pu\u00f2 essere fattore di efficenza e competitivit\u00e0 per i territori\"}]},{\"@type\":\"WebSite\",\"@id\":\"https:\/\/www.italiaeconomiaonline.it\/web\/#website\",\"url\":\"https:\/\/www.italiaeconomiaonline.it\/web\/\",\"name\":\"ItaliaEconomiaOnline\",\"description\":\"Quotidiano Economico Online\",\"potentialAction\":[{\"@type\":\"SearchAction\",\"target\":{\"@type\":\"EntryPoint\",\"urlTemplate\":\"https:\/\/www.italiaeconomiaonline.it\/web\/?s={search_term_string}\"},\"query-input\":\"required name=search_term_string\"}],\"inLanguage\":\"it-IT\"},{\"@type\":\"Person\",\"@id\":\"https:\/\/www.italiaeconomiaonline.it\/web\/#\/schema\/person\/909a49cce752523b020fbc37d5ab1c31\",\"name\":\"ladyitaliaeconomia\",\"image\":{\"@type\":\"ImageObject\",\"inLanguage\":\"it-IT\",\"@id\":\"https:\/\/www.italiaeconomiaonline.it\/web\/#\/schema\/person\/image\/\",\"url\":\"https:\/\/secure.gravatar.com\/avatar\/cedca10ce7416a579b9fa6bce9c0a8f2?s=96&d=mm&r=g\",\"contentUrl\":\"https:\/\/secure.gravatar.com\/avatar\/cedca10ce7416a579b9fa6bce9c0a8f2?s=96&d=mm&r=g\",\"caption\":\"ladyitaliaeconomia\"},\"url\":\"https:\/\/www.italiaeconomiaonline.it\/web\/author\/ladyitaliaeconomia\/\"}]}<\/script>\n<!-- \/ Yoast SEO plugin. -->","yoast_head_json":{"title":"Autonomia: Confindustria, pu\u00f2 essere fattore di efficenza e competitivit\u00e0 per i territori -","robots":{"index":"index","follow":"follow","max-snippet":"max-snippet:-1","max-image-preview":"max-image-preview:large","max-video-preview":"max-video-preview:-1"},"canonical":"https:\/\/www.italiaeconomiaonline.it\/web\/autonomia-confindustria-puo-essere-fattore-di-efficenza-e-competitivita-per-i-territori\/","og_locale":"it_IT","og_type":"article","og_title":"Autonomia: Confindustria, pu\u00f2 essere fattore di efficenza e competitivit\u00e0 per i territori -","og_description":"L\u2019autonomia differenziata pu\u00f2 rappresentare un fattore di efficienza e competitivit\u00e0 per i territori interessati e per l\u2019intero Paese, nel rispetto dell\u2019unit\u00e0 nazionale. Dal punto di vista delle imprese, pu\u00f2 contribuire a migliorare le condizioni di contesto se agir\u00e0 su questioni come la semplificazione dei procedimenti e l&#8217;efficienza dell&#8217;amministrazione, assicurando per\u00f2 allo Stato la regia su [&hellip;]","og_url":"https:\/\/www.italiaeconomiaonline.it\/web\/autonomia-confindustria-puo-essere-fattore-di-efficenza-e-competitivita-per-i-territori\/","og_site_name":"ItaliaEconomiaOnline","article_published_time":"2019-07-23T06:11:32+00:00","article_modified_time":"2019-07-22T17:16:29+00:00","og_image":[{"width":960,"height":540,"url":"https:\/\/www.italiaeconomiaonline.it\/web\/wp-content\/uploads\/2019\/01\/Boccia1.jpg","type":"image\/jpeg"}],"author":"ladyitaliaeconomia","twitter_card":"summary_large_image","twitter_misc":{"Scritto da":"ladyitaliaeconomia","Tempo di lettura stimato":"1 minuto"},"schema":{"@context":"https:\/\/schema.org","@graph":[{"@type":"WebPage","@id":"https:\/\/www.italiaeconomiaonline.it\/web\/autonomia-confindustria-puo-essere-fattore-di-efficenza-e-competitivita-per-i-territori\/","url":"https:\/\/www.italiaeconomiaonline.it\/web\/autonomia-confindustria-puo-essere-fattore-di-efficenza-e-competitivita-per-i-territori\/","name":"Autonomia: Confindustria, pu\u00f2 essere fattore di efficenza e competitivit\u00e0 per i territori -","isPartOf":{"@id":"https:\/\/www.italiaeconomiaonline.it\/web\/#website"},"primaryImageOfPage":{"@id":"https:\/\/www.italiaeconomiaonline.it\/web\/autonomia-confindustria-puo-essere-fattore-di-efficenza-e-competitivita-per-i-territori\/#primaryimage"},"image":{"@id":"https:\/\/www.italiaeconomiaonline.it\/web\/autonomia-confindustria-puo-essere-fattore-di-efficenza-e-competitivita-per-i-territori\/#primaryimage"},"thumbnailUrl":"https:\/\/www.italiaeconomiaonline.it\/web\/wp-content\/uploads\/2019\/01\/Boccia1.jpg","datePublished":"2019-07-23T06:11:32+00:00","dateModified":"2019-07-22T17:16:29+00:00","author":{"@id":"https:\/\/www.italiaeconomiaonline.it\/web\/#\/schema\/person\/909a49cce752523b020fbc37d5ab1c31"},"breadcrumb":{"@id":"https:\/\/www.italiaeconomiaonline.it\/web\/autonomia-confindustria-puo-essere-fattore-di-efficenza-e-competitivita-per-i-territori\/#breadcrumb"},"inLanguage":"it-IT","potentialAction":[{"@type":"ReadAction","target":["https:\/\/www.italiaeconomiaonline.it\/web\/autonomia-confindustria-puo-essere-fattore-di-efficenza-e-competitivita-per-i-territori\/"]}]},{"@type":"ImageObject","inLanguage":"it-IT","@id":"https:\/\/www.italiaeconomiaonline.it\/web\/autonomia-confindustria-puo-essere-fattore-di-efficenza-e-competitivita-per-i-territori\/#primaryimage","url":"https:\/\/www.italiaeconomiaonline.it\/web\/wp-content\/uploads\/2019\/01\/Boccia1.jpg","contentUrl":"https:\/\/www.italiaeconomiaonline.it\/web\/wp-content\/uploads\/2019\/01\/Boccia1.jpg","width":960,"height":540,"caption":"Vincenzo Boccia"},{"@type":"BreadcrumbList","@id":"https:\/\/www.italiaeconomiaonline.it\/web\/autonomia-confindustria-puo-essere-fattore-di-efficenza-e-competitivita-per-i-territori\/#breadcrumb","itemListElement":[{"@type":"ListItem","position":1,"name":"Home","item":"https:\/\/www.italiaeconomiaonline.it\/web\/"},{"@type":"ListItem","position":2,"name":"Autonomia: Confindustria, pu\u00f2 essere fattore di efficenza e competitivit\u00e0 per i territori"}]},{"@type":"WebSite","@id":"https:\/\/www.italiaeconomiaonline.it\/web\/#website","url":"https:\/\/www.italiaeconomiaonline.it\/web\/","name":"ItaliaEconomiaOnline","description":"Quotidiano Economico Online","potentialAction":[{"@type":"SearchAction","target":{"@type":"EntryPoint","urlTemplate":"https:\/\/www.italiaeconomiaonline.it\/web\/?s={search_term_string}"},"query-input":"required name=search_term_string"}],"inLanguage":"it-IT"},{"@type":"Person","@id":"https:\/\/www.italiaeconomiaonline.it\/web\/#\/schema\/person\/909a49cce752523b020fbc37d5ab1c31","name":"ladyitaliaeconomia","image":{"@type":"ImageObject","inLanguage":"it-IT","@id":"https:\/\/www.italiaeconomiaonline.it\/web\/#\/schema\/person\/image\/","url":"https:\/\/secure.gravatar.com\/avatar\/cedca10ce7416a579b9fa6bce9c0a8f2?s=96&d=mm&r=g","contentUrl":"https:\/\/secure.gravatar.com\/avatar\/cedca10ce7416a579b9fa6bce9c0a8f2?s=96&d=mm&r=g","caption":"ladyitaliaeconomia"},"url":"https:\/\/www.italiaeconomiaonline.it\/web\/author\/ladyitaliaeconomia\/"}]}},"_links":{"self":[{"href":"https:\/\/www.italiaeconomiaonline.it\/web\/wp-json\/wp\/v2\/posts\/1328"}],"collection":[{"href":"https:\/\/www.italiaeconomiaonline.it\/web\/wp-json\/wp\/v2\/posts"}],"about":[{"href":"https:\/\/www.italiaeconomiaonline.it\/web\/wp-json\/wp\/v2\/types\/post"}],"author":[{"embeddable":true,"href":"https:\/\/www.italiaeconomiaonline.it\/web\/wp-json\/wp\/v2\/users\/1"}],"replies":[{"embeddable":true,"href":"https:\/\/www.italiaeconomiaonline.it\/web\/wp-json\/wp\/v2\/comments?post=1328"}],"version-history":[{"count":2,"href":"https:\/\/www.italiaeconomiaonline.it\/web\/wp-json\/wp\/v2\/posts\/1328\/revisions"}],"predecessor-version":[{"id":1330,"href":"https:\/\/www.italiaeconomiaonline.it\/web\/wp-json\/wp\/v2\/posts\/1328\/revisions\/1330"}],"wp:featuredmedia":[{"embeddable":true,"href":"https:\/\/www.italiaeconomiaonline.it\/web\/wp-json\/wp\/v2\/media\/390"}],"wp:attachment":[{"href":"https:\/\/www.italiaeconomiaonline.it\/web\/wp-json\/wp\/v2\/media?parent=1328"}],"wp:term":[{"taxonomy":"category","embeddable":true,"href":"https:\/\/www.italiaeconomiaonline.it\/web\/wp-json\/wp\/v2\/categories?post=1328"},{"taxonomy":"post_tag","embeddable":true,"href":"https:\/\/www.italiaeconomiaonline.it\/web\/wp-json\/wp\/v2\/tags?post=1328"}],"curies":[{"name":"wp","href":"https:\/\/api.w.org\/{rel}","templated":true}]}}