{"id":1347,"date":"2019-07-23T14:02:01","date_gmt":"2019-07-23T12:02:01","guid":{"rendered":"http:\/\/www.italiaeconomiaonline.it\/web\/?p=1347"},"modified":"2019-07-23T14:02:01","modified_gmt":"2019-07-23T12:02:01","slug":"a-cortina-benedizione-del-luogo-di-posa-della-croce-astile-voluta-da-giovanni-paolo-ii","status":"publish","type":"post","link":"https:\/\/www.italiaeconomiaonline.it\/web\/a-cortina-benedizione-del-luogo-di-posa-della-croce-astile-voluta-da-giovanni-paolo-ii\/","title":{"rendered":"A Cortina benedizione del luogo di posa della Croce Astile voluta da Giovanni Paolo II"},"content":{"rendered":"<p><span class=\"dropcap dropcap3\"> \u00c8<\/span> stato benedetto sul Monte Faloria, a pochi passi dall&#8217;omonimo rifugio che sovrasta <strong>Cortina d&#8217;Ampezzo<\/strong>, il luogo <strong>dove sar\u00e0 collocata <\/strong>entro l&#8217;autunno <strong>la pi\u00f9 grande Croce Astile al mondo voluta da Papa Giovanni Paolo II<\/strong>.<\/p>\n<p>La croce \u00e8 stata riportata alla luce da <b>Mirko Zanini <\/b>dell\u2019associazione Totus Tuus di Verona in collaborazione con Pepperone Restaurant &amp; Sport Caf\u00e8 di San Giovanni Lupatoto, che ospita un museo dello sport nel quale sono esposti i cimeli di molti campioni italiani e stranieri e reliquie di Papa Giovanni Paolo II, il Papa sportivo, spesso acquistati per solidariet\u00e0 ad aste di beneficienza.<\/p>\n<p>Ha impartito la benedizione <b>monsignor Giuseppe Zenti<\/b>, vescovo di Verona, durante la messa in quota concelebrata con <b>monsignor Carlo Mazza<\/b>, vescovo emerito di Fidenza e cappellano degli atleti azzurri per sette Olimpiadi, e con don Maurizio Viviani, direttore del Museo d&#8217;arte diocesano di Verona.<\/p>\n<p>La croce \u00e8 <b>un&#8217;imponente opera<\/b> realizzata dall&#8217;<b>artista romano Andrea Trisciuzzi<\/b> alta circa <b>18 metri <\/b>in cui sono distribuite otto figure tese verso l&#8217;alto a simboleggiare la tensione morale e personale che prende forma nel desiderio di ascensione: alla base una figura maschile rannicchiata, poi un&#8217;altra figura maschile che si arrampica lungo il braccio verticale della croce.<\/p>\n<p>Pi\u00f9 in alto una donna con bambino a rappresentare la maternit\u00e0, quindi una fanciulla e altre figure fino a un corpo che ritrae <b>Giovanni Paolo II nell&#8217;atto di protendere un braccio verso l&#8217;alto con la mano aperta<\/b> in segno di offerta.<\/p>\n<p>Opera che racchiude in s\u00e8 un\u2019elevata energia spirituale: l\u2019energia di <strong>Papa Giovanni Paolo II<\/strong>.<\/p>\n<p>&nbsp;<\/p>\n<p>&nbsp;<\/p>\n<p>&nbsp;<\/p>\n","protected":false},"excerpt":{"rendered":"<p>\u00c8 stato benedetto sul Monte Faloria, a pochi passi dall&#8217;omonimo rifugio che sovrasta Cortina d&#8217;Ampezzo, il luogo dove sar\u00e0 collocata entro l&#8217;autunno la pi\u00f9 grande Croce Astile al mondo voluta da Papa Giovanni Paolo II. La croce \u00e8 stata riportata alla luce da Mirko Zanini dell\u2019associazione Totus Tuus di Verona in collaborazione con Pepperone Restaurant [&hellip;]<\/p>\n","protected":false},"author":1,"featured_media":1348,"comment_status":"closed","ping_status":"open","sticky":false,"template":"","format":"standard","meta":{"footnotes":""},"categories":[224],"tags":[],"yoast_head":"<!-- This site is optimized with the Yoast SEO plugin v22.2 - https:\/\/yoast.com\/wordpress\/plugins\/seo\/ -->\n<title>A Cortina benedizione del luogo di posa della Croce Astile voluta da Giovanni Paolo II -<\/title>\n<meta name=\"robots\" content=\"index, follow, max-snippet:-1, max-image-preview:large, max-video-preview:-1\" \/>\n<link rel=\"canonical\" href=\"https:\/\/www.italiaeconomiaonline.it\/web\/a-cortina-benedizione-del-luogo-di-posa-della-croce-astile-voluta-da-giovanni-paolo-ii\/\" \/>\n<meta property=\"og:locale\" content=\"it_IT\" \/>\n<meta property=\"og:type\" content=\"article\" \/>\n<meta property=\"og:title\" content=\"A Cortina benedizione del luogo di posa della Croce Astile voluta da Giovanni Paolo II -\" \/>\n<meta property=\"og:description\" content=\"\u00c8 stato benedetto sul Monte Faloria, a pochi passi dall&#8217;omonimo rifugio che sovrasta Cortina d&#8217;Ampezzo, il luogo dove sar\u00e0 collocata entro l&#8217;autunno la pi\u00f9 grande Croce Astile al mondo voluta da Papa Giovanni Paolo II. La croce \u00e8 stata riportata alla luce da Mirko Zanini dell\u2019associazione Totus Tuus di Verona in collaborazione con Pepperone Restaurant [&hellip;]\" \/>\n<meta property=\"og:url\" content=\"https:\/\/www.italiaeconomiaonline.it\/web\/a-cortina-benedizione-del-luogo-di-posa-della-croce-astile-voluta-da-giovanni-paolo-ii\/\" \/>\n<meta property=\"og:site_name\" content=\"ItaliaEconomiaOnline\" \/>\n<meta property=\"article:published_time\" content=\"2019-07-23T12:02:01+00:00\" \/>\n<meta property=\"og:image\" content=\"https:\/\/www.italiaeconomiaonline.it\/web\/wp-content\/uploads\/2019\/07\/croce-astile-cortina-2.jpg\" \/>\n\t<meta property=\"og:image:width\" content=\"1024\" \/>\n\t<meta property=\"og:image:height\" content=\"763\" \/>\n\t<meta property=\"og:image:type\" content=\"image\/jpeg\" \/>\n<meta name=\"author\" content=\"ladyitaliaeconomia\" \/>\n<meta name=\"twitter:card\" content=\"summary_large_image\" \/>\n<meta name=\"twitter:label1\" content=\"Scritto da\" \/>\n\t<meta name=\"twitter:data1\" content=\"ladyitaliaeconomia\" \/>\n\t<meta name=\"twitter:label2\" content=\"Tempo di lettura stimato\" \/>\n\t<meta name=\"twitter:data2\" content=\"1 minuto\" \/>\n<script type=\"application\/ld+json\" class=\"yoast-schema-graph\">{\"@context\":\"https:\/\/schema.org\",\"@graph\":[{\"@type\":\"WebPage\",\"@id\":\"https:\/\/www.italiaeconomiaonline.it\/web\/a-cortina-benedizione-del-luogo-di-posa-della-croce-astile-voluta-da-giovanni-paolo-ii\/\",\"url\":\"https:\/\/www.italiaeconomiaonline.it\/web\/a-cortina-benedizione-del-luogo-di-posa-della-croce-astile-voluta-da-giovanni-paolo-ii\/\",\"name\":\"A Cortina benedizione del luogo di posa della Croce Astile voluta da Giovanni Paolo II -\",\"isPartOf\":{\"@id\":\"https:\/\/www.italiaeconomiaonline.it\/web\/#website\"},\"primaryImageOfPage\":{\"@id\":\"https:\/\/www.italiaeconomiaonline.it\/web\/a-cortina-benedizione-del-luogo-di-posa-della-croce-astile-voluta-da-giovanni-paolo-ii\/#primaryimage\"},\"image\":{\"@id\":\"https:\/\/www.italiaeconomiaonline.it\/web\/a-cortina-benedizione-del-luogo-di-posa-della-croce-astile-voluta-da-giovanni-paolo-ii\/#primaryimage\"},\"thumbnailUrl\":\"https:\/\/www.italiaeconomiaonline.it\/web\/wp-content\/uploads\/2019\/07\/croce-astile-cortina-2.jpg\",\"datePublished\":\"2019-07-23T12:02:01+00:00\",\"dateModified\":\"2019-07-23T12:02:01+00:00\",\"author\":{\"@id\":\"https:\/\/www.italiaeconomiaonline.it\/web\/#\/schema\/person\/909a49cce752523b020fbc37d5ab1c31\"},\"breadcrumb\":{\"@id\":\"https:\/\/www.italiaeconomiaonline.it\/web\/a-cortina-benedizione-del-luogo-di-posa-della-croce-astile-voluta-da-giovanni-paolo-ii\/#breadcrumb\"},\"inLanguage\":\"it-IT\",\"potentialAction\":[{\"@type\":\"ReadAction\",\"target\":[\"https:\/\/www.italiaeconomiaonline.it\/web\/a-cortina-benedizione-del-luogo-di-posa-della-croce-astile-voluta-da-giovanni-paolo-ii\/\"]}]},{\"@type\":\"ImageObject\",\"inLanguage\":\"it-IT\",\"@id\":\"https:\/\/www.italiaeconomiaonline.it\/web\/a-cortina-benedizione-del-luogo-di-posa-della-croce-astile-voluta-da-giovanni-paolo-ii\/#primaryimage\",\"url\":\"https:\/\/www.italiaeconomiaonline.it\/web\/wp-content\/uploads\/2019\/07\/croce-astile-cortina-2.jpg\",\"contentUrl\":\"https:\/\/www.italiaeconomiaonline.it\/web\/wp-content\/uploads\/2019\/07\/croce-astile-cortina-2.jpg\",\"width\":1024,\"height\":763},{\"@type\":\"BreadcrumbList\",\"@id\":\"https:\/\/www.italiaeconomiaonline.it\/web\/a-cortina-benedizione-del-luogo-di-posa-della-croce-astile-voluta-da-giovanni-paolo-ii\/#breadcrumb\",\"itemListElement\":[{\"@type\":\"ListItem\",\"position\":1,\"name\":\"Home\",\"item\":\"https:\/\/www.italiaeconomiaonline.it\/web\/\"},{\"@type\":\"ListItem\",\"position\":2,\"name\":\"A Cortina benedizione del luogo di posa della Croce Astile voluta da Giovanni Paolo II\"}]},{\"@type\":\"WebSite\",\"@id\":\"https:\/\/www.italiaeconomiaonline.it\/web\/#website\",\"url\":\"https:\/\/www.italiaeconomiaonline.it\/web\/\",\"name\":\"ItaliaEconomiaOnline\",\"description\":\"Quotidiano Economico Online\",\"potentialAction\":[{\"@type\":\"SearchAction\",\"target\":{\"@type\":\"EntryPoint\",\"urlTemplate\":\"https:\/\/www.italiaeconomiaonline.it\/web\/?s={search_term_string}\"},\"query-input\":\"required name=search_term_string\"}],\"inLanguage\":\"it-IT\"},{\"@type\":\"Person\",\"@id\":\"https:\/\/www.italiaeconomiaonline.it\/web\/#\/schema\/person\/909a49cce752523b020fbc37d5ab1c31\",\"name\":\"ladyitaliaeconomia\",\"image\":{\"@type\":\"ImageObject\",\"inLanguage\":\"it-IT\",\"@id\":\"https:\/\/www.italiaeconomiaonline.it\/web\/#\/schema\/person\/image\/\",\"url\":\"https:\/\/secure.gravatar.com\/avatar\/cedca10ce7416a579b9fa6bce9c0a8f2?s=96&d=mm&r=g\",\"contentUrl\":\"https:\/\/secure.gravatar.com\/avatar\/cedca10ce7416a579b9fa6bce9c0a8f2?s=96&d=mm&r=g\",\"caption\":\"ladyitaliaeconomia\"},\"url\":\"https:\/\/www.italiaeconomiaonline.it\/web\/author\/ladyitaliaeconomia\/\"}]}<\/script>\n<!-- \/ Yoast SEO plugin. -->","yoast_head_json":{"title":"A Cortina benedizione del luogo di posa della Croce Astile voluta da Giovanni Paolo II -","robots":{"index":"index","follow":"follow","max-snippet":"max-snippet:-1","max-image-preview":"max-image-preview:large","max-video-preview":"max-video-preview:-1"},"canonical":"https:\/\/www.italiaeconomiaonline.it\/web\/a-cortina-benedizione-del-luogo-di-posa-della-croce-astile-voluta-da-giovanni-paolo-ii\/","og_locale":"it_IT","og_type":"article","og_title":"A Cortina benedizione del luogo di posa della Croce Astile voluta da Giovanni Paolo II -","og_description":"\u00c8 stato benedetto sul Monte Faloria, a pochi passi dall&#8217;omonimo rifugio che sovrasta Cortina d&#8217;Ampezzo, il luogo dove sar\u00e0 collocata entro l&#8217;autunno la pi\u00f9 grande Croce Astile al mondo voluta da Papa Giovanni Paolo II. La croce \u00e8 stata riportata alla luce da Mirko Zanini dell\u2019associazione Totus Tuus di Verona in collaborazione con Pepperone Restaurant [&hellip;]","og_url":"https:\/\/www.italiaeconomiaonline.it\/web\/a-cortina-benedizione-del-luogo-di-posa-della-croce-astile-voluta-da-giovanni-paolo-ii\/","og_site_name":"ItaliaEconomiaOnline","article_published_time":"2019-07-23T12:02:01+00:00","og_image":[{"width":1024,"height":763,"url":"https:\/\/www.italiaeconomiaonline.it\/web\/wp-content\/uploads\/2019\/07\/croce-astile-cortina-2.jpg","type":"image\/jpeg"}],"author":"ladyitaliaeconomia","twitter_card":"summary_large_image","twitter_misc":{"Scritto da":"ladyitaliaeconomia","Tempo di lettura stimato":"1 minuto"},"schema":{"@context":"https:\/\/schema.org","@graph":[{"@type":"WebPage","@id":"https:\/\/www.italiaeconomiaonline.it\/web\/a-cortina-benedizione-del-luogo-di-posa-della-croce-astile-voluta-da-giovanni-paolo-ii\/","url":"https:\/\/www.italiaeconomiaonline.it\/web\/a-cortina-benedizione-del-luogo-di-posa-della-croce-astile-voluta-da-giovanni-paolo-ii\/","name":"A Cortina benedizione del luogo di posa della Croce Astile voluta da Giovanni Paolo II -","isPartOf":{"@id":"https:\/\/www.italiaeconomiaonline.it\/web\/#website"},"primaryImageOfPage":{"@id":"https:\/\/www.italiaeconomiaonline.it\/web\/a-cortina-benedizione-del-luogo-di-posa-della-croce-astile-voluta-da-giovanni-paolo-ii\/#primaryimage"},"image":{"@id":"https:\/\/www.italiaeconomiaonline.it\/web\/a-cortina-benedizione-del-luogo-di-posa-della-croce-astile-voluta-da-giovanni-paolo-ii\/#primaryimage"},"thumbnailUrl":"https:\/\/www.italiaeconomiaonline.it\/web\/wp-content\/uploads\/2019\/07\/croce-astile-cortina-2.jpg","datePublished":"2019-07-23T12:02:01+00:00","dateModified":"2019-07-23T12:02:01+00:00","author":{"@id":"https:\/\/www.italiaeconomiaonline.it\/web\/#\/schema\/person\/909a49cce752523b020fbc37d5ab1c31"},"breadcrumb":{"@id":"https:\/\/www.italiaeconomiaonline.it\/web\/a-cortina-benedizione-del-luogo-di-posa-della-croce-astile-voluta-da-giovanni-paolo-ii\/#breadcrumb"},"inLanguage":"it-IT","potentialAction":[{"@type":"ReadAction","target":["https:\/\/www.italiaeconomiaonline.it\/web\/a-cortina-benedizione-del-luogo-di-posa-della-croce-astile-voluta-da-giovanni-paolo-ii\/"]}]},{"@type":"ImageObject","inLanguage":"it-IT","@id":"https:\/\/www.italiaeconomiaonline.it\/web\/a-cortina-benedizione-del-luogo-di-posa-della-croce-astile-voluta-da-giovanni-paolo-ii\/#primaryimage","url":"https:\/\/www.italiaeconomiaonline.it\/web\/wp-content\/uploads\/2019\/07\/croce-astile-cortina-2.jpg","contentUrl":"https:\/\/www.italiaeconomiaonline.it\/web\/wp-content\/uploads\/2019\/07\/croce-astile-cortina-2.jpg","width":1024,"height":763},{"@type":"BreadcrumbList","@id":"https:\/\/www.italiaeconomiaonline.it\/web\/a-cortina-benedizione-del-luogo-di-posa-della-croce-astile-voluta-da-giovanni-paolo-ii\/#breadcrumb","itemListElement":[{"@type":"ListItem","position":1,"name":"Home","item":"https:\/\/www.italiaeconomiaonline.it\/web\/"},{"@type":"ListItem","position":2,"name":"A Cortina benedizione del luogo di posa della Croce Astile voluta da Giovanni Paolo II"}]},{"@type":"WebSite","@id":"https:\/\/www.italiaeconomiaonline.it\/web\/#website","url":"https:\/\/www.italiaeconomiaonline.it\/web\/","name":"ItaliaEconomiaOnline","description":"Quotidiano Economico Online","potentialAction":[{"@type":"SearchAction","target":{"@type":"EntryPoint","urlTemplate":"https:\/\/www.italiaeconomiaonline.it\/web\/?s={search_term_string}"},"query-input":"required name=search_term_string"}],"inLanguage":"it-IT"},{"@type":"Person","@id":"https:\/\/www.italiaeconomiaonline.it\/web\/#\/schema\/person\/909a49cce752523b020fbc37d5ab1c31","name":"ladyitaliaeconomia","image":{"@type":"ImageObject","inLanguage":"it-IT","@id":"https:\/\/www.italiaeconomiaonline.it\/web\/#\/schema\/person\/image\/","url":"https:\/\/secure.gravatar.com\/avatar\/cedca10ce7416a579b9fa6bce9c0a8f2?s=96&d=mm&r=g","contentUrl":"https:\/\/secure.gravatar.com\/avatar\/cedca10ce7416a579b9fa6bce9c0a8f2?s=96&d=mm&r=g","caption":"ladyitaliaeconomia"},"url":"https:\/\/www.italiaeconomiaonline.it\/web\/author\/ladyitaliaeconomia\/"}]}},"_links":{"self":[{"href":"https:\/\/www.italiaeconomiaonline.it\/web\/wp-json\/wp\/v2\/posts\/1347"}],"collection":[{"href":"https:\/\/www.italiaeconomiaonline.it\/web\/wp-json\/wp\/v2\/posts"}],"about":[{"href":"https:\/\/www.italiaeconomiaonline.it\/web\/wp-json\/wp\/v2\/types\/post"}],"author":[{"embeddable":true,"href":"https:\/\/www.italiaeconomiaonline.it\/web\/wp-json\/wp\/v2\/users\/1"}],"replies":[{"embeddable":true,"href":"https:\/\/www.italiaeconomiaonline.it\/web\/wp-json\/wp\/v2\/comments?post=1347"}],"version-history":[{"count":1,"href":"https:\/\/www.italiaeconomiaonline.it\/web\/wp-json\/wp\/v2\/posts\/1347\/revisions"}],"predecessor-version":[{"id":1349,"href":"https:\/\/www.italiaeconomiaonline.it\/web\/wp-json\/wp\/v2\/posts\/1347\/revisions\/1349"}],"wp:featuredmedia":[{"embeddable":true,"href":"https:\/\/www.italiaeconomiaonline.it\/web\/wp-json\/wp\/v2\/media\/1348"}],"wp:attachment":[{"href":"https:\/\/www.italiaeconomiaonline.it\/web\/wp-json\/wp\/v2\/media?parent=1347"}],"wp:term":[{"taxonomy":"category","embeddable":true,"href":"https:\/\/www.italiaeconomiaonline.it\/web\/wp-json\/wp\/v2\/categories?post=1347"},{"taxonomy":"post_tag","embeddable":true,"href":"https:\/\/www.italiaeconomiaonline.it\/web\/wp-json\/wp\/v2\/tags?post=1347"}],"curies":[{"name":"wp","href":"https:\/\/api.w.org\/{rel}","templated":true}]}}