{"id":1391,"date":"2019-07-26T12:31:38","date_gmt":"2019-07-26T10:31:38","guid":{"rendered":"http:\/\/www.italiaeconomiaonline.it\/web\/?p=1391"},"modified":"2019-07-26T12:39:56","modified_gmt":"2019-07-26T10:39:56","slug":"fondimpresa-supera-le-200mila-aziende-aderenti","status":"publish","type":"post","link":"https:\/\/www.italiaeconomiaonline.it\/web\/fondimpresa-supera-le-200mila-aziende-aderenti\/","title":{"rendered":"Fondimpresa supera le 200mila aziende aderenti"},"content":{"rendered":"<p><span id=\"msgText_new_message_draft1564136811449_2d98a0b5-42c4-4758-a296-42d3f838cbf8\" dir=\"ltr\"><span style=\"font-family: garamond, times new roman, serif; font-size: large;\"><span class=\"dropcap dropcap3\">E<\/span>ssere un attore chiave per la crescita delle imprese grazie alla formazione.<\/span><\/span><\/p>\n<p><span id=\"msgText_new_message_draft1564136811449_2d98a0b5-42c4-4758-a296-42d3f838cbf8\" dir=\"ltr\"><span style=\"font-family: garamond, times new roman, serif; font-size: large;\"> Questa la mission di Fondimpresa, che quest\u2019anno ha raggiunto i 15 anni di attivit\u00e0 e ha superato le 200 mila imprese aderenti. <\/span><\/span><\/p>\n<p><span id=\"msgText_new_message_draft1564136811449_2d98a0b5-42c4-4758-a296-42d3f838cbf8\" dir=\"ltr\"><span style=\"font-family: garamond, times new roman, serif; font-size: large;\"><span class=\"td_btn td_btn_md td_default_btn\">Fondimpresa \u00e8 il fondo interprofessionale di Confindustria e CGIL, CISL, UIL.<\/span> <\/span><\/span><\/p>\n<p><span id=\"msgText_new_message_draft1564136811449_2d98a0b5-42c4-4758-a296-42d3f838cbf8\" dir=\"ltr\"><span style=\"font-family: garamond, times new roman, serif; font-size: large;\">Primo in Italia \u00a0per numero di aziende e lavoratori, copre da solo oltre il 50% del mercato attuale dei fondi interprofessionali.<\/span><\/span><\/p>\n<p><span id=\"msgText_new_message_draft1564136811449_2d98a0b5-42c4-4758-a296-42d3f838cbf8\" dir=\"ltr\"><span style=\"font-family: garamond, times new roman, serif; font-size: large;\">Per celebrare il quindicesimo anniversario, il 18 e 19 settembre si terr\u00e0 a Roma una due giorni presso la sede di Confindustria, durante la quale sar\u00e0 prodotto un report sullo stato dell\u2019arte e sulle prospettive della formazione continua, con un focus sulle best practices delle aziende aderenti.<\/span><\/span><\/p>\n<p>\u201cFondimpresa \u2013 dichiara il Presidente<strong> Bruno Scuotto<\/strong> &#8211; accompagna le imprese nella digitalizzazione dei processi di apprendimento, favorendone il finanziamento e incentivando la nascita del Conto Formazione Digitale, affinch\u00e9 le aziende possano usare il fondo per pagare l&#8217;attivit\u00e0 di formazione fatta on line.<\/p>\n<p><span id=\"msgText_new_message_draft1564136811449_2d98a0b5-42c4-4758-a296-42d3f838cbf8\" dir=\"ltr\"><span style=\"font-family: garamond, times new roman, serif; font-size: large;\">Puntare sul cambiamento \u00e8 la scelta che ha consentito a tante realt\u00e0 aziendali di accrescere attivit\u00e0 e occupazione nonostante la perdurante fase recessiva di questi anni. Fondimpresa \u00e8 sempre stata al fianco delle aziende consapevoli dell\u2019importanza dell\u2019innovazione tecnologica per migliorare la loro competitivit\u00e0\u201d.<\/span><\/span><\/p>\n<p>\u201cIn un momento di trasformazione importante come quello che stiamo vivendo &#8211;\u00a0sottolinea il Vice Presidente di Fondimpresa <strong>Massimo Cestaro<\/strong> &#8211; i lavoratori e il loro bagaglio di conoscenze rappresentano l\u2019elemento che fa la differenza.<\/p>\n<p><span id=\"msgText_new_message_draft1564136811449_2d98a0b5-42c4-4758-a296-42d3f838cbf8\" dir=\"ltr\"><span style=\"font-family: garamond, times new roman, serif; font-size: large;\">Per questo \u00e8 fondamentale attivare processi di formazione continua per aggiornare, consolidare, rafforzare saperi, abilit\u00e0 e competenze. Racconteremo anche questo durante i festeggiamenti dei nostri 15 anni, riportando al centro le esperienze delle imprese virtuose\u201d.<\/span><\/span><\/p>\n<p>La prima giornata vedr\u00e0 tra i protagonisti Alec Ross, esperto di tecnologia e consigliere di Hillary Clinton al dipartimento di Stato per l\u2019Innovazione, che prover\u00e0 a proporre un approccio al cambiamento, in un mondo che nei prossimi vent\u2019anni si annuncia in continua evoluzione.<\/p>\n<p>Il 19 settembre \u00e8 in programma un dibattito tra il Presidente di Confindustria Vincenzo Boccia ed i Segretari Confederali \u00a0di CGIL Maurizio Landini, di CISL Annamaria Furlan e di UIL Carmelo Barbagallo.<\/p>\n<p><span id=\"msgText_new_message_draft1564136811449_2d98a0b5-42c4-4758-a296-42d3f838cbf8\" dir=\"ltr\"><span style=\"font-family: garamond, times new roman, serif; font-size: large;\">Al termine della mattinata di lavori, il presidente di Fondimpresa Bruno Scuotto ed il direttore generale Elvio Mauri premieranno le imprese che hanno saputo coniugare le opportunit\u00e0 che Fondimpresa offre con una formazione d\u2019eccellenza.<\/span><\/span><\/p>\n","protected":false},"excerpt":{"rendered":"<p>Essere un attore chiave per la crescita delle imprese grazie alla formazione. Questa la mission di Fondimpresa, che quest\u2019anno ha raggiunto i 15 anni di attivit\u00e0 e ha superato le 200 mila imprese aderenti. Fondimpresa \u00e8 il fondo interprofessionale di Confindustria e CGIL, CISL, UIL. Primo in Italia \u00a0per numero di aziende e lavoratori, copre [&hellip;]<\/p>\n","protected":false},"author":1,"featured_media":538,"comment_status":"closed","ping_status":"open","sticky":false,"template":"","format":"standard","meta":{"footnotes":""},"categories":[133],"tags":[202,201,206,154],"yoast_head":"<!-- This site is optimized with the Yoast SEO plugin v22.2 - https:\/\/yoast.com\/wordpress\/plugins\/seo\/ -->\n<title>Fondimpresa supera le 200mila aziende aderenti -<\/title>\n<meta name=\"robots\" content=\"index, follow, max-snippet:-1, max-image-preview:large, max-video-preview:-1\" \/>\n<link rel=\"canonical\" href=\"https:\/\/www.italiaeconomiaonline.it\/web\/fondimpresa-supera-le-200mila-aziende-aderenti\/\" \/>\n<meta property=\"og:locale\" content=\"it_IT\" \/>\n<meta property=\"og:type\" content=\"article\" \/>\n<meta property=\"og:title\" content=\"Fondimpresa supera le 200mila aziende aderenti -\" \/>\n<meta property=\"og:description\" content=\"Essere un attore chiave per la crescita delle imprese grazie alla formazione. Questa la mission di Fondimpresa, che quest\u2019anno ha raggiunto i 15 anni di attivit\u00e0 e ha superato le 200 mila imprese aderenti. Fondimpresa \u00e8 il fondo interprofessionale di Confindustria e CGIL, CISL, UIL. Primo in Italia \u00a0per numero di aziende e lavoratori, copre [&hellip;]\" \/>\n<meta property=\"og:url\" content=\"https:\/\/www.italiaeconomiaonline.it\/web\/fondimpresa-supera-le-200mila-aziende-aderenti\/\" \/>\n<meta property=\"og:site_name\" content=\"ItaliaEconomiaOnline\" \/>\n<meta property=\"article:published_time\" content=\"2019-07-26T10:31:38+00:00\" \/>\n<meta property=\"article:modified_time\" content=\"2019-07-26T10:39:56+00:00\" \/>\n<meta property=\"og:image\" content=\"https:\/\/www.italiaeconomiaonline.it\/web\/wp-content\/uploads\/2019\/04\/FONDIMPRESA-003-1024x683.jpg\" \/>\n\t<meta property=\"og:image:width\" content=\"1024\" \/>\n\t<meta property=\"og:image:height\" content=\"683\" \/>\n\t<meta property=\"og:image:type\" content=\"image\/jpeg\" \/>\n<meta name=\"author\" content=\"ladyitaliaeconomia\" \/>\n<meta name=\"twitter:card\" content=\"summary_large_image\" \/>\n<meta name=\"twitter:label1\" content=\"Scritto da\" \/>\n\t<meta name=\"twitter:data1\" content=\"ladyitaliaeconomia\" \/>\n\t<meta name=\"twitter:label2\" content=\"Tempo di lettura stimato\" \/>\n\t<meta name=\"twitter:data2\" content=\"2 minuti\" \/>\n<script type=\"application\/ld+json\" class=\"yoast-schema-graph\">{\"@context\":\"https:\/\/schema.org\",\"@graph\":[{\"@type\":\"WebPage\",\"@id\":\"https:\/\/www.italiaeconomiaonline.it\/web\/fondimpresa-supera-le-200mila-aziende-aderenti\/\",\"url\":\"https:\/\/www.italiaeconomiaonline.it\/web\/fondimpresa-supera-le-200mila-aziende-aderenti\/\",\"name\":\"Fondimpresa supera le 200mila aziende aderenti -\",\"isPartOf\":{\"@id\":\"https:\/\/www.italiaeconomiaonline.it\/web\/#website\"},\"primaryImageOfPage\":{\"@id\":\"https:\/\/www.italiaeconomiaonline.it\/web\/fondimpresa-supera-le-200mila-aziende-aderenti\/#primaryimage\"},\"image\":{\"@id\":\"https:\/\/www.italiaeconomiaonline.it\/web\/fondimpresa-supera-le-200mila-aziende-aderenti\/#primaryimage\"},\"thumbnailUrl\":\"https:\/\/www.italiaeconomiaonline.it\/web\/wp-content\/uploads\/2019\/04\/FONDIMPRESA-003.jpg\",\"datePublished\":\"2019-07-26T10:31:38+00:00\",\"dateModified\":\"2019-07-26T10:39:56+00:00\",\"author\":{\"@id\":\"https:\/\/www.italiaeconomiaonline.it\/web\/#\/schema\/person\/909a49cce752523b020fbc37d5ab1c31\"},\"breadcrumb\":{\"@id\":\"https:\/\/www.italiaeconomiaonline.it\/web\/fondimpresa-supera-le-200mila-aziende-aderenti\/#breadcrumb\"},\"inLanguage\":\"it-IT\",\"potentialAction\":[{\"@type\":\"ReadAction\",\"target\":[\"https:\/\/www.italiaeconomiaonline.it\/web\/fondimpresa-supera-le-200mila-aziende-aderenti\/\"]}]},{\"@type\":\"ImageObject\",\"inLanguage\":\"it-IT\",\"@id\":\"https:\/\/www.italiaeconomiaonline.it\/web\/fondimpresa-supera-le-200mila-aziende-aderenti\/#primaryimage\",\"url\":\"https:\/\/www.italiaeconomiaonline.it\/web\/wp-content\/uploads\/2019\/04\/FONDIMPRESA-003.jpg\",\"contentUrl\":\"https:\/\/www.italiaeconomiaonline.it\/web\/wp-content\/uploads\/2019\/04\/FONDIMPRESA-003.jpg\",\"width\":7360,\"height\":4912},{\"@type\":\"BreadcrumbList\",\"@id\":\"https:\/\/www.italiaeconomiaonline.it\/web\/fondimpresa-supera-le-200mila-aziende-aderenti\/#breadcrumb\",\"itemListElement\":[{\"@type\":\"ListItem\",\"position\":1,\"name\":\"Home\",\"item\":\"https:\/\/www.italiaeconomiaonline.it\/web\/\"},{\"@type\":\"ListItem\",\"position\":2,\"name\":\"Fondimpresa supera le 200mila aziende aderenti\"}]},{\"@type\":\"WebSite\",\"@id\":\"https:\/\/www.italiaeconomiaonline.it\/web\/#website\",\"url\":\"https:\/\/www.italiaeconomiaonline.it\/web\/\",\"name\":\"ItaliaEconomiaOnline\",\"description\":\"Quotidiano Economico Online\",\"potentialAction\":[{\"@type\":\"SearchAction\",\"target\":{\"@type\":\"EntryPoint\",\"urlTemplate\":\"https:\/\/www.italiaeconomiaonline.it\/web\/?s={search_term_string}\"},\"query-input\":\"required name=search_term_string\"}],\"inLanguage\":\"it-IT\"},{\"@type\":\"Person\",\"@id\":\"https:\/\/www.italiaeconomiaonline.it\/web\/#\/schema\/person\/909a49cce752523b020fbc37d5ab1c31\",\"name\":\"ladyitaliaeconomia\",\"image\":{\"@type\":\"ImageObject\",\"inLanguage\":\"it-IT\",\"@id\":\"https:\/\/www.italiaeconomiaonline.it\/web\/#\/schema\/person\/image\/\",\"url\":\"https:\/\/secure.gravatar.com\/avatar\/cedca10ce7416a579b9fa6bce9c0a8f2?s=96&d=mm&r=g\",\"contentUrl\":\"https:\/\/secure.gravatar.com\/avatar\/cedca10ce7416a579b9fa6bce9c0a8f2?s=96&d=mm&r=g\",\"caption\":\"ladyitaliaeconomia\"},\"url\":\"https:\/\/www.italiaeconomiaonline.it\/web\/author\/ladyitaliaeconomia\/\"}]}<\/script>\n<!-- \/ Yoast SEO plugin. -->","yoast_head_json":{"title":"Fondimpresa supera le 200mila aziende aderenti -","robots":{"index":"index","follow":"follow","max-snippet":"max-snippet:-1","max-image-preview":"max-image-preview:large","max-video-preview":"max-video-preview:-1"},"canonical":"https:\/\/www.italiaeconomiaonline.it\/web\/fondimpresa-supera-le-200mila-aziende-aderenti\/","og_locale":"it_IT","og_type":"article","og_title":"Fondimpresa supera le 200mila aziende aderenti -","og_description":"Essere un attore chiave per la crescita delle imprese grazie alla formazione. Questa la mission di Fondimpresa, che quest\u2019anno ha raggiunto i 15 anni di attivit\u00e0 e ha superato le 200 mila imprese aderenti. Fondimpresa \u00e8 il fondo interprofessionale di Confindustria e CGIL, CISL, UIL. Primo in Italia \u00a0per numero di aziende e lavoratori, copre [&hellip;]","og_url":"https:\/\/www.italiaeconomiaonline.it\/web\/fondimpresa-supera-le-200mila-aziende-aderenti\/","og_site_name":"ItaliaEconomiaOnline","article_published_time":"2019-07-26T10:31:38+00:00","article_modified_time":"2019-07-26T10:39:56+00:00","og_image":[{"width":1024,"height":683,"url":"https:\/\/www.italiaeconomiaonline.it\/web\/wp-content\/uploads\/2019\/04\/FONDIMPRESA-003-1024x683.jpg","type":"image\/jpeg"}],"author":"ladyitaliaeconomia","twitter_card":"summary_large_image","twitter_misc":{"Scritto da":"ladyitaliaeconomia","Tempo di lettura stimato":"2 minuti"},"schema":{"@context":"https:\/\/schema.org","@graph":[{"@type":"WebPage","@id":"https:\/\/www.italiaeconomiaonline.it\/web\/fondimpresa-supera-le-200mila-aziende-aderenti\/","url":"https:\/\/www.italiaeconomiaonline.it\/web\/fondimpresa-supera-le-200mila-aziende-aderenti\/","name":"Fondimpresa supera le 200mila aziende aderenti -","isPartOf":{"@id":"https:\/\/www.italiaeconomiaonline.it\/web\/#website"},"primaryImageOfPage":{"@id":"https:\/\/www.italiaeconomiaonline.it\/web\/fondimpresa-supera-le-200mila-aziende-aderenti\/#primaryimage"},"image":{"@id":"https:\/\/www.italiaeconomiaonline.it\/web\/fondimpresa-supera-le-200mila-aziende-aderenti\/#primaryimage"},"thumbnailUrl":"https:\/\/www.italiaeconomiaonline.it\/web\/wp-content\/uploads\/2019\/04\/FONDIMPRESA-003.jpg","datePublished":"2019-07-26T10:31:38+00:00","dateModified":"2019-07-26T10:39:56+00:00","author":{"@id":"https:\/\/www.italiaeconomiaonline.it\/web\/#\/schema\/person\/909a49cce752523b020fbc37d5ab1c31"},"breadcrumb":{"@id":"https:\/\/www.italiaeconomiaonline.it\/web\/fondimpresa-supera-le-200mila-aziende-aderenti\/#breadcrumb"},"inLanguage":"it-IT","potentialAction":[{"@type":"ReadAction","target":["https:\/\/www.italiaeconomiaonline.it\/web\/fondimpresa-supera-le-200mila-aziende-aderenti\/"]}]},{"@type":"ImageObject","inLanguage":"it-IT","@id":"https:\/\/www.italiaeconomiaonline.it\/web\/fondimpresa-supera-le-200mila-aziende-aderenti\/#primaryimage","url":"https:\/\/www.italiaeconomiaonline.it\/web\/wp-content\/uploads\/2019\/04\/FONDIMPRESA-003.jpg","contentUrl":"https:\/\/www.italiaeconomiaonline.it\/web\/wp-content\/uploads\/2019\/04\/FONDIMPRESA-003.jpg","width":7360,"height":4912},{"@type":"BreadcrumbList","@id":"https:\/\/www.italiaeconomiaonline.it\/web\/fondimpresa-supera-le-200mila-aziende-aderenti\/#breadcrumb","itemListElement":[{"@type":"ListItem","position":1,"name":"Home","item":"https:\/\/www.italiaeconomiaonline.it\/web\/"},{"@type":"ListItem","position":2,"name":"Fondimpresa supera le 200mila aziende aderenti"}]},{"@type":"WebSite","@id":"https:\/\/www.italiaeconomiaonline.it\/web\/#website","url":"https:\/\/www.italiaeconomiaonline.it\/web\/","name":"ItaliaEconomiaOnline","description":"Quotidiano Economico Online","potentialAction":[{"@type":"SearchAction","target":{"@type":"EntryPoint","urlTemplate":"https:\/\/www.italiaeconomiaonline.it\/web\/?s={search_term_string}"},"query-input":"required name=search_term_string"}],"inLanguage":"it-IT"},{"@type":"Person","@id":"https:\/\/www.italiaeconomiaonline.it\/web\/#\/schema\/person\/909a49cce752523b020fbc37d5ab1c31","name":"ladyitaliaeconomia","image":{"@type":"ImageObject","inLanguage":"it-IT","@id":"https:\/\/www.italiaeconomiaonline.it\/web\/#\/schema\/person\/image\/","url":"https:\/\/secure.gravatar.com\/avatar\/cedca10ce7416a579b9fa6bce9c0a8f2?s=96&d=mm&r=g","contentUrl":"https:\/\/secure.gravatar.com\/avatar\/cedca10ce7416a579b9fa6bce9c0a8f2?s=96&d=mm&r=g","caption":"ladyitaliaeconomia"},"url":"https:\/\/www.italiaeconomiaonline.it\/web\/author\/ladyitaliaeconomia\/"}]}},"_links":{"self":[{"href":"https:\/\/www.italiaeconomiaonline.it\/web\/wp-json\/wp\/v2\/posts\/1391"}],"collection":[{"href":"https:\/\/www.italiaeconomiaonline.it\/web\/wp-json\/wp\/v2\/posts"}],"about":[{"href":"https:\/\/www.italiaeconomiaonline.it\/web\/wp-json\/wp\/v2\/types\/post"}],"author":[{"embeddable":true,"href":"https:\/\/www.italiaeconomiaonline.it\/web\/wp-json\/wp\/v2\/users\/1"}],"replies":[{"embeddable":true,"href":"https:\/\/www.italiaeconomiaonline.it\/web\/wp-json\/wp\/v2\/comments?post=1391"}],"version-history":[{"count":2,"href":"https:\/\/www.italiaeconomiaonline.it\/web\/wp-json\/wp\/v2\/posts\/1391\/revisions"}],"predecessor-version":[{"id":1393,"href":"https:\/\/www.italiaeconomiaonline.it\/web\/wp-json\/wp\/v2\/posts\/1391\/revisions\/1393"}],"wp:featuredmedia":[{"embeddable":true,"href":"https:\/\/www.italiaeconomiaonline.it\/web\/wp-json\/wp\/v2\/media\/538"}],"wp:attachment":[{"href":"https:\/\/www.italiaeconomiaonline.it\/web\/wp-json\/wp\/v2\/media?parent=1391"}],"wp:term":[{"taxonomy":"category","embeddable":true,"href":"https:\/\/www.italiaeconomiaonline.it\/web\/wp-json\/wp\/v2\/categories?post=1391"},{"taxonomy":"post_tag","embeddable":true,"href":"https:\/\/www.italiaeconomiaonline.it\/web\/wp-json\/wp\/v2\/tags?post=1391"}],"curies":[{"name":"wp","href":"https:\/\/api.w.org\/{rel}","templated":true}]}}