{"id":1400,"date":"2019-07-26T13:04:10","date_gmt":"2019-07-26T11:04:10","guid":{"rendered":"http:\/\/www.italiaeconomiaonline.it\/web\/?p=1400"},"modified":"2019-07-26T13:04:10","modified_gmt":"2019-07-26T11:04:10","slug":"fiducia-confesercenti-spiraglio-di-ottimismo-ma-non-coinvolge-i-negozi","status":"publish","type":"post","link":"https:\/\/www.italiaeconomiaonline.it\/web\/fiducia-confesercenti-spiraglio-di-ottimismo-ma-non-coinvolge-i-negozi\/","title":{"rendered":"Fiducia: confesercenti, spiraglio di ottimismo ma non coinvolge i negozi"},"content":{"rendered":"<p><span class=\"dropcap dropcap3\">L\u2019<\/span>estate porta uno spiraglio d\u2019ottimismo tra consumatori ed imprese.<\/p>\n<p>La ventata favorevole, per\u00f2, non coinvolge il commercio di vicinato: nonostante l\u2019avvio tutto sommato positivo dei saldi estivi, a luglio l\u2019indice di fiducia dei negozi segna un arretramento di quasi mezzo punto, in netta controtendenza con il miglioramento registrato dalla Grande distribuzione organizzata (+5,7 punti).<\/p>\n<p>\u00c8 quanto afferma l\u2019Ufficio economico Confesercenti commentando le rilevazioni Istat diffuse oggi.<\/p>\n<p>Al di l\u00e0 delle PMI del commercio, la ripresa complessiva dell\u2019indice di fiducia di famiglie ed imprese \u00e8 un segnale positivo, anche se resta il fatto che per entrambe le voci si registra ormai da mesi un andamento ondivago.<\/p>\n<p>Volendo vedere il bicchiere mezzo pieno, per\u00f2, cogliamo le aperture che ci vengono segnalate.<\/p>\n<p>Si tratter\u00e0 di capire se, appunto, queste tendenze a favore si consolideranno nei prossimi mesi con la prossima legge di bilancio, grazie a politiche che diano pi\u00f9 elementi di certezza alle famiglie ed alle imprese.<\/p>\n<p>Per il commercio di vicinato, per\u00f2, serve un intervento pi\u00f9 mirato: la crisi dei negozi sembra diventata strutturale, e si \u00e8 nuovamente acuita con il rallentamento dei consumi delle famiglie registrato quest\u2019anno.<\/p>\n<p>La situazione che osserviamo ci dice che quanto finora fatto non \u00e8 stato sufficiente, e che serve una strumentazione straordinaria per affrontare il problema.<\/p>\n<p>Per questo Confesercenti ha chiesto al governo di aprire un tavolo speciale con i rappresentanti dei canali distributivi, con l\u2019obiettivo di contenere la fase negativa e rilanciare il settore, accompagnando e sostenendo l\u2019evoluzione della rete dei negozi di vicinato.<\/p>\n<p>&nbsp;<\/p>\n","protected":false},"excerpt":{"rendered":"<p>L\u2019estate porta uno spiraglio d\u2019ottimismo tra consumatori ed imprese. La ventata favorevole, per\u00f2, non coinvolge il commercio di vicinato: nonostante l\u2019avvio tutto sommato positivo dei saldi estivi, a luglio l\u2019indice di fiducia dei negozi segna un arretramento di quasi mezzo punto, in netta controtendenza con il miglioramento registrato dalla Grande distribuzione organizzata (+5,7 punti). \u00c8 [&hellip;]<\/p>\n","protected":false},"author":1,"featured_media":1401,"comment_status":"closed","ping_status":"open","sticky":false,"template":"","format":"standard","meta":{"footnotes":""},"categories":[612],"tags":[185,613],"yoast_head":"<!-- This site is optimized with the Yoast SEO plugin v22.2 - https:\/\/yoast.com\/wordpress\/plugins\/seo\/ -->\n<title>Fiducia: confesercenti, spiraglio di ottimismo ma non coinvolge i negozi -<\/title>\n<meta name=\"robots\" content=\"index, follow, max-snippet:-1, max-image-preview:large, max-video-preview:-1\" \/>\n<link rel=\"canonical\" href=\"https:\/\/www.italiaeconomiaonline.it\/web\/fiducia-confesercenti-spiraglio-di-ottimismo-ma-non-coinvolge-i-negozi\/\" \/>\n<meta property=\"og:locale\" content=\"it_IT\" \/>\n<meta property=\"og:type\" content=\"article\" \/>\n<meta property=\"og:title\" content=\"Fiducia: confesercenti, spiraglio di ottimismo ma non coinvolge i negozi -\" \/>\n<meta property=\"og:description\" content=\"L\u2019estate porta uno spiraglio d\u2019ottimismo tra consumatori ed imprese. La ventata favorevole, per\u00f2, non coinvolge il commercio di vicinato: nonostante l\u2019avvio tutto sommato positivo dei saldi estivi, a luglio l\u2019indice di fiducia dei negozi segna un arretramento di quasi mezzo punto, in netta controtendenza con il miglioramento registrato dalla Grande distribuzione organizzata (+5,7 punti). \u00c8 [&hellip;]\" \/>\n<meta property=\"og:url\" content=\"https:\/\/www.italiaeconomiaonline.it\/web\/fiducia-confesercenti-spiraglio-di-ottimismo-ma-non-coinvolge-i-negozi\/\" \/>\n<meta property=\"og:site_name\" content=\"ItaliaEconomiaOnline\" \/>\n<meta property=\"article:published_time\" content=\"2019-07-26T11:04:10+00:00\" \/>\n<meta property=\"og:image\" content=\"https:\/\/www.italiaeconomiaonline.it\/web\/wp-content\/uploads\/2019\/07\/Negozio.jpg\" \/>\n\t<meta property=\"og:image:width\" content=\"960\" \/>\n\t<meta property=\"og:image:height\" content=\"662\" \/>\n\t<meta property=\"og:image:type\" content=\"image\/jpeg\" \/>\n<meta name=\"author\" content=\"ladyitaliaeconomia\" \/>\n<meta name=\"twitter:card\" content=\"summary_large_image\" \/>\n<meta name=\"twitter:label1\" content=\"Scritto da\" \/>\n\t<meta name=\"twitter:data1\" content=\"ladyitaliaeconomia\" \/>\n\t<meta name=\"twitter:label2\" content=\"Tempo di lettura stimato\" \/>\n\t<meta name=\"twitter:data2\" content=\"1 minuto\" \/>\n<script type=\"application\/ld+json\" class=\"yoast-schema-graph\">{\"@context\":\"https:\/\/schema.org\",\"@graph\":[{\"@type\":\"WebPage\",\"@id\":\"https:\/\/www.italiaeconomiaonline.it\/web\/fiducia-confesercenti-spiraglio-di-ottimismo-ma-non-coinvolge-i-negozi\/\",\"url\":\"https:\/\/www.italiaeconomiaonline.it\/web\/fiducia-confesercenti-spiraglio-di-ottimismo-ma-non-coinvolge-i-negozi\/\",\"name\":\"Fiducia: confesercenti, spiraglio di ottimismo ma non coinvolge i negozi -\",\"isPartOf\":{\"@id\":\"https:\/\/www.italiaeconomiaonline.it\/web\/#website\"},\"primaryImageOfPage\":{\"@id\":\"https:\/\/www.italiaeconomiaonline.it\/web\/fiducia-confesercenti-spiraglio-di-ottimismo-ma-non-coinvolge-i-negozi\/#primaryimage\"},\"image\":{\"@id\":\"https:\/\/www.italiaeconomiaonline.it\/web\/fiducia-confesercenti-spiraglio-di-ottimismo-ma-non-coinvolge-i-negozi\/#primaryimage\"},\"thumbnailUrl\":\"https:\/\/www.italiaeconomiaonline.it\/web\/wp-content\/uploads\/2019\/07\/Negozio.jpg\",\"datePublished\":\"2019-07-26T11:04:10+00:00\",\"dateModified\":\"2019-07-26T11:04:10+00:00\",\"author\":{\"@id\":\"https:\/\/www.italiaeconomiaonline.it\/web\/#\/schema\/person\/909a49cce752523b020fbc37d5ab1c31\"},\"breadcrumb\":{\"@id\":\"https:\/\/www.italiaeconomiaonline.it\/web\/fiducia-confesercenti-spiraglio-di-ottimismo-ma-non-coinvolge-i-negozi\/#breadcrumb\"},\"inLanguage\":\"it-IT\",\"potentialAction\":[{\"@type\":\"ReadAction\",\"target\":[\"https:\/\/www.italiaeconomiaonline.it\/web\/fiducia-confesercenti-spiraglio-di-ottimismo-ma-non-coinvolge-i-negozi\/\"]}]},{\"@type\":\"ImageObject\",\"inLanguage\":\"it-IT\",\"@id\":\"https:\/\/www.italiaeconomiaonline.it\/web\/fiducia-confesercenti-spiraglio-di-ottimismo-ma-non-coinvolge-i-negozi\/#primaryimage\",\"url\":\"https:\/\/www.italiaeconomiaonline.it\/web\/wp-content\/uploads\/2019\/07\/Negozio.jpg\",\"contentUrl\":\"https:\/\/www.italiaeconomiaonline.it\/web\/wp-content\/uploads\/2019\/07\/Negozio.jpg\",\"width\":960,\"height\":662},{\"@type\":\"BreadcrumbList\",\"@id\":\"https:\/\/www.italiaeconomiaonline.it\/web\/fiducia-confesercenti-spiraglio-di-ottimismo-ma-non-coinvolge-i-negozi\/#breadcrumb\",\"itemListElement\":[{\"@type\":\"ListItem\",\"position\":1,\"name\":\"Home\",\"item\":\"https:\/\/www.italiaeconomiaonline.it\/web\/\"},{\"@type\":\"ListItem\",\"position\":2,\"name\":\"Fiducia: confesercenti, spiraglio di ottimismo ma non coinvolge i negozi\"}]},{\"@type\":\"WebSite\",\"@id\":\"https:\/\/www.italiaeconomiaonline.it\/web\/#website\",\"url\":\"https:\/\/www.italiaeconomiaonline.it\/web\/\",\"name\":\"ItaliaEconomiaOnline\",\"description\":\"Quotidiano Economico Online\",\"potentialAction\":[{\"@type\":\"SearchAction\",\"target\":{\"@type\":\"EntryPoint\",\"urlTemplate\":\"https:\/\/www.italiaeconomiaonline.it\/web\/?s={search_term_string}\"},\"query-input\":\"required name=search_term_string\"}],\"inLanguage\":\"it-IT\"},{\"@type\":\"Person\",\"@id\":\"https:\/\/www.italiaeconomiaonline.it\/web\/#\/schema\/person\/909a49cce752523b020fbc37d5ab1c31\",\"name\":\"ladyitaliaeconomia\",\"image\":{\"@type\":\"ImageObject\",\"inLanguage\":\"it-IT\",\"@id\":\"https:\/\/www.italiaeconomiaonline.it\/web\/#\/schema\/person\/image\/\",\"url\":\"https:\/\/secure.gravatar.com\/avatar\/cedca10ce7416a579b9fa6bce9c0a8f2?s=96&d=mm&r=g\",\"contentUrl\":\"https:\/\/secure.gravatar.com\/avatar\/cedca10ce7416a579b9fa6bce9c0a8f2?s=96&d=mm&r=g\",\"caption\":\"ladyitaliaeconomia\"},\"url\":\"https:\/\/www.italiaeconomiaonline.it\/web\/author\/ladyitaliaeconomia\/\"}]}<\/script>\n<!-- \/ Yoast SEO plugin. -->","yoast_head_json":{"title":"Fiducia: confesercenti, spiraglio di ottimismo ma non coinvolge i negozi -","robots":{"index":"index","follow":"follow","max-snippet":"max-snippet:-1","max-image-preview":"max-image-preview:large","max-video-preview":"max-video-preview:-1"},"canonical":"https:\/\/www.italiaeconomiaonline.it\/web\/fiducia-confesercenti-spiraglio-di-ottimismo-ma-non-coinvolge-i-negozi\/","og_locale":"it_IT","og_type":"article","og_title":"Fiducia: confesercenti, spiraglio di ottimismo ma non coinvolge i negozi -","og_description":"L\u2019estate porta uno spiraglio d\u2019ottimismo tra consumatori ed imprese. La ventata favorevole, per\u00f2, non coinvolge il commercio di vicinato: nonostante l\u2019avvio tutto sommato positivo dei saldi estivi, a luglio l\u2019indice di fiducia dei negozi segna un arretramento di quasi mezzo punto, in netta controtendenza con il miglioramento registrato dalla Grande distribuzione organizzata (+5,7 punti). \u00c8 [&hellip;]","og_url":"https:\/\/www.italiaeconomiaonline.it\/web\/fiducia-confesercenti-spiraglio-di-ottimismo-ma-non-coinvolge-i-negozi\/","og_site_name":"ItaliaEconomiaOnline","article_published_time":"2019-07-26T11:04:10+00:00","og_image":[{"width":960,"height":662,"url":"https:\/\/www.italiaeconomiaonline.it\/web\/wp-content\/uploads\/2019\/07\/Negozio.jpg","type":"image\/jpeg"}],"author":"ladyitaliaeconomia","twitter_card":"summary_large_image","twitter_misc":{"Scritto da":"ladyitaliaeconomia","Tempo di lettura stimato":"1 minuto"},"schema":{"@context":"https:\/\/schema.org","@graph":[{"@type":"WebPage","@id":"https:\/\/www.italiaeconomiaonline.it\/web\/fiducia-confesercenti-spiraglio-di-ottimismo-ma-non-coinvolge-i-negozi\/","url":"https:\/\/www.italiaeconomiaonline.it\/web\/fiducia-confesercenti-spiraglio-di-ottimismo-ma-non-coinvolge-i-negozi\/","name":"Fiducia: confesercenti, spiraglio di ottimismo ma non coinvolge i negozi -","isPartOf":{"@id":"https:\/\/www.italiaeconomiaonline.it\/web\/#website"},"primaryImageOfPage":{"@id":"https:\/\/www.italiaeconomiaonline.it\/web\/fiducia-confesercenti-spiraglio-di-ottimismo-ma-non-coinvolge-i-negozi\/#primaryimage"},"image":{"@id":"https:\/\/www.italiaeconomiaonline.it\/web\/fiducia-confesercenti-spiraglio-di-ottimismo-ma-non-coinvolge-i-negozi\/#primaryimage"},"thumbnailUrl":"https:\/\/www.italiaeconomiaonline.it\/web\/wp-content\/uploads\/2019\/07\/Negozio.jpg","datePublished":"2019-07-26T11:04:10+00:00","dateModified":"2019-07-26T11:04:10+00:00","author":{"@id":"https:\/\/www.italiaeconomiaonline.it\/web\/#\/schema\/person\/909a49cce752523b020fbc37d5ab1c31"},"breadcrumb":{"@id":"https:\/\/www.italiaeconomiaonline.it\/web\/fiducia-confesercenti-spiraglio-di-ottimismo-ma-non-coinvolge-i-negozi\/#breadcrumb"},"inLanguage":"it-IT","potentialAction":[{"@type":"ReadAction","target":["https:\/\/www.italiaeconomiaonline.it\/web\/fiducia-confesercenti-spiraglio-di-ottimismo-ma-non-coinvolge-i-negozi\/"]}]},{"@type":"ImageObject","inLanguage":"it-IT","@id":"https:\/\/www.italiaeconomiaonline.it\/web\/fiducia-confesercenti-spiraglio-di-ottimismo-ma-non-coinvolge-i-negozi\/#primaryimage","url":"https:\/\/www.italiaeconomiaonline.it\/web\/wp-content\/uploads\/2019\/07\/Negozio.jpg","contentUrl":"https:\/\/www.italiaeconomiaonline.it\/web\/wp-content\/uploads\/2019\/07\/Negozio.jpg","width":960,"height":662},{"@type":"BreadcrumbList","@id":"https:\/\/www.italiaeconomiaonline.it\/web\/fiducia-confesercenti-spiraglio-di-ottimismo-ma-non-coinvolge-i-negozi\/#breadcrumb","itemListElement":[{"@type":"ListItem","position":1,"name":"Home","item":"https:\/\/www.italiaeconomiaonline.it\/web\/"},{"@type":"ListItem","position":2,"name":"Fiducia: confesercenti, spiraglio di ottimismo ma non coinvolge i negozi"}]},{"@type":"WebSite","@id":"https:\/\/www.italiaeconomiaonline.it\/web\/#website","url":"https:\/\/www.italiaeconomiaonline.it\/web\/","name":"ItaliaEconomiaOnline","description":"Quotidiano Economico Online","potentialAction":[{"@type":"SearchAction","target":{"@type":"EntryPoint","urlTemplate":"https:\/\/www.italiaeconomiaonline.it\/web\/?s={search_term_string}"},"query-input":"required name=search_term_string"}],"inLanguage":"it-IT"},{"@type":"Person","@id":"https:\/\/www.italiaeconomiaonline.it\/web\/#\/schema\/person\/909a49cce752523b020fbc37d5ab1c31","name":"ladyitaliaeconomia","image":{"@type":"ImageObject","inLanguage":"it-IT","@id":"https:\/\/www.italiaeconomiaonline.it\/web\/#\/schema\/person\/image\/","url":"https:\/\/secure.gravatar.com\/avatar\/cedca10ce7416a579b9fa6bce9c0a8f2?s=96&d=mm&r=g","contentUrl":"https:\/\/secure.gravatar.com\/avatar\/cedca10ce7416a579b9fa6bce9c0a8f2?s=96&d=mm&r=g","caption":"ladyitaliaeconomia"},"url":"https:\/\/www.italiaeconomiaonline.it\/web\/author\/ladyitaliaeconomia\/"}]}},"_links":{"self":[{"href":"https:\/\/www.italiaeconomiaonline.it\/web\/wp-json\/wp\/v2\/posts\/1400"}],"collection":[{"href":"https:\/\/www.italiaeconomiaonline.it\/web\/wp-json\/wp\/v2\/posts"}],"about":[{"href":"https:\/\/www.italiaeconomiaonline.it\/web\/wp-json\/wp\/v2\/types\/post"}],"author":[{"embeddable":true,"href":"https:\/\/www.italiaeconomiaonline.it\/web\/wp-json\/wp\/v2\/users\/1"}],"replies":[{"embeddable":true,"href":"https:\/\/www.italiaeconomiaonline.it\/web\/wp-json\/wp\/v2\/comments?post=1400"}],"version-history":[{"count":1,"href":"https:\/\/www.italiaeconomiaonline.it\/web\/wp-json\/wp\/v2\/posts\/1400\/revisions"}],"predecessor-version":[{"id":1402,"href":"https:\/\/www.italiaeconomiaonline.it\/web\/wp-json\/wp\/v2\/posts\/1400\/revisions\/1402"}],"wp:featuredmedia":[{"embeddable":true,"href":"https:\/\/www.italiaeconomiaonline.it\/web\/wp-json\/wp\/v2\/media\/1401"}],"wp:attachment":[{"href":"https:\/\/www.italiaeconomiaonline.it\/web\/wp-json\/wp\/v2\/media?parent=1400"}],"wp:term":[{"taxonomy":"category","embeddable":true,"href":"https:\/\/www.italiaeconomiaonline.it\/web\/wp-json\/wp\/v2\/categories?post=1400"},{"taxonomy":"post_tag","embeddable":true,"href":"https:\/\/www.italiaeconomiaonline.it\/web\/wp-json\/wp\/v2\/tags?post=1400"}],"curies":[{"name":"wp","href":"https:\/\/api.w.org\/{rel}","templated":true}]}}