{"id":1424,"date":"2019-07-28T11:47:54","date_gmt":"2019-07-28T09:47:54","guid":{"rendered":"http:\/\/www.italiaeconomiaonline.it\/web\/?p=1424"},"modified":"2019-07-28T11:50:12","modified_gmt":"2019-07-28T09:50:12","slug":"1424-2","status":"publish","type":"post","link":"https:\/\/www.italiaeconomiaonline.it\/web\/1424-2\/","title":{"rendered":"Vincenzo Boccia vicepresidente di Businessmed"},"content":{"rendered":"<div>\n<p><span class=\"dropcap dropcap3\">L\u2019<\/span>Assemblea generale di Businessmed, l\u2019Unione delle Confindustrie del Mediterraneo, ha ufficializzato oggi la nomina di <strong>Vincenzo Boccia<\/strong> come vicepresidente dell\u2019associazione.<\/p>\n<p>Boccia terminer\u00e0 il suo mandato alla vicepresidenza di Businessmed nel 2020, quando ne diventer\u00e0 automaticamente presidente come da statuto dell&#8217;organizzazione.<\/p>\n<\/div>\n<div>\n<p>\u201cIncoraggiare l&#8217;integrazione economica e sociale nella regione euro mediterranea attraverso il ruolo delle nostre imprese \u00e8 l\u2019obiettivo che ci siamo dati. La nostra unit\u00e0 \u00e8 essenziale per contare di pi\u00f9 presso le istituzioni e gli organismi nazionali ed esteri.<\/p>\n<p>Non importa quali divisioni possano sorgere a livello politico tra i nostri paesi, noi dobbiamo sforzarci di costruire un approccio comune.<\/p>\n<p>\u00c8 quindi in linea con questa missione di Businessmed che assumo la posizione di vicepresidente\u201d, ha dichiarato il presidente di Confindustria Vincenzo Boccia assumendo la carica di vicepresidente di Businessmed.<\/p>\n<\/div>\n<div>\n<p>\u201cIl nostro obiettivo \u00e8 il coordinamento delle tre Unioni delle Confindustrie d&#8217;Europa (Businesseurope), del Mediterraneo (Businessmed) e dell&#8217;Africa (Businessafrica), allo scopo di dare voce ai rappresentanti del settore privato di 97 Paesi dell&#8217;area e trovare soluzioni alla disoccupazione e alle migrazioni, creando business e nuovi modelli di sviluppo sostenibile\u201d, ha detto il presidente di Businessmed <strong>Saida Neghza<\/strong>.<\/p>\n<\/div>\n<div>\n<p>L\u2019assemblea ha infine confermato la partership di Businessmed con Confindustria in occasione di Connext2020, occasione in cui guider\u00e0 una nutrita delegazione di imprese del Mediterraneo che parteciperanno al partenariato industriale, evento espositivo e di networking digitale incentrato sui principali driver di sviluppo per imprese nazionali e internazionali.<\/p>\n<\/div>\n","protected":false},"excerpt":{"rendered":"<p>L\u2019Assemblea generale di Businessmed, l\u2019Unione delle Confindustrie del Mediterraneo, ha ufficializzato oggi la nomina di Vincenzo Boccia come vicepresidente dell\u2019associazione. Boccia terminer\u00e0 il suo mandato alla vicepresidenza di Businessmed nel 2020, quando ne diventer\u00e0 automaticamente presidente come da statuto dell&#8217;organizzazione. \u201cIncoraggiare l&#8217;integrazione economica e sociale nella regione euro mediterranea attraverso il ruolo delle nostre imprese [&hellip;]<\/p>\n","protected":false},"author":1,"featured_media":390,"comment_status":"closed","ping_status":"open","sticky":false,"template":"","format":"standard","meta":{"footnotes":""},"categories":[56],"tags":[625,626,154],"yoast_head":"<!-- This site is optimized with the Yoast SEO plugin v22.2 - https:\/\/yoast.com\/wordpress\/plugins\/seo\/ -->\n<title>Vincenzo Boccia vicepresidente di Businessmed -<\/title>\n<meta name=\"robots\" content=\"index, follow, max-snippet:-1, max-image-preview:large, max-video-preview:-1\" \/>\n<link rel=\"canonical\" href=\"https:\/\/www.italiaeconomiaonline.it\/web\/1424-2\/\" \/>\n<meta property=\"og:locale\" content=\"it_IT\" \/>\n<meta property=\"og:type\" content=\"article\" \/>\n<meta property=\"og:title\" content=\"Vincenzo Boccia vicepresidente di Businessmed -\" \/>\n<meta property=\"og:description\" content=\"L\u2019Assemblea generale di Businessmed, l\u2019Unione delle Confindustrie del Mediterraneo, ha ufficializzato oggi la nomina di Vincenzo Boccia come vicepresidente dell\u2019associazione. Boccia terminer\u00e0 il suo mandato alla vicepresidenza di Businessmed nel 2020, quando ne diventer\u00e0 automaticamente presidente come da statuto dell&#8217;organizzazione. \u201cIncoraggiare l&#8217;integrazione economica e sociale nella regione euro mediterranea attraverso il ruolo delle nostre imprese [&hellip;]\" \/>\n<meta property=\"og:url\" content=\"https:\/\/www.italiaeconomiaonline.it\/web\/1424-2\/\" \/>\n<meta property=\"og:site_name\" content=\"ItaliaEconomiaOnline\" \/>\n<meta property=\"article:published_time\" content=\"2019-07-28T09:47:54+00:00\" \/>\n<meta property=\"article:modified_time\" content=\"2019-07-28T09:50:12+00:00\" \/>\n<meta property=\"og:image\" content=\"https:\/\/www.italiaeconomiaonline.it\/web\/wp-content\/uploads\/2019\/01\/Boccia1.jpg\" \/>\n\t<meta property=\"og:image:width\" content=\"960\" \/>\n\t<meta property=\"og:image:height\" content=\"540\" \/>\n\t<meta property=\"og:image:type\" content=\"image\/jpeg\" \/>\n<meta name=\"author\" content=\"ladyitaliaeconomia\" \/>\n<meta name=\"twitter:card\" content=\"summary_large_image\" \/>\n<meta name=\"twitter:label1\" content=\"Scritto da\" \/>\n\t<meta name=\"twitter:data1\" content=\"ladyitaliaeconomia\" \/>\n\t<meta name=\"twitter:label2\" content=\"Tempo di lettura stimato\" \/>\n\t<meta name=\"twitter:data2\" content=\"1 minuto\" \/>\n<script type=\"application\/ld+json\" class=\"yoast-schema-graph\">{\"@context\":\"https:\/\/schema.org\",\"@graph\":[{\"@type\":\"WebPage\",\"@id\":\"https:\/\/www.italiaeconomiaonline.it\/web\/1424-2\/\",\"url\":\"https:\/\/www.italiaeconomiaonline.it\/web\/1424-2\/\",\"name\":\"Vincenzo Boccia vicepresidente di Businessmed -\",\"isPartOf\":{\"@id\":\"https:\/\/www.italiaeconomiaonline.it\/web\/#website\"},\"primaryImageOfPage\":{\"@id\":\"https:\/\/www.italiaeconomiaonline.it\/web\/1424-2\/#primaryimage\"},\"image\":{\"@id\":\"https:\/\/www.italiaeconomiaonline.it\/web\/1424-2\/#primaryimage\"},\"thumbnailUrl\":\"https:\/\/www.italiaeconomiaonline.it\/web\/wp-content\/uploads\/2019\/01\/Boccia1.jpg\",\"datePublished\":\"2019-07-28T09:47:54+00:00\",\"dateModified\":\"2019-07-28T09:50:12+00:00\",\"author\":{\"@id\":\"https:\/\/www.italiaeconomiaonline.it\/web\/#\/schema\/person\/909a49cce752523b020fbc37d5ab1c31\"},\"breadcrumb\":{\"@id\":\"https:\/\/www.italiaeconomiaonline.it\/web\/1424-2\/#breadcrumb\"},\"inLanguage\":\"it-IT\",\"potentialAction\":[{\"@type\":\"ReadAction\",\"target\":[\"https:\/\/www.italiaeconomiaonline.it\/web\/1424-2\/\"]}]},{\"@type\":\"ImageObject\",\"inLanguage\":\"it-IT\",\"@id\":\"https:\/\/www.italiaeconomiaonline.it\/web\/1424-2\/#primaryimage\",\"url\":\"https:\/\/www.italiaeconomiaonline.it\/web\/wp-content\/uploads\/2019\/01\/Boccia1.jpg\",\"contentUrl\":\"https:\/\/www.italiaeconomiaonline.it\/web\/wp-content\/uploads\/2019\/01\/Boccia1.jpg\",\"width\":960,\"height\":540,\"caption\":\"Vincenzo Boccia\"},{\"@type\":\"BreadcrumbList\",\"@id\":\"https:\/\/www.italiaeconomiaonline.it\/web\/1424-2\/#breadcrumb\",\"itemListElement\":[{\"@type\":\"ListItem\",\"position\":1,\"name\":\"Home\",\"item\":\"https:\/\/www.italiaeconomiaonline.it\/web\/\"},{\"@type\":\"ListItem\",\"position\":2,\"name\":\"Vincenzo Boccia vicepresidente di Businessmed\"}]},{\"@type\":\"WebSite\",\"@id\":\"https:\/\/www.italiaeconomiaonline.it\/web\/#website\",\"url\":\"https:\/\/www.italiaeconomiaonline.it\/web\/\",\"name\":\"ItaliaEconomiaOnline\",\"description\":\"Quotidiano Economico Online\",\"potentialAction\":[{\"@type\":\"SearchAction\",\"target\":{\"@type\":\"EntryPoint\",\"urlTemplate\":\"https:\/\/www.italiaeconomiaonline.it\/web\/?s={search_term_string}\"},\"query-input\":\"required name=search_term_string\"}],\"inLanguage\":\"it-IT\"},{\"@type\":\"Person\",\"@id\":\"https:\/\/www.italiaeconomiaonline.it\/web\/#\/schema\/person\/909a49cce752523b020fbc37d5ab1c31\",\"name\":\"ladyitaliaeconomia\",\"image\":{\"@type\":\"ImageObject\",\"inLanguage\":\"it-IT\",\"@id\":\"https:\/\/www.italiaeconomiaonline.it\/web\/#\/schema\/person\/image\/\",\"url\":\"https:\/\/secure.gravatar.com\/avatar\/cedca10ce7416a579b9fa6bce9c0a8f2?s=96&d=mm&r=g\",\"contentUrl\":\"https:\/\/secure.gravatar.com\/avatar\/cedca10ce7416a579b9fa6bce9c0a8f2?s=96&d=mm&r=g\",\"caption\":\"ladyitaliaeconomia\"},\"url\":\"https:\/\/www.italiaeconomiaonline.it\/web\/author\/ladyitaliaeconomia\/\"}]}<\/script>\n<!-- \/ Yoast SEO plugin. -->","yoast_head_json":{"title":"Vincenzo Boccia vicepresidente di Businessmed -","robots":{"index":"index","follow":"follow","max-snippet":"max-snippet:-1","max-image-preview":"max-image-preview:large","max-video-preview":"max-video-preview:-1"},"canonical":"https:\/\/www.italiaeconomiaonline.it\/web\/1424-2\/","og_locale":"it_IT","og_type":"article","og_title":"Vincenzo Boccia vicepresidente di Businessmed -","og_description":"L\u2019Assemblea generale di Businessmed, l\u2019Unione delle Confindustrie del Mediterraneo, ha ufficializzato oggi la nomina di Vincenzo Boccia come vicepresidente dell\u2019associazione. Boccia terminer\u00e0 il suo mandato alla vicepresidenza di Businessmed nel 2020, quando ne diventer\u00e0 automaticamente presidente come da statuto dell&#8217;organizzazione. \u201cIncoraggiare l&#8217;integrazione economica e sociale nella regione euro mediterranea attraverso il ruolo delle nostre imprese [&hellip;]","og_url":"https:\/\/www.italiaeconomiaonline.it\/web\/1424-2\/","og_site_name":"ItaliaEconomiaOnline","article_published_time":"2019-07-28T09:47:54+00:00","article_modified_time":"2019-07-28T09:50:12+00:00","og_image":[{"width":960,"height":540,"url":"https:\/\/www.italiaeconomiaonline.it\/web\/wp-content\/uploads\/2019\/01\/Boccia1.jpg","type":"image\/jpeg"}],"author":"ladyitaliaeconomia","twitter_card":"summary_large_image","twitter_misc":{"Scritto da":"ladyitaliaeconomia","Tempo di lettura stimato":"1 minuto"},"schema":{"@context":"https:\/\/schema.org","@graph":[{"@type":"WebPage","@id":"https:\/\/www.italiaeconomiaonline.it\/web\/1424-2\/","url":"https:\/\/www.italiaeconomiaonline.it\/web\/1424-2\/","name":"Vincenzo Boccia vicepresidente di Businessmed -","isPartOf":{"@id":"https:\/\/www.italiaeconomiaonline.it\/web\/#website"},"primaryImageOfPage":{"@id":"https:\/\/www.italiaeconomiaonline.it\/web\/1424-2\/#primaryimage"},"image":{"@id":"https:\/\/www.italiaeconomiaonline.it\/web\/1424-2\/#primaryimage"},"thumbnailUrl":"https:\/\/www.italiaeconomiaonline.it\/web\/wp-content\/uploads\/2019\/01\/Boccia1.jpg","datePublished":"2019-07-28T09:47:54+00:00","dateModified":"2019-07-28T09:50:12+00:00","author":{"@id":"https:\/\/www.italiaeconomiaonline.it\/web\/#\/schema\/person\/909a49cce752523b020fbc37d5ab1c31"},"breadcrumb":{"@id":"https:\/\/www.italiaeconomiaonline.it\/web\/1424-2\/#breadcrumb"},"inLanguage":"it-IT","potentialAction":[{"@type":"ReadAction","target":["https:\/\/www.italiaeconomiaonline.it\/web\/1424-2\/"]}]},{"@type":"ImageObject","inLanguage":"it-IT","@id":"https:\/\/www.italiaeconomiaonline.it\/web\/1424-2\/#primaryimage","url":"https:\/\/www.italiaeconomiaonline.it\/web\/wp-content\/uploads\/2019\/01\/Boccia1.jpg","contentUrl":"https:\/\/www.italiaeconomiaonline.it\/web\/wp-content\/uploads\/2019\/01\/Boccia1.jpg","width":960,"height":540,"caption":"Vincenzo Boccia"},{"@type":"BreadcrumbList","@id":"https:\/\/www.italiaeconomiaonline.it\/web\/1424-2\/#breadcrumb","itemListElement":[{"@type":"ListItem","position":1,"name":"Home","item":"https:\/\/www.italiaeconomiaonline.it\/web\/"},{"@type":"ListItem","position":2,"name":"Vincenzo Boccia vicepresidente di Businessmed"}]},{"@type":"WebSite","@id":"https:\/\/www.italiaeconomiaonline.it\/web\/#website","url":"https:\/\/www.italiaeconomiaonline.it\/web\/","name":"ItaliaEconomiaOnline","description":"Quotidiano Economico Online","potentialAction":[{"@type":"SearchAction","target":{"@type":"EntryPoint","urlTemplate":"https:\/\/www.italiaeconomiaonline.it\/web\/?s={search_term_string}"},"query-input":"required name=search_term_string"}],"inLanguage":"it-IT"},{"@type":"Person","@id":"https:\/\/www.italiaeconomiaonline.it\/web\/#\/schema\/person\/909a49cce752523b020fbc37d5ab1c31","name":"ladyitaliaeconomia","image":{"@type":"ImageObject","inLanguage":"it-IT","@id":"https:\/\/www.italiaeconomiaonline.it\/web\/#\/schema\/person\/image\/","url":"https:\/\/secure.gravatar.com\/avatar\/cedca10ce7416a579b9fa6bce9c0a8f2?s=96&d=mm&r=g","contentUrl":"https:\/\/secure.gravatar.com\/avatar\/cedca10ce7416a579b9fa6bce9c0a8f2?s=96&d=mm&r=g","caption":"ladyitaliaeconomia"},"url":"https:\/\/www.italiaeconomiaonline.it\/web\/author\/ladyitaliaeconomia\/"}]}},"_links":{"self":[{"href":"https:\/\/www.italiaeconomiaonline.it\/web\/wp-json\/wp\/v2\/posts\/1424"}],"collection":[{"href":"https:\/\/www.italiaeconomiaonline.it\/web\/wp-json\/wp\/v2\/posts"}],"about":[{"href":"https:\/\/www.italiaeconomiaonline.it\/web\/wp-json\/wp\/v2\/types\/post"}],"author":[{"embeddable":true,"href":"https:\/\/www.italiaeconomiaonline.it\/web\/wp-json\/wp\/v2\/users\/1"}],"replies":[{"embeddable":true,"href":"https:\/\/www.italiaeconomiaonline.it\/web\/wp-json\/wp\/v2\/comments?post=1424"}],"version-history":[{"count":3,"href":"https:\/\/www.italiaeconomiaonline.it\/web\/wp-json\/wp\/v2\/posts\/1424\/revisions"}],"predecessor-version":[{"id":1427,"href":"https:\/\/www.italiaeconomiaonline.it\/web\/wp-json\/wp\/v2\/posts\/1424\/revisions\/1427"}],"wp:featuredmedia":[{"embeddable":true,"href":"https:\/\/www.italiaeconomiaonline.it\/web\/wp-json\/wp\/v2\/media\/390"}],"wp:attachment":[{"href":"https:\/\/www.italiaeconomiaonline.it\/web\/wp-json\/wp\/v2\/media?parent=1424"}],"wp:term":[{"taxonomy":"category","embeddable":true,"href":"https:\/\/www.italiaeconomiaonline.it\/web\/wp-json\/wp\/v2\/categories?post=1424"},{"taxonomy":"post_tag","embeddable":true,"href":"https:\/\/www.italiaeconomiaonline.it\/web\/wp-json\/wp\/v2\/tags?post=1424"}],"curies":[{"name":"wp","href":"https:\/\/api.w.org\/{rel}","templated":true}]}}