{"id":1460,"date":"2019-07-31T09:51:12","date_gmt":"2019-07-31T07:51:12","guid":{"rendered":"http:\/\/www.italiaeconomiaonline.it\/web\/?p=1460"},"modified":"2019-07-31T09:55:07","modified_gmt":"2019-07-31T07:55:07","slug":"banda-ultralarga-presto-internet-ultraveloce-in-600-comuni","status":"publish","type":"post","link":"https:\/\/www.italiaeconomiaonline.it\/web\/banda-ultralarga-presto-internet-ultraveloce-in-600-comuni\/","title":{"rendered":"Banda ultralarga: presto internet ultraveloce  in 600 Comuni"},"content":{"rendered":"<p><strong><span class=\"dropcap dropcap3\">I<\/span>nfratel Italia<\/strong> e <strong>TIM<\/strong> hanno siglato un accordo che consentir\u00e0 di \u201caccendere\u201d tutte le infrastrutture di accesso della rete pubblica in fibra ottica realizzata da Infratel in <strong>8<\/strong> Regioni <span class=\"td_btn td_btn_md td_default_btn\">(Abruzzo, Sardegna, Toscana, Puglia, Calabria, Lazio, Lombardia e Marche)<\/span> in circa <strong>600 Comuni <\/strong>oggetto dell\u2019intervento con il modello diretto, accelerando in tal modo lo sviluppo delle reti ultrabroadband nelle aree \u201ca fallimento di mercato\u201d non oggetto in passato di bandi.<\/p>\n<p>L\u2019accordo consente di realizzare un programma di attivit\u00e0, da condividere con le Regioni ed i Comuni interessati dall\u2019intervento, predisponendo una <em>road map<\/em> di attivazioni da parte di TIM conseguenti alla consegna della fibra ottica da parte di Infratel e contraddistinta da date certe riguardo l\u2019attivazione dei servizi ai cittadini, alla pubblica amministrazione ed alle aziende di quei territori.<\/p>\n<p>L\u2019intesa rappresenta una virtuosa sinergia tra pubblico e privato per superare il <em>digital divide<\/em> nel nostro Paese, in coerenza con la strategia nazionale per la diffusione della banda ultralarga, e prevede un acquisto rilevante da parte di TIM di infrastrutture di fibra spenta realizzate da Infratel.<\/p>\n<p>TIM utilizzer\u00e0 tali infrastrutture per portare la banda ultralarga nei comuni individuati dal progetto.<\/p>\n<p>TIM ha deciso di utilizzare ed integrare le infrastrutture di rete in fibra ottica realizzate dalla societ\u00e0 in-house del MiSE al fine di fornire i servizi <em>ultrabroadband<\/em> in tecnologia FTTC e FTTH a beneficio di oltre <strong>1 milione di cittadini <\/strong>e imprese dei comuni interessati.<\/p>\n<p>L\u2019accordo si basa su diritti d\u2019uso quindicennali e si inserisce nell\u2019ambito del \u201cContratto Quadro per la concessione dei diritti d\u2019uso su fibra ottica e per la fornitura dei servizi accessori\u201d siglato tra TIM e Infratel nel novembre del 2018.<\/p>\n<p><em>\u201cIl MiSE esprime soddisfazione per la firma di un accordo che permette l&#8217;attivazione dei servizi di banda ultralarga da parte di un operatore, laddove \u00e8 stata posta la fibra pubblica finanziata interamente dallo Stato.<\/em><\/p>\n<blockquote class=\"td_pull_quote td_pull_center\"><p><em> Cittadini e imprese potranno godere dei benefici dell&#8217;alta velocit\u00e0. L&#8217;intervento, che riguarda pi\u00f9 di 1 milione di residenti nei 600 Comuni, risolve un\u2019annosa situazione<\/em><\/p><\/blockquote>\n<p>ha dichiarato <strong>Marco Bellezza<\/strong>, Consigliere giuridico per le comunicazioni e l\u2019innovazione digitale del Ministro Luigi Di Maio.<\/p>\n<p>A novembre 2018, alla riunione del Comitato di Indirizzo Infratel, si era preso atto del concreto rischio che, a fronte dello stato di completamento di molti Comuni, con lavori gi\u00e0 terminati e collaudati, altri Comuni potessero rimanere \u201cspenti\u201d per il mancato interesse da parte degli operatori. Tale difficolt\u00e0 \u00e8 stata ora superata.<\/p>\n<p>L\u2019accordo non esclude ad altri operatori l\u2019accesso alla rete pubblica, ma al tempo stesso fissa un cronoprogramma di attivazioni certo sulla base della disponibilit\u00e0 della fibra all\u2019effettivo completamento dei lavori.<\/p>\n<p>In parallelo con i negoziati per definire tutti gli aspetti contrattuali \u00e8 gi\u00e0 iniziato il piano di attivazione; un\u2019accelerazione per quanto riguarda la diffusione massiva dei servizi \u00e8 prevista quindi gi\u00e0 dal 2019 e si completer\u00e0 nel 2020\/2021.<\/p>\n","protected":false},"excerpt":{"rendered":"<p>Infratel Italia e TIM hanno siglato un accordo che consentir\u00e0 di \u201caccendere\u201d tutte le infrastrutture di accesso della rete pubblica in fibra ottica realizzata da Infratel in 8 Regioni (Abruzzo, Sardegna, Toscana, Puglia, Calabria, Lazio, Lombardia e Marche) in circa 600 Comuni oggetto dell\u2019intervento con il modello diretto, accelerando in tal modo lo sviluppo delle [&hellip;]<\/p>\n","protected":false},"author":1,"featured_media":1007,"comment_status":"closed","ping_status":"open","sticky":false,"template":"","format":"standard","meta":{"footnotes":""},"categories":[132],"tags":[],"yoast_head":"<!-- This site is optimized with the Yoast SEO plugin v22.2 - https:\/\/yoast.com\/wordpress\/plugins\/seo\/ -->\n<title>Banda ultralarga: presto internet ultraveloce in 600 Comuni -<\/title>\n<meta name=\"robots\" content=\"index, follow, max-snippet:-1, max-image-preview:large, max-video-preview:-1\" \/>\n<link rel=\"canonical\" href=\"https:\/\/www.italiaeconomiaonline.it\/web\/banda-ultralarga-presto-internet-ultraveloce-in-600-comuni\/\" \/>\n<meta property=\"og:locale\" content=\"it_IT\" \/>\n<meta property=\"og:type\" content=\"article\" \/>\n<meta property=\"og:title\" content=\"Banda ultralarga: presto internet ultraveloce in 600 Comuni -\" \/>\n<meta property=\"og:description\" content=\"Infratel Italia e TIM hanno siglato un accordo che consentir\u00e0 di \u201caccendere\u201d tutte le infrastrutture di accesso della rete pubblica in fibra ottica realizzata da Infratel in 8 Regioni (Abruzzo, Sardegna, Toscana, Puglia, Calabria, Lazio, Lombardia e Marche) in circa 600 Comuni oggetto dell\u2019intervento con il modello diretto, accelerando in tal modo lo sviluppo delle [&hellip;]\" \/>\n<meta property=\"og:url\" content=\"https:\/\/www.italiaeconomiaonline.it\/web\/banda-ultralarga-presto-internet-ultraveloce-in-600-comuni\/\" \/>\n<meta property=\"og:site_name\" content=\"ItaliaEconomiaOnline\" \/>\n<meta property=\"article:published_time\" content=\"2019-07-31T07:51:12+00:00\" \/>\n<meta property=\"article:modified_time\" content=\"2019-07-31T07:55:07+00:00\" \/>\n<meta property=\"og:image\" content=\"https:\/\/www.italiaeconomiaonline.it\/web\/wp-content\/uploads\/2019\/06\/lavoro-2.jpg\" \/>\n\t<meta property=\"og:image:width\" content=\"960\" \/>\n\t<meta property=\"og:image:height\" content=\"640\" \/>\n\t<meta property=\"og:image:type\" content=\"image\/jpeg\" \/>\n<meta name=\"author\" content=\"ladyitaliaeconomia\" \/>\n<meta name=\"twitter:card\" content=\"summary_large_image\" \/>\n<meta name=\"twitter:label1\" content=\"Scritto da\" \/>\n\t<meta name=\"twitter:data1\" content=\"ladyitaliaeconomia\" \/>\n\t<meta name=\"twitter:label2\" content=\"Tempo di lettura stimato\" \/>\n\t<meta name=\"twitter:data2\" content=\"2 minuti\" \/>\n<script type=\"application\/ld+json\" class=\"yoast-schema-graph\">{\"@context\":\"https:\/\/schema.org\",\"@graph\":[{\"@type\":\"WebPage\",\"@id\":\"https:\/\/www.italiaeconomiaonline.it\/web\/banda-ultralarga-presto-internet-ultraveloce-in-600-comuni\/\",\"url\":\"https:\/\/www.italiaeconomiaonline.it\/web\/banda-ultralarga-presto-internet-ultraveloce-in-600-comuni\/\",\"name\":\"Banda ultralarga: presto internet ultraveloce in 600 Comuni -\",\"isPartOf\":{\"@id\":\"https:\/\/www.italiaeconomiaonline.it\/web\/#website\"},\"primaryImageOfPage\":{\"@id\":\"https:\/\/www.italiaeconomiaonline.it\/web\/banda-ultralarga-presto-internet-ultraveloce-in-600-comuni\/#primaryimage\"},\"image\":{\"@id\":\"https:\/\/www.italiaeconomiaonline.it\/web\/banda-ultralarga-presto-internet-ultraveloce-in-600-comuni\/#primaryimage\"},\"thumbnailUrl\":\"https:\/\/www.italiaeconomiaonline.it\/web\/wp-content\/uploads\/2019\/06\/lavoro-2.jpg\",\"datePublished\":\"2019-07-31T07:51:12+00:00\",\"dateModified\":\"2019-07-31T07:55:07+00:00\",\"author\":{\"@id\":\"https:\/\/www.italiaeconomiaonline.it\/web\/#\/schema\/person\/909a49cce752523b020fbc37d5ab1c31\"},\"breadcrumb\":{\"@id\":\"https:\/\/www.italiaeconomiaonline.it\/web\/banda-ultralarga-presto-internet-ultraveloce-in-600-comuni\/#breadcrumb\"},\"inLanguage\":\"it-IT\",\"potentialAction\":[{\"@type\":\"ReadAction\",\"target\":[\"https:\/\/www.italiaeconomiaonline.it\/web\/banda-ultralarga-presto-internet-ultraveloce-in-600-comuni\/\"]}]},{\"@type\":\"ImageObject\",\"inLanguage\":\"it-IT\",\"@id\":\"https:\/\/www.italiaeconomiaonline.it\/web\/banda-ultralarga-presto-internet-ultraveloce-in-600-comuni\/#primaryimage\",\"url\":\"https:\/\/www.italiaeconomiaonline.it\/web\/wp-content\/uploads\/2019\/06\/lavoro-2.jpg\",\"contentUrl\":\"https:\/\/www.italiaeconomiaonline.it\/web\/wp-content\/uploads\/2019\/06\/lavoro-2.jpg\",\"width\":960,\"height\":640},{\"@type\":\"BreadcrumbList\",\"@id\":\"https:\/\/www.italiaeconomiaonline.it\/web\/banda-ultralarga-presto-internet-ultraveloce-in-600-comuni\/#breadcrumb\",\"itemListElement\":[{\"@type\":\"ListItem\",\"position\":1,\"name\":\"Home\",\"item\":\"https:\/\/www.italiaeconomiaonline.it\/web\/\"},{\"@type\":\"ListItem\",\"position\":2,\"name\":\"Banda ultralarga: presto internet ultraveloce in 600 Comuni\"}]},{\"@type\":\"WebSite\",\"@id\":\"https:\/\/www.italiaeconomiaonline.it\/web\/#website\",\"url\":\"https:\/\/www.italiaeconomiaonline.it\/web\/\",\"name\":\"ItaliaEconomiaOnline\",\"description\":\"Quotidiano Economico Online\",\"potentialAction\":[{\"@type\":\"SearchAction\",\"target\":{\"@type\":\"EntryPoint\",\"urlTemplate\":\"https:\/\/www.italiaeconomiaonline.it\/web\/?s={search_term_string}\"},\"query-input\":\"required name=search_term_string\"}],\"inLanguage\":\"it-IT\"},{\"@type\":\"Person\",\"@id\":\"https:\/\/www.italiaeconomiaonline.it\/web\/#\/schema\/person\/909a49cce752523b020fbc37d5ab1c31\",\"name\":\"ladyitaliaeconomia\",\"image\":{\"@type\":\"ImageObject\",\"inLanguage\":\"it-IT\",\"@id\":\"https:\/\/www.italiaeconomiaonline.it\/web\/#\/schema\/person\/image\/\",\"url\":\"https:\/\/secure.gravatar.com\/avatar\/cedca10ce7416a579b9fa6bce9c0a8f2?s=96&d=mm&r=g\",\"contentUrl\":\"https:\/\/secure.gravatar.com\/avatar\/cedca10ce7416a579b9fa6bce9c0a8f2?s=96&d=mm&r=g\",\"caption\":\"ladyitaliaeconomia\"},\"url\":\"https:\/\/www.italiaeconomiaonline.it\/web\/author\/ladyitaliaeconomia\/\"}]}<\/script>\n<!-- \/ Yoast SEO plugin. -->","yoast_head_json":{"title":"Banda ultralarga: presto internet ultraveloce in 600 Comuni -","robots":{"index":"index","follow":"follow","max-snippet":"max-snippet:-1","max-image-preview":"max-image-preview:large","max-video-preview":"max-video-preview:-1"},"canonical":"https:\/\/www.italiaeconomiaonline.it\/web\/banda-ultralarga-presto-internet-ultraveloce-in-600-comuni\/","og_locale":"it_IT","og_type":"article","og_title":"Banda ultralarga: presto internet ultraveloce in 600 Comuni -","og_description":"Infratel Italia e TIM hanno siglato un accordo che consentir\u00e0 di \u201caccendere\u201d tutte le infrastrutture di accesso della rete pubblica in fibra ottica realizzata da Infratel in 8 Regioni (Abruzzo, Sardegna, Toscana, Puglia, Calabria, Lazio, Lombardia e Marche) in circa 600 Comuni oggetto dell\u2019intervento con il modello diretto, accelerando in tal modo lo sviluppo delle [&hellip;]","og_url":"https:\/\/www.italiaeconomiaonline.it\/web\/banda-ultralarga-presto-internet-ultraveloce-in-600-comuni\/","og_site_name":"ItaliaEconomiaOnline","article_published_time":"2019-07-31T07:51:12+00:00","article_modified_time":"2019-07-31T07:55:07+00:00","og_image":[{"width":960,"height":640,"url":"https:\/\/www.italiaeconomiaonline.it\/web\/wp-content\/uploads\/2019\/06\/lavoro-2.jpg","type":"image\/jpeg"}],"author":"ladyitaliaeconomia","twitter_card":"summary_large_image","twitter_misc":{"Scritto da":"ladyitaliaeconomia","Tempo di lettura stimato":"2 minuti"},"schema":{"@context":"https:\/\/schema.org","@graph":[{"@type":"WebPage","@id":"https:\/\/www.italiaeconomiaonline.it\/web\/banda-ultralarga-presto-internet-ultraveloce-in-600-comuni\/","url":"https:\/\/www.italiaeconomiaonline.it\/web\/banda-ultralarga-presto-internet-ultraveloce-in-600-comuni\/","name":"Banda ultralarga: presto internet ultraveloce in 600 Comuni -","isPartOf":{"@id":"https:\/\/www.italiaeconomiaonline.it\/web\/#website"},"primaryImageOfPage":{"@id":"https:\/\/www.italiaeconomiaonline.it\/web\/banda-ultralarga-presto-internet-ultraveloce-in-600-comuni\/#primaryimage"},"image":{"@id":"https:\/\/www.italiaeconomiaonline.it\/web\/banda-ultralarga-presto-internet-ultraveloce-in-600-comuni\/#primaryimage"},"thumbnailUrl":"https:\/\/www.italiaeconomiaonline.it\/web\/wp-content\/uploads\/2019\/06\/lavoro-2.jpg","datePublished":"2019-07-31T07:51:12+00:00","dateModified":"2019-07-31T07:55:07+00:00","author":{"@id":"https:\/\/www.italiaeconomiaonline.it\/web\/#\/schema\/person\/909a49cce752523b020fbc37d5ab1c31"},"breadcrumb":{"@id":"https:\/\/www.italiaeconomiaonline.it\/web\/banda-ultralarga-presto-internet-ultraveloce-in-600-comuni\/#breadcrumb"},"inLanguage":"it-IT","potentialAction":[{"@type":"ReadAction","target":["https:\/\/www.italiaeconomiaonline.it\/web\/banda-ultralarga-presto-internet-ultraveloce-in-600-comuni\/"]}]},{"@type":"ImageObject","inLanguage":"it-IT","@id":"https:\/\/www.italiaeconomiaonline.it\/web\/banda-ultralarga-presto-internet-ultraveloce-in-600-comuni\/#primaryimage","url":"https:\/\/www.italiaeconomiaonline.it\/web\/wp-content\/uploads\/2019\/06\/lavoro-2.jpg","contentUrl":"https:\/\/www.italiaeconomiaonline.it\/web\/wp-content\/uploads\/2019\/06\/lavoro-2.jpg","width":960,"height":640},{"@type":"BreadcrumbList","@id":"https:\/\/www.italiaeconomiaonline.it\/web\/banda-ultralarga-presto-internet-ultraveloce-in-600-comuni\/#breadcrumb","itemListElement":[{"@type":"ListItem","position":1,"name":"Home","item":"https:\/\/www.italiaeconomiaonline.it\/web\/"},{"@type":"ListItem","position":2,"name":"Banda ultralarga: presto internet ultraveloce in 600 Comuni"}]},{"@type":"WebSite","@id":"https:\/\/www.italiaeconomiaonline.it\/web\/#website","url":"https:\/\/www.italiaeconomiaonline.it\/web\/","name":"ItaliaEconomiaOnline","description":"Quotidiano Economico Online","potentialAction":[{"@type":"SearchAction","target":{"@type":"EntryPoint","urlTemplate":"https:\/\/www.italiaeconomiaonline.it\/web\/?s={search_term_string}"},"query-input":"required name=search_term_string"}],"inLanguage":"it-IT"},{"@type":"Person","@id":"https:\/\/www.italiaeconomiaonline.it\/web\/#\/schema\/person\/909a49cce752523b020fbc37d5ab1c31","name":"ladyitaliaeconomia","image":{"@type":"ImageObject","inLanguage":"it-IT","@id":"https:\/\/www.italiaeconomiaonline.it\/web\/#\/schema\/person\/image\/","url":"https:\/\/secure.gravatar.com\/avatar\/cedca10ce7416a579b9fa6bce9c0a8f2?s=96&d=mm&r=g","contentUrl":"https:\/\/secure.gravatar.com\/avatar\/cedca10ce7416a579b9fa6bce9c0a8f2?s=96&d=mm&r=g","caption":"ladyitaliaeconomia"},"url":"https:\/\/www.italiaeconomiaonline.it\/web\/author\/ladyitaliaeconomia\/"}]}},"_links":{"self":[{"href":"https:\/\/www.italiaeconomiaonline.it\/web\/wp-json\/wp\/v2\/posts\/1460"}],"collection":[{"href":"https:\/\/www.italiaeconomiaonline.it\/web\/wp-json\/wp\/v2\/posts"}],"about":[{"href":"https:\/\/www.italiaeconomiaonline.it\/web\/wp-json\/wp\/v2\/types\/post"}],"author":[{"embeddable":true,"href":"https:\/\/www.italiaeconomiaonline.it\/web\/wp-json\/wp\/v2\/users\/1"}],"replies":[{"embeddable":true,"href":"https:\/\/www.italiaeconomiaonline.it\/web\/wp-json\/wp\/v2\/comments?post=1460"}],"version-history":[{"count":1,"href":"https:\/\/www.italiaeconomiaonline.it\/web\/wp-json\/wp\/v2\/posts\/1460\/revisions"}],"predecessor-version":[{"id":1461,"href":"https:\/\/www.italiaeconomiaonline.it\/web\/wp-json\/wp\/v2\/posts\/1460\/revisions\/1461"}],"wp:featuredmedia":[{"embeddable":true,"href":"https:\/\/www.italiaeconomiaonline.it\/web\/wp-json\/wp\/v2\/media\/1007"}],"wp:attachment":[{"href":"https:\/\/www.italiaeconomiaonline.it\/web\/wp-json\/wp\/v2\/media?parent=1460"}],"wp:term":[{"taxonomy":"category","embeddable":true,"href":"https:\/\/www.italiaeconomiaonline.it\/web\/wp-json\/wp\/v2\/categories?post=1460"},{"taxonomy":"post_tag","embeddable":true,"href":"https:\/\/www.italiaeconomiaonline.it\/web\/wp-json\/wp\/v2\/tags?post=1460"}],"curies":[{"name":"wp","href":"https:\/\/api.w.org\/{rel}","templated":true}]}}