{"id":1564,"date":"2019-08-21T12:47:27","date_gmt":"2019-08-21T10:47:27","guid":{"rendered":"http:\/\/www.italiaeconomiaonline.it\/web\/?p=1564"},"modified":"2019-08-24T10:26:40","modified_gmt":"2019-08-24T08:26:40","slug":"crisi-di-governo-e-aumento-delliva-quanto-costeranno-le-bollette-luce-e-gas","status":"publish","type":"post","link":"https:\/\/www.italiaeconomiaonline.it\/web\/crisi-di-governo-e-aumento-delliva-quanto-costeranno-le-bollette-luce-e-gas\/","title":{"rendered":"Crisi di Governo e aumento dell&#8217;IVA: quanto costeranno le bollette luce e gas"},"content":{"rendered":"<p><span class=\"dropcap dropcap3\">L<\/span>a crisi di governo evoca il fantasma dell&#8217;aumento dell&#8217;IVA. Se davvero l&#8217;imposta sul valore aggiunto salisse al 25,2% nel corso del 2020, a risentirne di pi\u00f9 sarebbero gli utenti in regime di maggior tutela, con fatture della luce gonfiate del 9,39%.<\/p>\n<p>Prezzi maggiorati ma non di troppo invece, per i consumatori passati a un&#8217;offerta del mercato libero.<\/p>\n<p>L&#8217;ultimo studio SosTariffe.it ha simulato i rincari delle fatture luce e gas in caso di aumento della pressione impositiva<\/p>\n<p><strong><em>\u00a0<\/em><\/strong>Con la caduta del governo e il rischio di elezioni anticipate, la possibilit\u00e0 che la legge di Bilancio venga approvata nei tempi previsti dalla legge diventa sempre pi\u00f9 remota.<\/p>\n<p>Al tempo stesso si fa concreto invece lo spettro dell\u2019aumento dell\u2019IVA. Per evitarlo servirebbero 23,1 miliardi solo per il 2020. Se non si innalzano altre imposte, non si taglia la spesa o incrementa il deficit, dall\u20191 gennaio l&#8217;<strong>aliquota ordinaria salir\u00e0 dal 22 al 25,2%<\/strong> e quella <strong>ridotta dal 10 al 13%<\/strong>.<\/p>\n<p>Tutta \u2018colpa\u2019 delle cosiddette \u201c<strong>clausole di salvaguardia<\/strong>\u201d che stabiliscono l&#8217;incremento automatico di Iva e accise, in caso non si raggiungano determinati obiettivi di bilancio, in particolare quelli imposti dall\u2019Ue. Di quanto aumenterebbero le bollette di luce e gas?<\/p>\n<p>L&#8217;ultimo studio <a href=\"https:\/\/www.sostariffe.it\/energia-elettrica\/\">SosTariffe.it<\/a> ha simulato gli eventuali rincari delle utenze domestiche e quanto peserebbero sulle tasche delle famiglie, distinguendo tra chi \u00e8 ancora in regime maggior tutela e chi nel frattempo \u00e8 passato a un operatore del mercato libero.<\/p>\n<p><strong><u>Luce: l&#8217;aumento IVA pesa soprattutto sugli utenti in maggior tutela<\/u><\/strong><\/p>\n<p>In base ai risultati dell\u2019indagine, a risentire di pi\u00f9 dell&#8217;aumento dell&#8217;IVA sarebbero gli utenti in regime di maggior tutela. Sulle fratture residenziali della corrente elettrica a oggi si applica un&#8217;imposta valore aggiunto del 10%. Il prelievo fiscale, in caso di esercizio provvisorio, salirebbe al 13%.<\/p>\n<p>Lo studio SosTariffe.it ha preso in esame un utente-tipo con un consumo annuo di 2700 kWh, distribuiti per met\u00e0 nella fascia F1 e per l&#8217;altra met\u00e0 nelle fasce F2 e F3.<\/p>\n<p>Ne \u00e8 emerso che, se nel corso del 2019 il consumatore considerato aveva una spesa annua per la luce di 628,32 euro, con l&#8217;eventuale innalzamento IVA, nel corso dell\u2019anno 2020 spenderebbe la bellezza di 687,30 euro (circa il 9,39% in pi\u00f9).<\/p>\n<p>Lo studio ha rilevato invece, che l&#8217;aumento del prelievo impositivo graverebbe meno su un consumatore del mercato libero. Un utente, con i medesimi consumi, il quale usufruisca di una fornitura di corrente elettrica ai prezzi del mercato libero, in media, con l\u2019offerta pi\u00f9 economica, spende all&#8217;anno 492, 48 euro. Nel 2020, in caso di aumento dell&#8217;iva, ne spenderebbe invece 505,10 euro (&#8220;solo&#8221; il 2,56% in pi\u00f9).<\/p>\n<p><strong><u>Gas: se l&#8217;IVA sale, le tariffe non cambiano di molto<\/u><\/strong><\/p>\n<p>Diversa la situazione per le bollette del gas, che contrariamente a quelle della luce, non risentirebbero tanto degli aumenti IVA.<\/p>\n<p>A oggi, lo ricordiamo, per un consumo di gas compreso entro i 480 metri cubi l&#8217;anno, l&#8217;IVA applicata alle fatture \u00e8 pari al 10% e rischia di salire al 13%. Mentre invece, per consumi maggiori ai 480 metri cubi, imposta sul valore aggiunto applicata oggi \u00e8 pari al 22%, e in caso d\u2019incremento, salirebbe al 25,2%.<\/p>\n<p>Le tariffe attuali, per un consumatore tipo in regime di maggior tutela con un consumo annuo di 1400 metri cubi di gas, si traducono in bollette per <strong>1067,24 euro annuali.<\/strong> La cifra da spendere nel corso di un anno intero invece, in caso di aumento dell&#8217;IVA, salirebbe a 1091,92 (circa il 2,31% in pi\u00f9).<\/p>\n<p>Anche su un consumatore tipo che ha aderito a un\u2019offerta del mercato libero con lo stesso fabbisogno di gas annuale, l&#8217;aumento dell&#8217;Iva non inciderebbe pi\u00f9 di tanto. Se le bollette di un intero anno si aggirano ora sui 987, 87 euro, nel corso del 2020 schizzerebbero a 1009,37 (circa il 2,18% in pi\u00f9).<\/p>\n<p><strong><u>Luce e gas: a risentire dell\u2019aumento IVA \u00e8 il mercato tutelato dell\u2019energia <\/u><\/strong><\/p>\n<p>Tirando le somme degli eventuali rincari in caso di aumento dell&#8217;IVA, salta all\u2019occhio come a pagarne di pi\u00f9 le spese nel complesso sarebbero gli utenti che godono del regime di maggior tutela.<\/p>\n<p>Questi ultimi infatti, se complessivamente nel 2019, tenuto conto delle bollette sia di luce che di gas, spendevano circa 1695,56 euro annui, con l&#8217;eventuale aumento dell&#8217;imposizione arriverebbero nel 2020 a spendere 1779,22 euro (circa il 4,93% in pi\u00f9).<\/p>\n<p>Le variazioni fiscali peserebbero invece meno sui consumatori che nel frattempo sono passati a un&#8217;offerta del mercato libero.<\/p>\n<p>La simulazione di SosTariffe.it, effettuata nel mese di agosto 2019 infatti, ha evidenziato come in questo caso gli aumenti inciderebbero molto meno sul &#8220;bilancio energetico&#8221; familiare.<\/p>\n<p>Se si considera la spesa media stimata per le bollette luce e gas nel corso dell&#8217;anno 2019, l&#8217;utente del mercato libero attualmente spende in media 1480,36 euro. Con l\u2019eventuale innalzamento dell&#8217;IVA ipotizzato dallo studio, la somma delle due utenze comporterebbe invece una spesa annuale pari a 1514,46 euro (soltanto il 2,30% in pi\u00f9).<\/p>\n<p>Se vogliamo ricercare i prezzi pi\u00f9 bassi per le nostre esigenze di consumo, qualsiasi sia il nostro profilo di spesa luce e gas, ed eventualmente valutare il passaggio a un fornitore del mercato libero, possiamo utilizzare<strong> il comparatore di SosTariffe.it<\/strong>, grazie al quale sono stati rilevati alcuni dati di questa indagine: <a href=\"https:\/\/www.sostariffe.it\/energia-elettrica\/\">https:\/\/www.sostariffe.it\/energia-elettrica\/<\/a>.<\/p>\n<p>Inoltre, grazie all\u2019<a href=\"https:\/\/www.sostariffe.it\/app\/\">app SosTariffe.it<\/a> per dispositivi mobili,scaricabile gratis da iOs e Android store, \u00e8 agevole confrontare i prezzi delle tariffe ovunque ci troviamo in pochi clic. Ricercare i prezzi pi\u00f9 bassi e tenere sotto controllo i consumi legati alle utenze domestiche diventer\u00e0 un gioco da ragazzi.<\/p>\n<p>Grazie poi alla funzione &#8220;<strong>Scatta e risparmia<\/strong>&#8220;, basta registrarsi e scattare una fotografia della propria bolletta di luce o gas tramite l&#8217;applicazione per ottenere in breve tempo una consulenza mirata al proprio profilo di consumo da parte degli esperti del comparatore.<\/p>\n","protected":false},"excerpt":{"rendered":"<p>La crisi di governo evoca il fantasma dell&#8217;aumento dell&#8217;IVA. Se davvero l&#8217;imposta sul valore aggiunto salisse al 25,2% nel corso del 2020, a risentirne di pi\u00f9 sarebbero gli utenti in regime di maggior tutela, con fatture della luce gonfiate del 9,39%. Prezzi maggiorati ma non di troppo invece, per i consumatori passati a un&#8217;offerta del [&hellip;]<\/p>\n","protected":false},"author":1,"featured_media":1478,"comment_status":"closed","ping_status":"open","sticky":false,"template":"","format":"standard","meta":{"footnotes":""},"categories":[56],"tags":[671,670,669],"yoast_head":"<!-- This site is optimized with the Yoast SEO plugin v22.2 - https:\/\/yoast.com\/wordpress\/plugins\/seo\/ -->\n<title>Crisi di Governo e aumento dell&#039;IVA: quanto costeranno le bollette luce e gas -<\/title>\n<meta name=\"robots\" content=\"index, follow, max-snippet:-1, max-image-preview:large, max-video-preview:-1\" \/>\n<link rel=\"canonical\" href=\"https:\/\/www.italiaeconomiaonline.it\/web\/crisi-di-governo-e-aumento-delliva-quanto-costeranno-le-bollette-luce-e-gas\/\" \/>\n<meta property=\"og:locale\" content=\"it_IT\" \/>\n<meta property=\"og:type\" content=\"article\" \/>\n<meta property=\"og:title\" content=\"Crisi di Governo e aumento dell&#039;IVA: quanto costeranno le bollette luce e gas -\" \/>\n<meta property=\"og:description\" content=\"La crisi di governo evoca il fantasma dell&#8217;aumento dell&#8217;IVA. Se davvero l&#8217;imposta sul valore aggiunto salisse al 25,2% nel corso del 2020, a risentirne di pi\u00f9 sarebbero gli utenti in regime di maggior tutela, con fatture della luce gonfiate del 9,39%. Prezzi maggiorati ma non di troppo invece, per i consumatori passati a un&#8217;offerta del [&hellip;]\" \/>\n<meta property=\"og:url\" content=\"https:\/\/www.italiaeconomiaonline.it\/web\/crisi-di-governo-e-aumento-delliva-quanto-costeranno-le-bollette-luce-e-gas\/\" \/>\n<meta property=\"og:site_name\" content=\"ItaliaEconomiaOnline\" \/>\n<meta property=\"article:published_time\" content=\"2019-08-21T10:47:27+00:00\" \/>\n<meta property=\"article:modified_time\" content=\"2019-08-24T08:26:40+00:00\" \/>\n<meta property=\"og:image\" content=\"https:\/\/www.italiaeconomiaonline.it\/web\/wp-content\/uploads\/2019\/08\/crisi.jpg\" \/>\n\t<meta property=\"og:image:width\" content=\"944\" \/>\n\t<meta property=\"og:image:height\" content=\"720\" \/>\n\t<meta property=\"og:image:type\" content=\"image\/jpeg\" \/>\n<meta name=\"author\" content=\"ladyitaliaeconomia\" \/>\n<meta name=\"twitter:card\" content=\"summary_large_image\" \/>\n<meta name=\"twitter:label1\" content=\"Scritto da\" \/>\n\t<meta name=\"twitter:data1\" content=\"ladyitaliaeconomia\" \/>\n\t<meta name=\"twitter:label2\" content=\"Tempo di lettura stimato\" \/>\n\t<meta name=\"twitter:data2\" content=\"5 minuti\" \/>\n<script type=\"application\/ld+json\" class=\"yoast-schema-graph\">{\"@context\":\"https:\/\/schema.org\",\"@graph\":[{\"@type\":\"WebPage\",\"@id\":\"https:\/\/www.italiaeconomiaonline.it\/web\/crisi-di-governo-e-aumento-delliva-quanto-costeranno-le-bollette-luce-e-gas\/\",\"url\":\"https:\/\/www.italiaeconomiaonline.it\/web\/crisi-di-governo-e-aumento-delliva-quanto-costeranno-le-bollette-luce-e-gas\/\",\"name\":\"Crisi di Governo e aumento dell'IVA: quanto costeranno le bollette luce e gas -\",\"isPartOf\":{\"@id\":\"https:\/\/www.italiaeconomiaonline.it\/web\/#website\"},\"primaryImageOfPage\":{\"@id\":\"https:\/\/www.italiaeconomiaonline.it\/web\/crisi-di-governo-e-aumento-delliva-quanto-costeranno-le-bollette-luce-e-gas\/#primaryimage\"},\"image\":{\"@id\":\"https:\/\/www.italiaeconomiaonline.it\/web\/crisi-di-governo-e-aumento-delliva-quanto-costeranno-le-bollette-luce-e-gas\/#primaryimage\"},\"thumbnailUrl\":\"https:\/\/www.italiaeconomiaonline.it\/web\/wp-content\/uploads\/2019\/08\/crisi.jpg\",\"datePublished\":\"2019-08-21T10:47:27+00:00\",\"dateModified\":\"2019-08-24T08:26:40+00:00\",\"author\":{\"@id\":\"https:\/\/www.italiaeconomiaonline.it\/web\/#\/schema\/person\/909a49cce752523b020fbc37d5ab1c31\"},\"breadcrumb\":{\"@id\":\"https:\/\/www.italiaeconomiaonline.it\/web\/crisi-di-governo-e-aumento-delliva-quanto-costeranno-le-bollette-luce-e-gas\/#breadcrumb\"},\"inLanguage\":\"it-IT\",\"potentialAction\":[{\"@type\":\"ReadAction\",\"target\":[\"https:\/\/www.italiaeconomiaonline.it\/web\/crisi-di-governo-e-aumento-delliva-quanto-costeranno-le-bollette-luce-e-gas\/\"]}]},{\"@type\":\"ImageObject\",\"inLanguage\":\"it-IT\",\"@id\":\"https:\/\/www.italiaeconomiaonline.it\/web\/crisi-di-governo-e-aumento-delliva-quanto-costeranno-le-bollette-luce-e-gas\/#primaryimage\",\"url\":\"https:\/\/www.italiaeconomiaonline.it\/web\/wp-content\/uploads\/2019\/08\/crisi.jpg\",\"contentUrl\":\"https:\/\/www.italiaeconomiaonline.it\/web\/wp-content\/uploads\/2019\/08\/crisi.jpg\",\"width\":944,\"height\":720},{\"@type\":\"BreadcrumbList\",\"@id\":\"https:\/\/www.italiaeconomiaonline.it\/web\/crisi-di-governo-e-aumento-delliva-quanto-costeranno-le-bollette-luce-e-gas\/#breadcrumb\",\"itemListElement\":[{\"@type\":\"ListItem\",\"position\":1,\"name\":\"Home\",\"item\":\"https:\/\/www.italiaeconomiaonline.it\/web\/\"},{\"@type\":\"ListItem\",\"position\":2,\"name\":\"Crisi di Governo e aumento dell&#8217;IVA: quanto costeranno le bollette luce e gas\"}]},{\"@type\":\"WebSite\",\"@id\":\"https:\/\/www.italiaeconomiaonline.it\/web\/#website\",\"url\":\"https:\/\/www.italiaeconomiaonline.it\/web\/\",\"name\":\"ItaliaEconomiaOnline\",\"description\":\"Quotidiano Economico Online\",\"potentialAction\":[{\"@type\":\"SearchAction\",\"target\":{\"@type\":\"EntryPoint\",\"urlTemplate\":\"https:\/\/www.italiaeconomiaonline.it\/web\/?s={search_term_string}\"},\"query-input\":\"required name=search_term_string\"}],\"inLanguage\":\"it-IT\"},{\"@type\":\"Person\",\"@id\":\"https:\/\/www.italiaeconomiaonline.it\/web\/#\/schema\/person\/909a49cce752523b020fbc37d5ab1c31\",\"name\":\"ladyitaliaeconomia\",\"image\":{\"@type\":\"ImageObject\",\"inLanguage\":\"it-IT\",\"@id\":\"https:\/\/www.italiaeconomiaonline.it\/web\/#\/schema\/person\/image\/\",\"url\":\"https:\/\/secure.gravatar.com\/avatar\/cedca10ce7416a579b9fa6bce9c0a8f2?s=96&d=mm&r=g\",\"contentUrl\":\"https:\/\/secure.gravatar.com\/avatar\/cedca10ce7416a579b9fa6bce9c0a8f2?s=96&d=mm&r=g\",\"caption\":\"ladyitaliaeconomia\"},\"url\":\"https:\/\/www.italiaeconomiaonline.it\/web\/author\/ladyitaliaeconomia\/\"}]}<\/script>\n<!-- \/ Yoast SEO plugin. -->","yoast_head_json":{"title":"Crisi di Governo e aumento dell'IVA: quanto costeranno le bollette luce e gas -","robots":{"index":"index","follow":"follow","max-snippet":"max-snippet:-1","max-image-preview":"max-image-preview:large","max-video-preview":"max-video-preview:-1"},"canonical":"https:\/\/www.italiaeconomiaonline.it\/web\/crisi-di-governo-e-aumento-delliva-quanto-costeranno-le-bollette-luce-e-gas\/","og_locale":"it_IT","og_type":"article","og_title":"Crisi di Governo e aumento dell'IVA: quanto costeranno le bollette luce e gas -","og_description":"La crisi di governo evoca il fantasma dell&#8217;aumento dell&#8217;IVA. Se davvero l&#8217;imposta sul valore aggiunto salisse al 25,2% nel corso del 2020, a risentirne di pi\u00f9 sarebbero gli utenti in regime di maggior tutela, con fatture della luce gonfiate del 9,39%. Prezzi maggiorati ma non di troppo invece, per i consumatori passati a un&#8217;offerta del [&hellip;]","og_url":"https:\/\/www.italiaeconomiaonline.it\/web\/crisi-di-governo-e-aumento-delliva-quanto-costeranno-le-bollette-luce-e-gas\/","og_site_name":"ItaliaEconomiaOnline","article_published_time":"2019-08-21T10:47:27+00:00","article_modified_time":"2019-08-24T08:26:40+00:00","og_image":[{"width":944,"height":720,"url":"https:\/\/www.italiaeconomiaonline.it\/web\/wp-content\/uploads\/2019\/08\/crisi.jpg","type":"image\/jpeg"}],"author":"ladyitaliaeconomia","twitter_card":"summary_large_image","twitter_misc":{"Scritto da":"ladyitaliaeconomia","Tempo di lettura stimato":"5 minuti"},"schema":{"@context":"https:\/\/schema.org","@graph":[{"@type":"WebPage","@id":"https:\/\/www.italiaeconomiaonline.it\/web\/crisi-di-governo-e-aumento-delliva-quanto-costeranno-le-bollette-luce-e-gas\/","url":"https:\/\/www.italiaeconomiaonline.it\/web\/crisi-di-governo-e-aumento-delliva-quanto-costeranno-le-bollette-luce-e-gas\/","name":"Crisi di Governo e aumento dell'IVA: quanto costeranno le bollette luce e gas -","isPartOf":{"@id":"https:\/\/www.italiaeconomiaonline.it\/web\/#website"},"primaryImageOfPage":{"@id":"https:\/\/www.italiaeconomiaonline.it\/web\/crisi-di-governo-e-aumento-delliva-quanto-costeranno-le-bollette-luce-e-gas\/#primaryimage"},"image":{"@id":"https:\/\/www.italiaeconomiaonline.it\/web\/crisi-di-governo-e-aumento-delliva-quanto-costeranno-le-bollette-luce-e-gas\/#primaryimage"},"thumbnailUrl":"https:\/\/www.italiaeconomiaonline.it\/web\/wp-content\/uploads\/2019\/08\/crisi.jpg","datePublished":"2019-08-21T10:47:27+00:00","dateModified":"2019-08-24T08:26:40+00:00","author":{"@id":"https:\/\/www.italiaeconomiaonline.it\/web\/#\/schema\/person\/909a49cce752523b020fbc37d5ab1c31"},"breadcrumb":{"@id":"https:\/\/www.italiaeconomiaonline.it\/web\/crisi-di-governo-e-aumento-delliva-quanto-costeranno-le-bollette-luce-e-gas\/#breadcrumb"},"inLanguage":"it-IT","potentialAction":[{"@type":"ReadAction","target":["https:\/\/www.italiaeconomiaonline.it\/web\/crisi-di-governo-e-aumento-delliva-quanto-costeranno-le-bollette-luce-e-gas\/"]}]},{"@type":"ImageObject","inLanguage":"it-IT","@id":"https:\/\/www.italiaeconomiaonline.it\/web\/crisi-di-governo-e-aumento-delliva-quanto-costeranno-le-bollette-luce-e-gas\/#primaryimage","url":"https:\/\/www.italiaeconomiaonline.it\/web\/wp-content\/uploads\/2019\/08\/crisi.jpg","contentUrl":"https:\/\/www.italiaeconomiaonline.it\/web\/wp-content\/uploads\/2019\/08\/crisi.jpg","width":944,"height":720},{"@type":"BreadcrumbList","@id":"https:\/\/www.italiaeconomiaonline.it\/web\/crisi-di-governo-e-aumento-delliva-quanto-costeranno-le-bollette-luce-e-gas\/#breadcrumb","itemListElement":[{"@type":"ListItem","position":1,"name":"Home","item":"https:\/\/www.italiaeconomiaonline.it\/web\/"},{"@type":"ListItem","position":2,"name":"Crisi di Governo e aumento dell&#8217;IVA: quanto costeranno le bollette luce e gas"}]},{"@type":"WebSite","@id":"https:\/\/www.italiaeconomiaonline.it\/web\/#website","url":"https:\/\/www.italiaeconomiaonline.it\/web\/","name":"ItaliaEconomiaOnline","description":"Quotidiano Economico Online","potentialAction":[{"@type":"SearchAction","target":{"@type":"EntryPoint","urlTemplate":"https:\/\/www.italiaeconomiaonline.it\/web\/?s={search_term_string}"},"query-input":"required name=search_term_string"}],"inLanguage":"it-IT"},{"@type":"Person","@id":"https:\/\/www.italiaeconomiaonline.it\/web\/#\/schema\/person\/909a49cce752523b020fbc37d5ab1c31","name":"ladyitaliaeconomia","image":{"@type":"ImageObject","inLanguage":"it-IT","@id":"https:\/\/www.italiaeconomiaonline.it\/web\/#\/schema\/person\/image\/","url":"https:\/\/secure.gravatar.com\/avatar\/cedca10ce7416a579b9fa6bce9c0a8f2?s=96&d=mm&r=g","contentUrl":"https:\/\/secure.gravatar.com\/avatar\/cedca10ce7416a579b9fa6bce9c0a8f2?s=96&d=mm&r=g","caption":"ladyitaliaeconomia"},"url":"https:\/\/www.italiaeconomiaonline.it\/web\/author\/ladyitaliaeconomia\/"}]}},"_links":{"self":[{"href":"https:\/\/www.italiaeconomiaonline.it\/web\/wp-json\/wp\/v2\/posts\/1564"}],"collection":[{"href":"https:\/\/www.italiaeconomiaonline.it\/web\/wp-json\/wp\/v2\/posts"}],"about":[{"href":"https:\/\/www.italiaeconomiaonline.it\/web\/wp-json\/wp\/v2\/types\/post"}],"author":[{"embeddable":true,"href":"https:\/\/www.italiaeconomiaonline.it\/web\/wp-json\/wp\/v2\/users\/1"}],"replies":[{"embeddable":true,"href":"https:\/\/www.italiaeconomiaonline.it\/web\/wp-json\/wp\/v2\/comments?post=1564"}],"version-history":[{"count":1,"href":"https:\/\/www.italiaeconomiaonline.it\/web\/wp-json\/wp\/v2\/posts\/1564\/revisions"}],"predecessor-version":[{"id":1565,"href":"https:\/\/www.italiaeconomiaonline.it\/web\/wp-json\/wp\/v2\/posts\/1564\/revisions\/1565"}],"wp:featuredmedia":[{"embeddable":true,"href":"https:\/\/www.italiaeconomiaonline.it\/web\/wp-json\/wp\/v2\/media\/1478"}],"wp:attachment":[{"href":"https:\/\/www.italiaeconomiaonline.it\/web\/wp-json\/wp\/v2\/media?parent=1564"}],"wp:term":[{"taxonomy":"category","embeddable":true,"href":"https:\/\/www.italiaeconomiaonline.it\/web\/wp-json\/wp\/v2\/categories?post=1564"},{"taxonomy":"post_tag","embeddable":true,"href":"https:\/\/www.italiaeconomiaonline.it\/web\/wp-json\/wp\/v2\/tags?post=1564"}],"curies":[{"name":"wp","href":"https:\/\/api.w.org\/{rel}","templated":true}]}}