{"id":1595,"date":"2019-08-29T09:31:03","date_gmt":"2019-08-29T07:31:03","guid":{"rendered":"http:\/\/www.italiaeconomiaonline.it\/web\/?p=1595"},"modified":"2019-08-29T09:31:03","modified_gmt":"2019-08-29T07:31:03","slug":"istat-in-calo-fiducia-consumatori-e-imprese","status":"publish","type":"post","link":"https:\/\/www.italiaeconomiaonline.it\/web\/istat-in-calo-fiducia-consumatori-e-imprese\/","title":{"rendered":"Istat: in calo fiducia consumatori e imprese"},"content":{"rendered":"<p><span class=\"dropcap dropcap3\">A<\/span>d agosto 2019 si stima una flessione dell\u2019indice del clima di fiducia dei consumatori da 113,3 a 111,9; anche per l\u2019indice composito del clima di fiducia delle imprese si registra un calo (da 101,2 a 98,9).<\/p>\n<p>La diminuzione dell\u2019indice di fiducia dei consumatori \u00e8 generalizzata ma presenta intensit\u00e0 diverse tra le sue componenti: la componente economica e quella futura registrano le flessioni pi\u00f9 marcate passando, rispettivamente, da 129,6 a 127,8 e da 117,4 a 115,4. Si rileva un calo pi\u00f9 contenuto per il clima personale (da 108,0 a 107,0) e per quello corrente (da 111,1 a 110,0).<\/p>\n<p>Con riferimento alle imprese, l\u2019indice di fiducia diminuisce in tutti i comparti con l\u2019unica eccezione rappresentata dal commercio al dettaglio dove rimane sostanzialmente stabile (da 110,0 a 109,9). In particolare, il settore delle costruzioni e quello dei servizi subiscono il calo pi\u00f9 marcato (rispettivamente, da 142,8 a 140,4 e da 100,0 a 97,4) mentre il deterioramento \u00e8 pi\u00f9 contenuto nella manifattura (da 100,1 a 99,7).<\/p>\n<p>Per quanto riguarda le componenti dei climi di fiducia delle imprese, nell\u2019industria manifatturiera si rileva un peggioramento delle attese di produzione e dei giudizi sulle scorte; invece, i giudizi sugli ordini sono in lieve miglioramento.<\/p>\n<p>Nelle costruzioni la dinamica negativa dell\u2019indice \u00e8 essenzialmente dovuta al marcato peggioramento dei giudizi sugli ordini; le attese sull\u2019occupazione rimangono sostanzialmente stabili.<\/p>\n<p>Nel comparto dei servizi si segnala il deterioramento di tutte le variabili che compongono l\u2019indice di fiducia. Nel commercio al dettaglio il recupero dei giudizi sulle vendite e sulle scorte si unisce ad un deciso calo delle attese sulle vendite future. Si evidenzia che tali dinamiche sono diffuse solo alla grande distribuzione, dove l\u2019indice di fiducia registra un aumento, mentre decisamente peggiore risulta il quadro relativo alla distribuzione tradizionale<\/p>\n<p>&nbsp;<\/p>\n","protected":false},"excerpt":{"rendered":"<p>Ad agosto 2019 si stima una flessione dell\u2019indice del clima di fiducia dei consumatori da 113,3 a 111,9; anche per l\u2019indice composito del clima di fiducia delle imprese si registra un calo (da 101,2 a 98,9). La diminuzione dell\u2019indice di fiducia dei consumatori \u00e8 generalizzata ma presenta intensit\u00e0 diverse tra le sue componenti: la componente [&hellip;]<\/p>\n","protected":false},"author":1,"featured_media":1596,"comment_status":"closed","ping_status":"open","sticky":false,"template":"","format":"standard","meta":{"footnotes":""},"categories":[56],"tags":[],"yoast_head":"<!-- This site is optimized with the Yoast SEO plugin v22.2 - https:\/\/yoast.com\/wordpress\/plugins\/seo\/ -->\n<title>Istat: in calo fiducia consumatori e imprese -<\/title>\n<meta name=\"description\" content=\"Ad agosto 2019 si stima una flessione dell\u2019indice del clima di fiducia dei consumatori da 113,3 a 111,9; anche per l\u2019indice composito del clima di\" \/>\n<meta name=\"robots\" content=\"index, follow, max-snippet:-1, max-image-preview:large, max-video-preview:-1\" \/>\n<link rel=\"canonical\" href=\"https:\/\/www.italiaeconomiaonline.it\/web\/istat-in-calo-fiducia-consumatori-e-imprese\/\" \/>\n<meta property=\"og:locale\" content=\"it_IT\" \/>\n<meta property=\"og:type\" content=\"article\" \/>\n<meta property=\"og:title\" content=\"Istat: in calo fiducia consumatori e imprese -\" \/>\n<meta property=\"og:description\" content=\"Ad agosto 2019 si stima una flessione dell\u2019indice del clima di fiducia dei consumatori da 113,3 a 111,9; anche per l\u2019indice composito del clima di\" \/>\n<meta property=\"og:url\" content=\"https:\/\/www.italiaeconomiaonline.it\/web\/istat-in-calo-fiducia-consumatori-e-imprese\/\" \/>\n<meta property=\"og:site_name\" content=\"ItaliaEconomiaOnline\" \/>\n<meta property=\"article:published_time\" content=\"2019-08-29T07:31:03+00:00\" \/>\n<meta property=\"og:image\" content=\"https:\/\/www.italiaeconomiaonline.it\/web\/wp-content\/uploads\/2019\/08\/soldi.jpg\" \/>\n\t<meta property=\"og:image:width\" content=\"960\" \/>\n\t<meta property=\"og:image:height\" content=\"638\" \/>\n\t<meta property=\"og:image:type\" content=\"image\/jpeg\" \/>\n<meta name=\"author\" content=\"ladyitaliaeconomia\" \/>\n<meta name=\"twitter:card\" content=\"summary_large_image\" \/>\n<meta name=\"twitter:label1\" content=\"Scritto da\" \/>\n\t<meta name=\"twitter:data1\" content=\"ladyitaliaeconomia\" \/>\n\t<meta name=\"twitter:label2\" content=\"Tempo di lettura stimato\" \/>\n\t<meta name=\"twitter:data2\" content=\"1 minuto\" \/>\n<script type=\"application\/ld+json\" class=\"yoast-schema-graph\">{\"@context\":\"https:\/\/schema.org\",\"@graph\":[{\"@type\":\"WebPage\",\"@id\":\"https:\/\/www.italiaeconomiaonline.it\/web\/istat-in-calo-fiducia-consumatori-e-imprese\/\",\"url\":\"https:\/\/www.italiaeconomiaonline.it\/web\/istat-in-calo-fiducia-consumatori-e-imprese\/\",\"name\":\"Istat: in calo fiducia consumatori e imprese -\",\"isPartOf\":{\"@id\":\"https:\/\/www.italiaeconomiaonline.it\/web\/#website\"},\"primaryImageOfPage\":{\"@id\":\"https:\/\/www.italiaeconomiaonline.it\/web\/istat-in-calo-fiducia-consumatori-e-imprese\/#primaryimage\"},\"image\":{\"@id\":\"https:\/\/www.italiaeconomiaonline.it\/web\/istat-in-calo-fiducia-consumatori-e-imprese\/#primaryimage\"},\"thumbnailUrl\":\"https:\/\/www.italiaeconomiaonline.it\/web\/wp-content\/uploads\/2019\/08\/soldi.jpg\",\"datePublished\":\"2019-08-29T07:31:03+00:00\",\"dateModified\":\"2019-08-29T07:31:03+00:00\",\"author\":{\"@id\":\"https:\/\/www.italiaeconomiaonline.it\/web\/#\/schema\/person\/909a49cce752523b020fbc37d5ab1c31\"},\"description\":\"Ad agosto 2019 si stima una flessione dell\u2019indice del clima di fiducia dei consumatori da 113,3 a 111,9; anche per l\u2019indice composito del clima di\",\"breadcrumb\":{\"@id\":\"https:\/\/www.italiaeconomiaonline.it\/web\/istat-in-calo-fiducia-consumatori-e-imprese\/#breadcrumb\"},\"inLanguage\":\"it-IT\",\"potentialAction\":[{\"@type\":\"ReadAction\",\"target\":[\"https:\/\/www.italiaeconomiaonline.it\/web\/istat-in-calo-fiducia-consumatori-e-imprese\/\"]}]},{\"@type\":\"ImageObject\",\"inLanguage\":\"it-IT\",\"@id\":\"https:\/\/www.italiaeconomiaonline.it\/web\/istat-in-calo-fiducia-consumatori-e-imprese\/#primaryimage\",\"url\":\"https:\/\/www.italiaeconomiaonline.it\/web\/wp-content\/uploads\/2019\/08\/soldi.jpg\",\"contentUrl\":\"https:\/\/www.italiaeconomiaonline.it\/web\/wp-content\/uploads\/2019\/08\/soldi.jpg\",\"width\":960,\"height\":638},{\"@type\":\"BreadcrumbList\",\"@id\":\"https:\/\/www.italiaeconomiaonline.it\/web\/istat-in-calo-fiducia-consumatori-e-imprese\/#breadcrumb\",\"itemListElement\":[{\"@type\":\"ListItem\",\"position\":1,\"name\":\"Home\",\"item\":\"https:\/\/www.italiaeconomiaonline.it\/web\/\"},{\"@type\":\"ListItem\",\"position\":2,\"name\":\"Istat: in calo fiducia consumatori e imprese\"}]},{\"@type\":\"WebSite\",\"@id\":\"https:\/\/www.italiaeconomiaonline.it\/web\/#website\",\"url\":\"https:\/\/www.italiaeconomiaonline.it\/web\/\",\"name\":\"ItaliaEconomiaOnline\",\"description\":\"Quotidiano Economico Online\",\"potentialAction\":[{\"@type\":\"SearchAction\",\"target\":{\"@type\":\"EntryPoint\",\"urlTemplate\":\"https:\/\/www.italiaeconomiaonline.it\/web\/?s={search_term_string}\"},\"query-input\":\"required name=search_term_string\"}],\"inLanguage\":\"it-IT\"},{\"@type\":\"Person\",\"@id\":\"https:\/\/www.italiaeconomiaonline.it\/web\/#\/schema\/person\/909a49cce752523b020fbc37d5ab1c31\",\"name\":\"ladyitaliaeconomia\",\"image\":{\"@type\":\"ImageObject\",\"inLanguage\":\"it-IT\",\"@id\":\"https:\/\/www.italiaeconomiaonline.it\/web\/#\/schema\/person\/image\/\",\"url\":\"https:\/\/secure.gravatar.com\/avatar\/cedca10ce7416a579b9fa6bce9c0a8f2?s=96&d=mm&r=g\",\"contentUrl\":\"https:\/\/secure.gravatar.com\/avatar\/cedca10ce7416a579b9fa6bce9c0a8f2?s=96&d=mm&r=g\",\"caption\":\"ladyitaliaeconomia\"},\"url\":\"https:\/\/www.italiaeconomiaonline.it\/web\/author\/ladyitaliaeconomia\/\"}]}<\/script>\n<!-- \/ Yoast SEO plugin. -->","yoast_head_json":{"title":"Istat: in calo fiducia consumatori e imprese -","description":"Ad agosto 2019 si stima una flessione dell\u2019indice del clima di fiducia dei consumatori da 113,3 a 111,9; anche per l\u2019indice composito del clima di","robots":{"index":"index","follow":"follow","max-snippet":"max-snippet:-1","max-image-preview":"max-image-preview:large","max-video-preview":"max-video-preview:-1"},"canonical":"https:\/\/www.italiaeconomiaonline.it\/web\/istat-in-calo-fiducia-consumatori-e-imprese\/","og_locale":"it_IT","og_type":"article","og_title":"Istat: in calo fiducia consumatori e imprese -","og_description":"Ad agosto 2019 si stima una flessione dell\u2019indice del clima di fiducia dei consumatori da 113,3 a 111,9; anche per l\u2019indice composito del clima di","og_url":"https:\/\/www.italiaeconomiaonline.it\/web\/istat-in-calo-fiducia-consumatori-e-imprese\/","og_site_name":"ItaliaEconomiaOnline","article_published_time":"2019-08-29T07:31:03+00:00","og_image":[{"width":960,"height":638,"url":"https:\/\/www.italiaeconomiaonline.it\/web\/wp-content\/uploads\/2019\/08\/soldi.jpg","type":"image\/jpeg"}],"author":"ladyitaliaeconomia","twitter_card":"summary_large_image","twitter_misc":{"Scritto da":"ladyitaliaeconomia","Tempo di lettura stimato":"1 minuto"},"schema":{"@context":"https:\/\/schema.org","@graph":[{"@type":"WebPage","@id":"https:\/\/www.italiaeconomiaonline.it\/web\/istat-in-calo-fiducia-consumatori-e-imprese\/","url":"https:\/\/www.italiaeconomiaonline.it\/web\/istat-in-calo-fiducia-consumatori-e-imprese\/","name":"Istat: in calo fiducia consumatori e imprese -","isPartOf":{"@id":"https:\/\/www.italiaeconomiaonline.it\/web\/#website"},"primaryImageOfPage":{"@id":"https:\/\/www.italiaeconomiaonline.it\/web\/istat-in-calo-fiducia-consumatori-e-imprese\/#primaryimage"},"image":{"@id":"https:\/\/www.italiaeconomiaonline.it\/web\/istat-in-calo-fiducia-consumatori-e-imprese\/#primaryimage"},"thumbnailUrl":"https:\/\/www.italiaeconomiaonline.it\/web\/wp-content\/uploads\/2019\/08\/soldi.jpg","datePublished":"2019-08-29T07:31:03+00:00","dateModified":"2019-08-29T07:31:03+00:00","author":{"@id":"https:\/\/www.italiaeconomiaonline.it\/web\/#\/schema\/person\/909a49cce752523b020fbc37d5ab1c31"},"description":"Ad agosto 2019 si stima una flessione dell\u2019indice del clima di fiducia dei consumatori da 113,3 a 111,9; anche per l\u2019indice composito del clima di","breadcrumb":{"@id":"https:\/\/www.italiaeconomiaonline.it\/web\/istat-in-calo-fiducia-consumatori-e-imprese\/#breadcrumb"},"inLanguage":"it-IT","potentialAction":[{"@type":"ReadAction","target":["https:\/\/www.italiaeconomiaonline.it\/web\/istat-in-calo-fiducia-consumatori-e-imprese\/"]}]},{"@type":"ImageObject","inLanguage":"it-IT","@id":"https:\/\/www.italiaeconomiaonline.it\/web\/istat-in-calo-fiducia-consumatori-e-imprese\/#primaryimage","url":"https:\/\/www.italiaeconomiaonline.it\/web\/wp-content\/uploads\/2019\/08\/soldi.jpg","contentUrl":"https:\/\/www.italiaeconomiaonline.it\/web\/wp-content\/uploads\/2019\/08\/soldi.jpg","width":960,"height":638},{"@type":"BreadcrumbList","@id":"https:\/\/www.italiaeconomiaonline.it\/web\/istat-in-calo-fiducia-consumatori-e-imprese\/#breadcrumb","itemListElement":[{"@type":"ListItem","position":1,"name":"Home","item":"https:\/\/www.italiaeconomiaonline.it\/web\/"},{"@type":"ListItem","position":2,"name":"Istat: in calo fiducia consumatori e imprese"}]},{"@type":"WebSite","@id":"https:\/\/www.italiaeconomiaonline.it\/web\/#website","url":"https:\/\/www.italiaeconomiaonline.it\/web\/","name":"ItaliaEconomiaOnline","description":"Quotidiano Economico Online","potentialAction":[{"@type":"SearchAction","target":{"@type":"EntryPoint","urlTemplate":"https:\/\/www.italiaeconomiaonline.it\/web\/?s={search_term_string}"},"query-input":"required name=search_term_string"}],"inLanguage":"it-IT"},{"@type":"Person","@id":"https:\/\/www.italiaeconomiaonline.it\/web\/#\/schema\/person\/909a49cce752523b020fbc37d5ab1c31","name":"ladyitaliaeconomia","image":{"@type":"ImageObject","inLanguage":"it-IT","@id":"https:\/\/www.italiaeconomiaonline.it\/web\/#\/schema\/person\/image\/","url":"https:\/\/secure.gravatar.com\/avatar\/cedca10ce7416a579b9fa6bce9c0a8f2?s=96&d=mm&r=g","contentUrl":"https:\/\/secure.gravatar.com\/avatar\/cedca10ce7416a579b9fa6bce9c0a8f2?s=96&d=mm&r=g","caption":"ladyitaliaeconomia"},"url":"https:\/\/www.italiaeconomiaonline.it\/web\/author\/ladyitaliaeconomia\/"}]}},"_links":{"self":[{"href":"https:\/\/www.italiaeconomiaonline.it\/web\/wp-json\/wp\/v2\/posts\/1595"}],"collection":[{"href":"https:\/\/www.italiaeconomiaonline.it\/web\/wp-json\/wp\/v2\/posts"}],"about":[{"href":"https:\/\/www.italiaeconomiaonline.it\/web\/wp-json\/wp\/v2\/types\/post"}],"author":[{"embeddable":true,"href":"https:\/\/www.italiaeconomiaonline.it\/web\/wp-json\/wp\/v2\/users\/1"}],"replies":[{"embeddable":true,"href":"https:\/\/www.italiaeconomiaonline.it\/web\/wp-json\/wp\/v2\/comments?post=1595"}],"version-history":[{"count":1,"href":"https:\/\/www.italiaeconomiaonline.it\/web\/wp-json\/wp\/v2\/posts\/1595\/revisions"}],"predecessor-version":[{"id":1598,"href":"https:\/\/www.italiaeconomiaonline.it\/web\/wp-json\/wp\/v2\/posts\/1595\/revisions\/1598"}],"wp:featuredmedia":[{"embeddable":true,"href":"https:\/\/www.italiaeconomiaonline.it\/web\/wp-json\/wp\/v2\/media\/1596"}],"wp:attachment":[{"href":"https:\/\/www.italiaeconomiaonline.it\/web\/wp-json\/wp\/v2\/media?parent=1595"}],"wp:term":[{"taxonomy":"category","embeddable":true,"href":"https:\/\/www.italiaeconomiaonline.it\/web\/wp-json\/wp\/v2\/categories?post=1595"},{"taxonomy":"post_tag","embeddable":true,"href":"https:\/\/www.italiaeconomiaonline.it\/web\/wp-json\/wp\/v2\/tags?post=1595"}],"curies":[{"name":"wp","href":"https:\/\/api.w.org\/{rel}","templated":true}]}}