{"id":1604,"date":"2019-08-29T17:44:13","date_gmt":"2019-08-29T15:44:13","guid":{"rendered":"http:\/\/www.italiaeconomiaonline.it\/web\/?p=1604"},"modified":"2019-08-29T17:44:35","modified_gmt":"2019-08-29T15:44:35","slug":"1604-2","status":"publish","type":"post","link":"https:\/\/www.italiaeconomiaonline.it\/web\/1604-2\/","title":{"rendered":"Governo: Furlan (Cisl)- Conte metta al centro crescita, riduzione tasse e dialogo sociale"},"content":{"rendered":"<p><span id=\"msgText_new_message_draft1567093256513_1d621e28-5e58-979b-dd78-c84bb5f82f53\" dir=\"ltr\"><span style=\"color: #000000; font-family: Geneva;\">\u201c\u00c8 un segnale incoraggiante che <a class=\"matchTooltip\">oggi<\/a> il Presidente del Consiglio incaricato, Giuseppe Conte, abbia indicato, tra le priorit\u00e0 del prossimo Governo, la questione del lavoro, la necessit\u00e0 di una maggiore equit\u00e0 fiscale, di nuove infrastrutture, di una pubblica amministrazione trasparente ed efficiente, lo sviluppo del Mezzogiorno, una nuova politica industriale innovativa, rispettosa dell\u2019ambiente, scongiurando l\u2019aumento dell\u2019iva, il tutto nel quadro della tutela degli interessi nazionali e del ruolo dell&#8217;Italia nel contesto europeo\u201d. <\/span><\/span><\/p>\n<p><span id=\"msgText_new_message_draft1567093256513_1d621e28-5e58-979b-dd78-c84bb5f82f53\" dir=\"ltr\"><span style=\"color: #000000; font-family: Geneva;\">Lo sottolinea la Segretaria Generale della Cisl, <strong>Annamaria Furlan<\/strong>. \u201cSono tutti temi importanti contenuti nella piattaforma unitaria di Cgil Cisl Uil e che hanno visto nel mesi scorsi la mobilitazione di tanti lavoratori, pensionati, giovani e donne italiane. <\/span><\/span><\/p>\n<p><span id=\"msgText_new_message_draft1567093256513_1d621e28-5e58-979b-dd78-c84bb5f82f53\" dir=\"ltr\"><span style=\"color: #000000; font-family: Geneva;\">Per questo ci aspettiamo che il programma del nuovo governo Conte metta davvero al centro la crescita e lo sviluppo del paese, il rilancio degli investimenti per il lavoro, la riduzione delle tasse ai lavoratori e pensionati, attraverso un dialogo stabile ed un confronto costruttivo con il sindacato, per l\u2019avvio di una stagione di riforme sociali ed economiche condivise con le parti sociali. <\/span><\/span><\/p>\n<p><span id=\"msgText_new_message_draft1567093256513_1d621e28-5e58-979b-dd78-c84bb5f82f53\" dir=\"ltr\"><span style=\"color: #000000; font-family: Geneva;\">La Cisl non si sottrarr\u00e0 alle sue responsabilit\u00e0 verso l\u2019obiettivo di un auspicabile patto sociale per la crescita ed il lavoro, indispensabile per affrontare le scelte difficili cui sar\u00e0 chiamato il nostro paese nei prossimi mesi\u201d.<\/span><\/span><\/p>\n","protected":false},"excerpt":{"rendered":"<p>\u201c\u00c8 un segnale incoraggiante che oggi il Presidente del Consiglio incaricato, Giuseppe Conte, abbia indicato, tra le priorit\u00e0 del prossimo Governo, la questione del lavoro, la necessit\u00e0 di una maggiore equit\u00e0 fiscale, di nuove infrastrutture, di una pubblica amministrazione trasparente ed efficiente, lo sviluppo del Mezzogiorno, una nuova politica industriale innovativa, rispettosa dell\u2019ambiente, scongiurando l\u2019aumento [&hellip;]<\/p>\n","protected":false},"author":1,"featured_media":1417,"comment_status":"closed","ping_status":"open","sticky":false,"template":"","format":"standard","meta":{"footnotes":""},"categories":[363],"tags":[665,485,677,88],"yoast_head":"<!-- This site is optimized with the Yoast SEO plugin v22.2 - https:\/\/yoast.com\/wordpress\/plugins\/seo\/ -->\n<title>Governo: Furlan (Cisl)- Conte metta al centro crescita, riduzione tasse e dialogo sociale -<\/title>\n<meta name=\"robots\" content=\"index, follow, max-snippet:-1, max-image-preview:large, max-video-preview:-1\" \/>\n<link rel=\"canonical\" href=\"https:\/\/www.italiaeconomiaonline.it\/web\/1604-2\/\" \/>\n<meta property=\"og:locale\" content=\"it_IT\" \/>\n<meta property=\"og:type\" content=\"article\" \/>\n<meta property=\"og:title\" content=\"Governo: Furlan (Cisl)- Conte metta al centro crescita, riduzione tasse e dialogo sociale -\" \/>\n<meta property=\"og:description\" content=\"\u201c\u00c8 un segnale incoraggiante che oggi il Presidente del Consiglio incaricato, Giuseppe Conte, abbia indicato, tra le priorit\u00e0 del prossimo Governo, la questione del lavoro, la necessit\u00e0 di una maggiore equit\u00e0 fiscale, di nuove infrastrutture, di una pubblica amministrazione trasparente ed efficiente, lo sviluppo del Mezzogiorno, una nuova politica industriale innovativa, rispettosa dell\u2019ambiente, scongiurando l\u2019aumento [&hellip;]\" \/>\n<meta property=\"og:url\" content=\"https:\/\/www.italiaeconomiaonline.it\/web\/1604-2\/\" \/>\n<meta property=\"og:site_name\" content=\"ItaliaEconomiaOnline\" \/>\n<meta property=\"article:published_time\" content=\"2019-08-29T15:44:13+00:00\" \/>\n<meta property=\"article:modified_time\" content=\"2019-08-29T15:44:35+00:00\" \/>\n<meta property=\"og:image\" content=\"https:\/\/www.italiaeconomiaonline.it\/web\/wp-content\/uploads\/2019\/07\/Schermata-2019-07-27-alle-12.31.34.png\" \/>\n\t<meta property=\"og:image:width\" content=\"511\" \/>\n\t<meta property=\"og:image:height\" content=\"407\" \/>\n\t<meta property=\"og:image:type\" content=\"image\/png\" \/>\n<meta name=\"author\" content=\"ladyitaliaeconomia\" \/>\n<meta name=\"twitter:card\" content=\"summary_large_image\" \/>\n<meta name=\"twitter:label1\" content=\"Scritto da\" \/>\n\t<meta name=\"twitter:data1\" content=\"ladyitaliaeconomia\" \/>\n\t<meta name=\"twitter:label2\" content=\"Tempo di lettura stimato\" \/>\n\t<meta name=\"twitter:data2\" content=\"1 minuto\" \/>\n<script type=\"application\/ld+json\" class=\"yoast-schema-graph\">{\"@context\":\"https:\/\/schema.org\",\"@graph\":[{\"@type\":\"WebPage\",\"@id\":\"https:\/\/www.italiaeconomiaonline.it\/web\/1604-2\/\",\"url\":\"https:\/\/www.italiaeconomiaonline.it\/web\/1604-2\/\",\"name\":\"Governo: Furlan (Cisl)- Conte metta al centro crescita, riduzione tasse e dialogo sociale -\",\"isPartOf\":{\"@id\":\"https:\/\/www.italiaeconomiaonline.it\/web\/#website\"},\"primaryImageOfPage\":{\"@id\":\"https:\/\/www.italiaeconomiaonline.it\/web\/1604-2\/#primaryimage\"},\"image\":{\"@id\":\"https:\/\/www.italiaeconomiaonline.it\/web\/1604-2\/#primaryimage\"},\"thumbnailUrl\":\"https:\/\/www.italiaeconomiaonline.it\/web\/wp-content\/uploads\/2019\/07\/Schermata-2019-07-27-alle-12.31.34.png\",\"datePublished\":\"2019-08-29T15:44:13+00:00\",\"dateModified\":\"2019-08-29T15:44:35+00:00\",\"author\":{\"@id\":\"https:\/\/www.italiaeconomiaonline.it\/web\/#\/schema\/person\/909a49cce752523b020fbc37d5ab1c31\"},\"breadcrumb\":{\"@id\":\"https:\/\/www.italiaeconomiaonline.it\/web\/1604-2\/#breadcrumb\"},\"inLanguage\":\"it-IT\",\"potentialAction\":[{\"@type\":\"ReadAction\",\"target\":[\"https:\/\/www.italiaeconomiaonline.it\/web\/1604-2\/\"]}]},{\"@type\":\"ImageObject\",\"inLanguage\":\"it-IT\",\"@id\":\"https:\/\/www.italiaeconomiaonline.it\/web\/1604-2\/#primaryimage\",\"url\":\"https:\/\/www.italiaeconomiaonline.it\/web\/wp-content\/uploads\/2019\/07\/Schermata-2019-07-27-alle-12.31.34.png\",\"contentUrl\":\"https:\/\/www.italiaeconomiaonline.it\/web\/wp-content\/uploads\/2019\/07\/Schermata-2019-07-27-alle-12.31.34.png\",\"width\":511,\"height\":407,\"caption\":\"Annamaria Furlan\"},{\"@type\":\"BreadcrumbList\",\"@id\":\"https:\/\/www.italiaeconomiaonline.it\/web\/1604-2\/#breadcrumb\",\"itemListElement\":[{\"@type\":\"ListItem\",\"position\":1,\"name\":\"Home\",\"item\":\"https:\/\/www.italiaeconomiaonline.it\/web\/\"},{\"@type\":\"ListItem\",\"position\":2,\"name\":\"Governo: Furlan (Cisl)- Conte metta al centro crescita, riduzione tasse e dialogo sociale\"}]},{\"@type\":\"WebSite\",\"@id\":\"https:\/\/www.italiaeconomiaonline.it\/web\/#website\",\"url\":\"https:\/\/www.italiaeconomiaonline.it\/web\/\",\"name\":\"ItaliaEconomiaOnline\",\"description\":\"Quotidiano Economico Online\",\"potentialAction\":[{\"@type\":\"SearchAction\",\"target\":{\"@type\":\"EntryPoint\",\"urlTemplate\":\"https:\/\/www.italiaeconomiaonline.it\/web\/?s={search_term_string}\"},\"query-input\":\"required name=search_term_string\"}],\"inLanguage\":\"it-IT\"},{\"@type\":\"Person\",\"@id\":\"https:\/\/www.italiaeconomiaonline.it\/web\/#\/schema\/person\/909a49cce752523b020fbc37d5ab1c31\",\"name\":\"ladyitaliaeconomia\",\"image\":{\"@type\":\"ImageObject\",\"inLanguage\":\"it-IT\",\"@id\":\"https:\/\/www.italiaeconomiaonline.it\/web\/#\/schema\/person\/image\/\",\"url\":\"https:\/\/secure.gravatar.com\/avatar\/cedca10ce7416a579b9fa6bce9c0a8f2?s=96&d=mm&r=g\",\"contentUrl\":\"https:\/\/secure.gravatar.com\/avatar\/cedca10ce7416a579b9fa6bce9c0a8f2?s=96&d=mm&r=g\",\"caption\":\"ladyitaliaeconomia\"},\"url\":\"https:\/\/www.italiaeconomiaonline.it\/web\/author\/ladyitaliaeconomia\/\"}]}<\/script>\n<!-- \/ Yoast SEO plugin. -->","yoast_head_json":{"title":"Governo: Furlan (Cisl)- Conte metta al centro crescita, riduzione tasse e dialogo sociale -","robots":{"index":"index","follow":"follow","max-snippet":"max-snippet:-1","max-image-preview":"max-image-preview:large","max-video-preview":"max-video-preview:-1"},"canonical":"https:\/\/www.italiaeconomiaonline.it\/web\/1604-2\/","og_locale":"it_IT","og_type":"article","og_title":"Governo: Furlan (Cisl)- Conte metta al centro crescita, riduzione tasse e dialogo sociale -","og_description":"\u201c\u00c8 un segnale incoraggiante che oggi il Presidente del Consiglio incaricato, Giuseppe Conte, abbia indicato, tra le priorit\u00e0 del prossimo Governo, la questione del lavoro, la necessit\u00e0 di una maggiore equit\u00e0 fiscale, di nuove infrastrutture, di una pubblica amministrazione trasparente ed efficiente, lo sviluppo del Mezzogiorno, una nuova politica industriale innovativa, rispettosa dell\u2019ambiente, scongiurando l\u2019aumento [&hellip;]","og_url":"https:\/\/www.italiaeconomiaonline.it\/web\/1604-2\/","og_site_name":"ItaliaEconomiaOnline","article_published_time":"2019-08-29T15:44:13+00:00","article_modified_time":"2019-08-29T15:44:35+00:00","og_image":[{"width":511,"height":407,"url":"https:\/\/www.italiaeconomiaonline.it\/web\/wp-content\/uploads\/2019\/07\/Schermata-2019-07-27-alle-12.31.34.png","type":"image\/png"}],"author":"ladyitaliaeconomia","twitter_card":"summary_large_image","twitter_misc":{"Scritto da":"ladyitaliaeconomia","Tempo di lettura stimato":"1 minuto"},"schema":{"@context":"https:\/\/schema.org","@graph":[{"@type":"WebPage","@id":"https:\/\/www.italiaeconomiaonline.it\/web\/1604-2\/","url":"https:\/\/www.italiaeconomiaonline.it\/web\/1604-2\/","name":"Governo: Furlan (Cisl)- Conte metta al centro crescita, riduzione tasse e dialogo sociale -","isPartOf":{"@id":"https:\/\/www.italiaeconomiaonline.it\/web\/#website"},"primaryImageOfPage":{"@id":"https:\/\/www.italiaeconomiaonline.it\/web\/1604-2\/#primaryimage"},"image":{"@id":"https:\/\/www.italiaeconomiaonline.it\/web\/1604-2\/#primaryimage"},"thumbnailUrl":"https:\/\/www.italiaeconomiaonline.it\/web\/wp-content\/uploads\/2019\/07\/Schermata-2019-07-27-alle-12.31.34.png","datePublished":"2019-08-29T15:44:13+00:00","dateModified":"2019-08-29T15:44:35+00:00","author":{"@id":"https:\/\/www.italiaeconomiaonline.it\/web\/#\/schema\/person\/909a49cce752523b020fbc37d5ab1c31"},"breadcrumb":{"@id":"https:\/\/www.italiaeconomiaonline.it\/web\/1604-2\/#breadcrumb"},"inLanguage":"it-IT","potentialAction":[{"@type":"ReadAction","target":["https:\/\/www.italiaeconomiaonline.it\/web\/1604-2\/"]}]},{"@type":"ImageObject","inLanguage":"it-IT","@id":"https:\/\/www.italiaeconomiaonline.it\/web\/1604-2\/#primaryimage","url":"https:\/\/www.italiaeconomiaonline.it\/web\/wp-content\/uploads\/2019\/07\/Schermata-2019-07-27-alle-12.31.34.png","contentUrl":"https:\/\/www.italiaeconomiaonline.it\/web\/wp-content\/uploads\/2019\/07\/Schermata-2019-07-27-alle-12.31.34.png","width":511,"height":407,"caption":"Annamaria Furlan"},{"@type":"BreadcrumbList","@id":"https:\/\/www.italiaeconomiaonline.it\/web\/1604-2\/#breadcrumb","itemListElement":[{"@type":"ListItem","position":1,"name":"Home","item":"https:\/\/www.italiaeconomiaonline.it\/web\/"},{"@type":"ListItem","position":2,"name":"Governo: Furlan (Cisl)- Conte metta al centro crescita, riduzione tasse e dialogo sociale"}]},{"@type":"WebSite","@id":"https:\/\/www.italiaeconomiaonline.it\/web\/#website","url":"https:\/\/www.italiaeconomiaonline.it\/web\/","name":"ItaliaEconomiaOnline","description":"Quotidiano Economico Online","potentialAction":[{"@type":"SearchAction","target":{"@type":"EntryPoint","urlTemplate":"https:\/\/www.italiaeconomiaonline.it\/web\/?s={search_term_string}"},"query-input":"required name=search_term_string"}],"inLanguage":"it-IT"},{"@type":"Person","@id":"https:\/\/www.italiaeconomiaonline.it\/web\/#\/schema\/person\/909a49cce752523b020fbc37d5ab1c31","name":"ladyitaliaeconomia","image":{"@type":"ImageObject","inLanguage":"it-IT","@id":"https:\/\/www.italiaeconomiaonline.it\/web\/#\/schema\/person\/image\/","url":"https:\/\/secure.gravatar.com\/avatar\/cedca10ce7416a579b9fa6bce9c0a8f2?s=96&d=mm&r=g","contentUrl":"https:\/\/secure.gravatar.com\/avatar\/cedca10ce7416a579b9fa6bce9c0a8f2?s=96&d=mm&r=g","caption":"ladyitaliaeconomia"},"url":"https:\/\/www.italiaeconomiaonline.it\/web\/author\/ladyitaliaeconomia\/"}]}},"_links":{"self":[{"href":"https:\/\/www.italiaeconomiaonline.it\/web\/wp-json\/wp\/v2\/posts\/1604"}],"collection":[{"href":"https:\/\/www.italiaeconomiaonline.it\/web\/wp-json\/wp\/v2\/posts"}],"about":[{"href":"https:\/\/www.italiaeconomiaonline.it\/web\/wp-json\/wp\/v2\/types\/post"}],"author":[{"embeddable":true,"href":"https:\/\/www.italiaeconomiaonline.it\/web\/wp-json\/wp\/v2\/users\/1"}],"replies":[{"embeddable":true,"href":"https:\/\/www.italiaeconomiaonline.it\/web\/wp-json\/wp\/v2\/comments?post=1604"}],"version-history":[{"count":2,"href":"https:\/\/www.italiaeconomiaonline.it\/web\/wp-json\/wp\/v2\/posts\/1604\/revisions"}],"predecessor-version":[{"id":1606,"href":"https:\/\/www.italiaeconomiaonline.it\/web\/wp-json\/wp\/v2\/posts\/1604\/revisions\/1606"}],"wp:featuredmedia":[{"embeddable":true,"href":"https:\/\/www.italiaeconomiaonline.it\/web\/wp-json\/wp\/v2\/media\/1417"}],"wp:attachment":[{"href":"https:\/\/www.italiaeconomiaonline.it\/web\/wp-json\/wp\/v2\/media?parent=1604"}],"wp:term":[{"taxonomy":"category","embeddable":true,"href":"https:\/\/www.italiaeconomiaonline.it\/web\/wp-json\/wp\/v2\/categories?post=1604"},{"taxonomy":"post_tag","embeddable":true,"href":"https:\/\/www.italiaeconomiaonline.it\/web\/wp-json\/wp\/v2\/tags?post=1604"}],"curies":[{"name":"wp","href":"https:\/\/api.w.org\/{rel}","templated":true}]}}