{"id":1658,"date":"2019-09-07T09:52:54","date_gmt":"2019-09-07T07:52:54","guid":{"rendered":"http:\/\/www.italiaeconomiaonline.it\/web\/?p=1658"},"modified":"2019-09-07T09:52:54","modified_gmt":"2019-09-07T07:52:54","slug":"alimentare-ferrarini-protagonista-a-napoli-al-pizza-village","status":"publish","type":"post","link":"https:\/\/www.italiaeconomiaonline.it\/web\/alimentare-ferrarini-protagonista-a-napoli-al-pizza-village\/","title":{"rendered":"Alimentare: Ferrarini protagonista a Napoli al Pizza Village"},"content":{"rendered":"<p><span style=\"font-family: garamond, times new roman, serif; font-size: large;\"><span class=\"dropcap dropcap3\">I<\/span>l Prosciutto Cotto Ferrarini <\/span>entra nei men\u00f9 delle pi\u00f9 importanti pizzerie napoletane. Sar\u00e0 il Prosciutto Cotto, realizzato dal primo brand italiano a produrre prosciutto cotto senza polifosfati aggiunti, il protagonista del Napoli Pizza Village che si svolger\u00e0 a Napoli dal 13 al 22 settembre sul Lungomare.<\/p>\n<div><span style=\"font-family: garamond, times new roman, serif; font-size: large;\">Il Prosciutto Cotto Ferrarini sar\u00e0 l\u2019ingrediente speciale per una pizza gourmet, inserita nei men\u00f9 delle 45 pizzerie partecipanti che proporranno la Pizza Ferrarini al pi\u00f9 di un milione di visitatori attesi, oltre ai miti intramontabili della Margherita e della Marinara, proposte sin dalla prima edizione di 9 anni fa.<\/span>\n<\/div>\n<div><span style=\"font-family: garamond, times new roman, serif; font-size: large;\">&#8220;Il Napoli Pizza Village, accoglie il prosciutto cotto Ferrarini, un&#8217;altra grande eccellenza del nostro paese &#8211; dichiara l&#8217;organizzatore Claudio Sebillo di Oramata Grandi \u00a0Eventi &#8211; . <\/span><span style=\"font-family: garamond, times new roman, serif; font-size: large;\">Abbiamo scelto Ferrarini come partner anche su richiesta dei pizzaioli che lo hanno ritenuto per le sue caratteristiche, il profumo e il gusto l\u2019ingrediente perfetto per creare pizze gourmet. Tutti i nostri pizzaioli, con la loro creativit\u00e0, daranno vita ad una pizza al prosciutto cotto che si affiancher\u00e0 alle classiche Margherita e Marinara e alla Specialit\u00e0 di ogni pizzeria, che vengono proposte ogni sera. Nasceranno quindi le 45 \u201cPizze Ferrarini\u201d \u00a0talmente speciali perch\u00e9 tutte diverse, pensate, studiate e realizzate grazie dall\u2019estro di altrettanti maestri pizzaioli napoletani e saranno sicuramente tutte ugualmente appetitose&#8221;.<\/span>\n<\/div>\n<div><span style=\"font-family: garamond, times new roman, serif; font-size: large;\">Ferrarini, la prima azienda italiana a introdurre sul mercato, nel 1956, il Prosciutto cotto senza polifosfati aggiunti e senza glutine e il cui sapore delicato \u00e8 particolarmente apprezzato dai bambini, omagger\u00e0 i piccoli partecipanti ai laboratori di NPV Kids con un grembiule e una vaschetta di prodotto. \u00a0 \u00a0<\/span>\n<\/div>\n<div><span style=\"font-family: garamond, times new roman, serif; font-size: large;\">\u201cSono gi\u00e0 alcuni anni che il mondo delle pizzerie si sta evolvendo \u2013 dichiara Claudio Rizzi, Direttore Marketing della Ferrarini \u2013 e si sta indirizzando verso un\u2019offerta gourmet e di qualit\u00e0. In questo contesto il nostro Prosciutto Cotto \u00e8 sicuramente l\u2019ingrediente ideale sia per le sue caratteristiche che per la notoriet\u00e0 e l\u2019apprezzamento presso i consumatori italiani. Gi\u00e0 molte pizzerie in Italia hanno scelto il Prosciutto Cotto Ferrarini e la partecipazione a questo evento ci consacra come partner per questo canale\u201d.<\/span><\/div>\n<div><span style=\"font-family: garamond, times new roman, serif; font-size: large;\"><br \/>\nLo storico marchio \u00e8 oggi tra i leader sul mercato nazionale del prosciutto cotto, sia nel canale della grande distribuzione organizzata, sia in quello del dettaglio tradizionale, su tutto il territorio nazionale grazie ad una propria struttura distributiva.<\/span><\/div>\n<div><span style=\"font-family: garamond, times new roman, serif; font-size: large;\"><br \/>\nFerrarini \u00e8 ormai una tra le pi\u00f9 importanti realt\u00e0 europee nel settore agroalimentare e propone in tutto il mondo, oltre al suo prosciutto cotto, i prodotti simbolo del Made in Italy: dal Prosciutto di Parma alle diverse specialit\u00e0 di salumeria, accompagnate dai prodotti dell\u2019azienda agricola Ferrarini, dalla quale l\u2019attivit\u00e0 imprenditoriale ha preso avvio, come il Parmigiano Reggiano DOP, i vini, l\u2019aceto balsamico di Modena IGP e il Tradizionale di Reggio Emilia DOP.<\/span><\/div>\n","protected":false},"excerpt":{"rendered":"<p>Il Prosciutto Cotto Ferrarini entra nei men\u00f9 delle pi\u00f9 importanti pizzerie napoletane. Sar\u00e0 il Prosciutto Cotto, realizzato dal primo brand italiano a produrre prosciutto cotto senza polifosfati aggiunti, il protagonista del Napoli Pizza Village che si svolger\u00e0 a Napoli dal 13 al 22 settembre sul Lungomare. Il Prosciutto Cotto Ferrarini sar\u00e0 l\u2019ingrediente speciale per una [&hellip;]<\/p>\n","protected":false},"author":1,"featured_media":882,"comment_status":"closed","ping_status":"open","sticky":false,"template":"","format":"standard","meta":{"footnotes":""},"categories":[17],"tags":[699,700],"yoast_head":"<!-- This site is optimized with the Yoast SEO plugin v22.2 - https:\/\/yoast.com\/wordpress\/plugins\/seo\/ -->\n<title>Alimentare: Ferrarini protagonista a Napoli al Pizza Village -<\/title>\n<meta name=\"robots\" content=\"index, follow, max-snippet:-1, max-image-preview:large, max-video-preview:-1\" \/>\n<link rel=\"canonical\" href=\"http:\/\/www.italiaeconomiaonline.it\/web\/alimentare-ferrarini-protagonista-a-napoli-al-pizza-village\/\" \/>\n<meta property=\"og:locale\" content=\"it_IT\" \/>\n<meta property=\"og:type\" content=\"article\" \/>\n<meta property=\"og:title\" content=\"Alimentare: Ferrarini protagonista a Napoli al Pizza Village -\" \/>\n<meta property=\"og:description\" content=\"Il Prosciutto Cotto Ferrarini entra nei men\u00f9 delle pi\u00f9 importanti pizzerie napoletane. Sar\u00e0 il Prosciutto Cotto, realizzato dal primo brand italiano a produrre prosciutto cotto senza polifosfati aggiunti, il protagonista del Napoli Pizza Village che si svolger\u00e0 a Napoli dal 13 al 22 settembre sul Lungomare. Il Prosciutto Cotto Ferrarini sar\u00e0 l\u2019ingrediente speciale per una [&hellip;]\" \/>\n<meta property=\"og:url\" content=\"http:\/\/www.italiaeconomiaonline.it\/web\/alimentare-ferrarini-protagonista-a-napoli-al-pizza-village\/\" \/>\n<meta property=\"og:site_name\" content=\"ItaliaEconomiaOnline\" \/>\n<meta property=\"article:published_time\" content=\"2019-09-07T07:52:54+00:00\" \/>\n<meta property=\"og:image\" content=\"http:\/\/www.italiaeconomiaonline.it\/web\/wp-content\/uploads\/2019\/06\/Lisa-Ferrarini-1024x683.jpg\" \/>\n\t<meta property=\"og:image:width\" content=\"1024\" \/>\n\t<meta property=\"og:image:height\" content=\"683\" \/>\n\t<meta property=\"og:image:type\" content=\"image\/jpeg\" \/>\n<meta name=\"author\" content=\"ladyitaliaeconomia\" \/>\n<meta name=\"twitter:card\" content=\"summary_large_image\" \/>\n<meta name=\"twitter:label1\" content=\"Scritto da\" \/>\n\t<meta name=\"twitter:data1\" content=\"ladyitaliaeconomia\" \/>\n\t<meta name=\"twitter:label2\" content=\"Tempo di lettura stimato\" \/>\n\t<meta name=\"twitter:data2\" content=\"2 minuti\" \/>\n<script type=\"application\/ld+json\" class=\"yoast-schema-graph\">{\"@context\":\"https:\/\/schema.org\",\"@graph\":[{\"@type\":\"WebPage\",\"@id\":\"http:\/\/www.italiaeconomiaonline.it\/web\/alimentare-ferrarini-protagonista-a-napoli-al-pizza-village\/\",\"url\":\"http:\/\/www.italiaeconomiaonline.it\/web\/alimentare-ferrarini-protagonista-a-napoli-al-pizza-village\/\",\"name\":\"Alimentare: Ferrarini protagonista a Napoli al Pizza Village -\",\"isPartOf\":{\"@id\":\"https:\/\/www.italiaeconomiaonline.it\/web\/#website\"},\"primaryImageOfPage\":{\"@id\":\"http:\/\/www.italiaeconomiaonline.it\/web\/alimentare-ferrarini-protagonista-a-napoli-al-pizza-village\/#primaryimage\"},\"image\":{\"@id\":\"http:\/\/www.italiaeconomiaonline.it\/web\/alimentare-ferrarini-protagonista-a-napoli-al-pizza-village\/#primaryimage\"},\"thumbnailUrl\":\"https:\/\/www.italiaeconomiaonline.it\/web\/wp-content\/uploads\/2019\/06\/Lisa-Ferrarini.jpg\",\"datePublished\":\"2019-09-07T07:52:54+00:00\",\"dateModified\":\"2019-09-07T07:52:54+00:00\",\"author\":{\"@id\":\"https:\/\/www.italiaeconomiaonline.it\/web\/#\/schema\/person\/909a49cce752523b020fbc37d5ab1c31\"},\"breadcrumb\":{\"@id\":\"http:\/\/www.italiaeconomiaonline.it\/web\/alimentare-ferrarini-protagonista-a-napoli-al-pizza-village\/#breadcrumb\"},\"inLanguage\":\"it-IT\",\"potentialAction\":[{\"@type\":\"ReadAction\",\"target\":[\"http:\/\/www.italiaeconomiaonline.it\/web\/alimentare-ferrarini-protagonista-a-napoli-al-pizza-village\/\"]}]},{\"@type\":\"ImageObject\",\"inLanguage\":\"it-IT\",\"@id\":\"http:\/\/www.italiaeconomiaonline.it\/web\/alimentare-ferrarini-protagonista-a-napoli-al-pizza-village\/#primaryimage\",\"url\":\"https:\/\/www.italiaeconomiaonline.it\/web\/wp-content\/uploads\/2019\/06\/Lisa-Ferrarini.jpg\",\"contentUrl\":\"https:\/\/www.italiaeconomiaonline.it\/web\/wp-content\/uploads\/2019\/06\/Lisa-Ferrarini.jpg\",\"width\":7360,\"height\":4912,\"caption\":\"Lisa Ferrarini\"},{\"@type\":\"BreadcrumbList\",\"@id\":\"http:\/\/www.italiaeconomiaonline.it\/web\/alimentare-ferrarini-protagonista-a-napoli-al-pizza-village\/#breadcrumb\",\"itemListElement\":[{\"@type\":\"ListItem\",\"position\":1,\"name\":\"Home\",\"item\":\"https:\/\/www.italiaeconomiaonline.it\/web\/\"},{\"@type\":\"ListItem\",\"position\":2,\"name\":\"Alimentare: Ferrarini protagonista a Napoli al Pizza Village\"}]},{\"@type\":\"WebSite\",\"@id\":\"https:\/\/www.italiaeconomiaonline.it\/web\/#website\",\"url\":\"https:\/\/www.italiaeconomiaonline.it\/web\/\",\"name\":\"ItaliaEconomiaOnline\",\"description\":\"Quotidiano Economico Online\",\"potentialAction\":[{\"@type\":\"SearchAction\",\"target\":{\"@type\":\"EntryPoint\",\"urlTemplate\":\"https:\/\/www.italiaeconomiaonline.it\/web\/?s={search_term_string}\"},\"query-input\":\"required name=search_term_string\"}],\"inLanguage\":\"it-IT\"},{\"@type\":\"Person\",\"@id\":\"https:\/\/www.italiaeconomiaonline.it\/web\/#\/schema\/person\/909a49cce752523b020fbc37d5ab1c31\",\"name\":\"ladyitaliaeconomia\",\"image\":{\"@type\":\"ImageObject\",\"inLanguage\":\"it-IT\",\"@id\":\"https:\/\/www.italiaeconomiaonline.it\/web\/#\/schema\/person\/image\/\",\"url\":\"https:\/\/secure.gravatar.com\/avatar\/cedca10ce7416a579b9fa6bce9c0a8f2?s=96&d=mm&r=g\",\"contentUrl\":\"https:\/\/secure.gravatar.com\/avatar\/cedca10ce7416a579b9fa6bce9c0a8f2?s=96&d=mm&r=g\",\"caption\":\"ladyitaliaeconomia\"},\"url\":\"https:\/\/www.italiaeconomiaonline.it\/web\/author\/ladyitaliaeconomia\/\"}]}<\/script>\n<!-- \/ Yoast SEO plugin. -->","yoast_head_json":{"title":"Alimentare: Ferrarini protagonista a Napoli al Pizza Village -","robots":{"index":"index","follow":"follow","max-snippet":"max-snippet:-1","max-image-preview":"max-image-preview:large","max-video-preview":"max-video-preview:-1"},"canonical":"http:\/\/www.italiaeconomiaonline.it\/web\/alimentare-ferrarini-protagonista-a-napoli-al-pizza-village\/","og_locale":"it_IT","og_type":"article","og_title":"Alimentare: Ferrarini protagonista a Napoli al Pizza Village -","og_description":"Il Prosciutto Cotto Ferrarini entra nei men\u00f9 delle pi\u00f9 importanti pizzerie napoletane. Sar\u00e0 il Prosciutto Cotto, realizzato dal primo brand italiano a produrre prosciutto cotto senza polifosfati aggiunti, il protagonista del Napoli Pizza Village che si svolger\u00e0 a Napoli dal 13 al 22 settembre sul Lungomare. Il Prosciutto Cotto Ferrarini sar\u00e0 l\u2019ingrediente speciale per una [&hellip;]","og_url":"http:\/\/www.italiaeconomiaonline.it\/web\/alimentare-ferrarini-protagonista-a-napoli-al-pizza-village\/","og_site_name":"ItaliaEconomiaOnline","article_published_time":"2019-09-07T07:52:54+00:00","og_image":[{"width":1024,"height":683,"url":"http:\/\/www.italiaeconomiaonline.it\/web\/wp-content\/uploads\/2019\/06\/Lisa-Ferrarini-1024x683.jpg","type":"image\/jpeg"}],"author":"ladyitaliaeconomia","twitter_card":"summary_large_image","twitter_misc":{"Scritto da":"ladyitaliaeconomia","Tempo di lettura stimato":"2 minuti"},"schema":{"@context":"https:\/\/schema.org","@graph":[{"@type":"WebPage","@id":"http:\/\/www.italiaeconomiaonline.it\/web\/alimentare-ferrarini-protagonista-a-napoli-al-pizza-village\/","url":"http:\/\/www.italiaeconomiaonline.it\/web\/alimentare-ferrarini-protagonista-a-napoli-al-pizza-village\/","name":"Alimentare: Ferrarini protagonista a Napoli al Pizza Village -","isPartOf":{"@id":"https:\/\/www.italiaeconomiaonline.it\/web\/#website"},"primaryImageOfPage":{"@id":"http:\/\/www.italiaeconomiaonline.it\/web\/alimentare-ferrarini-protagonista-a-napoli-al-pizza-village\/#primaryimage"},"image":{"@id":"http:\/\/www.italiaeconomiaonline.it\/web\/alimentare-ferrarini-protagonista-a-napoli-al-pizza-village\/#primaryimage"},"thumbnailUrl":"https:\/\/www.italiaeconomiaonline.it\/web\/wp-content\/uploads\/2019\/06\/Lisa-Ferrarini.jpg","datePublished":"2019-09-07T07:52:54+00:00","dateModified":"2019-09-07T07:52:54+00:00","author":{"@id":"https:\/\/www.italiaeconomiaonline.it\/web\/#\/schema\/person\/909a49cce752523b020fbc37d5ab1c31"},"breadcrumb":{"@id":"http:\/\/www.italiaeconomiaonline.it\/web\/alimentare-ferrarini-protagonista-a-napoli-al-pizza-village\/#breadcrumb"},"inLanguage":"it-IT","potentialAction":[{"@type":"ReadAction","target":["http:\/\/www.italiaeconomiaonline.it\/web\/alimentare-ferrarini-protagonista-a-napoli-al-pizza-village\/"]}]},{"@type":"ImageObject","inLanguage":"it-IT","@id":"http:\/\/www.italiaeconomiaonline.it\/web\/alimentare-ferrarini-protagonista-a-napoli-al-pizza-village\/#primaryimage","url":"https:\/\/www.italiaeconomiaonline.it\/web\/wp-content\/uploads\/2019\/06\/Lisa-Ferrarini.jpg","contentUrl":"https:\/\/www.italiaeconomiaonline.it\/web\/wp-content\/uploads\/2019\/06\/Lisa-Ferrarini.jpg","width":7360,"height":4912,"caption":"Lisa Ferrarini"},{"@type":"BreadcrumbList","@id":"http:\/\/www.italiaeconomiaonline.it\/web\/alimentare-ferrarini-protagonista-a-napoli-al-pizza-village\/#breadcrumb","itemListElement":[{"@type":"ListItem","position":1,"name":"Home","item":"https:\/\/www.italiaeconomiaonline.it\/web\/"},{"@type":"ListItem","position":2,"name":"Alimentare: Ferrarini protagonista a Napoli al Pizza Village"}]},{"@type":"WebSite","@id":"https:\/\/www.italiaeconomiaonline.it\/web\/#website","url":"https:\/\/www.italiaeconomiaonline.it\/web\/","name":"ItaliaEconomiaOnline","description":"Quotidiano Economico Online","potentialAction":[{"@type":"SearchAction","target":{"@type":"EntryPoint","urlTemplate":"https:\/\/www.italiaeconomiaonline.it\/web\/?s={search_term_string}"},"query-input":"required name=search_term_string"}],"inLanguage":"it-IT"},{"@type":"Person","@id":"https:\/\/www.italiaeconomiaonline.it\/web\/#\/schema\/person\/909a49cce752523b020fbc37d5ab1c31","name":"ladyitaliaeconomia","image":{"@type":"ImageObject","inLanguage":"it-IT","@id":"https:\/\/www.italiaeconomiaonline.it\/web\/#\/schema\/person\/image\/","url":"https:\/\/secure.gravatar.com\/avatar\/cedca10ce7416a579b9fa6bce9c0a8f2?s=96&d=mm&r=g","contentUrl":"https:\/\/secure.gravatar.com\/avatar\/cedca10ce7416a579b9fa6bce9c0a8f2?s=96&d=mm&r=g","caption":"ladyitaliaeconomia"},"url":"https:\/\/www.italiaeconomiaonline.it\/web\/author\/ladyitaliaeconomia\/"}]}},"_links":{"self":[{"href":"https:\/\/www.italiaeconomiaonline.it\/web\/wp-json\/wp\/v2\/posts\/1658"}],"collection":[{"href":"https:\/\/www.italiaeconomiaonline.it\/web\/wp-json\/wp\/v2\/posts"}],"about":[{"href":"https:\/\/www.italiaeconomiaonline.it\/web\/wp-json\/wp\/v2\/types\/post"}],"author":[{"embeddable":true,"href":"https:\/\/www.italiaeconomiaonline.it\/web\/wp-json\/wp\/v2\/users\/1"}],"replies":[{"embeddable":true,"href":"https:\/\/www.italiaeconomiaonline.it\/web\/wp-json\/wp\/v2\/comments?post=1658"}],"version-history":[{"count":1,"href":"https:\/\/www.italiaeconomiaonline.it\/web\/wp-json\/wp\/v2\/posts\/1658\/revisions"}],"predecessor-version":[{"id":1659,"href":"https:\/\/www.italiaeconomiaonline.it\/web\/wp-json\/wp\/v2\/posts\/1658\/revisions\/1659"}],"wp:featuredmedia":[{"embeddable":true,"href":"https:\/\/www.italiaeconomiaonline.it\/web\/wp-json\/wp\/v2\/media\/882"}],"wp:attachment":[{"href":"https:\/\/www.italiaeconomiaonline.it\/web\/wp-json\/wp\/v2\/media?parent=1658"}],"wp:term":[{"taxonomy":"category","embeddable":true,"href":"https:\/\/www.italiaeconomiaonline.it\/web\/wp-json\/wp\/v2\/categories?post=1658"},{"taxonomy":"post_tag","embeddable":true,"href":"https:\/\/www.italiaeconomiaonline.it\/web\/wp-json\/wp\/v2\/tags?post=1658"}],"curies":[{"name":"wp","href":"https:\/\/api.w.org\/{rel}","templated":true}]}}