{"id":1660,"date":"2019-09-07T09:57:10","date_gmt":"2019-09-07T07:57:10","guid":{"rendered":"http:\/\/www.italiaeconomiaonline.it\/web\/?p=1660"},"modified":"2019-09-07T09:57:10","modified_gmt":"2019-09-07T07:57:10","slug":"governo-lagenda-di-confindustria-resta-la-stessa","status":"publish","type":"post","link":"https:\/\/www.italiaeconomiaonline.it\/web\/governo-lagenda-di-confindustria-resta-la-stessa\/","title":{"rendered":"Governo: l&#8217;agenda di Confindustria resta la stessa"},"content":{"rendered":"<p><span class=\"dropcap dropcap3\">C<\/span>ambia il governo, resta la nostra Agenda. Cos\u00ec Confindustria che in attesa dell\u2019intervento alle Camere del premier incaricato Giuseppe Conte rinnova l\u2019auspicio che l\u2019esecutivo metta al centro della sua attenzione l\u2019economia reale e mostri sensibilit\u00e0 ai temi dello sviluppo.<\/p>\n<div>\n<p>\u00c8 dal 2016 &#8211; ricorda Confindustria &#8211; che indichiamo in pi\u00f9 crescita, meno deficit e meno debito pubblico i tre capisaldi di una politica economica capace di rimettere in moto il Paese tenendo i conti sotto controllo.<\/p>\n<\/div>\n<div>\n<p>In questo senso appare prioritario rilanciare gli investimenti in infrastrutture in Italia come in Europa superando ogni resistenza ideologica, intervenendo con misure anticicliche rese ancor pi\u00f9 necessarie dal rallentamento della Germania e assicurando alle imprese un\u2019indispensabile competitivit\u00e0 di sistema.<\/p>\n<\/div>\n<div>\n<p>Per la sua storia e la sua posizione di seconda manifattura d\u2019Europa l\u2019Italia dovr\u00e0 svolgere un ruolo di primo piano in una nuova stagione riformista dell\u2019Unione europea avendo cura di usare la crescita per ridurre le disuguaglianze e combattere la povert\u00e0. Appare quindi indispensabile puntare ad avere un commissario di primo livello a Bruxelles e dirigenti di alta qualit\u00e0.<\/p>\n<\/div>\n<div>\n<p>Come abbiamo pi\u00f9 volte ribadito &#8211; conclude Confindustria &#8211; valuteremo i provvedimenti che saranno adottati nella consapevolezza che ci aspetta una manovra molto delicata e che il Paese ha un grande bisogno di reagire.<\/p>\n<\/div>\n","protected":false},"excerpt":{"rendered":"<p>Cambia il governo, resta la nostra Agenda. Cos\u00ec Confindustria che in attesa dell\u2019intervento alle Camere del premier incaricato Giuseppe Conte rinnova l\u2019auspicio che l\u2019esecutivo metta al centro della sua attenzione l\u2019economia reale e mostri sensibilit\u00e0 ai temi dello sviluppo. \u00c8 dal 2016 &#8211; ricorda Confindustria &#8211; che indichiamo in pi\u00f9 crescita, meno deficit e meno [&hellip;]<\/p>\n","protected":false},"author":1,"featured_media":826,"comment_status":"closed","ping_status":"open","sticky":false,"template":"","format":"standard","meta":{"footnotes":""},"categories":[56],"tags":[180,154],"yoast_head":"<!-- This site is optimized with the Yoast SEO plugin v22.2 - https:\/\/yoast.com\/wordpress\/plugins\/seo\/ -->\n<title>Governo: l&#039;agenda di Confindustria resta la stessa -<\/title>\n<meta name=\"robots\" content=\"index, follow, max-snippet:-1, max-image-preview:large, max-video-preview:-1\" \/>\n<link rel=\"canonical\" href=\"https:\/\/www.italiaeconomiaonline.it\/web\/governo-lagenda-di-confindustria-resta-la-stessa\/\" \/>\n<meta property=\"og:locale\" content=\"it_IT\" \/>\n<meta property=\"og:type\" content=\"article\" \/>\n<meta property=\"og:title\" content=\"Governo: l&#039;agenda di Confindustria resta la stessa -\" \/>\n<meta property=\"og:description\" content=\"Cambia il governo, resta la nostra Agenda. Cos\u00ec Confindustria che in attesa dell\u2019intervento alle Camere del premier incaricato Giuseppe Conte rinnova l\u2019auspicio che l\u2019esecutivo metta al centro della sua attenzione l\u2019economia reale e mostri sensibilit\u00e0 ai temi dello sviluppo. \u00c8 dal 2016 &#8211; ricorda Confindustria &#8211; che indichiamo in pi\u00f9 crescita, meno deficit e meno [&hellip;]\" \/>\n<meta property=\"og:url\" content=\"https:\/\/www.italiaeconomiaonline.it\/web\/governo-lagenda-di-confindustria-resta-la-stessa\/\" \/>\n<meta property=\"og:site_name\" content=\"ItaliaEconomiaOnline\" \/>\n<meta property=\"article:published_time\" content=\"2019-09-07T07:57:10+00:00\" \/>\n<meta property=\"og:image\" content=\"https:\/\/www.italiaeconomiaonline.it\/web\/wp-content\/uploads\/2019\/05\/vincenzo_boccia.jpg\" \/>\n\t<meta property=\"og:image:width\" content=\"960\" \/>\n\t<meta property=\"og:image:height\" content=\"540\" \/>\n\t<meta property=\"og:image:type\" content=\"image\/jpeg\" \/>\n<meta name=\"author\" content=\"ladyitaliaeconomia\" \/>\n<meta name=\"twitter:card\" content=\"summary_large_image\" \/>\n<meta name=\"twitter:label1\" content=\"Scritto da\" \/>\n\t<meta name=\"twitter:data1\" content=\"ladyitaliaeconomia\" \/>\n\t<meta name=\"twitter:label2\" content=\"Tempo di lettura stimato\" \/>\n\t<meta name=\"twitter:data2\" content=\"1 minuto\" \/>\n<script type=\"application\/ld+json\" class=\"yoast-schema-graph\">{\"@context\":\"https:\/\/schema.org\",\"@graph\":[{\"@type\":\"WebPage\",\"@id\":\"https:\/\/www.italiaeconomiaonline.it\/web\/governo-lagenda-di-confindustria-resta-la-stessa\/\",\"url\":\"https:\/\/www.italiaeconomiaonline.it\/web\/governo-lagenda-di-confindustria-resta-la-stessa\/\",\"name\":\"Governo: l'agenda di Confindustria resta la stessa -\",\"isPartOf\":{\"@id\":\"https:\/\/www.italiaeconomiaonline.it\/web\/#website\"},\"primaryImageOfPage\":{\"@id\":\"https:\/\/www.italiaeconomiaonline.it\/web\/governo-lagenda-di-confindustria-resta-la-stessa\/#primaryimage\"},\"image\":{\"@id\":\"https:\/\/www.italiaeconomiaonline.it\/web\/governo-lagenda-di-confindustria-resta-la-stessa\/#primaryimage\"},\"thumbnailUrl\":\"https:\/\/www.italiaeconomiaonline.it\/web\/wp-content\/uploads\/2019\/05\/vincenzo_boccia.jpg\",\"datePublished\":\"2019-09-07T07:57:10+00:00\",\"dateModified\":\"2019-09-07T07:57:10+00:00\",\"author\":{\"@id\":\"https:\/\/www.italiaeconomiaonline.it\/web\/#\/schema\/person\/909a49cce752523b020fbc37d5ab1c31\"},\"breadcrumb\":{\"@id\":\"https:\/\/www.italiaeconomiaonline.it\/web\/governo-lagenda-di-confindustria-resta-la-stessa\/#breadcrumb\"},\"inLanguage\":\"it-IT\",\"potentialAction\":[{\"@type\":\"ReadAction\",\"target\":[\"https:\/\/www.italiaeconomiaonline.it\/web\/governo-lagenda-di-confindustria-resta-la-stessa\/\"]}]},{\"@type\":\"ImageObject\",\"inLanguage\":\"it-IT\",\"@id\":\"https:\/\/www.italiaeconomiaonline.it\/web\/governo-lagenda-di-confindustria-resta-la-stessa\/#primaryimage\",\"url\":\"https:\/\/www.italiaeconomiaonline.it\/web\/wp-content\/uploads\/2019\/05\/vincenzo_boccia.jpg\",\"contentUrl\":\"https:\/\/www.italiaeconomiaonline.it\/web\/wp-content\/uploads\/2019\/05\/vincenzo_boccia.jpg\",\"width\":960,\"height\":540,\"caption\":\"Vincenzo Boccia\"},{\"@type\":\"BreadcrumbList\",\"@id\":\"https:\/\/www.italiaeconomiaonline.it\/web\/governo-lagenda-di-confindustria-resta-la-stessa\/#breadcrumb\",\"itemListElement\":[{\"@type\":\"ListItem\",\"position\":1,\"name\":\"Home\",\"item\":\"https:\/\/www.italiaeconomiaonline.it\/web\/\"},{\"@type\":\"ListItem\",\"position\":2,\"name\":\"Governo: l&#8217;agenda di Confindustria resta la stessa\"}]},{\"@type\":\"WebSite\",\"@id\":\"https:\/\/www.italiaeconomiaonline.it\/web\/#website\",\"url\":\"https:\/\/www.italiaeconomiaonline.it\/web\/\",\"name\":\"ItaliaEconomiaOnline\",\"description\":\"Quotidiano Economico Online\",\"potentialAction\":[{\"@type\":\"SearchAction\",\"target\":{\"@type\":\"EntryPoint\",\"urlTemplate\":\"https:\/\/www.italiaeconomiaonline.it\/web\/?s={search_term_string}\"},\"query-input\":\"required name=search_term_string\"}],\"inLanguage\":\"it-IT\"},{\"@type\":\"Person\",\"@id\":\"https:\/\/www.italiaeconomiaonline.it\/web\/#\/schema\/person\/909a49cce752523b020fbc37d5ab1c31\",\"name\":\"ladyitaliaeconomia\",\"image\":{\"@type\":\"ImageObject\",\"inLanguage\":\"it-IT\",\"@id\":\"https:\/\/www.italiaeconomiaonline.it\/web\/#\/schema\/person\/image\/\",\"url\":\"https:\/\/secure.gravatar.com\/avatar\/cedca10ce7416a579b9fa6bce9c0a8f2?s=96&d=mm&r=g\",\"contentUrl\":\"https:\/\/secure.gravatar.com\/avatar\/cedca10ce7416a579b9fa6bce9c0a8f2?s=96&d=mm&r=g\",\"caption\":\"ladyitaliaeconomia\"},\"url\":\"https:\/\/www.italiaeconomiaonline.it\/web\/author\/ladyitaliaeconomia\/\"}]}<\/script>\n<!-- \/ Yoast SEO plugin. -->","yoast_head_json":{"title":"Governo: l'agenda di Confindustria resta la stessa -","robots":{"index":"index","follow":"follow","max-snippet":"max-snippet:-1","max-image-preview":"max-image-preview:large","max-video-preview":"max-video-preview:-1"},"canonical":"https:\/\/www.italiaeconomiaonline.it\/web\/governo-lagenda-di-confindustria-resta-la-stessa\/","og_locale":"it_IT","og_type":"article","og_title":"Governo: l'agenda di Confindustria resta la stessa -","og_description":"Cambia il governo, resta la nostra Agenda. Cos\u00ec Confindustria che in attesa dell\u2019intervento alle Camere del premier incaricato Giuseppe Conte rinnova l\u2019auspicio che l\u2019esecutivo metta al centro della sua attenzione l\u2019economia reale e mostri sensibilit\u00e0 ai temi dello sviluppo. \u00c8 dal 2016 &#8211; ricorda Confindustria &#8211; che indichiamo in pi\u00f9 crescita, meno deficit e meno [&hellip;]","og_url":"https:\/\/www.italiaeconomiaonline.it\/web\/governo-lagenda-di-confindustria-resta-la-stessa\/","og_site_name":"ItaliaEconomiaOnline","article_published_time":"2019-09-07T07:57:10+00:00","og_image":[{"width":960,"height":540,"url":"https:\/\/www.italiaeconomiaonline.it\/web\/wp-content\/uploads\/2019\/05\/vincenzo_boccia.jpg","type":"image\/jpeg"}],"author":"ladyitaliaeconomia","twitter_card":"summary_large_image","twitter_misc":{"Scritto da":"ladyitaliaeconomia","Tempo di lettura stimato":"1 minuto"},"schema":{"@context":"https:\/\/schema.org","@graph":[{"@type":"WebPage","@id":"https:\/\/www.italiaeconomiaonline.it\/web\/governo-lagenda-di-confindustria-resta-la-stessa\/","url":"https:\/\/www.italiaeconomiaonline.it\/web\/governo-lagenda-di-confindustria-resta-la-stessa\/","name":"Governo: l'agenda di Confindustria resta la stessa -","isPartOf":{"@id":"https:\/\/www.italiaeconomiaonline.it\/web\/#website"},"primaryImageOfPage":{"@id":"https:\/\/www.italiaeconomiaonline.it\/web\/governo-lagenda-di-confindustria-resta-la-stessa\/#primaryimage"},"image":{"@id":"https:\/\/www.italiaeconomiaonline.it\/web\/governo-lagenda-di-confindustria-resta-la-stessa\/#primaryimage"},"thumbnailUrl":"https:\/\/www.italiaeconomiaonline.it\/web\/wp-content\/uploads\/2019\/05\/vincenzo_boccia.jpg","datePublished":"2019-09-07T07:57:10+00:00","dateModified":"2019-09-07T07:57:10+00:00","author":{"@id":"https:\/\/www.italiaeconomiaonline.it\/web\/#\/schema\/person\/909a49cce752523b020fbc37d5ab1c31"},"breadcrumb":{"@id":"https:\/\/www.italiaeconomiaonline.it\/web\/governo-lagenda-di-confindustria-resta-la-stessa\/#breadcrumb"},"inLanguage":"it-IT","potentialAction":[{"@type":"ReadAction","target":["https:\/\/www.italiaeconomiaonline.it\/web\/governo-lagenda-di-confindustria-resta-la-stessa\/"]}]},{"@type":"ImageObject","inLanguage":"it-IT","@id":"https:\/\/www.italiaeconomiaonline.it\/web\/governo-lagenda-di-confindustria-resta-la-stessa\/#primaryimage","url":"https:\/\/www.italiaeconomiaonline.it\/web\/wp-content\/uploads\/2019\/05\/vincenzo_boccia.jpg","contentUrl":"https:\/\/www.italiaeconomiaonline.it\/web\/wp-content\/uploads\/2019\/05\/vincenzo_boccia.jpg","width":960,"height":540,"caption":"Vincenzo Boccia"},{"@type":"BreadcrumbList","@id":"https:\/\/www.italiaeconomiaonline.it\/web\/governo-lagenda-di-confindustria-resta-la-stessa\/#breadcrumb","itemListElement":[{"@type":"ListItem","position":1,"name":"Home","item":"https:\/\/www.italiaeconomiaonline.it\/web\/"},{"@type":"ListItem","position":2,"name":"Governo: l&#8217;agenda di Confindustria resta la stessa"}]},{"@type":"WebSite","@id":"https:\/\/www.italiaeconomiaonline.it\/web\/#website","url":"https:\/\/www.italiaeconomiaonline.it\/web\/","name":"ItaliaEconomiaOnline","description":"Quotidiano Economico Online","potentialAction":[{"@type":"SearchAction","target":{"@type":"EntryPoint","urlTemplate":"https:\/\/www.italiaeconomiaonline.it\/web\/?s={search_term_string}"},"query-input":"required name=search_term_string"}],"inLanguage":"it-IT"},{"@type":"Person","@id":"https:\/\/www.italiaeconomiaonline.it\/web\/#\/schema\/person\/909a49cce752523b020fbc37d5ab1c31","name":"ladyitaliaeconomia","image":{"@type":"ImageObject","inLanguage":"it-IT","@id":"https:\/\/www.italiaeconomiaonline.it\/web\/#\/schema\/person\/image\/","url":"https:\/\/secure.gravatar.com\/avatar\/cedca10ce7416a579b9fa6bce9c0a8f2?s=96&d=mm&r=g","contentUrl":"https:\/\/secure.gravatar.com\/avatar\/cedca10ce7416a579b9fa6bce9c0a8f2?s=96&d=mm&r=g","caption":"ladyitaliaeconomia"},"url":"https:\/\/www.italiaeconomiaonline.it\/web\/author\/ladyitaliaeconomia\/"}]}},"_links":{"self":[{"href":"https:\/\/www.italiaeconomiaonline.it\/web\/wp-json\/wp\/v2\/posts\/1660"}],"collection":[{"href":"https:\/\/www.italiaeconomiaonline.it\/web\/wp-json\/wp\/v2\/posts"}],"about":[{"href":"https:\/\/www.italiaeconomiaonline.it\/web\/wp-json\/wp\/v2\/types\/post"}],"author":[{"embeddable":true,"href":"https:\/\/www.italiaeconomiaonline.it\/web\/wp-json\/wp\/v2\/users\/1"}],"replies":[{"embeddable":true,"href":"https:\/\/www.italiaeconomiaonline.it\/web\/wp-json\/wp\/v2\/comments?post=1660"}],"version-history":[{"count":1,"href":"https:\/\/www.italiaeconomiaonline.it\/web\/wp-json\/wp\/v2\/posts\/1660\/revisions"}],"predecessor-version":[{"id":1661,"href":"https:\/\/www.italiaeconomiaonline.it\/web\/wp-json\/wp\/v2\/posts\/1660\/revisions\/1661"}],"wp:featuredmedia":[{"embeddable":true,"href":"https:\/\/www.italiaeconomiaonline.it\/web\/wp-json\/wp\/v2\/media\/826"}],"wp:attachment":[{"href":"https:\/\/www.italiaeconomiaonline.it\/web\/wp-json\/wp\/v2\/media?parent=1660"}],"wp:term":[{"taxonomy":"category","embeddable":true,"href":"https:\/\/www.italiaeconomiaonline.it\/web\/wp-json\/wp\/v2\/categories?post=1660"},{"taxonomy":"post_tag","embeddable":true,"href":"https:\/\/www.italiaeconomiaonline.it\/web\/wp-json\/wp\/v2\/tags?post=1660"}],"curies":[{"name":"wp","href":"https:\/\/api.w.org\/{rel}","templated":true}]}}