{"id":1690,"date":"2019-09-08T16:15:11","date_gmt":"2019-09-08T14:15:11","guid":{"rendered":"http:\/\/www.italiaeconomiaonline.it\/web\/?p=1690"},"modified":"2019-09-07T16:18:58","modified_gmt":"2019-09-07T14:18:58","slug":"barometro-crifad-agosto-si-conferma-trend-negativo-su-richiesta-mutui","status":"publish","type":"post","link":"https:\/\/www.italiaeconomiaonline.it\/web\/barometro-crifad-agosto-si-conferma-trend-negativo-su-richiesta-mutui\/","title":{"rendered":"Barometro Crif:ad Agosto si conferma trend negativo su richiesta mutui"},"content":{"rendered":"<p><span class=\"dropcap dropcap3\">A<\/span>nalizzando le interrogazioni presenti sul Sistema di Informazioni Creditizie gestito da CRIF, emergono andamenti divergenti per le richieste di credito da parte delle famiglie italiane: da un lato le <strong>richieste di nuovi mutui e surroghe <\/strong>confermano anche ad agosto la costante contrazione che perdura dall\u2019inizio dell\u2019anno, facendo segnare <strong>un -7,0% <\/strong>rispetto allo stesso mese del 2018; dall\u2019altro <strong>le richieste di prestiti (nell\u2019aggregato di prestiti personali e prestiti finalizzati)<\/strong> sono cresciute del <strong>+4,5%, <\/strong>sostenuti principalmente dalla componente dei prestiti finalizzati.<\/p>\n<p>&nbsp;<\/p>\n<p><strong>L\u2019ANDAMENTO DELLE RICHIESTE DI MUTUI E SURROGHE<\/strong><\/p>\n<p>Alla base del trend negativo in atto, oltre al costante ridimensionamento dei mutui di sostituzione si pu\u00f2 ipotizzare anche l\u2019incidenza del peggioramento del clima di fiducia dei consumatori che potrebbe aver indotto molte famiglie, in considerazione della situazione di incertezza economica, a rimandare decisioni importanti come quelle sulla casa.<\/p>\n<p>Nel mese di agosto l\u2019<strong>importo medio richiesto delle richieste di nuovi mutui e surroghe <\/strong>si \u00e8 attestato a<strong> 129.662 Euro<\/strong>, in crescita del <strong>+1,7%<\/strong> rispetto al corrispondente periodo del 2018.<\/p>\n<p>Nel complesso<strong> la fascia di importo <\/strong>in cui si concentrano la maggior parte delle richieste \u00e8 quella compresa <strong>tra 100.001 e 150.000 Euro, <\/strong>con una quota pari al<strong> 29,4%<\/strong> del totale, mentre <strong>oltre il 75% delle richieste prevede un piano di rimborso superiore ai 15 anni<\/strong>.<\/p>\n<p>In merito all\u2019et\u00e0 del richiedente, invece,<strong> continuano a crescere le richieste da parte della popolazione pi\u00f9 giovane: <\/strong>in particolare, la fascia di et\u00e0 compresa tra i 25 e i 34 anni nel mese di agosto ha fatto registrare un incremento del <strong>+1,2% <\/strong>rispetto al 2018, arrivando a spiegare il <strong>26,3% delle richieste totali<\/strong>.<\/p>\n<p><strong>L\u2019ANDAMENTO DELLE RICHIESTE DI PRESTITI PERSONALI E FINALIZZATI<\/strong><\/p>\n<p>Relativamente alla crescita delle richieste di presiti da parte delle famiglie, invece, hanno contribuito entrambe le forme tecniche, con l\u2019incremento pi\u00f9 consistente (<strong>+7,7%<\/strong>) da parte<strong> dei prestiti finalizzati, <\/strong>a fronte del <strong>+1,1% <\/strong>fatto segnare dai <strong>prestiti personali<\/strong>.<\/p>\n<p>Per quanto riguarda l\u2019<strong>importo richiesto<\/strong>, nel complesso dei prestiti personali e finalizzati, nel mese di agosto si registra un calo (<strong>-1,9% <\/strong>rispetto allo stesso mese del 2018) che fa assestare il valore medio a <strong>8.655 Euro<\/strong>.<\/p>\n<p>Entrando nel dettaglio, per quanto riguarda <strong>i prestiti finalizzati<\/strong> l\u2019importo medio richiesto ha raggiunto il valore di <strong>5.703 Euro<\/strong> <strong>(-2,8% <\/strong>rispetto all\u2019agosto 2018) mentre per i <strong>prestiti personali <\/strong>si \u00e8 attestato a <strong>12.054 Euro<\/strong> <strong>(+0,3%)<\/strong>.<\/p>\n<p>L\u2019analisi della distribuzione delle richieste di prestiti per <strong>durata del finanziamento<\/strong> conferma che, anche nel mese di agosto, la classe in cui si sono concentrate le preferenze degli italiani \u00e8 quella di durata<strong> superiore ai 5 anni<\/strong>, con il <strong>27,5% del totale<\/strong>.<\/p>\n<p>Osservando, infine, la distribuzione delle interrogazioni in relazione all\u2019et\u00e0 del richiedente, \u00e8 stata la <strong>fascia compresa tra i 45 e i 54 anni<\/strong> a risultare maggioritaria, con il <strong>25,4%<\/strong> del totale, seguita da quella tra i 35 e i 44 anni, con il 22,3%.<\/p>\n<p><em>\u201cAnche nel mese di agosto si rileva un quadro a luci ed ombre per le richieste di credito da parte delle famiglie malgrado il perdurare di favorevoli condizioni di offerta sul mercato &#8211; <\/em><strong>commenta Simone Capecchi, Executive Director di CRIF<\/strong><em> -. <\/em><\/p>\n<p><em>Per stimolare la domanda le aziende di credito possono sviluppare prodotti sempre pi\u00f9 vicini alle esigenze delle famiglie, basati sulle peculiarit\u00e0 territoriali in termini di potenzialit\u00e0 e caratteristiche socio-demografiche. <\/em><\/p>\n<p><em>Senza dimenticare, per\u00f2, di includere all\u2019interno delle proprie politiche di gestione del rischio la valutazione dei fattori ambientali, sociali e di governance e adottare un approccio olistico nelle politiche e procedure relative al rischio del credito, cos\u00ec come richiesto dalle \u2018Linee guida per l\u2019erogazione e il monitoraggio dei finanziamenti\u2019 recentemente pubblicate dall\u2019EBA. <\/em><\/p>\n<p><em>Inoltre, con l\u2019inizio dell\u2019era del \u2018open banking\u2019, che scatter\u00e0 ufficialmente il 14 settembre, le istituzioni finanziarie hanno l\u2019opportunit\u00e0 di sviluppare nuovi servizi a valore aggiunto in grado di migliorare la customer experience, tema chiave per creare valore nel mondo del credito\u201d.<\/em><\/p>\n","protected":false},"excerpt":{"rendered":"<p>Analizzando le interrogazioni presenti sul Sistema di Informazioni Creditizie gestito da CRIF, emergono andamenti divergenti per le richieste di credito da parte delle famiglie italiane: da un lato le richieste di nuovi mutui e surroghe confermano anche ad agosto la costante contrazione che perdura dall\u2019inizio dell\u2019anno, facendo segnare un -7,0% rispetto allo stesso mese del [&hellip;]<\/p>\n","protected":false},"author":1,"featured_media":610,"comment_status":"closed","ping_status":"open","sticky":false,"template":"","format":"standard","meta":{"footnotes":""},"categories":[162],"tags":[713,228,236,454,715,714],"yoast_head":"<!-- This site is optimized with the Yoast SEO plugin v22.2 - https:\/\/yoast.com\/wordpress\/plugins\/seo\/ -->\n<title>Barometro Crif:ad Agosto si conferma trend negativo su richiesta mutui -<\/title>\n<meta name=\"robots\" content=\"index, follow, max-snippet:-1, max-image-preview:large, max-video-preview:-1\" \/>\n<link rel=\"canonical\" href=\"https:\/\/www.italiaeconomiaonline.it\/web\/barometro-crifad-agosto-si-conferma-trend-negativo-su-richiesta-mutui\/\" \/>\n<meta property=\"og:locale\" content=\"it_IT\" \/>\n<meta property=\"og:type\" content=\"article\" \/>\n<meta property=\"og:title\" content=\"Barometro Crif:ad Agosto si conferma trend negativo su richiesta mutui -\" \/>\n<meta property=\"og:description\" content=\"Analizzando le interrogazioni presenti sul Sistema di Informazioni Creditizie gestito da CRIF, emergono andamenti divergenti per le richieste di credito da parte delle famiglie italiane: da un lato le richieste di nuovi mutui e surroghe confermano anche ad agosto la costante contrazione che perdura dall\u2019inizio dell\u2019anno, facendo segnare un -7,0% rispetto allo stesso mese del [&hellip;]\" \/>\n<meta property=\"og:url\" content=\"https:\/\/www.italiaeconomiaonline.it\/web\/barometro-crifad-agosto-si-conferma-trend-negativo-su-richiesta-mutui\/\" \/>\n<meta property=\"og:site_name\" content=\"ItaliaEconomiaOnline\" \/>\n<meta property=\"article:published_time\" content=\"2019-09-08T14:15:11+00:00\" \/>\n<meta property=\"article:modified_time\" content=\"2019-09-07T14:18:58+00:00\" \/>\n<meta property=\"og:image\" content=\"https:\/\/www.italiaeconomiaonline.it\/web\/wp-content\/uploads\/2019\/04\/Bce.jpg\" \/>\n\t<meta property=\"og:image:width\" content=\"959\" \/>\n\t<meta property=\"og:image:height\" content=\"639\" \/>\n\t<meta property=\"og:image:type\" content=\"image\/jpeg\" \/>\n<meta name=\"author\" content=\"ladyitaliaeconomia\" \/>\n<meta name=\"twitter:card\" content=\"summary_large_image\" \/>\n<meta name=\"twitter:label1\" content=\"Scritto da\" \/>\n\t<meta name=\"twitter:data1\" content=\"ladyitaliaeconomia\" \/>\n\t<meta name=\"twitter:label2\" content=\"Tempo di lettura stimato\" \/>\n\t<meta name=\"twitter:data2\" content=\"3 minuti\" \/>\n<script type=\"application\/ld+json\" class=\"yoast-schema-graph\">{\"@context\":\"https:\/\/schema.org\",\"@graph\":[{\"@type\":\"WebPage\",\"@id\":\"https:\/\/www.italiaeconomiaonline.it\/web\/barometro-crifad-agosto-si-conferma-trend-negativo-su-richiesta-mutui\/\",\"url\":\"https:\/\/www.italiaeconomiaonline.it\/web\/barometro-crifad-agosto-si-conferma-trend-negativo-su-richiesta-mutui\/\",\"name\":\"Barometro Crif:ad Agosto si conferma trend negativo su richiesta mutui -\",\"isPartOf\":{\"@id\":\"https:\/\/www.italiaeconomiaonline.it\/web\/#website\"},\"primaryImageOfPage\":{\"@id\":\"https:\/\/www.italiaeconomiaonline.it\/web\/barometro-crifad-agosto-si-conferma-trend-negativo-su-richiesta-mutui\/#primaryimage\"},\"image\":{\"@id\":\"https:\/\/www.italiaeconomiaonline.it\/web\/barometro-crifad-agosto-si-conferma-trend-negativo-su-richiesta-mutui\/#primaryimage\"},\"thumbnailUrl\":\"https:\/\/www.italiaeconomiaonline.it\/web\/wp-content\/uploads\/2019\/04\/Bce.jpg\",\"datePublished\":\"2019-09-08T14:15:11+00:00\",\"dateModified\":\"2019-09-07T14:18:58+00:00\",\"author\":{\"@id\":\"https:\/\/www.italiaeconomiaonline.it\/web\/#\/schema\/person\/909a49cce752523b020fbc37d5ab1c31\"},\"breadcrumb\":{\"@id\":\"https:\/\/www.italiaeconomiaonline.it\/web\/barometro-crifad-agosto-si-conferma-trend-negativo-su-richiesta-mutui\/#breadcrumb\"},\"inLanguage\":\"it-IT\",\"potentialAction\":[{\"@type\":\"ReadAction\",\"target\":[\"https:\/\/www.italiaeconomiaonline.it\/web\/barometro-crifad-agosto-si-conferma-trend-negativo-su-richiesta-mutui\/\"]}]},{\"@type\":\"ImageObject\",\"inLanguage\":\"it-IT\",\"@id\":\"https:\/\/www.italiaeconomiaonline.it\/web\/barometro-crifad-agosto-si-conferma-trend-negativo-su-richiesta-mutui\/#primaryimage\",\"url\":\"https:\/\/www.italiaeconomiaonline.it\/web\/wp-content\/uploads\/2019\/04\/Bce.jpg\",\"contentUrl\":\"https:\/\/www.italiaeconomiaonline.it\/web\/wp-content\/uploads\/2019\/04\/Bce.jpg\",\"width\":959,\"height\":639},{\"@type\":\"BreadcrumbList\",\"@id\":\"https:\/\/www.italiaeconomiaonline.it\/web\/barometro-crifad-agosto-si-conferma-trend-negativo-su-richiesta-mutui\/#breadcrumb\",\"itemListElement\":[{\"@type\":\"ListItem\",\"position\":1,\"name\":\"Home\",\"item\":\"https:\/\/www.italiaeconomiaonline.it\/web\/\"},{\"@type\":\"ListItem\",\"position\":2,\"name\":\"Barometro Crif:ad Agosto si conferma trend negativo su richiesta mutui\"}]},{\"@type\":\"WebSite\",\"@id\":\"https:\/\/www.italiaeconomiaonline.it\/web\/#website\",\"url\":\"https:\/\/www.italiaeconomiaonline.it\/web\/\",\"name\":\"ItaliaEconomiaOnline\",\"description\":\"Quotidiano Economico Online\",\"potentialAction\":[{\"@type\":\"SearchAction\",\"target\":{\"@type\":\"EntryPoint\",\"urlTemplate\":\"https:\/\/www.italiaeconomiaonline.it\/web\/?s={search_term_string}\"},\"query-input\":\"required name=search_term_string\"}],\"inLanguage\":\"it-IT\"},{\"@type\":\"Person\",\"@id\":\"https:\/\/www.italiaeconomiaonline.it\/web\/#\/schema\/person\/909a49cce752523b020fbc37d5ab1c31\",\"name\":\"ladyitaliaeconomia\",\"image\":{\"@type\":\"ImageObject\",\"inLanguage\":\"it-IT\",\"@id\":\"https:\/\/www.italiaeconomiaonline.it\/web\/#\/schema\/person\/image\/\",\"url\":\"https:\/\/secure.gravatar.com\/avatar\/cedca10ce7416a579b9fa6bce9c0a8f2?s=96&d=mm&r=g\",\"contentUrl\":\"https:\/\/secure.gravatar.com\/avatar\/cedca10ce7416a579b9fa6bce9c0a8f2?s=96&d=mm&r=g\",\"caption\":\"ladyitaliaeconomia\"},\"url\":\"https:\/\/www.italiaeconomiaonline.it\/web\/author\/ladyitaliaeconomia\/\"}]}<\/script>\n<!-- \/ Yoast SEO plugin. -->","yoast_head_json":{"title":"Barometro Crif:ad Agosto si conferma trend negativo su richiesta mutui -","robots":{"index":"index","follow":"follow","max-snippet":"max-snippet:-1","max-image-preview":"max-image-preview:large","max-video-preview":"max-video-preview:-1"},"canonical":"https:\/\/www.italiaeconomiaonline.it\/web\/barometro-crifad-agosto-si-conferma-trend-negativo-su-richiesta-mutui\/","og_locale":"it_IT","og_type":"article","og_title":"Barometro Crif:ad Agosto si conferma trend negativo su richiesta mutui -","og_description":"Analizzando le interrogazioni presenti sul Sistema di Informazioni Creditizie gestito da CRIF, emergono andamenti divergenti per le richieste di credito da parte delle famiglie italiane: da un lato le richieste di nuovi mutui e surroghe confermano anche ad agosto la costante contrazione che perdura dall\u2019inizio dell\u2019anno, facendo segnare un -7,0% rispetto allo stesso mese del [&hellip;]","og_url":"https:\/\/www.italiaeconomiaonline.it\/web\/barometro-crifad-agosto-si-conferma-trend-negativo-su-richiesta-mutui\/","og_site_name":"ItaliaEconomiaOnline","article_published_time":"2019-09-08T14:15:11+00:00","article_modified_time":"2019-09-07T14:18:58+00:00","og_image":[{"width":959,"height":639,"url":"https:\/\/www.italiaeconomiaonline.it\/web\/wp-content\/uploads\/2019\/04\/Bce.jpg","type":"image\/jpeg"}],"author":"ladyitaliaeconomia","twitter_card":"summary_large_image","twitter_misc":{"Scritto da":"ladyitaliaeconomia","Tempo di lettura stimato":"3 minuti"},"schema":{"@context":"https:\/\/schema.org","@graph":[{"@type":"WebPage","@id":"https:\/\/www.italiaeconomiaonline.it\/web\/barometro-crifad-agosto-si-conferma-trend-negativo-su-richiesta-mutui\/","url":"https:\/\/www.italiaeconomiaonline.it\/web\/barometro-crifad-agosto-si-conferma-trend-negativo-su-richiesta-mutui\/","name":"Barometro Crif:ad Agosto si conferma trend negativo su richiesta mutui -","isPartOf":{"@id":"https:\/\/www.italiaeconomiaonline.it\/web\/#website"},"primaryImageOfPage":{"@id":"https:\/\/www.italiaeconomiaonline.it\/web\/barometro-crifad-agosto-si-conferma-trend-negativo-su-richiesta-mutui\/#primaryimage"},"image":{"@id":"https:\/\/www.italiaeconomiaonline.it\/web\/barometro-crifad-agosto-si-conferma-trend-negativo-su-richiesta-mutui\/#primaryimage"},"thumbnailUrl":"https:\/\/www.italiaeconomiaonline.it\/web\/wp-content\/uploads\/2019\/04\/Bce.jpg","datePublished":"2019-09-08T14:15:11+00:00","dateModified":"2019-09-07T14:18:58+00:00","author":{"@id":"https:\/\/www.italiaeconomiaonline.it\/web\/#\/schema\/person\/909a49cce752523b020fbc37d5ab1c31"},"breadcrumb":{"@id":"https:\/\/www.italiaeconomiaonline.it\/web\/barometro-crifad-agosto-si-conferma-trend-negativo-su-richiesta-mutui\/#breadcrumb"},"inLanguage":"it-IT","potentialAction":[{"@type":"ReadAction","target":["https:\/\/www.italiaeconomiaonline.it\/web\/barometro-crifad-agosto-si-conferma-trend-negativo-su-richiesta-mutui\/"]}]},{"@type":"ImageObject","inLanguage":"it-IT","@id":"https:\/\/www.italiaeconomiaonline.it\/web\/barometro-crifad-agosto-si-conferma-trend-negativo-su-richiesta-mutui\/#primaryimage","url":"https:\/\/www.italiaeconomiaonline.it\/web\/wp-content\/uploads\/2019\/04\/Bce.jpg","contentUrl":"https:\/\/www.italiaeconomiaonline.it\/web\/wp-content\/uploads\/2019\/04\/Bce.jpg","width":959,"height":639},{"@type":"BreadcrumbList","@id":"https:\/\/www.italiaeconomiaonline.it\/web\/barometro-crifad-agosto-si-conferma-trend-negativo-su-richiesta-mutui\/#breadcrumb","itemListElement":[{"@type":"ListItem","position":1,"name":"Home","item":"https:\/\/www.italiaeconomiaonline.it\/web\/"},{"@type":"ListItem","position":2,"name":"Barometro Crif:ad Agosto si conferma trend negativo su richiesta mutui"}]},{"@type":"WebSite","@id":"https:\/\/www.italiaeconomiaonline.it\/web\/#website","url":"https:\/\/www.italiaeconomiaonline.it\/web\/","name":"ItaliaEconomiaOnline","description":"Quotidiano Economico Online","potentialAction":[{"@type":"SearchAction","target":{"@type":"EntryPoint","urlTemplate":"https:\/\/www.italiaeconomiaonline.it\/web\/?s={search_term_string}"},"query-input":"required name=search_term_string"}],"inLanguage":"it-IT"},{"@type":"Person","@id":"https:\/\/www.italiaeconomiaonline.it\/web\/#\/schema\/person\/909a49cce752523b020fbc37d5ab1c31","name":"ladyitaliaeconomia","image":{"@type":"ImageObject","inLanguage":"it-IT","@id":"https:\/\/www.italiaeconomiaonline.it\/web\/#\/schema\/person\/image\/","url":"https:\/\/secure.gravatar.com\/avatar\/cedca10ce7416a579b9fa6bce9c0a8f2?s=96&d=mm&r=g","contentUrl":"https:\/\/secure.gravatar.com\/avatar\/cedca10ce7416a579b9fa6bce9c0a8f2?s=96&d=mm&r=g","caption":"ladyitaliaeconomia"},"url":"https:\/\/www.italiaeconomiaonline.it\/web\/author\/ladyitaliaeconomia\/"}]}},"_links":{"self":[{"href":"https:\/\/www.italiaeconomiaonline.it\/web\/wp-json\/wp\/v2\/posts\/1690"}],"collection":[{"href":"https:\/\/www.italiaeconomiaonline.it\/web\/wp-json\/wp\/v2\/posts"}],"about":[{"href":"https:\/\/www.italiaeconomiaonline.it\/web\/wp-json\/wp\/v2\/types\/post"}],"author":[{"embeddable":true,"href":"https:\/\/www.italiaeconomiaonline.it\/web\/wp-json\/wp\/v2\/users\/1"}],"replies":[{"embeddable":true,"href":"https:\/\/www.italiaeconomiaonline.it\/web\/wp-json\/wp\/v2\/comments?post=1690"}],"version-history":[{"count":1,"href":"https:\/\/www.italiaeconomiaonline.it\/web\/wp-json\/wp\/v2\/posts\/1690\/revisions"}],"predecessor-version":[{"id":1691,"href":"https:\/\/www.italiaeconomiaonline.it\/web\/wp-json\/wp\/v2\/posts\/1690\/revisions\/1691"}],"wp:featuredmedia":[{"embeddable":true,"href":"https:\/\/www.italiaeconomiaonline.it\/web\/wp-json\/wp\/v2\/media\/610"}],"wp:attachment":[{"href":"https:\/\/www.italiaeconomiaonline.it\/web\/wp-json\/wp\/v2\/media?parent=1690"}],"wp:term":[{"taxonomy":"category","embeddable":true,"href":"https:\/\/www.italiaeconomiaonline.it\/web\/wp-json\/wp\/v2\/categories?post=1690"},{"taxonomy":"post_tag","embeddable":true,"href":"https:\/\/www.italiaeconomiaonline.it\/web\/wp-json\/wp\/v2\/tags?post=1690"}],"curies":[{"name":"wp","href":"https:\/\/api.w.org\/{rel}","templated":true}]}}