{"id":1711,"date":"2019-09-13T16:54:21","date_gmt":"2019-09-13T14:54:21","guid":{"rendered":"http:\/\/www.italiaeconomiaonline.it\/web\/?p=1711"},"modified":"2019-09-13T16:54:21","modified_gmt":"2019-09-13T14:54:21","slug":"congiuntura-confcommercio-leconomia-resta-bloccata","status":"publish","type":"post","link":"https:\/\/www.italiaeconomiaonline.it\/web\/congiuntura-confcommercio-leconomia-resta-bloccata\/","title":{"rendered":"Congiuntura Confcommercio: l&#8217;economia resta bloccata"},"content":{"rendered":"<p><span class=\"dropcap dropcap3\">S<\/span>ono ancora le famiglie attraverso i consumi a mantenere sopra lo zero il tasso di variazione del PIL. Non un grande impulso, certo, ma dopo un pessimo mese di maggio, causa meteo, giugno mostra un rimbalzo anche nelle vendite al dettaglio. L&#8217;ICC, mese su mese, cresce di poco a luglio ma flette ad agosto.<\/p>\n<p>Nel complesso il confronto tendenziale resta favorevole per via di livelli particolarmente depressi l&#8217;anno scorso. Queste dinamiche vengono replicate per il PIL: +0,1% la previsione della variazione congiunturale per il terzo quarto che implica +0,2% tendenziale. Non si conferma, quindi, uno scenario recessivo.<\/p>\n<p>Piuttosto, l&#8217;economia resta del tutto bloccata. Un risultato profondamente insoddisfacente. Nessun miglioramento in prospettiva di breve termine. Il 2019 probabilmente chiuder\u00e0 a +0,1%.<\/p>\n<p>&nbsp;<\/p>\n<h4><strong>PIL MENSILE<\/strong><\/h4>\n<p>Dopo un giugno sostanzialmente positivo i principali indicatori sono tornati ad evidenziare dinamiche meno favorevoli, segnalando un avvio problematico del terzo trimestre. A luglio la produzione industriale \u00e8 tornata a ridursi dello 0,7% congiunturale e dello 0,5% su base annua. L&#8217;occupazione del mese di luglio ha mostrato una leggera contrazione (-0,1%) rispetto al mese precedente, pur risultando in crescita (0,8%) nel confronto annuo.<\/p>\n<p>I segnali del permanere di una situazione di debolezza dell&#8217;economia sono stati confermati ad agosto dall&#8217;ulteriore riduzione della fiducia di famiglie e imprese. La contrazione per il sentiment delle famiglie \u00e8 stata dell&#8217;1,2% congiunturale, mentre per le imprese la flessione \u00e8 stata del 2,3%. Su base annua il tendenziale di entrambi gli indicatori ha continuato a ridursi fortemente con -2,8% per le famiglie e -4,4% per le imprese.<\/p>\n<p><img decoding=\"async\" class=\"aligncenter\" src=\"https:\/\/www.confcommercio.it\/documents\/10180\/13804674\/158_tab+1.JPG\/86f9b319-9cae-46f2-86c1-a4c3918b6a39?t=1568367111203\" alt=\"\" \/><\/p>\n<p>A settembre, la stima del Pil mensile presenta una variazione congiunturale nulla, con una modesta crescita (0,3%) rispetto allo stesso mese del 2018 (tab. 1). La stima del terzo trimestre resta ferma a +0,1% congiunturale, con un miglioramento sul tendenziale dello 0,2%.<\/p>\n<p>Ad agosto 2019<a title=\"\" href=\"file:\/\/\/C:\/Users\/santini\/Downloads\/158%20-%2013.09.2019%20Congiuntura%20Confcommercio%20agosto.doc#_ftn1\" name=\"_ftnref1\">[1]<\/a> l&#8217;indicatore dei Consumi Confcommercio (ICC) \u00e8 tornato a segnalare un rallentamento, con una diminuzione in termini congiunturali dello 0,4% ed una variazione del +0,4% nel confronto con lo stesso mese del 2018 (tabb. 2 e 3). In termini di media mobile a tre mesi si osserva, comunque, una modesta tendenza al miglioramento, dato condizionato in larga parte dall&#8217;andamento particolarmente positivo di giugno (fig. 2).<\/p>\n<p><img decoding=\"async\" src=\"https:\/\/www.confcommercio.it\/documents\/10180\/13804674\/158_fig+1+e+2.JPG\/cf7c356e-cf5e-4ed4-910e-d36d46cbcefb?t=1568367110568\" alt=\"\" \/><\/p>\n<p>&nbsp;<\/p>\n<h4><strong>LE DINAMICHE CONGIUNTURALI<\/strong><\/h4>\n<p>La diminuzione dello 0,4% registrata in termini congiunturali dall&#8217;ICC nel mese di agosto \u00e8 sintesi di un deterioramento sia della domanda relativa ai servizi (-0,3%) sia di quella per i beni (-0,4%).<\/p>\n<p>Il dato \u00e8 espressione di una generalizzata tendenza al peggioramento delle diverse macro-funzioni di spesa. Solo per i beni e i servizi ricreativi si rileva una stazionariet\u00e0. Le diminuzioni pi\u00f9 consistenti hanno interessato i beni e i servizi per la mobilit\u00e0 (-0,6% su luglio), gli alberghi, i pasti e le consumazioni fuori casa (-0,5%), l&#8217;abbigliamento e le calzature (-0,5%) e gli alimentari, le bevande ed i tabacchi (-0,5%). Pi\u00f9 modesta \u00e8 risultata la riduzione per i beni ed i servizi per le comunicazioni (-0,3%), per i beni ed i servizi per la casa (-0,1%) e per i beni e servizi per la cura della persona (-0,1%).<\/p>\n<p><img decoding=\"async\" src=\"https:\/\/www.confcommercio.it\/documents\/10180\/13804674\/158_tab+2.JPG\/c562335b-da2b-40a6-862f-8ae52b65937e?t=1568367111627\" alt=\"\" \/><\/p>\n<p>&nbsp;<\/p>\n<h4><strong>LE DINAMICHE TENDENZIALI<\/strong><\/h4>\n<p>Ad agosto 2019 l&#8217;ICC ha mostrato, nel confronto annuo, un aumento dello 0,4%, in deciso rallentamento rispetto al bimestre precedente. Il dato dell&#8217;ultimo mese \u00e8 derivato da una crescita dello 0,8% della domanda per i servizi e dello 0,2% per i beni.<\/p>\n<p>Nel confronto con agosto del 2018 il segmento pi\u00f9 dinamico si conferma quello relativo alla spesa effettuata dalle famiglie per i beni e i servizi per le comunicazioni (+6,3%), al cui interno i beni per l&#8217;ICT continuano, nonostante la minore dinamicit\u00e0 degli ultimi mesi, ad evidenziare tassi di crescita particolarmente sostenuti.<\/p>\n<p>Anche la domanda per i beni e i servizi per la casa ha continuato a risentire, positivamente, della preferenza delle famiglie per gli acquisti dei prodotti di elettronica di consumo e di elettrodomestici, segnalando un incremento dell&#8217;1,0% su base annua.<\/p>\n<p>Pi\u00f9 contenuto \u00e8 risultato, nel confronto con agosto del 2018, l&#8217;aumento della domanda per gli alberghi, i pasti e le consumazioni fuori casa (+0,8%) e per i beni ed i servizi ricreativi (+0,3%). Riduzioni, nel confronto annuo, si sono registrate\u00a0 per i beni e i servizi per la mobilit\u00e0 (-0,9%), per l&#8217;abbigliamento e le calzature (-0,5%) e per gli alimentari, le bevande e i tabacchi (-0,5%).<\/p>\n<p>Per questi ultimi due segmenti il dato di agosto segnala il ritorno in territorio negativo, dopo un bimestre di parziale recupero.<\/p>\n<p><img decoding=\"async\" src=\"https:\/\/www.confcommercio.it\/documents\/10180\/13804674\/158_tab+3.JPG\/bc8b4951-8efb-46fc-9d23-34c28563d848?t=1568367112030\" alt=\"\" \/><\/p>\n<p>&nbsp;<\/p>\n<h4><strong>PREZZI: LE TENDENZE A BREVE TERMINE DEI PREZZI AL CONSUMO<\/strong><\/h4>\n<p>Sulla base delle dinamiche registrate dalle diverse variabili che concorrono alla formazione dei prezzi al consumo<a title=\"\" href=\"file:\/\/\/C:\/Users\/santini\/Downloads\/158%20-%2013.09.2019%20Congiuntura%20Confcommercio%20agosto.doc#_ftn1\" name=\"_ftnref1\">[1]<\/a>, per il mese di settembre 2019 si stima, in termini congiunturali, una diminuzione dello 0,3%. Nel confronto con lo stesso mese del 2018, i prezzi crescerebbero dello 0,7%, in moderato aumento rispetto agli ultimi mesi.<\/p>\n<p><img decoding=\"async\" src=\"https:\/\/www.confcommercio.it\/documents\/10180\/13804674\/158_tab+4.JPG\/e88dec22-9dbf-46bb-970a-b99c4aeaf2b3?t=1568367112449\" alt=\"\" \/><\/p>\n<div><\/div>\n","protected":false},"excerpt":{"rendered":"<p>Sono ancora le famiglie attraverso i consumi a mantenere sopra lo zero il tasso di variazione del PIL. Non un grande impulso, certo, ma dopo un pessimo mese di maggio, causa meteo, giugno mostra un rimbalzo anche nelle vendite al dettaglio. L&#8217;ICC, mese su mese, cresce di poco a luglio ma flette ad agosto. Nel [&hellip;]<\/p>\n","protected":false},"author":1,"featured_media":835,"comment_status":"closed","ping_status":"open","sticky":false,"template":"","format":"standard","meta":{"footnotes":""},"categories":[612],"tags":[],"yoast_head":"<!-- This site is optimized with the Yoast SEO plugin v22.2 - https:\/\/yoast.com\/wordpress\/plugins\/seo\/ -->\n<title>Congiuntura Confcommercio: l&#039;economia resta bloccata -<\/title>\n<meta name=\"robots\" content=\"index, follow, max-snippet:-1, max-image-preview:large, max-video-preview:-1\" \/>\n<link rel=\"canonical\" href=\"https:\/\/www.italiaeconomiaonline.it\/web\/congiuntura-confcommercio-leconomia-resta-bloccata\/\" \/>\n<meta property=\"og:locale\" content=\"it_IT\" \/>\n<meta property=\"og:type\" content=\"article\" \/>\n<meta property=\"og:title\" content=\"Congiuntura Confcommercio: l&#039;economia resta bloccata -\" \/>\n<meta property=\"og:description\" content=\"Sono ancora le famiglie attraverso i consumi a mantenere sopra lo zero il tasso di variazione del PIL. Non un grande impulso, certo, ma dopo un pessimo mese di maggio, causa meteo, giugno mostra un rimbalzo anche nelle vendite al dettaglio. L&#8217;ICC, mese su mese, cresce di poco a luglio ma flette ad agosto. Nel [&hellip;]\" \/>\n<meta property=\"og:url\" content=\"https:\/\/www.italiaeconomiaonline.it\/web\/congiuntura-confcommercio-leconomia-resta-bloccata\/\" \/>\n<meta property=\"og:site_name\" content=\"ItaliaEconomiaOnline\" \/>\n<meta property=\"article:published_time\" content=\"2019-09-13T14:54:21+00:00\" \/>\n<meta property=\"og:image\" content=\"https:\/\/www.italiaeconomiaonline.it\/web\/wp-content\/uploads\/2019\/05\/pagamenti.jpg\" \/>\n\t<meta property=\"og:image:width\" content=\"960\" \/>\n\t<meta property=\"og:image:height\" content=\"478\" \/>\n\t<meta property=\"og:image:type\" content=\"image\/jpeg\" \/>\n<meta name=\"author\" content=\"ladyitaliaeconomia\" \/>\n<meta name=\"twitter:card\" content=\"summary_large_image\" \/>\n<meta name=\"twitter:label1\" content=\"Scritto da\" \/>\n\t<meta name=\"twitter:data1\" content=\"ladyitaliaeconomia\" \/>\n\t<meta name=\"twitter:label2\" content=\"Tempo di lettura stimato\" \/>\n\t<meta name=\"twitter:data2\" content=\"4 minuti\" \/>\n<script type=\"application\/ld+json\" class=\"yoast-schema-graph\">{\"@context\":\"https:\/\/schema.org\",\"@graph\":[{\"@type\":\"WebPage\",\"@id\":\"https:\/\/www.italiaeconomiaonline.it\/web\/congiuntura-confcommercio-leconomia-resta-bloccata\/\",\"url\":\"https:\/\/www.italiaeconomiaonline.it\/web\/congiuntura-confcommercio-leconomia-resta-bloccata\/\",\"name\":\"Congiuntura Confcommercio: l'economia resta bloccata -\",\"isPartOf\":{\"@id\":\"https:\/\/www.italiaeconomiaonline.it\/web\/#website\"},\"primaryImageOfPage\":{\"@id\":\"https:\/\/www.italiaeconomiaonline.it\/web\/congiuntura-confcommercio-leconomia-resta-bloccata\/#primaryimage\"},\"image\":{\"@id\":\"https:\/\/www.italiaeconomiaonline.it\/web\/congiuntura-confcommercio-leconomia-resta-bloccata\/#primaryimage\"},\"thumbnailUrl\":\"https:\/\/www.italiaeconomiaonline.it\/web\/wp-content\/uploads\/2019\/05\/pagamenti.jpg\",\"datePublished\":\"2019-09-13T14:54:21+00:00\",\"dateModified\":\"2019-09-13T14:54:21+00:00\",\"author\":{\"@id\":\"https:\/\/www.italiaeconomiaonline.it\/web\/#\/schema\/person\/909a49cce752523b020fbc37d5ab1c31\"},\"breadcrumb\":{\"@id\":\"https:\/\/www.italiaeconomiaonline.it\/web\/congiuntura-confcommercio-leconomia-resta-bloccata\/#breadcrumb\"},\"inLanguage\":\"it-IT\",\"potentialAction\":[{\"@type\":\"ReadAction\",\"target\":[\"https:\/\/www.italiaeconomiaonline.it\/web\/congiuntura-confcommercio-leconomia-resta-bloccata\/\"]}]},{\"@type\":\"ImageObject\",\"inLanguage\":\"it-IT\",\"@id\":\"https:\/\/www.italiaeconomiaonline.it\/web\/congiuntura-confcommercio-leconomia-resta-bloccata\/#primaryimage\",\"url\":\"https:\/\/www.italiaeconomiaonline.it\/web\/wp-content\/uploads\/2019\/05\/pagamenti.jpg\",\"contentUrl\":\"https:\/\/www.italiaeconomiaonline.it\/web\/wp-content\/uploads\/2019\/05\/pagamenti.jpg\",\"width\":960,\"height\":478},{\"@type\":\"BreadcrumbList\",\"@id\":\"https:\/\/www.italiaeconomiaonline.it\/web\/congiuntura-confcommercio-leconomia-resta-bloccata\/#breadcrumb\",\"itemListElement\":[{\"@type\":\"ListItem\",\"position\":1,\"name\":\"Home\",\"item\":\"https:\/\/www.italiaeconomiaonline.it\/web\/\"},{\"@type\":\"ListItem\",\"position\":2,\"name\":\"Congiuntura Confcommercio: l&#8217;economia resta bloccata\"}]},{\"@type\":\"WebSite\",\"@id\":\"https:\/\/www.italiaeconomiaonline.it\/web\/#website\",\"url\":\"https:\/\/www.italiaeconomiaonline.it\/web\/\",\"name\":\"ItaliaEconomiaOnline\",\"description\":\"Quotidiano Economico Online\",\"potentialAction\":[{\"@type\":\"SearchAction\",\"target\":{\"@type\":\"EntryPoint\",\"urlTemplate\":\"https:\/\/www.italiaeconomiaonline.it\/web\/?s={search_term_string}\"},\"query-input\":\"required name=search_term_string\"}],\"inLanguage\":\"it-IT\"},{\"@type\":\"Person\",\"@id\":\"https:\/\/www.italiaeconomiaonline.it\/web\/#\/schema\/person\/909a49cce752523b020fbc37d5ab1c31\",\"name\":\"ladyitaliaeconomia\",\"image\":{\"@type\":\"ImageObject\",\"inLanguage\":\"it-IT\",\"@id\":\"https:\/\/www.italiaeconomiaonline.it\/web\/#\/schema\/person\/image\/\",\"url\":\"https:\/\/secure.gravatar.com\/avatar\/cedca10ce7416a579b9fa6bce9c0a8f2?s=96&d=mm&r=g\",\"contentUrl\":\"https:\/\/secure.gravatar.com\/avatar\/cedca10ce7416a579b9fa6bce9c0a8f2?s=96&d=mm&r=g\",\"caption\":\"ladyitaliaeconomia\"},\"url\":\"https:\/\/www.italiaeconomiaonline.it\/web\/author\/ladyitaliaeconomia\/\"}]}<\/script>\n<!-- \/ Yoast SEO plugin. -->","yoast_head_json":{"title":"Congiuntura Confcommercio: l'economia resta bloccata -","robots":{"index":"index","follow":"follow","max-snippet":"max-snippet:-1","max-image-preview":"max-image-preview:large","max-video-preview":"max-video-preview:-1"},"canonical":"https:\/\/www.italiaeconomiaonline.it\/web\/congiuntura-confcommercio-leconomia-resta-bloccata\/","og_locale":"it_IT","og_type":"article","og_title":"Congiuntura Confcommercio: l'economia resta bloccata -","og_description":"Sono ancora le famiglie attraverso i consumi a mantenere sopra lo zero il tasso di variazione del PIL. Non un grande impulso, certo, ma dopo un pessimo mese di maggio, causa meteo, giugno mostra un rimbalzo anche nelle vendite al dettaglio. L&#8217;ICC, mese su mese, cresce di poco a luglio ma flette ad agosto. Nel [&hellip;]","og_url":"https:\/\/www.italiaeconomiaonline.it\/web\/congiuntura-confcommercio-leconomia-resta-bloccata\/","og_site_name":"ItaliaEconomiaOnline","article_published_time":"2019-09-13T14:54:21+00:00","og_image":[{"width":960,"height":478,"url":"https:\/\/www.italiaeconomiaonline.it\/web\/wp-content\/uploads\/2019\/05\/pagamenti.jpg","type":"image\/jpeg"}],"author":"ladyitaliaeconomia","twitter_card":"summary_large_image","twitter_misc":{"Scritto da":"ladyitaliaeconomia","Tempo di lettura stimato":"4 minuti"},"schema":{"@context":"https:\/\/schema.org","@graph":[{"@type":"WebPage","@id":"https:\/\/www.italiaeconomiaonline.it\/web\/congiuntura-confcommercio-leconomia-resta-bloccata\/","url":"https:\/\/www.italiaeconomiaonline.it\/web\/congiuntura-confcommercio-leconomia-resta-bloccata\/","name":"Congiuntura Confcommercio: l'economia resta bloccata -","isPartOf":{"@id":"https:\/\/www.italiaeconomiaonline.it\/web\/#website"},"primaryImageOfPage":{"@id":"https:\/\/www.italiaeconomiaonline.it\/web\/congiuntura-confcommercio-leconomia-resta-bloccata\/#primaryimage"},"image":{"@id":"https:\/\/www.italiaeconomiaonline.it\/web\/congiuntura-confcommercio-leconomia-resta-bloccata\/#primaryimage"},"thumbnailUrl":"https:\/\/www.italiaeconomiaonline.it\/web\/wp-content\/uploads\/2019\/05\/pagamenti.jpg","datePublished":"2019-09-13T14:54:21+00:00","dateModified":"2019-09-13T14:54:21+00:00","author":{"@id":"https:\/\/www.italiaeconomiaonline.it\/web\/#\/schema\/person\/909a49cce752523b020fbc37d5ab1c31"},"breadcrumb":{"@id":"https:\/\/www.italiaeconomiaonline.it\/web\/congiuntura-confcommercio-leconomia-resta-bloccata\/#breadcrumb"},"inLanguage":"it-IT","potentialAction":[{"@type":"ReadAction","target":["https:\/\/www.italiaeconomiaonline.it\/web\/congiuntura-confcommercio-leconomia-resta-bloccata\/"]}]},{"@type":"ImageObject","inLanguage":"it-IT","@id":"https:\/\/www.italiaeconomiaonline.it\/web\/congiuntura-confcommercio-leconomia-resta-bloccata\/#primaryimage","url":"https:\/\/www.italiaeconomiaonline.it\/web\/wp-content\/uploads\/2019\/05\/pagamenti.jpg","contentUrl":"https:\/\/www.italiaeconomiaonline.it\/web\/wp-content\/uploads\/2019\/05\/pagamenti.jpg","width":960,"height":478},{"@type":"BreadcrumbList","@id":"https:\/\/www.italiaeconomiaonline.it\/web\/congiuntura-confcommercio-leconomia-resta-bloccata\/#breadcrumb","itemListElement":[{"@type":"ListItem","position":1,"name":"Home","item":"https:\/\/www.italiaeconomiaonline.it\/web\/"},{"@type":"ListItem","position":2,"name":"Congiuntura Confcommercio: l&#8217;economia resta bloccata"}]},{"@type":"WebSite","@id":"https:\/\/www.italiaeconomiaonline.it\/web\/#website","url":"https:\/\/www.italiaeconomiaonline.it\/web\/","name":"ItaliaEconomiaOnline","description":"Quotidiano Economico Online","potentialAction":[{"@type":"SearchAction","target":{"@type":"EntryPoint","urlTemplate":"https:\/\/www.italiaeconomiaonline.it\/web\/?s={search_term_string}"},"query-input":"required name=search_term_string"}],"inLanguage":"it-IT"},{"@type":"Person","@id":"https:\/\/www.italiaeconomiaonline.it\/web\/#\/schema\/person\/909a49cce752523b020fbc37d5ab1c31","name":"ladyitaliaeconomia","image":{"@type":"ImageObject","inLanguage":"it-IT","@id":"https:\/\/www.italiaeconomiaonline.it\/web\/#\/schema\/person\/image\/","url":"https:\/\/secure.gravatar.com\/avatar\/cedca10ce7416a579b9fa6bce9c0a8f2?s=96&d=mm&r=g","contentUrl":"https:\/\/secure.gravatar.com\/avatar\/cedca10ce7416a579b9fa6bce9c0a8f2?s=96&d=mm&r=g","caption":"ladyitaliaeconomia"},"url":"https:\/\/www.italiaeconomiaonline.it\/web\/author\/ladyitaliaeconomia\/"}]}},"_links":{"self":[{"href":"https:\/\/www.italiaeconomiaonline.it\/web\/wp-json\/wp\/v2\/posts\/1711"}],"collection":[{"href":"https:\/\/www.italiaeconomiaonline.it\/web\/wp-json\/wp\/v2\/posts"}],"about":[{"href":"https:\/\/www.italiaeconomiaonline.it\/web\/wp-json\/wp\/v2\/types\/post"}],"author":[{"embeddable":true,"href":"https:\/\/www.italiaeconomiaonline.it\/web\/wp-json\/wp\/v2\/users\/1"}],"replies":[{"embeddable":true,"href":"https:\/\/www.italiaeconomiaonline.it\/web\/wp-json\/wp\/v2\/comments?post=1711"}],"version-history":[{"count":1,"href":"https:\/\/www.italiaeconomiaonline.it\/web\/wp-json\/wp\/v2\/posts\/1711\/revisions"}],"predecessor-version":[{"id":1712,"href":"https:\/\/www.italiaeconomiaonline.it\/web\/wp-json\/wp\/v2\/posts\/1711\/revisions\/1712"}],"wp:featuredmedia":[{"embeddable":true,"href":"https:\/\/www.italiaeconomiaonline.it\/web\/wp-json\/wp\/v2\/media\/835"}],"wp:attachment":[{"href":"https:\/\/www.italiaeconomiaonline.it\/web\/wp-json\/wp\/v2\/media?parent=1711"}],"wp:term":[{"taxonomy":"category","embeddable":true,"href":"https:\/\/www.italiaeconomiaonline.it\/web\/wp-json\/wp\/v2\/categories?post=1711"},{"taxonomy":"post_tag","embeddable":true,"href":"https:\/\/www.italiaeconomiaonline.it\/web\/wp-json\/wp\/v2\/tags?post=1711"}],"curies":[{"name":"wp","href":"https:\/\/api.w.org\/{rel}","templated":true}]}}