{"id":1719,"date":"2019-09-17T11:29:28","date_gmt":"2019-09-17T09:29:28","guid":{"rendered":"http:\/\/www.italiaeconomiaonline.it\/web\/?p=1719"},"modified":"2019-09-17T11:29:28","modified_gmt":"2019-09-17T09:29:28","slug":"crescono-i-contratti-nel-mese-di-settembre-piu-dinamiche-le-medie-imprese","status":"publish","type":"post","link":"https:\/\/www.italiaeconomiaonline.it\/web\/crescono-i-contratti-nel-mese-di-settembre-piu-dinamiche-le-medie-imprese\/","title":{"rendered":"Crescono i contratti nel mese di settembre. Pi\u00f9 dinamiche le medie imprese"},"content":{"rendered":"<p><span class=\"dropcap dropcap3\">N<\/span>el mese di settembre le aziende del comparto industriale e terziario intendono attivare oltre 435mila contratti di lavoro, circa 20mila in pi\u00f9 rispetto allo stesso mese del 2018 con un incremento di 4,8 punti percentuali. Dinamiche si mostrano soprattutto le imprese di medie dimensioni.<\/p>\n<p>Quasi la met\u00e0 (il 44,5%) di queste aziende ha infatti previsto di assumere personale a settembre (ed \u00e8 il valore mensile pi\u00f9 alto dallo scorso anno). Queste imprese, inoltre, presentano il pi\u00f9 alto tasso di entrata (dato dal rapporto tra numero di contratti previsti e lavoratori gi\u00e0 presenti in azienda) registrato nell\u2019arco degli ultimi dodici mesi.<\/p>\n<p>Sono alcune delle informazioni inserite nel Bollettino mensile del <em>Sistema informativo Excelsior<\/em>, realizzato da <strong>Unioncamere<\/strong> e <strong>Anpal.<\/strong><\/p>\n<p>I comparti pi\u00f9 dinamici sono, per l\u2019industria, la meccatronica e la filiera metallurgico-metallica, che prevedono di attivare rispettivamente 21mila contratti circa e 18,2mila (con incrementi tendenziali del 3,9% e del 7,7%). In calo, invece, il settore alimentare che presenta una flessione su base annua di circa 1.500 contratti.<\/p>\n<p>Nei servizi, oltre alla filiera turistica che prevede circa 57,5mila entrate e dovrebbe registrare un incremento del 18,9% in chiave tendenziale, spicca la rilevante crescita rispetto a settembre 2018 del comparto media e comunicazione, che segna un aumento significativo di 1.370 unit\u00e0; allargando poi la previsione all\u2019intero trimestre settembre-novembre, l\u2019incremento tendenziale di questo comparto dovrebbe superare le 5.000 unit\u00e0.<\/p>\n<p>Non poche anche in questo mese le difficolt\u00e0 da parte delle aziende nel reperire le figure professionali richieste. Il 31% delle entrate previste risulta, infatti, non facile da trovare, con un incremento, rispetto a settembre 2018, di 5 punti percentuali.<\/p>\n<p>Scorrendo poi il <em>Borsino delle Professioni<\/em> si nota come siano soprattutto gli operai specializzati (in particolare fabbri ferrai, saldatori, lattonieri, etc.), come pure i tecnici informatici, telematici e delle telecomunicazioni ad essere maggiormente richiesti e, soprattutto, difficili da reperire, con percentuali superiori al 50% se non addirittura al 60%.<\/p>\n<p>Si tratta di figure principalmente richieste dalle medie imprese industriali dei comparti della metallurgia e della meccanica che presentano valori rilevanti dei contratti da attivare nel mese come pure nell\u2019intero trimestre settembre-novembre.<\/p>\n<p>A livello territoriale una pi\u00f9 alta incidenza di contratti destinati a figure ad elevata specializzazione (quali dirigenti, professionisti, specialisti, etc.) si registra non solo nelle aree pi\u00f9 dinamiche del Nord ma anche in contesti provinciali della Sardegna o della Sicilia, segnale questo di una crescente richiesta del sistema imprenditoriale meridionale che necessita non solo di operai e\/o artigiani ma anche di figure manageriali e tecniche.<\/p>\n","protected":false},"excerpt":{"rendered":"<p>Nel mese di settembre le aziende del comparto industriale e terziario intendono attivare oltre 435mila contratti di lavoro, circa 20mila in pi\u00f9 rispetto allo stesso mese del 2018 con un incremento di 4,8 punti percentuali. Dinamiche si mostrano soprattutto le imprese di medie dimensioni. Quasi la met\u00e0 (il 44,5%) di queste aziende ha infatti previsto [&hellip;]<\/p>\n","protected":false},"author":1,"featured_media":1123,"comment_status":"closed","ping_status":"open","sticky":false,"template":"","format":"standard","meta":{"footnotes":""},"categories":[28],"tags":[81,88,68],"yoast_head":"<!-- This site is optimized with the Yoast SEO plugin v22.2 - https:\/\/yoast.com\/wordpress\/plugins\/seo\/ -->\n<title>Crescono i contratti nel mese di settembre. Pi\u00f9 dinamiche le medie imprese -<\/title>\n<meta name=\"description\" content=\"Nel mese di settembre le aziende del comparto industriale e terziario intendono attivare oltre 435mila contratti di lavoro, circa 20mila in pi\u00f9 rispetto\" \/>\n<meta name=\"robots\" content=\"index, follow, max-snippet:-1, max-image-preview:large, max-video-preview:-1\" \/>\n<link rel=\"canonical\" href=\"https:\/\/www.italiaeconomiaonline.it\/web\/crescono-i-contratti-nel-mese-di-settembre-piu-dinamiche-le-medie-imprese\/\" \/>\n<meta property=\"og:locale\" content=\"it_IT\" \/>\n<meta property=\"og:type\" content=\"article\" \/>\n<meta property=\"og:title\" content=\"Crescono i contratti nel mese di settembre. Pi\u00f9 dinamiche le medie imprese -\" \/>\n<meta property=\"og:description\" content=\"Nel mese di settembre le aziende del comparto industriale e terziario intendono attivare oltre 435mila contratti di lavoro, circa 20mila in pi\u00f9 rispetto\" \/>\n<meta property=\"og:url\" content=\"https:\/\/www.italiaeconomiaonline.it\/web\/crescono-i-contratti-nel-mese-di-settembre-piu-dinamiche-le-medie-imprese\/\" \/>\n<meta property=\"og:site_name\" content=\"ItaliaEconomiaOnline\" \/>\n<meta property=\"article:published_time\" content=\"2019-09-17T09:29:28+00:00\" \/>\n<meta property=\"og:image\" content=\"https:\/\/www.italiaeconomiaonline.it\/web\/wp-content\/uploads\/2019\/06\/lavoro-3.jpg\" \/>\n\t<meta property=\"og:image:width\" content=\"960\" \/>\n\t<meta property=\"og:image:height\" content=\"640\" \/>\n\t<meta property=\"og:image:type\" content=\"image\/jpeg\" \/>\n<meta name=\"author\" content=\"ladyitaliaeconomia\" \/>\n<meta name=\"twitter:card\" content=\"summary_large_image\" \/>\n<meta name=\"twitter:label1\" content=\"Scritto da\" \/>\n\t<meta name=\"twitter:data1\" content=\"ladyitaliaeconomia\" \/>\n\t<meta name=\"twitter:label2\" content=\"Tempo di lettura stimato\" \/>\n\t<meta name=\"twitter:data2\" content=\"2 minuti\" \/>\n<script type=\"application\/ld+json\" class=\"yoast-schema-graph\">{\"@context\":\"https:\/\/schema.org\",\"@graph\":[{\"@type\":\"WebPage\",\"@id\":\"https:\/\/www.italiaeconomiaonline.it\/web\/crescono-i-contratti-nel-mese-di-settembre-piu-dinamiche-le-medie-imprese\/\",\"url\":\"https:\/\/www.italiaeconomiaonline.it\/web\/crescono-i-contratti-nel-mese-di-settembre-piu-dinamiche-le-medie-imprese\/\",\"name\":\"Crescono i contratti nel mese di settembre. Pi\u00f9 dinamiche le medie imprese -\",\"isPartOf\":{\"@id\":\"https:\/\/www.italiaeconomiaonline.it\/web\/#website\"},\"primaryImageOfPage\":{\"@id\":\"https:\/\/www.italiaeconomiaonline.it\/web\/crescono-i-contratti-nel-mese-di-settembre-piu-dinamiche-le-medie-imprese\/#primaryimage\"},\"image\":{\"@id\":\"https:\/\/www.italiaeconomiaonline.it\/web\/crescono-i-contratti-nel-mese-di-settembre-piu-dinamiche-le-medie-imprese\/#primaryimage\"},\"thumbnailUrl\":\"https:\/\/www.italiaeconomiaonline.it\/web\/wp-content\/uploads\/2019\/06\/lavoro-3.jpg\",\"datePublished\":\"2019-09-17T09:29:28+00:00\",\"dateModified\":\"2019-09-17T09:29:28+00:00\",\"author\":{\"@id\":\"https:\/\/www.italiaeconomiaonline.it\/web\/#\/schema\/person\/909a49cce752523b020fbc37d5ab1c31\"},\"description\":\"Nel mese di settembre le aziende del comparto industriale e terziario intendono attivare oltre 435mila contratti di lavoro, circa 20mila in pi\u00f9 rispetto\",\"breadcrumb\":{\"@id\":\"https:\/\/www.italiaeconomiaonline.it\/web\/crescono-i-contratti-nel-mese-di-settembre-piu-dinamiche-le-medie-imprese\/#breadcrumb\"},\"inLanguage\":\"it-IT\",\"potentialAction\":[{\"@type\":\"ReadAction\",\"target\":[\"https:\/\/www.italiaeconomiaonline.it\/web\/crescono-i-contratti-nel-mese-di-settembre-piu-dinamiche-le-medie-imprese\/\"]}]},{\"@type\":\"ImageObject\",\"inLanguage\":\"it-IT\",\"@id\":\"https:\/\/www.italiaeconomiaonline.it\/web\/crescono-i-contratti-nel-mese-di-settembre-piu-dinamiche-le-medie-imprese\/#primaryimage\",\"url\":\"https:\/\/www.italiaeconomiaonline.it\/web\/wp-content\/uploads\/2019\/06\/lavoro-3.jpg\",\"contentUrl\":\"https:\/\/www.italiaeconomiaonline.it\/web\/wp-content\/uploads\/2019\/06\/lavoro-3.jpg\",\"width\":960,\"height\":640},{\"@type\":\"BreadcrumbList\",\"@id\":\"https:\/\/www.italiaeconomiaonline.it\/web\/crescono-i-contratti-nel-mese-di-settembre-piu-dinamiche-le-medie-imprese\/#breadcrumb\",\"itemListElement\":[{\"@type\":\"ListItem\",\"position\":1,\"name\":\"Home\",\"item\":\"https:\/\/www.italiaeconomiaonline.it\/web\/\"},{\"@type\":\"ListItem\",\"position\":2,\"name\":\"Crescono i contratti nel mese di settembre. Pi\u00f9 dinamiche le medie imprese\"}]},{\"@type\":\"WebSite\",\"@id\":\"https:\/\/www.italiaeconomiaonline.it\/web\/#website\",\"url\":\"https:\/\/www.italiaeconomiaonline.it\/web\/\",\"name\":\"ItaliaEconomiaOnline\",\"description\":\"Quotidiano Economico Online\",\"potentialAction\":[{\"@type\":\"SearchAction\",\"target\":{\"@type\":\"EntryPoint\",\"urlTemplate\":\"https:\/\/www.italiaeconomiaonline.it\/web\/?s={search_term_string}\"},\"query-input\":\"required name=search_term_string\"}],\"inLanguage\":\"it-IT\"},{\"@type\":\"Person\",\"@id\":\"https:\/\/www.italiaeconomiaonline.it\/web\/#\/schema\/person\/909a49cce752523b020fbc37d5ab1c31\",\"name\":\"ladyitaliaeconomia\",\"image\":{\"@type\":\"ImageObject\",\"inLanguage\":\"it-IT\",\"@id\":\"https:\/\/www.italiaeconomiaonline.it\/web\/#\/schema\/person\/image\/\",\"url\":\"https:\/\/secure.gravatar.com\/avatar\/cedca10ce7416a579b9fa6bce9c0a8f2?s=96&d=mm&r=g\",\"contentUrl\":\"https:\/\/secure.gravatar.com\/avatar\/cedca10ce7416a579b9fa6bce9c0a8f2?s=96&d=mm&r=g\",\"caption\":\"ladyitaliaeconomia\"},\"url\":\"https:\/\/www.italiaeconomiaonline.it\/web\/author\/ladyitaliaeconomia\/\"}]}<\/script>\n<!-- \/ Yoast SEO plugin. -->","yoast_head_json":{"title":"Crescono i contratti nel mese di settembre. Pi\u00f9 dinamiche le medie imprese -","description":"Nel mese di settembre le aziende del comparto industriale e terziario intendono attivare oltre 435mila contratti di lavoro, circa 20mila in pi\u00f9 rispetto","robots":{"index":"index","follow":"follow","max-snippet":"max-snippet:-1","max-image-preview":"max-image-preview:large","max-video-preview":"max-video-preview:-1"},"canonical":"https:\/\/www.italiaeconomiaonline.it\/web\/crescono-i-contratti-nel-mese-di-settembre-piu-dinamiche-le-medie-imprese\/","og_locale":"it_IT","og_type":"article","og_title":"Crescono i contratti nel mese di settembre. Pi\u00f9 dinamiche le medie imprese -","og_description":"Nel mese di settembre le aziende del comparto industriale e terziario intendono attivare oltre 435mila contratti di lavoro, circa 20mila in pi\u00f9 rispetto","og_url":"https:\/\/www.italiaeconomiaonline.it\/web\/crescono-i-contratti-nel-mese-di-settembre-piu-dinamiche-le-medie-imprese\/","og_site_name":"ItaliaEconomiaOnline","article_published_time":"2019-09-17T09:29:28+00:00","og_image":[{"width":960,"height":640,"url":"https:\/\/www.italiaeconomiaonline.it\/web\/wp-content\/uploads\/2019\/06\/lavoro-3.jpg","type":"image\/jpeg"}],"author":"ladyitaliaeconomia","twitter_card":"summary_large_image","twitter_misc":{"Scritto da":"ladyitaliaeconomia","Tempo di lettura stimato":"2 minuti"},"schema":{"@context":"https:\/\/schema.org","@graph":[{"@type":"WebPage","@id":"https:\/\/www.italiaeconomiaonline.it\/web\/crescono-i-contratti-nel-mese-di-settembre-piu-dinamiche-le-medie-imprese\/","url":"https:\/\/www.italiaeconomiaonline.it\/web\/crescono-i-contratti-nel-mese-di-settembre-piu-dinamiche-le-medie-imprese\/","name":"Crescono i contratti nel mese di settembre. Pi\u00f9 dinamiche le medie imprese -","isPartOf":{"@id":"https:\/\/www.italiaeconomiaonline.it\/web\/#website"},"primaryImageOfPage":{"@id":"https:\/\/www.italiaeconomiaonline.it\/web\/crescono-i-contratti-nel-mese-di-settembre-piu-dinamiche-le-medie-imprese\/#primaryimage"},"image":{"@id":"https:\/\/www.italiaeconomiaonline.it\/web\/crescono-i-contratti-nel-mese-di-settembre-piu-dinamiche-le-medie-imprese\/#primaryimage"},"thumbnailUrl":"https:\/\/www.italiaeconomiaonline.it\/web\/wp-content\/uploads\/2019\/06\/lavoro-3.jpg","datePublished":"2019-09-17T09:29:28+00:00","dateModified":"2019-09-17T09:29:28+00:00","author":{"@id":"https:\/\/www.italiaeconomiaonline.it\/web\/#\/schema\/person\/909a49cce752523b020fbc37d5ab1c31"},"description":"Nel mese di settembre le aziende del comparto industriale e terziario intendono attivare oltre 435mila contratti di lavoro, circa 20mila in pi\u00f9 rispetto","breadcrumb":{"@id":"https:\/\/www.italiaeconomiaonline.it\/web\/crescono-i-contratti-nel-mese-di-settembre-piu-dinamiche-le-medie-imprese\/#breadcrumb"},"inLanguage":"it-IT","potentialAction":[{"@type":"ReadAction","target":["https:\/\/www.italiaeconomiaonline.it\/web\/crescono-i-contratti-nel-mese-di-settembre-piu-dinamiche-le-medie-imprese\/"]}]},{"@type":"ImageObject","inLanguage":"it-IT","@id":"https:\/\/www.italiaeconomiaonline.it\/web\/crescono-i-contratti-nel-mese-di-settembre-piu-dinamiche-le-medie-imprese\/#primaryimage","url":"https:\/\/www.italiaeconomiaonline.it\/web\/wp-content\/uploads\/2019\/06\/lavoro-3.jpg","contentUrl":"https:\/\/www.italiaeconomiaonline.it\/web\/wp-content\/uploads\/2019\/06\/lavoro-3.jpg","width":960,"height":640},{"@type":"BreadcrumbList","@id":"https:\/\/www.italiaeconomiaonline.it\/web\/crescono-i-contratti-nel-mese-di-settembre-piu-dinamiche-le-medie-imprese\/#breadcrumb","itemListElement":[{"@type":"ListItem","position":1,"name":"Home","item":"https:\/\/www.italiaeconomiaonline.it\/web\/"},{"@type":"ListItem","position":2,"name":"Crescono i contratti nel mese di settembre. Pi\u00f9 dinamiche le medie imprese"}]},{"@type":"WebSite","@id":"https:\/\/www.italiaeconomiaonline.it\/web\/#website","url":"https:\/\/www.italiaeconomiaonline.it\/web\/","name":"ItaliaEconomiaOnline","description":"Quotidiano Economico Online","potentialAction":[{"@type":"SearchAction","target":{"@type":"EntryPoint","urlTemplate":"https:\/\/www.italiaeconomiaonline.it\/web\/?s={search_term_string}"},"query-input":"required name=search_term_string"}],"inLanguage":"it-IT"},{"@type":"Person","@id":"https:\/\/www.italiaeconomiaonline.it\/web\/#\/schema\/person\/909a49cce752523b020fbc37d5ab1c31","name":"ladyitaliaeconomia","image":{"@type":"ImageObject","inLanguage":"it-IT","@id":"https:\/\/www.italiaeconomiaonline.it\/web\/#\/schema\/person\/image\/","url":"https:\/\/secure.gravatar.com\/avatar\/cedca10ce7416a579b9fa6bce9c0a8f2?s=96&d=mm&r=g","contentUrl":"https:\/\/secure.gravatar.com\/avatar\/cedca10ce7416a579b9fa6bce9c0a8f2?s=96&d=mm&r=g","caption":"ladyitaliaeconomia"},"url":"https:\/\/www.italiaeconomiaonline.it\/web\/author\/ladyitaliaeconomia\/"}]}},"_links":{"self":[{"href":"https:\/\/www.italiaeconomiaonline.it\/web\/wp-json\/wp\/v2\/posts\/1719"}],"collection":[{"href":"https:\/\/www.italiaeconomiaonline.it\/web\/wp-json\/wp\/v2\/posts"}],"about":[{"href":"https:\/\/www.italiaeconomiaonline.it\/web\/wp-json\/wp\/v2\/types\/post"}],"author":[{"embeddable":true,"href":"https:\/\/www.italiaeconomiaonline.it\/web\/wp-json\/wp\/v2\/users\/1"}],"replies":[{"embeddable":true,"href":"https:\/\/www.italiaeconomiaonline.it\/web\/wp-json\/wp\/v2\/comments?post=1719"}],"version-history":[{"count":1,"href":"https:\/\/www.italiaeconomiaonline.it\/web\/wp-json\/wp\/v2\/posts\/1719\/revisions"}],"predecessor-version":[{"id":1720,"href":"https:\/\/www.italiaeconomiaonline.it\/web\/wp-json\/wp\/v2\/posts\/1719\/revisions\/1720"}],"wp:featuredmedia":[{"embeddable":true,"href":"https:\/\/www.italiaeconomiaonline.it\/web\/wp-json\/wp\/v2\/media\/1123"}],"wp:attachment":[{"href":"https:\/\/www.italiaeconomiaonline.it\/web\/wp-json\/wp\/v2\/media?parent=1719"}],"wp:term":[{"taxonomy":"category","embeddable":true,"href":"https:\/\/www.italiaeconomiaonline.it\/web\/wp-json\/wp\/v2\/categories?post=1719"},{"taxonomy":"post_tag","embeddable":true,"href":"https:\/\/www.italiaeconomiaonline.it\/web\/wp-json\/wp\/v2\/tags?post=1719"}],"curies":[{"name":"wp","href":"https:\/\/api.w.org\/{rel}","templated":true}]}}