{"id":1816,"date":"2019-09-30T13:32:15","date_gmt":"2019-09-30T11:32:15","guid":{"rendered":"http:\/\/www.italiaeconomiaonline.it\/web\/?p=1816"},"modified":"2019-09-30T13:32:15","modified_gmt":"2019-09-30T11:32:15","slug":"presentato-in-confcommercio-milano-il-rapporto-economie-regionali-della-banca-ditalia","status":"publish","type":"post","link":"https:\/\/www.italiaeconomiaonline.it\/web\/presentato-in-confcommercio-milano-il-rapporto-economie-regionali-della-banca-ditalia\/","title":{"rendered":"Presentato in Confcommercio Milano il rapporto Economie regionali della Banca d\u2019Italia"},"content":{"rendered":"<p><span><span class=\"dropcap dropcap3\">P<\/span>resentato per la prima volta nella sede di Confcommercio Milano il Rapporto delle economie regionali, dedicato alla Lombardia, della Banca d&#8217;Italia.\u00a0<\/span><\/p>\n<p><span> Al convegno, aperto dal presidente di Confcommercio, <strong>Carlo Sangalli<\/strong>, hanno partecipato il direttore della Sede di Milano della Banca d\u2019Italia, Giuseppe Sopranzetti, direttore della Sede di Milano assieme a Paola Rossi e Francesco Bripi (Banca d\u2019Italia \u2013 Sede di Milano &#8211; Divisione Analisi e ricerca economica territoriale).<\/p>\n<p>Al centro dell\u2019iniziativa la tavola rotonda sul tema \u201cLombardia 2020: tendenze e prospettive del Terziario nell\u2019economia del territorio\u201d con la testimonianza, in cinque case history,\u00a0 di imprese rappresentative di vari settori del terziario: Elena Dominique Midolo, ceo di ClioMakeUp (associata Asseprim, servizi professionali per le imprese); Stefano Baroncini, founder e amministratore unico di Atena (associata Assintel, imprese Ict); Antonio Civita, presidente di Panino Giusto (associata Epam, pubblici esercizi milanesi); Andrea Colzani, ceo di SportIT (Associazione territoriale Confcommercio di Seregno e presidente dei Giovani Imprenditori); Leonardo Groppelli, Gruppo Extrohotels (associato Federalberghi Milano, Lodi, Monza e Brianza). Moderatore della tavola rotonda Giangiacomo Schiavi, editorialista del Corriere della Sera.<\/p>\n<p>Questo momento inedito di confronto \u00e8 nato dalla decisione di Banca d\u2019Italia di dedicare in quest\u2019edizione un focus, nel suo Rapporto annuale, al terziario di mercato. Una scelta significativa che sottolinea l&#8217;evoluzione del sistema economico milanese e lombardo.<\/p>\n<p>\u201cL&#8217;economia del nostro territorio sta cambiando volto &#8211; spiega Carlo Sangalli, presidente di Confcommercio &#8211; Con il terziario di mercato che, pur tra difficolt\u00e0 dovute al persistere della crisi, cresce rapidamente. L&#8217;innovazione digitale \u00e8 alla base del cambiamento della nostra economia e coinvolge trasversalmente tutti i settori. Ma \u00e8 indubbio che in questo contesto il commercio e i servizi hanno grandi potenzialit\u00e0 di crescita. Da qui la necessit\u00e0 di investire sempre pi\u00f9 in formazione per rafforzare le competenze tecnologiche che, secondo il rapporto di Banca d\u2019Italia, non sono ancora adeguate\u201d.<\/p>\n<p>I numeri della Camera di commercio sono significativi: a Milano, nel 2019, le imprese del commercio e dei servizi sono quasi 230mila su 305mila totali, in 5 anni sono cresciute dell\u20198,3% con un aumento del numero degli addetti del 27,6%. Lo stesso trend, seppur meno accentuato, si verifica in tutta la Lombardia (+3,8% di imprese, + 21,7% addetti).<\/p>\n<p>La terziarizzazione dell\u2019economia \u00e8 qualificante per il nostro territorio, e ne determina caratteristiche strategiche e fenomeni rilevanti. Il terziario &#8211; che Confcommercio rappresenta e che Banca d\u2019Italia racconta &#8211; \u00e8 dunque un settore straordinariamente \u201cin movimento\u201d.<\/p>\n<p>Bene i servizi. Dal Rapporto della Banca d\u2019Italia emerge come sia proseguita l\u2019espansione dell\u2019attivit\u00e0 dei servizi (2018). L\u2019indagine della Banca d\u2019Italia su un campione di aziende dei servizi privati non finanziari con almeno 20 addetti ha rilevato una crescita del fatturato a prezzi costanti dell\u20191,2 per cento (2,2 per cento nel 2017). <\/span><\/p>\n<p><span>Nel Rapporto emerge la debole dinamica del commercio al dettaglio, proseguita anche quest\u2019anno. Mentre nei comparti diversi dalla distribuzione al dettaglio, le indagini Unioncamere Lombardia evidenziano una crescita del fatturato (2,5 per cento; 3,1 nel 2017).<\/span><\/p>\n<p><span> In particolare, l\u2019espansione ha coinvolto il commercio all\u2019ingrosso e i servizi alle imprese, cresciuti rispettivamente del 2,8 e 2,7 per cento. L\u2019andamento \u00e8 confermato nel primo trimestre dell\u2019anno in corso.\u00a0 <\/span><\/p>\n<p><span>Nell\u2019ultimo decennio, il comparto commerciale \u00e8 stato interessato da importanti innovazioni organizzative e tecnologiche, che hanno portato a mutamenti nella struttura del mercato e si sono riflesse in una differente performance delle imprese a seconda dell\u2019attivit\u00e0 svolta.<\/p>\n<p>La produttivit\u00e0 del lavoro. \u201cNel 2018 \u2013 si legge nel Rapporto di Banca d\u2019Italia &#8211; la produttivit\u00e0 del lavoro in Lombardia, espressa dal rapporto tra valore aggiunto e unit\u00e0 di lavoro equivalenti risultava pi\u00f9 alta del 20 per cento circa rispetto a quella italiana, con un vantaggio diffuso a tutti i principali comparti produttivi\u201d. Crescita riconducibile anche al settore dei servizi, \u201cin cui la produttivit\u00e0 regionale \u00e8 aumentata dello 0,5 per cento, a fronte di una diminuzione dello 0,2 nella media del Paese\u201d.<\/p>\n<p>L\u2019occupazione. Nel corso del 2018 \u00e8 proseguito il miglioramento delle condizioni del mercato del lavoro, con un incremento dell\u2019occupazione \u2013 seppure a un ritmo meno sostenuto rispetto al 2017 \u2013 e una riduzione della disoccupazione. Il numero degli occupati, che gi\u00e0 nel 2016 aveva superato i livelli del 2008, \u00e8 cresciuto dello 0,6 per cento nel 2018. L\u2019occupazione \u00e8 aumentata soprattutto nei servizi e, in misura minore, nella manifattura.<\/p>\n<p>Il deficit di conoscenze in tecnologia &#8211; \u201cDisallineamento tra domanda e offerta di conoscenze\u201c (indicatori dal database Skills for Jobs dell\u2019Ocse): in Lombardia, cos\u00ec come in Italia, si registra un deficit particolarmente elevato rispetto a quanto domandato dalle imprese nella preparazione dei lavoratori nel campo dell\u2019ingegneria e della tecnologia. In quest\u2019ambito la discrepanza \u00e8 particolarmente marcata per gli esperti di informatica ed elettronica.<\/p>\n<p>La carenza di competenze tecnologiche adeguate \u2013 rileva l\u2019Ufficio studi di Confcommercio Milano \u2013 \u00e8 un problema che investe anche il terziario. In questa prospettiva \u00e8 fondamentale concepire e realizzare politiche efficaci di sostegno ai settori strategici dell\u2019istruzione e della formazione continua, dando grande impulso alla collaborazione sistematica tra il mondo della scuola, istituti tecnici ed universit\u00e0, e il mondo delle imprese.<\/p>\n<p><\/span><\/p>\n","protected":false},"excerpt":{"rendered":"<p>Presentato per la prima volta nella sede di Confcommercio Milano il Rapporto delle economie regionali, dedicato alla Lombardia, della Banca d&#8217;Italia.\u00a0 Al convegno, aperto dal presidente di Confcommercio, Carlo Sangalli, hanno partecipato il direttore della Sede di Milano della Banca d\u2019Italia, Giuseppe Sopranzetti, direttore della Sede di Milano assieme a Paola Rossi e Francesco Bripi [&hellip;]<\/p>\n","protected":false},"author":1,"featured_media":1469,"comment_status":"closed","ping_status":"open","sticky":false,"template":"","format":"standard","meta":{"footnotes":""},"categories":[56],"tags":[726,81,757,756],"yoast_head":"<!-- This site is optimized with the Yoast SEO plugin v22.2 - https:\/\/yoast.com\/wordpress\/plugins\/seo\/ -->\n<title>Presentato in Confcommercio Milano il rapporto Economie regionali della Banca d\u2019Italia -<\/title>\n<meta name=\"robots\" content=\"index, follow, max-snippet:-1, max-image-preview:large, max-video-preview:-1\" \/>\n<link rel=\"canonical\" href=\"https:\/\/www.italiaeconomiaonline.it\/web\/presentato-in-confcommercio-milano-il-rapporto-economie-regionali-della-banca-ditalia\/\" \/>\n<meta property=\"og:locale\" content=\"it_IT\" \/>\n<meta property=\"og:type\" content=\"article\" \/>\n<meta property=\"og:title\" content=\"Presentato in Confcommercio Milano il rapporto Economie regionali della Banca d\u2019Italia -\" \/>\n<meta property=\"og:description\" content=\"Presentato per la prima volta nella sede di Confcommercio Milano il Rapporto delle economie regionali, dedicato alla Lombardia, della Banca d&#8217;Italia.\u00a0 Al convegno, aperto dal presidente di Confcommercio, Carlo Sangalli, hanno partecipato il direttore della Sede di Milano della Banca d\u2019Italia, Giuseppe Sopranzetti, direttore della Sede di Milano assieme a Paola Rossi e Francesco Bripi [&hellip;]\" \/>\n<meta property=\"og:url\" content=\"https:\/\/www.italiaeconomiaonline.it\/web\/presentato-in-confcommercio-milano-il-rapporto-economie-regionali-della-banca-ditalia\/\" \/>\n<meta property=\"og:site_name\" content=\"ItaliaEconomiaOnline\" \/>\n<meta property=\"article:published_time\" content=\"2019-09-30T11:32:15+00:00\" \/>\n<meta property=\"og:image\" content=\"https:\/\/www.italiaeconomiaonline.it\/web\/wp-content\/uploads\/2019\/07\/Sangalli_foto-profilo.jpg\" \/>\n\t<meta property=\"og:image:width\" content=\"400\" \/>\n\t<meta property=\"og:image:height\" content=\"374\" \/>\n\t<meta property=\"og:image:type\" content=\"image\/jpeg\" \/>\n<meta name=\"author\" content=\"ladyitaliaeconomia\" \/>\n<meta name=\"twitter:card\" content=\"summary_large_image\" \/>\n<meta name=\"twitter:label1\" content=\"Scritto da\" \/>\n\t<meta name=\"twitter:data1\" content=\"ladyitaliaeconomia\" \/>\n\t<meta name=\"twitter:label2\" content=\"Tempo di lettura stimato\" \/>\n\t<meta name=\"twitter:data2\" content=\"4 minuti\" \/>\n<script type=\"application\/ld+json\" class=\"yoast-schema-graph\">{\"@context\":\"https:\/\/schema.org\",\"@graph\":[{\"@type\":\"WebPage\",\"@id\":\"https:\/\/www.italiaeconomiaonline.it\/web\/presentato-in-confcommercio-milano-il-rapporto-economie-regionali-della-banca-ditalia\/\",\"url\":\"https:\/\/www.italiaeconomiaonline.it\/web\/presentato-in-confcommercio-milano-il-rapporto-economie-regionali-della-banca-ditalia\/\",\"name\":\"Presentato in Confcommercio Milano il rapporto Economie regionali della Banca d\u2019Italia -\",\"isPartOf\":{\"@id\":\"https:\/\/www.italiaeconomiaonline.it\/web\/#website\"},\"primaryImageOfPage\":{\"@id\":\"https:\/\/www.italiaeconomiaonline.it\/web\/presentato-in-confcommercio-milano-il-rapporto-economie-regionali-della-banca-ditalia\/#primaryimage\"},\"image\":{\"@id\":\"https:\/\/www.italiaeconomiaonline.it\/web\/presentato-in-confcommercio-milano-il-rapporto-economie-regionali-della-banca-ditalia\/#primaryimage\"},\"thumbnailUrl\":\"https:\/\/www.italiaeconomiaonline.it\/web\/wp-content\/uploads\/2019\/07\/Sangalli_foto-profilo.jpg\",\"datePublished\":\"2019-09-30T11:32:15+00:00\",\"dateModified\":\"2019-09-30T11:32:15+00:00\",\"author\":{\"@id\":\"https:\/\/www.italiaeconomiaonline.it\/web\/#\/schema\/person\/909a49cce752523b020fbc37d5ab1c31\"},\"breadcrumb\":{\"@id\":\"https:\/\/www.italiaeconomiaonline.it\/web\/presentato-in-confcommercio-milano-il-rapporto-economie-regionali-della-banca-ditalia\/#breadcrumb\"},\"inLanguage\":\"it-IT\",\"potentialAction\":[{\"@type\":\"ReadAction\",\"target\":[\"https:\/\/www.italiaeconomiaonline.it\/web\/presentato-in-confcommercio-milano-il-rapporto-economie-regionali-della-banca-ditalia\/\"]}]},{\"@type\":\"ImageObject\",\"inLanguage\":\"it-IT\",\"@id\":\"https:\/\/www.italiaeconomiaonline.it\/web\/presentato-in-confcommercio-milano-il-rapporto-economie-regionali-della-banca-ditalia\/#primaryimage\",\"url\":\"https:\/\/www.italiaeconomiaonline.it\/web\/wp-content\/uploads\/2019\/07\/Sangalli_foto-profilo.jpg\",\"contentUrl\":\"https:\/\/www.italiaeconomiaonline.it\/web\/wp-content\/uploads\/2019\/07\/Sangalli_foto-profilo.jpg\",\"width\":400,\"height\":374},{\"@type\":\"BreadcrumbList\",\"@id\":\"https:\/\/www.italiaeconomiaonline.it\/web\/presentato-in-confcommercio-milano-il-rapporto-economie-regionali-della-banca-ditalia\/#breadcrumb\",\"itemListElement\":[{\"@type\":\"ListItem\",\"position\":1,\"name\":\"Home\",\"item\":\"https:\/\/www.italiaeconomiaonline.it\/web\/\"},{\"@type\":\"ListItem\",\"position\":2,\"name\":\"Presentato in Confcommercio Milano il rapporto Economie regionali della Banca d\u2019Italia\"}]},{\"@type\":\"WebSite\",\"@id\":\"https:\/\/www.italiaeconomiaonline.it\/web\/#website\",\"url\":\"https:\/\/www.italiaeconomiaonline.it\/web\/\",\"name\":\"ItaliaEconomiaOnline\",\"description\":\"Quotidiano Economico Online\",\"potentialAction\":[{\"@type\":\"SearchAction\",\"target\":{\"@type\":\"EntryPoint\",\"urlTemplate\":\"https:\/\/www.italiaeconomiaonline.it\/web\/?s={search_term_string}\"},\"query-input\":\"required name=search_term_string\"}],\"inLanguage\":\"it-IT\"},{\"@type\":\"Person\",\"@id\":\"https:\/\/www.italiaeconomiaonline.it\/web\/#\/schema\/person\/909a49cce752523b020fbc37d5ab1c31\",\"name\":\"ladyitaliaeconomia\",\"image\":{\"@type\":\"ImageObject\",\"inLanguage\":\"it-IT\",\"@id\":\"https:\/\/www.italiaeconomiaonline.it\/web\/#\/schema\/person\/image\/\",\"url\":\"https:\/\/secure.gravatar.com\/avatar\/cedca10ce7416a579b9fa6bce9c0a8f2?s=96&d=mm&r=g\",\"contentUrl\":\"https:\/\/secure.gravatar.com\/avatar\/cedca10ce7416a579b9fa6bce9c0a8f2?s=96&d=mm&r=g\",\"caption\":\"ladyitaliaeconomia\"},\"url\":\"https:\/\/www.italiaeconomiaonline.it\/web\/author\/ladyitaliaeconomia\/\"}]}<\/script>\n<!-- \/ Yoast SEO plugin. -->","yoast_head_json":{"title":"Presentato in Confcommercio Milano il rapporto Economie regionali della Banca d\u2019Italia -","robots":{"index":"index","follow":"follow","max-snippet":"max-snippet:-1","max-image-preview":"max-image-preview:large","max-video-preview":"max-video-preview:-1"},"canonical":"https:\/\/www.italiaeconomiaonline.it\/web\/presentato-in-confcommercio-milano-il-rapporto-economie-regionali-della-banca-ditalia\/","og_locale":"it_IT","og_type":"article","og_title":"Presentato in Confcommercio Milano il rapporto Economie regionali della Banca d\u2019Italia -","og_description":"Presentato per la prima volta nella sede di Confcommercio Milano il Rapporto delle economie regionali, dedicato alla Lombardia, della Banca d&#8217;Italia.\u00a0 Al convegno, aperto dal presidente di Confcommercio, Carlo Sangalli, hanno partecipato il direttore della Sede di Milano della Banca d\u2019Italia, Giuseppe Sopranzetti, direttore della Sede di Milano assieme a Paola Rossi e Francesco Bripi [&hellip;]","og_url":"https:\/\/www.italiaeconomiaonline.it\/web\/presentato-in-confcommercio-milano-il-rapporto-economie-regionali-della-banca-ditalia\/","og_site_name":"ItaliaEconomiaOnline","article_published_time":"2019-09-30T11:32:15+00:00","og_image":[{"width":400,"height":374,"url":"https:\/\/www.italiaeconomiaonline.it\/web\/wp-content\/uploads\/2019\/07\/Sangalli_foto-profilo.jpg","type":"image\/jpeg"}],"author":"ladyitaliaeconomia","twitter_card":"summary_large_image","twitter_misc":{"Scritto da":"ladyitaliaeconomia","Tempo di lettura stimato":"4 minuti"},"schema":{"@context":"https:\/\/schema.org","@graph":[{"@type":"WebPage","@id":"https:\/\/www.italiaeconomiaonline.it\/web\/presentato-in-confcommercio-milano-il-rapporto-economie-regionali-della-banca-ditalia\/","url":"https:\/\/www.italiaeconomiaonline.it\/web\/presentato-in-confcommercio-milano-il-rapporto-economie-regionali-della-banca-ditalia\/","name":"Presentato in Confcommercio Milano il rapporto Economie regionali della Banca d\u2019Italia -","isPartOf":{"@id":"https:\/\/www.italiaeconomiaonline.it\/web\/#website"},"primaryImageOfPage":{"@id":"https:\/\/www.italiaeconomiaonline.it\/web\/presentato-in-confcommercio-milano-il-rapporto-economie-regionali-della-banca-ditalia\/#primaryimage"},"image":{"@id":"https:\/\/www.italiaeconomiaonline.it\/web\/presentato-in-confcommercio-milano-il-rapporto-economie-regionali-della-banca-ditalia\/#primaryimage"},"thumbnailUrl":"https:\/\/www.italiaeconomiaonline.it\/web\/wp-content\/uploads\/2019\/07\/Sangalli_foto-profilo.jpg","datePublished":"2019-09-30T11:32:15+00:00","dateModified":"2019-09-30T11:32:15+00:00","author":{"@id":"https:\/\/www.italiaeconomiaonline.it\/web\/#\/schema\/person\/909a49cce752523b020fbc37d5ab1c31"},"breadcrumb":{"@id":"https:\/\/www.italiaeconomiaonline.it\/web\/presentato-in-confcommercio-milano-il-rapporto-economie-regionali-della-banca-ditalia\/#breadcrumb"},"inLanguage":"it-IT","potentialAction":[{"@type":"ReadAction","target":["https:\/\/www.italiaeconomiaonline.it\/web\/presentato-in-confcommercio-milano-il-rapporto-economie-regionali-della-banca-ditalia\/"]}]},{"@type":"ImageObject","inLanguage":"it-IT","@id":"https:\/\/www.italiaeconomiaonline.it\/web\/presentato-in-confcommercio-milano-il-rapporto-economie-regionali-della-banca-ditalia\/#primaryimage","url":"https:\/\/www.italiaeconomiaonline.it\/web\/wp-content\/uploads\/2019\/07\/Sangalli_foto-profilo.jpg","contentUrl":"https:\/\/www.italiaeconomiaonline.it\/web\/wp-content\/uploads\/2019\/07\/Sangalli_foto-profilo.jpg","width":400,"height":374},{"@type":"BreadcrumbList","@id":"https:\/\/www.italiaeconomiaonline.it\/web\/presentato-in-confcommercio-milano-il-rapporto-economie-regionali-della-banca-ditalia\/#breadcrumb","itemListElement":[{"@type":"ListItem","position":1,"name":"Home","item":"https:\/\/www.italiaeconomiaonline.it\/web\/"},{"@type":"ListItem","position":2,"name":"Presentato in Confcommercio Milano il rapporto Economie regionali della Banca d\u2019Italia"}]},{"@type":"WebSite","@id":"https:\/\/www.italiaeconomiaonline.it\/web\/#website","url":"https:\/\/www.italiaeconomiaonline.it\/web\/","name":"ItaliaEconomiaOnline","description":"Quotidiano Economico Online","potentialAction":[{"@type":"SearchAction","target":{"@type":"EntryPoint","urlTemplate":"https:\/\/www.italiaeconomiaonline.it\/web\/?s={search_term_string}"},"query-input":"required name=search_term_string"}],"inLanguage":"it-IT"},{"@type":"Person","@id":"https:\/\/www.italiaeconomiaonline.it\/web\/#\/schema\/person\/909a49cce752523b020fbc37d5ab1c31","name":"ladyitaliaeconomia","image":{"@type":"ImageObject","inLanguage":"it-IT","@id":"https:\/\/www.italiaeconomiaonline.it\/web\/#\/schema\/person\/image\/","url":"https:\/\/secure.gravatar.com\/avatar\/cedca10ce7416a579b9fa6bce9c0a8f2?s=96&d=mm&r=g","contentUrl":"https:\/\/secure.gravatar.com\/avatar\/cedca10ce7416a579b9fa6bce9c0a8f2?s=96&d=mm&r=g","caption":"ladyitaliaeconomia"},"url":"https:\/\/www.italiaeconomiaonline.it\/web\/author\/ladyitaliaeconomia\/"}]}},"_links":{"self":[{"href":"https:\/\/www.italiaeconomiaonline.it\/web\/wp-json\/wp\/v2\/posts\/1816"}],"collection":[{"href":"https:\/\/www.italiaeconomiaonline.it\/web\/wp-json\/wp\/v2\/posts"}],"about":[{"href":"https:\/\/www.italiaeconomiaonline.it\/web\/wp-json\/wp\/v2\/types\/post"}],"author":[{"embeddable":true,"href":"https:\/\/www.italiaeconomiaonline.it\/web\/wp-json\/wp\/v2\/users\/1"}],"replies":[{"embeddable":true,"href":"https:\/\/www.italiaeconomiaonline.it\/web\/wp-json\/wp\/v2\/comments?post=1816"}],"version-history":[{"count":1,"href":"https:\/\/www.italiaeconomiaonline.it\/web\/wp-json\/wp\/v2\/posts\/1816\/revisions"}],"predecessor-version":[{"id":1817,"href":"https:\/\/www.italiaeconomiaonline.it\/web\/wp-json\/wp\/v2\/posts\/1816\/revisions\/1817"}],"wp:featuredmedia":[{"embeddable":true,"href":"https:\/\/www.italiaeconomiaonline.it\/web\/wp-json\/wp\/v2\/media\/1469"}],"wp:attachment":[{"href":"https:\/\/www.italiaeconomiaonline.it\/web\/wp-json\/wp\/v2\/media?parent=1816"}],"wp:term":[{"taxonomy":"category","embeddable":true,"href":"https:\/\/www.italiaeconomiaonline.it\/web\/wp-json\/wp\/v2\/categories?post=1816"},{"taxonomy":"post_tag","embeddable":true,"href":"https:\/\/www.italiaeconomiaonline.it\/web\/wp-json\/wp\/v2\/tags?post=1816"}],"curies":[{"name":"wp","href":"https:\/\/api.w.org\/{rel}","templated":true}]}}