{"id":1842,"date":"2019-10-03T16:30:39","date_gmt":"2019-10-03T14:30:39","guid":{"rendered":"http:\/\/www.italiaeconomiaonline.it\/web\/?p=1842"},"modified":"2019-10-03T16:30:39","modified_gmt":"2019-10-03T14:30:39","slug":"wind-tre-e-open-fiber-estendono-accordo-per-diffusione-banda-ultralarga-in-italia","status":"publish","type":"post","link":"https:\/\/www.italiaeconomiaonline.it\/web\/wind-tre-e-open-fiber-estendono-accordo-per-diffusione-banda-ultralarga-in-italia\/","title":{"rendered":"Wind Tre e Open Fiber estendono accordo per diffusione banda ultralarga in Italia"},"content":{"rendered":"<p><span><span class=\"dropcap dropcap3\">W<\/span>ind Tre e Open Fiber estendono la partnership strategica, per la diffusione dei servizi a banda ultralarga FTTH, al fine di raggiungere pi\u00f9 di 7.000 Comuni, oltre alle 271 principali citt\u00e0 italiane dove \u00e8 gi\u00e0 attivo l\u2019accordo tra i due operatori.<\/span><\/p>\n<p><span><br \/>\nIn particolare, le nuove localit\u00e0 incluse nella partnership riguardano i cluster C e D, le<br \/>\ncosiddette \u201cAree Bianche\u201d, caratterizzate da un forte Digital Divide e dalla copertura a banda larga scarsa o assente. Grazie all\u2019accordo, i Comuni interessati saranno raggiunti dalla connettivit\u00e0 ai massimi livelli di qualit\u00e0 e velocit\u00e0 disponibili.<\/span><\/p>\n<p><span><br \/>\nPer Gianluca Corti, Chief Commercial Officer di Wind Tre, \u201cil nuovo accordo firmato con Open Fiber per portare i servizi in fibra FTTH anche nei Comuni delle \u2018Aree Bianche\u2019, rappresenta un passaggio molto importante per il superamento del Digital Divide nei piccoli centri e nelle zone meno abitate del Paese. Grazie alla moderna rete ultrabroadband, infatti, Wind Tre potr\u00e0 abilitare servizi di grande valore per famiglie e imprese, in modo da contribuire concretamente allo sviluppo dei territori finora mai raggiunti dall\u2019ecosistema digitale\u201d.<\/span><\/p>\n<p><span><br \/>\nIl Direttore Marketing e Commerciale di Open Fiber, Simone Bonannini ha sottolineato:<br \/>\n\u201cl\u2019ampliamento dell\u2019accordo strategico con Wind Tre conferma la validit\u00e0 del modello<br \/>\nwholesale only di Open Fiber che consente a tutti di accedere a parit\u00e0 di condizioni ad una<br \/>\nrete moderna, veloce ed efficiente su cui possono essere commercializzati servizi evoluti<br \/>\nanche nelle aree pi\u00f9 difficilmente raggiungibili e meno densamente popolate del Paese. <\/span><\/p>\n<p><span>Sono oltre 70 i Comuni di questo cluster in cui Open Fiber ha reso disponibile l\u2019infrastruttura per l\u2019attivazione di servizi interamente in fibra, grazie all\u2019iniziale fase promozionale di sperimentazione. <\/span><\/p>\n<p><span>Le aree bianche hanno bisogno di abbattere il digital divide, stiamo lavorando per questo\u201d.<br \/>\nLa tecnologia Fiber To The Home porta la connettivit\u00e0 in fibra ottica direttamente dalla<br \/>\ncentrale telefonica alle abitazioni e alle aziende. La nuova infrastruttura garantir\u00e0 ai cittadini delle aree coinvolte una velocit\u00e0 di navigazione fino a 1 Gigabit al secondo (Gbps) e l\u2019accesso ai servizi digitali pi\u00f9 innovativi.<\/span><\/p>\n","protected":false},"excerpt":{"rendered":"<p>Wind Tre e Open Fiber estendono la partnership strategica, per la diffusione dei servizi a banda ultralarga FTTH, al fine di raggiungere pi\u00f9 di 7.000 Comuni, oltre alle 271 principali citt\u00e0 italiane dove \u00e8 gi\u00e0 attivo l\u2019accordo tra i due operatori. In particolare, le nuove localit\u00e0 incluse nella partnership riguardano i cluster C e D, [&hellip;]<\/p>\n","protected":false},"author":1,"featured_media":1272,"comment_status":"closed","ping_status":"open","sticky":false,"template":"","format":"standard","meta":{"footnotes":""},"categories":[132],"tags":[543,773,772,771],"yoast_head":"<!-- This site is optimized with the Yoast SEO plugin v22.2 - https:\/\/yoast.com\/wordpress\/plugins\/seo\/ -->\n<title>Wind Tre e Open Fiber estendono accordo per diffusione banda ultralarga in Italia -<\/title>\n<meta name=\"robots\" content=\"index, follow, max-snippet:-1, max-image-preview:large, max-video-preview:-1\" \/>\n<link rel=\"canonical\" href=\"https:\/\/www.italiaeconomiaonline.it\/web\/wind-tre-e-open-fiber-estendono-accordo-per-diffusione-banda-ultralarga-in-italia\/\" \/>\n<meta property=\"og:locale\" content=\"it_IT\" \/>\n<meta property=\"og:type\" content=\"article\" \/>\n<meta property=\"og:title\" content=\"Wind Tre e Open Fiber estendono accordo per diffusione banda ultralarga in Italia -\" \/>\n<meta property=\"og:description\" content=\"Wind Tre e Open Fiber estendono la partnership strategica, per la diffusione dei servizi a banda ultralarga FTTH, al fine di raggiungere pi\u00f9 di 7.000 Comuni, oltre alle 271 principali citt\u00e0 italiane dove \u00e8 gi\u00e0 attivo l\u2019accordo tra i due operatori. In particolare, le nuove localit\u00e0 incluse nella partnership riguardano i cluster C e D, [&hellip;]\" \/>\n<meta property=\"og:url\" content=\"https:\/\/www.italiaeconomiaonline.it\/web\/wind-tre-e-open-fiber-estendono-accordo-per-diffusione-banda-ultralarga-in-italia\/\" \/>\n<meta property=\"og:site_name\" content=\"ItaliaEconomiaOnline\" \/>\n<meta property=\"article:published_time\" content=\"2019-10-03T14:30:39+00:00\" \/>\n<meta property=\"og:image\" content=\"https:\/\/www.italiaeconomiaonline.it\/web\/wp-content\/uploads\/2019\/07\/banda-larga.jpg\" \/>\n\t<meta property=\"og:image:width\" content=\"960\" \/>\n\t<meta property=\"og:image:height\" content=\"590\" \/>\n\t<meta property=\"og:image:type\" content=\"image\/jpeg\" \/>\n<meta name=\"author\" content=\"ladyitaliaeconomia\" \/>\n<meta name=\"twitter:card\" content=\"summary_large_image\" \/>\n<meta name=\"twitter:label1\" content=\"Scritto da\" \/>\n\t<meta name=\"twitter:data1\" content=\"ladyitaliaeconomia\" \/>\n\t<meta name=\"twitter:label2\" content=\"Tempo di lettura stimato\" \/>\n\t<meta name=\"twitter:data2\" content=\"2 minuti\" \/>\n<script type=\"application\/ld+json\" class=\"yoast-schema-graph\">{\"@context\":\"https:\/\/schema.org\",\"@graph\":[{\"@type\":\"WebPage\",\"@id\":\"https:\/\/www.italiaeconomiaonline.it\/web\/wind-tre-e-open-fiber-estendono-accordo-per-diffusione-banda-ultralarga-in-italia\/\",\"url\":\"https:\/\/www.italiaeconomiaonline.it\/web\/wind-tre-e-open-fiber-estendono-accordo-per-diffusione-banda-ultralarga-in-italia\/\",\"name\":\"Wind Tre e Open Fiber estendono accordo per diffusione banda ultralarga in Italia -\",\"isPartOf\":{\"@id\":\"https:\/\/www.italiaeconomiaonline.it\/web\/#website\"},\"primaryImageOfPage\":{\"@id\":\"https:\/\/www.italiaeconomiaonline.it\/web\/wind-tre-e-open-fiber-estendono-accordo-per-diffusione-banda-ultralarga-in-italia\/#primaryimage\"},\"image\":{\"@id\":\"https:\/\/www.italiaeconomiaonline.it\/web\/wind-tre-e-open-fiber-estendono-accordo-per-diffusione-banda-ultralarga-in-italia\/#primaryimage\"},\"thumbnailUrl\":\"https:\/\/www.italiaeconomiaonline.it\/web\/wp-content\/uploads\/2019\/07\/banda-larga.jpg\",\"datePublished\":\"2019-10-03T14:30:39+00:00\",\"dateModified\":\"2019-10-03T14:30:39+00:00\",\"author\":{\"@id\":\"https:\/\/www.italiaeconomiaonline.it\/web\/#\/schema\/person\/909a49cce752523b020fbc37d5ab1c31\"},\"breadcrumb\":{\"@id\":\"https:\/\/www.italiaeconomiaonline.it\/web\/wind-tre-e-open-fiber-estendono-accordo-per-diffusione-banda-ultralarga-in-italia\/#breadcrumb\"},\"inLanguage\":\"it-IT\",\"potentialAction\":[{\"@type\":\"ReadAction\",\"target\":[\"https:\/\/www.italiaeconomiaonline.it\/web\/wind-tre-e-open-fiber-estendono-accordo-per-diffusione-banda-ultralarga-in-italia\/\"]}]},{\"@type\":\"ImageObject\",\"inLanguage\":\"it-IT\",\"@id\":\"https:\/\/www.italiaeconomiaonline.it\/web\/wind-tre-e-open-fiber-estendono-accordo-per-diffusione-banda-ultralarga-in-italia\/#primaryimage\",\"url\":\"https:\/\/www.italiaeconomiaonline.it\/web\/wp-content\/uploads\/2019\/07\/banda-larga.jpg\",\"contentUrl\":\"https:\/\/www.italiaeconomiaonline.it\/web\/wp-content\/uploads\/2019\/07\/banda-larga.jpg\",\"width\":960,\"height\":590},{\"@type\":\"BreadcrumbList\",\"@id\":\"https:\/\/www.italiaeconomiaonline.it\/web\/wind-tre-e-open-fiber-estendono-accordo-per-diffusione-banda-ultralarga-in-italia\/#breadcrumb\",\"itemListElement\":[{\"@type\":\"ListItem\",\"position\":1,\"name\":\"Home\",\"item\":\"https:\/\/www.italiaeconomiaonline.it\/web\/\"},{\"@type\":\"ListItem\",\"position\":2,\"name\":\"Wind Tre e Open Fiber estendono accordo per diffusione banda ultralarga in Italia\"}]},{\"@type\":\"WebSite\",\"@id\":\"https:\/\/www.italiaeconomiaonline.it\/web\/#website\",\"url\":\"https:\/\/www.italiaeconomiaonline.it\/web\/\",\"name\":\"ItaliaEconomiaOnline\",\"description\":\"Quotidiano Economico Online\",\"potentialAction\":[{\"@type\":\"SearchAction\",\"target\":{\"@type\":\"EntryPoint\",\"urlTemplate\":\"https:\/\/www.italiaeconomiaonline.it\/web\/?s={search_term_string}\"},\"query-input\":\"required name=search_term_string\"}],\"inLanguage\":\"it-IT\"},{\"@type\":\"Person\",\"@id\":\"https:\/\/www.italiaeconomiaonline.it\/web\/#\/schema\/person\/909a49cce752523b020fbc37d5ab1c31\",\"name\":\"ladyitaliaeconomia\",\"image\":{\"@type\":\"ImageObject\",\"inLanguage\":\"it-IT\",\"@id\":\"https:\/\/www.italiaeconomiaonline.it\/web\/#\/schema\/person\/image\/\",\"url\":\"https:\/\/secure.gravatar.com\/avatar\/cedca10ce7416a579b9fa6bce9c0a8f2?s=96&d=mm&r=g\",\"contentUrl\":\"https:\/\/secure.gravatar.com\/avatar\/cedca10ce7416a579b9fa6bce9c0a8f2?s=96&d=mm&r=g\",\"caption\":\"ladyitaliaeconomia\"},\"url\":\"https:\/\/www.italiaeconomiaonline.it\/web\/author\/ladyitaliaeconomia\/\"}]}<\/script>\n<!-- \/ Yoast SEO plugin. -->","yoast_head_json":{"title":"Wind Tre e Open Fiber estendono accordo per diffusione banda ultralarga in Italia -","robots":{"index":"index","follow":"follow","max-snippet":"max-snippet:-1","max-image-preview":"max-image-preview:large","max-video-preview":"max-video-preview:-1"},"canonical":"https:\/\/www.italiaeconomiaonline.it\/web\/wind-tre-e-open-fiber-estendono-accordo-per-diffusione-banda-ultralarga-in-italia\/","og_locale":"it_IT","og_type":"article","og_title":"Wind Tre e Open Fiber estendono accordo per diffusione banda ultralarga in Italia -","og_description":"Wind Tre e Open Fiber estendono la partnership strategica, per la diffusione dei servizi a banda ultralarga FTTH, al fine di raggiungere pi\u00f9 di 7.000 Comuni, oltre alle 271 principali citt\u00e0 italiane dove \u00e8 gi\u00e0 attivo l\u2019accordo tra i due operatori. In particolare, le nuove localit\u00e0 incluse nella partnership riguardano i cluster C e D, [&hellip;]","og_url":"https:\/\/www.italiaeconomiaonline.it\/web\/wind-tre-e-open-fiber-estendono-accordo-per-diffusione-banda-ultralarga-in-italia\/","og_site_name":"ItaliaEconomiaOnline","article_published_time":"2019-10-03T14:30:39+00:00","og_image":[{"width":960,"height":590,"url":"https:\/\/www.italiaeconomiaonline.it\/web\/wp-content\/uploads\/2019\/07\/banda-larga.jpg","type":"image\/jpeg"}],"author":"ladyitaliaeconomia","twitter_card":"summary_large_image","twitter_misc":{"Scritto da":"ladyitaliaeconomia","Tempo di lettura stimato":"2 minuti"},"schema":{"@context":"https:\/\/schema.org","@graph":[{"@type":"WebPage","@id":"https:\/\/www.italiaeconomiaonline.it\/web\/wind-tre-e-open-fiber-estendono-accordo-per-diffusione-banda-ultralarga-in-italia\/","url":"https:\/\/www.italiaeconomiaonline.it\/web\/wind-tre-e-open-fiber-estendono-accordo-per-diffusione-banda-ultralarga-in-italia\/","name":"Wind Tre e Open Fiber estendono accordo per diffusione banda ultralarga in Italia -","isPartOf":{"@id":"https:\/\/www.italiaeconomiaonline.it\/web\/#website"},"primaryImageOfPage":{"@id":"https:\/\/www.italiaeconomiaonline.it\/web\/wind-tre-e-open-fiber-estendono-accordo-per-diffusione-banda-ultralarga-in-italia\/#primaryimage"},"image":{"@id":"https:\/\/www.italiaeconomiaonline.it\/web\/wind-tre-e-open-fiber-estendono-accordo-per-diffusione-banda-ultralarga-in-italia\/#primaryimage"},"thumbnailUrl":"https:\/\/www.italiaeconomiaonline.it\/web\/wp-content\/uploads\/2019\/07\/banda-larga.jpg","datePublished":"2019-10-03T14:30:39+00:00","dateModified":"2019-10-03T14:30:39+00:00","author":{"@id":"https:\/\/www.italiaeconomiaonline.it\/web\/#\/schema\/person\/909a49cce752523b020fbc37d5ab1c31"},"breadcrumb":{"@id":"https:\/\/www.italiaeconomiaonline.it\/web\/wind-tre-e-open-fiber-estendono-accordo-per-diffusione-banda-ultralarga-in-italia\/#breadcrumb"},"inLanguage":"it-IT","potentialAction":[{"@type":"ReadAction","target":["https:\/\/www.italiaeconomiaonline.it\/web\/wind-tre-e-open-fiber-estendono-accordo-per-diffusione-banda-ultralarga-in-italia\/"]}]},{"@type":"ImageObject","inLanguage":"it-IT","@id":"https:\/\/www.italiaeconomiaonline.it\/web\/wind-tre-e-open-fiber-estendono-accordo-per-diffusione-banda-ultralarga-in-italia\/#primaryimage","url":"https:\/\/www.italiaeconomiaonline.it\/web\/wp-content\/uploads\/2019\/07\/banda-larga.jpg","contentUrl":"https:\/\/www.italiaeconomiaonline.it\/web\/wp-content\/uploads\/2019\/07\/banda-larga.jpg","width":960,"height":590},{"@type":"BreadcrumbList","@id":"https:\/\/www.italiaeconomiaonline.it\/web\/wind-tre-e-open-fiber-estendono-accordo-per-diffusione-banda-ultralarga-in-italia\/#breadcrumb","itemListElement":[{"@type":"ListItem","position":1,"name":"Home","item":"https:\/\/www.italiaeconomiaonline.it\/web\/"},{"@type":"ListItem","position":2,"name":"Wind Tre e Open Fiber estendono accordo per diffusione banda ultralarga in Italia"}]},{"@type":"WebSite","@id":"https:\/\/www.italiaeconomiaonline.it\/web\/#website","url":"https:\/\/www.italiaeconomiaonline.it\/web\/","name":"ItaliaEconomiaOnline","description":"Quotidiano Economico Online","potentialAction":[{"@type":"SearchAction","target":{"@type":"EntryPoint","urlTemplate":"https:\/\/www.italiaeconomiaonline.it\/web\/?s={search_term_string}"},"query-input":"required name=search_term_string"}],"inLanguage":"it-IT"},{"@type":"Person","@id":"https:\/\/www.italiaeconomiaonline.it\/web\/#\/schema\/person\/909a49cce752523b020fbc37d5ab1c31","name":"ladyitaliaeconomia","image":{"@type":"ImageObject","inLanguage":"it-IT","@id":"https:\/\/www.italiaeconomiaonline.it\/web\/#\/schema\/person\/image\/","url":"https:\/\/secure.gravatar.com\/avatar\/cedca10ce7416a579b9fa6bce9c0a8f2?s=96&d=mm&r=g","contentUrl":"https:\/\/secure.gravatar.com\/avatar\/cedca10ce7416a579b9fa6bce9c0a8f2?s=96&d=mm&r=g","caption":"ladyitaliaeconomia"},"url":"https:\/\/www.italiaeconomiaonline.it\/web\/author\/ladyitaliaeconomia\/"}]}},"_links":{"self":[{"href":"https:\/\/www.italiaeconomiaonline.it\/web\/wp-json\/wp\/v2\/posts\/1842"}],"collection":[{"href":"https:\/\/www.italiaeconomiaonline.it\/web\/wp-json\/wp\/v2\/posts"}],"about":[{"href":"https:\/\/www.italiaeconomiaonline.it\/web\/wp-json\/wp\/v2\/types\/post"}],"author":[{"embeddable":true,"href":"https:\/\/www.italiaeconomiaonline.it\/web\/wp-json\/wp\/v2\/users\/1"}],"replies":[{"embeddable":true,"href":"https:\/\/www.italiaeconomiaonline.it\/web\/wp-json\/wp\/v2\/comments?post=1842"}],"version-history":[{"count":1,"href":"https:\/\/www.italiaeconomiaonline.it\/web\/wp-json\/wp\/v2\/posts\/1842\/revisions"}],"predecessor-version":[{"id":1843,"href":"https:\/\/www.italiaeconomiaonline.it\/web\/wp-json\/wp\/v2\/posts\/1842\/revisions\/1843"}],"wp:featuredmedia":[{"embeddable":true,"href":"https:\/\/www.italiaeconomiaonline.it\/web\/wp-json\/wp\/v2\/media\/1272"}],"wp:attachment":[{"href":"https:\/\/www.italiaeconomiaonline.it\/web\/wp-json\/wp\/v2\/media?parent=1842"}],"wp:term":[{"taxonomy":"category","embeddable":true,"href":"https:\/\/www.italiaeconomiaonline.it\/web\/wp-json\/wp\/v2\/categories?post=1842"},{"taxonomy":"post_tag","embeddable":true,"href":"https:\/\/www.italiaeconomiaonline.it\/web\/wp-json\/wp\/v2\/tags?post=1842"}],"curies":[{"name":"wp","href":"https:\/\/api.w.org\/{rel}","templated":true}]}}