{"id":1864,"date":"2019-10-10T12:52:32","date_gmt":"2019-10-10T10:52:32","guid":{"rendered":"http:\/\/www.italiaeconomiaonline.it\/web\/?p=1864"},"modified":"2019-10-10T12:52:32","modified_gmt":"2019-10-10T10:52:32","slug":"accordo-tra-confagricoltura-e-associazione-dimore-storiche-italiane","status":"publish","type":"post","link":"https:\/\/www.italiaeconomiaonline.it\/web\/accordo-tra-confagricoltura-e-associazione-dimore-storiche-italiane\/","title":{"rendered":"Accordo tra Confagricoltura e Associazione Dimore Storiche Italiane"},"content":{"rendered":"<p><span class=\"dropcap dropcap3\">A<\/span>ziende agricole e dimore storiche insieme per dimostrare come sia possibile coniugare la tutela dell\u2019arte e del paesaggio con la produzione agroalimentare di alta qualit\u00e0 e con l\u2019offerta di un turismo esperienziale, che consenta di vivere la straordinaria bellezza della campagna italiana.<\/p>\n<p>Oggi a Roma, a Palazzo della Valle, il Presidente di Confagricoltura Massimiliano Giansanti e il Presidente dell\u2019Associazione Dimore Storiche Italiane (A.D.S.I.) Giacomo di Thiene hanno stipulato un importante accordo basato su questa comunanza di interessi.<\/p>\n<p>Quella tra Confagricoltura e l\u2019Associazione Dimore Storiche Italiane \u00e8 una collaborazione che prosegue da molti anni, poich\u00e9 sono numerose le aziende socie dell\u2019Organizzazione agricola che fanno capo a dimore antiche, soggette a vincolo per la loro rilevanza come beni di interesse storico-artistico.<\/p>\n<p>Dalle ville venete ai castelli toscani, ai palazzi romani, fino alle antiche masserie pugliesi, gli immobili storici sono parte integrante del patrimonio culturale del nostro Paese, e al tempo stesso svolgono un ruolo importante per la protezione e valorizzazione del paesaggio rurale italiano.<\/p>\n<p>In particolare, le cantine storiche offrono ai viaggiatori italiani e stranieri l\u2019opportunit\u00e0 di soggiornare in luoghi ricchi di storia e di gustare le eccellenze eno-gastronomiche dei nostri territori in contesti unici ed irripetibili.<\/p>\n<p>L\u2019accordo firmato oggi formalizza questa collaborazione attraverso l\u2019impegno a promuovere a livello nazionale, regionale e provinciale iniziative comuni volte a favorire lo sviluppo di attivit\u00e0 imprenditoriali in grado di coniugare sostenibilit\u00e0, innovazione e territorio.<\/p>\n<p>In particolare, la convenzione prevede la possibilit\u00e0 di portare avanti azioni comuni per la tutela delle dimore storiche e per l\u2019armonizzazione delle leggi regionali con quelle nazionali; l\u2019elaborazione di linee sinergiche di azione nei confronti di enti esterni a difesa degli interessi comuni a livello fiscale; la possibilit\u00e0 di partecipare congiuntamente a bandi europei connessi alla valorizzazione degli immobili storici e dei loro contesti; l\u2019individuazione di nuove opportunit\u00e0 di commercializzazione dei prodotti agricoli.<\/p>\n<p><em>\u201cSono molto soddisfatto di questo accordo di collaborazione \u2013 <\/em><strong>commenta il Presidente di Confagricoltura Massimiliano Giansanti<\/strong><em> \u2013 che mette in contatto agricoltura e bellezza in un connubio unico al mondo, fatto di qualit\u00e0 e di diversit\u00e0 che solo il nostro Paese pu\u00f2 offrire. L\u2019agricoltura non svolge solo il ruolo primario ed insostituibile di fornire cibo, ma anche e sempre di pi\u00f9, grazie all\u2019impegno degli imprenditori, quello tutelare l\u2019ambiente e di conservare il patrimonio culturale del Paese, contribuendo in maniera crescente al benessere economico delle comunit\u00e0 rurali\u201d. <\/em><\/p>\n<p><em>\u201cL\u2019accordo con Confagricoltura rappresenta per l\u2019Associazione Dimore Storiche Italiane un\u2019opportunit\u00e0 straordinaria per portare avanti in maniera congiunta azioni ed interventi che hanno lo scopo di tutelare risorse uniche e non delocalizzabili del nostro territorio. Gli immobili storici non sono infatti solo parte integrante del nostro paesaggio, rurale e urbano, che contribuiscono a definire e salvaguardare, ma sono anche il fulcro di attivit\u00e0 che hanno importanti, e diversificate, ricadute economiche per il nostro Paese\u201d, <\/em><strong>ha dichiarato Giacomo di Thiene, Presidente dell\u2019Associazione Dimore Storiche Italiane.<\/strong><\/p>\n<p><strong>\u00a0<\/strong><\/p>\n","protected":false},"excerpt":{"rendered":"<p>Aziende agricole e dimore storiche insieme per dimostrare come sia possibile coniugare la tutela dell\u2019arte e del paesaggio con la produzione agroalimentare di alta qualit\u00e0 e con l\u2019offerta di un turismo esperienziale, che consenta di vivere la straordinaria bellezza della campagna italiana. Oggi a Roma, a Palazzo della Valle, il Presidente di Confagricoltura Massimiliano Giansanti [&hellip;]<\/p>\n","protected":false},"author":1,"featured_media":1865,"comment_status":"closed","ping_status":"open","sticky":false,"template":"","format":"standard","meta":{"footnotes":""},"categories":[447],"tags":[],"yoast_head":"<!-- This site is optimized with the Yoast SEO plugin v22.2 - https:\/\/yoast.com\/wordpress\/plugins\/seo\/ -->\n<title>Accordo tra Confagricoltura e Associazione Dimore Storiche Italiane -<\/title>\n<meta name=\"robots\" content=\"index, follow, max-snippet:-1, max-image-preview:large, max-video-preview:-1\" \/>\n<link rel=\"canonical\" href=\"https:\/\/www.italiaeconomiaonline.it\/web\/accordo-tra-confagricoltura-e-associazione-dimore-storiche-italiane\/\" \/>\n<meta property=\"og:locale\" content=\"it_IT\" \/>\n<meta property=\"og:type\" content=\"article\" \/>\n<meta property=\"og:title\" content=\"Accordo tra Confagricoltura e Associazione Dimore Storiche Italiane -\" \/>\n<meta property=\"og:description\" content=\"Aziende agricole e dimore storiche insieme per dimostrare come sia possibile coniugare la tutela dell\u2019arte e del paesaggio con la produzione agroalimentare di alta qualit\u00e0 e con l\u2019offerta di un turismo esperienziale, che consenta di vivere la straordinaria bellezza della campagna italiana. Oggi a Roma, a Palazzo della Valle, il Presidente di Confagricoltura Massimiliano Giansanti [&hellip;]\" \/>\n<meta property=\"og:url\" content=\"https:\/\/www.italiaeconomiaonline.it\/web\/accordo-tra-confagricoltura-e-associazione-dimore-storiche-italiane\/\" \/>\n<meta property=\"og:site_name\" content=\"ItaliaEconomiaOnline\" \/>\n<meta property=\"article:published_time\" content=\"2019-10-10T10:52:32+00:00\" \/>\n<meta property=\"og:image\" content=\"https:\/\/www.italiaeconomiaonline.it\/web\/wp-content\/uploads\/2019\/10\/dimore-storiche.jpg\" \/>\n\t<meta property=\"og:image:width\" content=\"960\" \/>\n\t<meta property=\"og:image:height\" content=\"640\" \/>\n\t<meta property=\"og:image:type\" content=\"image\/jpeg\" \/>\n<meta name=\"author\" content=\"ladyitaliaeconomia\" \/>\n<meta name=\"twitter:card\" content=\"summary_large_image\" \/>\n<meta name=\"twitter:label1\" content=\"Scritto da\" \/>\n\t<meta name=\"twitter:data1\" content=\"ladyitaliaeconomia\" \/>\n\t<meta name=\"twitter:label2\" content=\"Tempo di lettura stimato\" \/>\n\t<meta name=\"twitter:data2\" content=\"2 minuti\" \/>\n<script type=\"application\/ld+json\" class=\"yoast-schema-graph\">{\"@context\":\"https:\/\/schema.org\",\"@graph\":[{\"@type\":\"WebPage\",\"@id\":\"https:\/\/www.italiaeconomiaonline.it\/web\/accordo-tra-confagricoltura-e-associazione-dimore-storiche-italiane\/\",\"url\":\"https:\/\/www.italiaeconomiaonline.it\/web\/accordo-tra-confagricoltura-e-associazione-dimore-storiche-italiane\/\",\"name\":\"Accordo tra Confagricoltura e Associazione Dimore Storiche Italiane -\",\"isPartOf\":{\"@id\":\"https:\/\/www.italiaeconomiaonline.it\/web\/#website\"},\"primaryImageOfPage\":{\"@id\":\"https:\/\/www.italiaeconomiaonline.it\/web\/accordo-tra-confagricoltura-e-associazione-dimore-storiche-italiane\/#primaryimage\"},\"image\":{\"@id\":\"https:\/\/www.italiaeconomiaonline.it\/web\/accordo-tra-confagricoltura-e-associazione-dimore-storiche-italiane\/#primaryimage\"},\"thumbnailUrl\":\"https:\/\/www.italiaeconomiaonline.it\/web\/wp-content\/uploads\/2019\/10\/dimore-storiche.jpg\",\"datePublished\":\"2019-10-10T10:52:32+00:00\",\"dateModified\":\"2019-10-10T10:52:32+00:00\",\"author\":{\"@id\":\"https:\/\/www.italiaeconomiaonline.it\/web\/#\/schema\/person\/909a49cce752523b020fbc37d5ab1c31\"},\"breadcrumb\":{\"@id\":\"https:\/\/www.italiaeconomiaonline.it\/web\/accordo-tra-confagricoltura-e-associazione-dimore-storiche-italiane\/#breadcrumb\"},\"inLanguage\":\"it-IT\",\"potentialAction\":[{\"@type\":\"ReadAction\",\"target\":[\"https:\/\/www.italiaeconomiaonline.it\/web\/accordo-tra-confagricoltura-e-associazione-dimore-storiche-italiane\/\"]}]},{\"@type\":\"ImageObject\",\"inLanguage\":\"it-IT\",\"@id\":\"https:\/\/www.italiaeconomiaonline.it\/web\/accordo-tra-confagricoltura-e-associazione-dimore-storiche-italiane\/#primaryimage\",\"url\":\"https:\/\/www.italiaeconomiaonline.it\/web\/wp-content\/uploads\/2019\/10\/dimore-storiche.jpg\",\"contentUrl\":\"https:\/\/www.italiaeconomiaonline.it\/web\/wp-content\/uploads\/2019\/10\/dimore-storiche.jpg\",\"width\":960,\"height\":640},{\"@type\":\"BreadcrumbList\",\"@id\":\"https:\/\/www.italiaeconomiaonline.it\/web\/accordo-tra-confagricoltura-e-associazione-dimore-storiche-italiane\/#breadcrumb\",\"itemListElement\":[{\"@type\":\"ListItem\",\"position\":1,\"name\":\"Home\",\"item\":\"https:\/\/www.italiaeconomiaonline.it\/web\/\"},{\"@type\":\"ListItem\",\"position\":2,\"name\":\"Accordo tra Confagricoltura e Associazione Dimore Storiche Italiane\"}]},{\"@type\":\"WebSite\",\"@id\":\"https:\/\/www.italiaeconomiaonline.it\/web\/#website\",\"url\":\"https:\/\/www.italiaeconomiaonline.it\/web\/\",\"name\":\"ItaliaEconomiaOnline\",\"description\":\"Quotidiano Economico Online\",\"potentialAction\":[{\"@type\":\"SearchAction\",\"target\":{\"@type\":\"EntryPoint\",\"urlTemplate\":\"https:\/\/www.italiaeconomiaonline.it\/web\/?s={search_term_string}\"},\"query-input\":\"required name=search_term_string\"}],\"inLanguage\":\"it-IT\"},{\"@type\":\"Person\",\"@id\":\"https:\/\/www.italiaeconomiaonline.it\/web\/#\/schema\/person\/909a49cce752523b020fbc37d5ab1c31\",\"name\":\"ladyitaliaeconomia\",\"image\":{\"@type\":\"ImageObject\",\"inLanguage\":\"it-IT\",\"@id\":\"https:\/\/www.italiaeconomiaonline.it\/web\/#\/schema\/person\/image\/\",\"url\":\"https:\/\/secure.gravatar.com\/avatar\/cedca10ce7416a579b9fa6bce9c0a8f2?s=96&d=mm&r=g\",\"contentUrl\":\"https:\/\/secure.gravatar.com\/avatar\/cedca10ce7416a579b9fa6bce9c0a8f2?s=96&d=mm&r=g\",\"caption\":\"ladyitaliaeconomia\"},\"url\":\"https:\/\/www.italiaeconomiaonline.it\/web\/author\/ladyitaliaeconomia\/\"}]}<\/script>\n<!-- \/ Yoast SEO plugin. -->","yoast_head_json":{"title":"Accordo tra Confagricoltura e Associazione Dimore Storiche Italiane -","robots":{"index":"index","follow":"follow","max-snippet":"max-snippet:-1","max-image-preview":"max-image-preview:large","max-video-preview":"max-video-preview:-1"},"canonical":"https:\/\/www.italiaeconomiaonline.it\/web\/accordo-tra-confagricoltura-e-associazione-dimore-storiche-italiane\/","og_locale":"it_IT","og_type":"article","og_title":"Accordo tra Confagricoltura e Associazione Dimore Storiche Italiane -","og_description":"Aziende agricole e dimore storiche insieme per dimostrare come sia possibile coniugare la tutela dell\u2019arte e del paesaggio con la produzione agroalimentare di alta qualit\u00e0 e con l\u2019offerta di un turismo esperienziale, che consenta di vivere la straordinaria bellezza della campagna italiana. Oggi a Roma, a Palazzo della Valle, il Presidente di Confagricoltura Massimiliano Giansanti [&hellip;]","og_url":"https:\/\/www.italiaeconomiaonline.it\/web\/accordo-tra-confagricoltura-e-associazione-dimore-storiche-italiane\/","og_site_name":"ItaliaEconomiaOnline","article_published_time":"2019-10-10T10:52:32+00:00","og_image":[{"width":960,"height":640,"url":"https:\/\/www.italiaeconomiaonline.it\/web\/wp-content\/uploads\/2019\/10\/dimore-storiche.jpg","type":"image\/jpeg"}],"author":"ladyitaliaeconomia","twitter_card":"summary_large_image","twitter_misc":{"Scritto da":"ladyitaliaeconomia","Tempo di lettura stimato":"2 minuti"},"schema":{"@context":"https:\/\/schema.org","@graph":[{"@type":"WebPage","@id":"https:\/\/www.italiaeconomiaonline.it\/web\/accordo-tra-confagricoltura-e-associazione-dimore-storiche-italiane\/","url":"https:\/\/www.italiaeconomiaonline.it\/web\/accordo-tra-confagricoltura-e-associazione-dimore-storiche-italiane\/","name":"Accordo tra Confagricoltura e Associazione Dimore Storiche Italiane -","isPartOf":{"@id":"https:\/\/www.italiaeconomiaonline.it\/web\/#website"},"primaryImageOfPage":{"@id":"https:\/\/www.italiaeconomiaonline.it\/web\/accordo-tra-confagricoltura-e-associazione-dimore-storiche-italiane\/#primaryimage"},"image":{"@id":"https:\/\/www.italiaeconomiaonline.it\/web\/accordo-tra-confagricoltura-e-associazione-dimore-storiche-italiane\/#primaryimage"},"thumbnailUrl":"https:\/\/www.italiaeconomiaonline.it\/web\/wp-content\/uploads\/2019\/10\/dimore-storiche.jpg","datePublished":"2019-10-10T10:52:32+00:00","dateModified":"2019-10-10T10:52:32+00:00","author":{"@id":"https:\/\/www.italiaeconomiaonline.it\/web\/#\/schema\/person\/909a49cce752523b020fbc37d5ab1c31"},"breadcrumb":{"@id":"https:\/\/www.italiaeconomiaonline.it\/web\/accordo-tra-confagricoltura-e-associazione-dimore-storiche-italiane\/#breadcrumb"},"inLanguage":"it-IT","potentialAction":[{"@type":"ReadAction","target":["https:\/\/www.italiaeconomiaonline.it\/web\/accordo-tra-confagricoltura-e-associazione-dimore-storiche-italiane\/"]}]},{"@type":"ImageObject","inLanguage":"it-IT","@id":"https:\/\/www.italiaeconomiaonline.it\/web\/accordo-tra-confagricoltura-e-associazione-dimore-storiche-italiane\/#primaryimage","url":"https:\/\/www.italiaeconomiaonline.it\/web\/wp-content\/uploads\/2019\/10\/dimore-storiche.jpg","contentUrl":"https:\/\/www.italiaeconomiaonline.it\/web\/wp-content\/uploads\/2019\/10\/dimore-storiche.jpg","width":960,"height":640},{"@type":"BreadcrumbList","@id":"https:\/\/www.italiaeconomiaonline.it\/web\/accordo-tra-confagricoltura-e-associazione-dimore-storiche-italiane\/#breadcrumb","itemListElement":[{"@type":"ListItem","position":1,"name":"Home","item":"https:\/\/www.italiaeconomiaonline.it\/web\/"},{"@type":"ListItem","position":2,"name":"Accordo tra Confagricoltura e Associazione Dimore Storiche Italiane"}]},{"@type":"WebSite","@id":"https:\/\/www.italiaeconomiaonline.it\/web\/#website","url":"https:\/\/www.italiaeconomiaonline.it\/web\/","name":"ItaliaEconomiaOnline","description":"Quotidiano Economico Online","potentialAction":[{"@type":"SearchAction","target":{"@type":"EntryPoint","urlTemplate":"https:\/\/www.italiaeconomiaonline.it\/web\/?s={search_term_string}"},"query-input":"required name=search_term_string"}],"inLanguage":"it-IT"},{"@type":"Person","@id":"https:\/\/www.italiaeconomiaonline.it\/web\/#\/schema\/person\/909a49cce752523b020fbc37d5ab1c31","name":"ladyitaliaeconomia","image":{"@type":"ImageObject","inLanguage":"it-IT","@id":"https:\/\/www.italiaeconomiaonline.it\/web\/#\/schema\/person\/image\/","url":"https:\/\/secure.gravatar.com\/avatar\/cedca10ce7416a579b9fa6bce9c0a8f2?s=96&d=mm&r=g","contentUrl":"https:\/\/secure.gravatar.com\/avatar\/cedca10ce7416a579b9fa6bce9c0a8f2?s=96&d=mm&r=g","caption":"ladyitaliaeconomia"},"url":"https:\/\/www.italiaeconomiaonline.it\/web\/author\/ladyitaliaeconomia\/"}]}},"_links":{"self":[{"href":"https:\/\/www.italiaeconomiaonline.it\/web\/wp-json\/wp\/v2\/posts\/1864"}],"collection":[{"href":"https:\/\/www.italiaeconomiaonline.it\/web\/wp-json\/wp\/v2\/posts"}],"about":[{"href":"https:\/\/www.italiaeconomiaonline.it\/web\/wp-json\/wp\/v2\/types\/post"}],"author":[{"embeddable":true,"href":"https:\/\/www.italiaeconomiaonline.it\/web\/wp-json\/wp\/v2\/users\/1"}],"replies":[{"embeddable":true,"href":"https:\/\/www.italiaeconomiaonline.it\/web\/wp-json\/wp\/v2\/comments?post=1864"}],"version-history":[{"count":1,"href":"https:\/\/www.italiaeconomiaonline.it\/web\/wp-json\/wp\/v2\/posts\/1864\/revisions"}],"predecessor-version":[{"id":1866,"href":"https:\/\/www.italiaeconomiaonline.it\/web\/wp-json\/wp\/v2\/posts\/1864\/revisions\/1866"}],"wp:featuredmedia":[{"embeddable":true,"href":"https:\/\/www.italiaeconomiaonline.it\/web\/wp-json\/wp\/v2\/media\/1865"}],"wp:attachment":[{"href":"https:\/\/www.italiaeconomiaonline.it\/web\/wp-json\/wp\/v2\/media?parent=1864"}],"wp:term":[{"taxonomy":"category","embeddable":true,"href":"https:\/\/www.italiaeconomiaonline.it\/web\/wp-json\/wp\/v2\/categories?post=1864"},{"taxonomy":"post_tag","embeddable":true,"href":"https:\/\/www.italiaeconomiaonline.it\/web\/wp-json\/wp\/v2\/tags?post=1864"}],"curies":[{"name":"wp","href":"https:\/\/api.w.org\/{rel}","templated":true}]}}