{"id":1895,"date":"2019-10-15T12:31:36","date_gmt":"2019-10-15T10:31:36","guid":{"rendered":"http:\/\/www.italiaeconomiaonline.it\/web\/?p=1895"},"modified":"2019-10-15T12:31:36","modified_gmt":"2019-10-15T10:31:36","slug":"inps-presentato-a-roma-il-progetto-inps-per-tutti","status":"publish","type":"post","link":"https:\/\/www.italiaeconomiaonline.it\/web\/inps-presentato-a-roma-il-progetto-inps-per-tutti\/","title":{"rendered":"Inps: presentato a Roma il progetto \u201cInps PER tutti\u201d"},"content":{"rendered":"<p><em><span class=\"dropcap dropcap3\">\u00c8<\/span> <\/em>stato presentato ieri a Palazzo Wedekind il progetto che vede coinvolte istituzioni centrali e territoriali per avvicinare le persone pi\u00f9 in difficolt\u00e0, facilitando loro l\u2019accesso ai servizi ed alle prestazioni erogate dall\u2019Inps<\/p>\n<p>E&#8217; ufficialmente partito il progetto \u201c<strong>Inps PER tutti<\/strong>\u201d, nato con l\u2019obiettivo di favorire l\u2019integrazione sociale delle persone in difficolt\u00e0, rimuovendo gli ostacoli che ne impediscono l\u2019accesso alle prestazioni assistenziali e previdenziali e tutelando i bisogni sociali ed economici del singolo e delle famiglie, grazie alla creazione di isole di accoglienza e comunicazione.<\/p>\n<p>\u00c8 stato il presidente dell\u2019Inps, <strong>Pasquale Tridico<\/strong>, ad illustrare, in apertura dell\u2019incontro, gli obiettivi che questo progetto si propone: \u201ccon Inps PER tutti \u2013 ha detto il Presidente &#8211; l\u2019idea \u00e8 quella di portare l\u2019Istituto tra le persone in difficolt\u00e0, al fine di facilitare per tutti l\u2019accesso ai nostri servizi.<\/p>\n<p>Andiamo tra chi ha barriere di ogni tipo, rendendo esigibili i diritti. Spesso sono le persone pi\u00f9 fragili quelle che rimangono escluse e c\u2019\u00e8 il problema dei senza fissa dimora che non hanno residenza, problema al quale i comuni riescono a ovviare.<\/p>\n<p>In questo progetto sono coinvolti non solo i comuni, ma anche le molte associazioni di volontariato che agiscono sul territorio a protezione dei pi\u00f9 deboli. Abbiamo stipulato convenzioni ed accordi coi Comuni per raggiungere chi \u00e8 afflitto dal bisogno.<\/p>\n<p>Ma non \u00e8 soltanto la povert\u00e0 che pu\u00f2 separare la persona dalle istituzioni \u2013 ha proseguito il Presidente dell\u2019Inps. Ci sono situazioni in cui la distanza da superare \u00e8 rappresentata dal <em>digital device<\/em>. Per questo intendiamo concludere accordi anche con Comuni piccoli per la creazione di punti web attraverso cui fornire le informazioni di base.<\/p>\n<p>L\u2019Istituto quindi \u2013 ha concluso il presidente Tridico \u2013 \u00e8 chiamato a esercitare un ruolo proattivo, anticipando il bisogno, perch\u00e9 l\u2019Inps sa quando sorge un bisogno, come la nascita di un bambino o la perdita del lavoro, e quindi pu\u00f2 informare chi ha diritto, pu\u00f2 aiutare ad esercitare il proprio diritto\u201d.<\/p>\n<p>Dopo l\u2019introduzione del Presidente dell\u2019Inps, \u00e8 stato proiettato un video messaggio di saluto del presidente del Consiglio dei ministri, Giuseppe Conte. \u201cIl Governo crede molto nel sistema di Welfare. nessuno va lasciato indietro e quindi sono soddisfatto dell\u2019avvio di un progetto, come appunto Inps PER tutti, che si propone di raggiungere tutte le persone in difficolt\u00e0.<\/p>\n<p>Non devono essere i poveri a bussare alle porte dell\u2019Inps o dei Comuni, ma sono le istituzioni che devono intercettare i bisogni e contrastare sul campo la povert\u00e0 assoluta. L\u2019anno scorso abbiamo varato il reddito di cittadinanza. Ma non basta, bisogna fare ancora di pi\u00f9, anche andando fisicamente nelle stazioni, nelle mense, laddove maggiore \u00e8 il bisogno.<\/p>\n<p>Plaudo quindi a questo progetto realizzato insieme all\u2019Inps: andare nelle citt\u00e0 e raggiungere 50mila persone, che magari, pur avendone diritto, non usufruiscono di prestazioni assistenziali, a partire dal reddito di cittadinanza, che \u00e8 lo strumento pi\u00f9 importante di contrasto alla povert\u00e0 ed inclusione sociale. Sono persone invisibili, le vogliamo rendere visibili\u201d ha concluso il Presidente del Consiglio.<\/p>\n<p>La sindaca di Roma Capitale Virginia Raggi ha iniziato il suo intervento presentando la situazione della povert\u00e0 nella capitale. \u201cSe dovessimo fare una stima dei senza fissa dimora a Roma, attraverso l\u2019accesso alle nostre assistenze fittizie ci attesteremmo tra le 15 e le 20mila persone.<\/p>\n<p>A queste si aggiungono i nuovi poveri, causati dalla crisi, che magari vengono a mangiare alle mense dei poveri, ma poi vanno a dormire a casa. Questo progetto ci consente di raggiungere tutti e, insieme col reddito e la pensione di cittadinanza, di rendere applicabile l\u2019articolo 3 della Costituzione della Repubblica.<\/p>\n<p>Questa attivit\u00e0 mette in sinergia le istituzioni, permettendo di raggiungere tutte le persone realmente in difficolt\u00e0. Il protocollo prevede che Roma Capitale collabori con le associazioni che da sempre si occupano del sostegno alle persone fragili. Dobbiamo ricostruire intorno a loro una rete perch\u00e9 obiettivo ultimo \u00e8 portare queste persone a riacquistare progressivamente il loro posto nella societ\u00e0\u201d.<\/p>\n<p>Luigi de Magistris, sindaco di Napoli, ha affermato che \u201cil Paese pu\u00f2 avanzare mettendo al centro la persona e non il capitale finanziario. Il Comune di Napoli \u2013 ha ricordato \u2013 ha firmato a fine luglio un accordo con l\u2019Istituto insieme all\u2019Alleanza regionale contro la povert\u00e0, che riunisce decine di realt\u00e0 che si occupano di assistere le persone pi\u00f9 fragili.<\/p>\n<p>\u00c8 \u201cfacendo rete\u201d che si pu\u00f2 dare piena attuazione all\u2019articolo 3 della Costituzione che affida alla Repubblica il compito di rimuovere gli ostacoli che impediscono il pieno sviluppo della persona umana. \u00c8 importante, per\u00f2 \u2013 ha concluso De Magistris \u2013 che il Governo investa risorse nel sociale, mentre negli ultimi anni s\u00ec \u00e8 sempre tagliato\u201d.<\/p>\n<p>Sonia Schellino, vice-sindaca di Torino, \u00e8 intervenuta ringraziando l\u2019Inps per l\u2019idea che ha tradotto nel progetto \u201cInps PER tutti\u201d. \u201cA Torino \u2013 ha detto \u2013 gi\u00e0 sono operativi i Poli di inclusioni sociale, a cui si affiancher\u00e0 la presenza dell\u2019Inps. Il progetto \u201cInps PER tutti\u201d \u00e8 quindi uno strumento in pi\u00f9 che la citt\u00e0 potr\u00e0 utilizzare per combattere l\u2019esclusione delle persone pi\u00f9 fragili\u201d.<\/p>\n<p>Marco Lombardo assessore al Comune di Bologna, ha detto di apprezzare lo sguardo verso gli \u201cinvisibili\u201d della nostra societ\u00e0 che ha l\u2019Inps. \u201cAnche nel nostro territorio \u2013 ha sottolineato \u2013 esistono persone sfiorate dalla povert\u00e0. \u00c8 importante ricordare che l\u2019articolo 3 della Costituzione affida il compito di rimuovere gli ostacoli non allo Stato, ma alla Repubblica, quindi al complesso dei soggetti che operano all\u2019interno dello Stato.<\/p>\n<p>Oltre alle istituzioni pubbliche, quindi, occorre una forte valorizzazione di chi opera nel terzo settore, che pu\u00f2 fornire informazioni utili all\u2019Inps per raggiungere chi ha bisogno. A Bologna \u2013 ha detto concludendo \u2013 abbiamo realizzato \u201cInsieme per il lavoro\u201d, un progetto che vede riuniti Comune, associazioni del terzo settore, organizzazioni sindacali e realt\u00e0 imprenditoriali, che possono aiutare non solo a dare sostegno, ma anche a favorire l\u2019inserimento nel mondo del lavoro, che \u00e8 il vero obiettivo\u201d.<\/p>\n<p>Francesca Bottalico, assessore al Comune di Bari, ha raccontato l\u2019esperienza di lotta alla povert\u00e0 del suo Comune. \u201cSono esperienze da vivere sul campo \u2013 ha detto. A Bari c\u2019\u00e8 una forte emergenza abitativa ed ai poveri tradizionali si sono aggiunti i nuovi poveri, rappresentati ad esempio anche dai pap\u00e0 separati, che impiegano tutte le proprie risorse per mantenere i figli. Benvenuto quindi questo nuovo progetto\u201d.<\/p>\n<p>Elena Buscemi, assessore al Lavoro della Citt\u00e0 metropolitana di Milano, ha ricordato la \u201cfortissima collaborazione che gi\u00e0 esiste a Milano con l\u2019Inps e con altre istituzioni e realt\u00e0 dell\u2019associazionismo. L\u2019applicazione del Reddito di cittadinanza \u2013 ha detto \u2013 ha costituito l\u2019occasione per mettere in rete anche i centri per l\u2019impiego. La cabina di regia ha permesso una collaborazione costante e di scoprire cos\u00ec i bisogni dei cittadini, dando risposte in maniera mirata. Cos\u00ec non settorializziamo le necessit\u00e0, ma abbiamo un approccio olistico\u201d.<\/p>\n<p>Gianluca Inzerilli, assessore del Comune di Palermo, ha voluto ricordare il messaggio di don Puglisi, espresso attraverso la frase \u201cse ognuno fa qualcosa\u201d. \u201cSe ognuno fa qualcosa, si possono fare decisi passi in avanti \u2013 ha detto. A Palermo facciamo molto per le politiche sociali. Abbiamo anche proposto all\u2019Inps di aprire delle sedi in ognuna delle otto circoscrizioni in cui la citt\u00e0 \u00e8 divisa\u201d.<\/p>\n<p>Al Direttore generale dell\u2019Inps, Gabriella Di Michele \u00e8 spettato il compito di esprimere l\u2019orgoglio di vedere riunite allo stesso tavolo, su iniziativa dell\u2019Inps, le maggiori istituzioni del Paese. \u201cIl progetto \u00e8 un ottimo auspicio \u2013 ha detto \u2013 per nuove iniziative che vedranno coinvolto l\u2019Istituto. Il sostegno ai bisogni dei cittadini \u00e8 la nostra prima missione: previdenza, assistenza, informazione all\u2019utenza costituiscono un unico sistema orientato alla protezione sociale delle persone\u201d.<\/p>\n<p>Nunzia Catalfo, ministro del Lavoro e delle politiche sociali, chiudendo i lavori ha mostrato la sua soddisfazione per \u201cun momento particolare che vede tutte assieme queste istituzioni a coordinare gli interventi sul territorio per cercare di dare una mano agli \u201cinvisibili\u201d, con Inps e Comuni sempre pi\u00f9 prossimi ai bisogni delle persone. Dobbiamo essere proattivi nei servizi per i cittadini.<\/p>\n<p>Vogliamo un percorso che li porti alla piena emancipazioni sociale. \u201cInps PER tutti\u201d \u2013 ha concluso \u2013 \u00e8 un progetto molto importante di vicinanza e prossimit\u00e0 delle istituzioni ai cittadini. Hanno gi\u00e0 aderito sei Comuni: da oggi anche i cittadini in condizione di emarginazione sociale potranno accedere a tante misure, fra cui reddito e pensione di cittadinanza, a cui hanno diritto\u201d.<\/p>\n","protected":false},"excerpt":{"rendered":"<p>\u00c8 stato presentato ieri a Palazzo Wedekind il progetto che vede coinvolte istituzioni centrali e territoriali per avvicinare le persone pi\u00f9 in difficolt\u00e0, facilitando loro l\u2019accesso ai servizi ed alle prestazioni erogate dall\u2019Inps E&#8217; ufficialmente partito il progetto \u201cInps PER tutti\u201d, nato con l\u2019obiettivo di favorire l\u2019integrazione sociale delle persone in difficolt\u00e0, rimuovendo gli ostacoli [&hellip;]<\/p>\n","protected":false},"author":1,"featured_media":1123,"comment_status":"closed","ping_status":"open","sticky":false,"template":"","format":"standard","meta":{"footnotes":""},"categories":[490],"tags":[247,88,427],"yoast_head":"<!-- This site is optimized with the Yoast SEO plugin v22.2 - https:\/\/yoast.com\/wordpress\/plugins\/seo\/ -->\n<title>Inps: presentato a Roma il progetto \u201cInps PER tutti\u201d -<\/title>\n<meta name=\"robots\" content=\"index, follow, max-snippet:-1, max-image-preview:large, max-video-preview:-1\" \/>\n<link rel=\"canonical\" href=\"https:\/\/www.italiaeconomiaonline.it\/web\/inps-presentato-a-roma-il-progetto-inps-per-tutti\/\" \/>\n<meta property=\"og:locale\" content=\"it_IT\" \/>\n<meta property=\"og:type\" content=\"article\" \/>\n<meta property=\"og:title\" content=\"Inps: presentato a Roma il progetto \u201cInps PER tutti\u201d -\" \/>\n<meta property=\"og:description\" content=\"\u00c8 stato presentato ieri a Palazzo Wedekind il progetto che vede coinvolte istituzioni centrali e territoriali per avvicinare le persone pi\u00f9 in difficolt\u00e0, facilitando loro l\u2019accesso ai servizi ed alle prestazioni erogate dall\u2019Inps E&#8217; ufficialmente partito il progetto \u201cInps PER tutti\u201d, nato con l\u2019obiettivo di favorire l\u2019integrazione sociale delle persone in difficolt\u00e0, rimuovendo gli ostacoli [&hellip;]\" \/>\n<meta property=\"og:url\" content=\"https:\/\/www.italiaeconomiaonline.it\/web\/inps-presentato-a-roma-il-progetto-inps-per-tutti\/\" \/>\n<meta property=\"og:site_name\" content=\"ItaliaEconomiaOnline\" \/>\n<meta property=\"article:published_time\" content=\"2019-10-15T10:31:36+00:00\" \/>\n<meta property=\"og:image\" content=\"https:\/\/www.italiaeconomiaonline.it\/web\/wp-content\/uploads\/2019\/06\/lavoro-3.jpg\" \/>\n\t<meta property=\"og:image:width\" content=\"960\" \/>\n\t<meta property=\"og:image:height\" content=\"640\" \/>\n\t<meta property=\"og:image:type\" content=\"image\/jpeg\" \/>\n<meta name=\"author\" content=\"ladyitaliaeconomia\" \/>\n<meta name=\"twitter:card\" content=\"summary_large_image\" \/>\n<meta name=\"twitter:label1\" content=\"Scritto da\" \/>\n\t<meta name=\"twitter:data1\" content=\"ladyitaliaeconomia\" \/>\n\t<meta name=\"twitter:label2\" content=\"Tempo di lettura stimato\" \/>\n\t<meta name=\"twitter:data2\" content=\"7 minuti\" \/>\n<script type=\"application\/ld+json\" class=\"yoast-schema-graph\">{\"@context\":\"https:\/\/schema.org\",\"@graph\":[{\"@type\":\"WebPage\",\"@id\":\"https:\/\/www.italiaeconomiaonline.it\/web\/inps-presentato-a-roma-il-progetto-inps-per-tutti\/\",\"url\":\"https:\/\/www.italiaeconomiaonline.it\/web\/inps-presentato-a-roma-il-progetto-inps-per-tutti\/\",\"name\":\"Inps: presentato a Roma il progetto \u201cInps PER tutti\u201d -\",\"isPartOf\":{\"@id\":\"https:\/\/www.italiaeconomiaonline.it\/web\/#website\"},\"primaryImageOfPage\":{\"@id\":\"https:\/\/www.italiaeconomiaonline.it\/web\/inps-presentato-a-roma-il-progetto-inps-per-tutti\/#primaryimage\"},\"image\":{\"@id\":\"https:\/\/www.italiaeconomiaonline.it\/web\/inps-presentato-a-roma-il-progetto-inps-per-tutti\/#primaryimage\"},\"thumbnailUrl\":\"https:\/\/www.italiaeconomiaonline.it\/web\/wp-content\/uploads\/2019\/06\/lavoro-3.jpg\",\"datePublished\":\"2019-10-15T10:31:36+00:00\",\"dateModified\":\"2019-10-15T10:31:36+00:00\",\"author\":{\"@id\":\"https:\/\/www.italiaeconomiaonline.it\/web\/#\/schema\/person\/909a49cce752523b020fbc37d5ab1c31\"},\"breadcrumb\":{\"@id\":\"https:\/\/www.italiaeconomiaonline.it\/web\/inps-presentato-a-roma-il-progetto-inps-per-tutti\/#breadcrumb\"},\"inLanguage\":\"it-IT\",\"potentialAction\":[{\"@type\":\"ReadAction\",\"target\":[\"https:\/\/www.italiaeconomiaonline.it\/web\/inps-presentato-a-roma-il-progetto-inps-per-tutti\/\"]}]},{\"@type\":\"ImageObject\",\"inLanguage\":\"it-IT\",\"@id\":\"https:\/\/www.italiaeconomiaonline.it\/web\/inps-presentato-a-roma-il-progetto-inps-per-tutti\/#primaryimage\",\"url\":\"https:\/\/www.italiaeconomiaonline.it\/web\/wp-content\/uploads\/2019\/06\/lavoro-3.jpg\",\"contentUrl\":\"https:\/\/www.italiaeconomiaonline.it\/web\/wp-content\/uploads\/2019\/06\/lavoro-3.jpg\",\"width\":960,\"height\":640},{\"@type\":\"BreadcrumbList\",\"@id\":\"https:\/\/www.italiaeconomiaonline.it\/web\/inps-presentato-a-roma-il-progetto-inps-per-tutti\/#breadcrumb\",\"itemListElement\":[{\"@type\":\"ListItem\",\"position\":1,\"name\":\"Home\",\"item\":\"https:\/\/www.italiaeconomiaonline.it\/web\/\"},{\"@type\":\"ListItem\",\"position\":2,\"name\":\"Inps: presentato a Roma il progetto \u201cInps PER tutti\u201d\"}]},{\"@type\":\"WebSite\",\"@id\":\"https:\/\/www.italiaeconomiaonline.it\/web\/#website\",\"url\":\"https:\/\/www.italiaeconomiaonline.it\/web\/\",\"name\":\"ItaliaEconomiaOnline\",\"description\":\"Quotidiano Economico Online\",\"potentialAction\":[{\"@type\":\"SearchAction\",\"target\":{\"@type\":\"EntryPoint\",\"urlTemplate\":\"https:\/\/www.italiaeconomiaonline.it\/web\/?s={search_term_string}\"},\"query-input\":\"required name=search_term_string\"}],\"inLanguage\":\"it-IT\"},{\"@type\":\"Person\",\"@id\":\"https:\/\/www.italiaeconomiaonline.it\/web\/#\/schema\/person\/909a49cce752523b020fbc37d5ab1c31\",\"name\":\"ladyitaliaeconomia\",\"image\":{\"@type\":\"ImageObject\",\"inLanguage\":\"it-IT\",\"@id\":\"https:\/\/www.italiaeconomiaonline.it\/web\/#\/schema\/person\/image\/\",\"url\":\"https:\/\/secure.gravatar.com\/avatar\/cedca10ce7416a579b9fa6bce9c0a8f2?s=96&d=mm&r=g\",\"contentUrl\":\"https:\/\/secure.gravatar.com\/avatar\/cedca10ce7416a579b9fa6bce9c0a8f2?s=96&d=mm&r=g\",\"caption\":\"ladyitaliaeconomia\"},\"url\":\"https:\/\/www.italiaeconomiaonline.it\/web\/author\/ladyitaliaeconomia\/\"}]}<\/script>\n<!-- \/ Yoast SEO plugin. -->","yoast_head_json":{"title":"Inps: presentato a Roma il progetto \u201cInps PER tutti\u201d -","robots":{"index":"index","follow":"follow","max-snippet":"max-snippet:-1","max-image-preview":"max-image-preview:large","max-video-preview":"max-video-preview:-1"},"canonical":"https:\/\/www.italiaeconomiaonline.it\/web\/inps-presentato-a-roma-il-progetto-inps-per-tutti\/","og_locale":"it_IT","og_type":"article","og_title":"Inps: presentato a Roma il progetto \u201cInps PER tutti\u201d -","og_description":"\u00c8 stato presentato ieri a Palazzo Wedekind il progetto che vede coinvolte istituzioni centrali e territoriali per avvicinare le persone pi\u00f9 in difficolt\u00e0, facilitando loro l\u2019accesso ai servizi ed alle prestazioni erogate dall\u2019Inps E&#8217; ufficialmente partito il progetto \u201cInps PER tutti\u201d, nato con l\u2019obiettivo di favorire l\u2019integrazione sociale delle persone in difficolt\u00e0, rimuovendo gli ostacoli [&hellip;]","og_url":"https:\/\/www.italiaeconomiaonline.it\/web\/inps-presentato-a-roma-il-progetto-inps-per-tutti\/","og_site_name":"ItaliaEconomiaOnline","article_published_time":"2019-10-15T10:31:36+00:00","og_image":[{"width":960,"height":640,"url":"https:\/\/www.italiaeconomiaonline.it\/web\/wp-content\/uploads\/2019\/06\/lavoro-3.jpg","type":"image\/jpeg"}],"author":"ladyitaliaeconomia","twitter_card":"summary_large_image","twitter_misc":{"Scritto da":"ladyitaliaeconomia","Tempo di lettura stimato":"7 minuti"},"schema":{"@context":"https:\/\/schema.org","@graph":[{"@type":"WebPage","@id":"https:\/\/www.italiaeconomiaonline.it\/web\/inps-presentato-a-roma-il-progetto-inps-per-tutti\/","url":"https:\/\/www.italiaeconomiaonline.it\/web\/inps-presentato-a-roma-il-progetto-inps-per-tutti\/","name":"Inps: presentato a Roma il progetto \u201cInps PER tutti\u201d -","isPartOf":{"@id":"https:\/\/www.italiaeconomiaonline.it\/web\/#website"},"primaryImageOfPage":{"@id":"https:\/\/www.italiaeconomiaonline.it\/web\/inps-presentato-a-roma-il-progetto-inps-per-tutti\/#primaryimage"},"image":{"@id":"https:\/\/www.italiaeconomiaonline.it\/web\/inps-presentato-a-roma-il-progetto-inps-per-tutti\/#primaryimage"},"thumbnailUrl":"https:\/\/www.italiaeconomiaonline.it\/web\/wp-content\/uploads\/2019\/06\/lavoro-3.jpg","datePublished":"2019-10-15T10:31:36+00:00","dateModified":"2019-10-15T10:31:36+00:00","author":{"@id":"https:\/\/www.italiaeconomiaonline.it\/web\/#\/schema\/person\/909a49cce752523b020fbc37d5ab1c31"},"breadcrumb":{"@id":"https:\/\/www.italiaeconomiaonline.it\/web\/inps-presentato-a-roma-il-progetto-inps-per-tutti\/#breadcrumb"},"inLanguage":"it-IT","potentialAction":[{"@type":"ReadAction","target":["https:\/\/www.italiaeconomiaonline.it\/web\/inps-presentato-a-roma-il-progetto-inps-per-tutti\/"]}]},{"@type":"ImageObject","inLanguage":"it-IT","@id":"https:\/\/www.italiaeconomiaonline.it\/web\/inps-presentato-a-roma-il-progetto-inps-per-tutti\/#primaryimage","url":"https:\/\/www.italiaeconomiaonline.it\/web\/wp-content\/uploads\/2019\/06\/lavoro-3.jpg","contentUrl":"https:\/\/www.italiaeconomiaonline.it\/web\/wp-content\/uploads\/2019\/06\/lavoro-3.jpg","width":960,"height":640},{"@type":"BreadcrumbList","@id":"https:\/\/www.italiaeconomiaonline.it\/web\/inps-presentato-a-roma-il-progetto-inps-per-tutti\/#breadcrumb","itemListElement":[{"@type":"ListItem","position":1,"name":"Home","item":"https:\/\/www.italiaeconomiaonline.it\/web\/"},{"@type":"ListItem","position":2,"name":"Inps: presentato a Roma il progetto \u201cInps PER tutti\u201d"}]},{"@type":"WebSite","@id":"https:\/\/www.italiaeconomiaonline.it\/web\/#website","url":"https:\/\/www.italiaeconomiaonline.it\/web\/","name":"ItaliaEconomiaOnline","description":"Quotidiano Economico Online","potentialAction":[{"@type":"SearchAction","target":{"@type":"EntryPoint","urlTemplate":"https:\/\/www.italiaeconomiaonline.it\/web\/?s={search_term_string}"},"query-input":"required name=search_term_string"}],"inLanguage":"it-IT"},{"@type":"Person","@id":"https:\/\/www.italiaeconomiaonline.it\/web\/#\/schema\/person\/909a49cce752523b020fbc37d5ab1c31","name":"ladyitaliaeconomia","image":{"@type":"ImageObject","inLanguage":"it-IT","@id":"https:\/\/www.italiaeconomiaonline.it\/web\/#\/schema\/person\/image\/","url":"https:\/\/secure.gravatar.com\/avatar\/cedca10ce7416a579b9fa6bce9c0a8f2?s=96&d=mm&r=g","contentUrl":"https:\/\/secure.gravatar.com\/avatar\/cedca10ce7416a579b9fa6bce9c0a8f2?s=96&d=mm&r=g","caption":"ladyitaliaeconomia"},"url":"https:\/\/www.italiaeconomiaonline.it\/web\/author\/ladyitaliaeconomia\/"}]}},"_links":{"self":[{"href":"https:\/\/www.italiaeconomiaonline.it\/web\/wp-json\/wp\/v2\/posts\/1895"}],"collection":[{"href":"https:\/\/www.italiaeconomiaonline.it\/web\/wp-json\/wp\/v2\/posts"}],"about":[{"href":"https:\/\/www.italiaeconomiaonline.it\/web\/wp-json\/wp\/v2\/types\/post"}],"author":[{"embeddable":true,"href":"https:\/\/www.italiaeconomiaonline.it\/web\/wp-json\/wp\/v2\/users\/1"}],"replies":[{"embeddable":true,"href":"https:\/\/www.italiaeconomiaonline.it\/web\/wp-json\/wp\/v2\/comments?post=1895"}],"version-history":[{"count":1,"href":"https:\/\/www.italiaeconomiaonline.it\/web\/wp-json\/wp\/v2\/posts\/1895\/revisions"}],"predecessor-version":[{"id":1896,"href":"https:\/\/www.italiaeconomiaonline.it\/web\/wp-json\/wp\/v2\/posts\/1895\/revisions\/1896"}],"wp:featuredmedia":[{"embeddable":true,"href":"https:\/\/www.italiaeconomiaonline.it\/web\/wp-json\/wp\/v2\/media\/1123"}],"wp:attachment":[{"href":"https:\/\/www.italiaeconomiaonline.it\/web\/wp-json\/wp\/v2\/media?parent=1895"}],"wp:term":[{"taxonomy":"category","embeddable":true,"href":"https:\/\/www.italiaeconomiaonline.it\/web\/wp-json\/wp\/v2\/categories?post=1895"},{"taxonomy":"post_tag","embeddable":true,"href":"https:\/\/www.italiaeconomiaonline.it\/web\/wp-json\/wp\/v2\/tags?post=1895"}],"curies":[{"name":"wp","href":"https:\/\/api.w.org\/{rel}","templated":true}]}}