{"id":1904,"date":"2019-10-16T12:53:23","date_gmt":"2019-10-16T10:53:23","guid":{"rendered":"http:\/\/www.italiaeconomiaonline.it\/web\/?p=1904"},"modified":"2019-10-16T12:53:23","modified_gmt":"2019-10-16T10:53:23","slug":"tutela-della-proprieta-litalia-e-ancora-indietro","status":"publish","type":"post","link":"https:\/\/www.italiaeconomiaonline.it\/web\/tutela-della-proprieta-litalia-e-ancora-indietro\/","title":{"rendered":"Tutela della Propriet\u00e0: l\u2019Italia \u00e8 ancora indietro"},"content":{"rendered":"<p><span class=\"dropcap dropcap3\">V<\/span>iene presentato <a class=\"matchTooltip\">oggi<\/a>, a Manila, l\u2019International Property Rights Index 2019 (Indice Internazionale sulla tutela dei Diritti di Propriet\u00e0).<\/p>\n<p>Lo studio misura come viene tutelata la propriet\u00e0 in oltre 129 Paesi, rappresentanti il 98 per cento del PIL mondiale ed il 93 per cento della popolazione ed \u00e8 realizzato dalla Property Rights Alliance, la coalizione internazionale di 118 istituti di ricerca operanti in 72 nazioni di cui fa parte per l&#8217;Italia il think tank Competere.eu.<\/p>\n<p>L\u2019Italia, secondo lo studio, \u00e8 ben distante dagli altri Paesi del G7 e si colloca al quarantaseiesimo posto della classifica, dopo il Bahrein e la Giordania, con un punteggio finale di 6.1 su 10. Il distacco con i vertici della classifica \u00e8 significativo. Finlandia, Svizzera, Nuova Zelanda, Singapore e Australia, che occupano i vertici, hanno tutte un punteggio superiore a 8.5. I Paesi del G7 mediamente hanno ottenuto un punteggio pari a 7,9.<\/p>\n<p>L\u2019indice si compone di 3 voci principali che riguardano il \u201csistema politico e giuridico\u201d, la \u201ctutela dei diritti fisici\u201d e la \u201ctutela dei diritti intellettuali\u201d. L\u2019Italia \u00e8 insufficiente nella prima voce, soprattutto per quanto riguarda la stabilit\u00e0 politica e l\u2019efficienza e l\u2019efficacia della giustizia civile, oltre agli alti livelli di corruzione percepiti, mentre raggiunge una risicata sufficienza nelle altre due.<\/p>\n<p>Nonostante il lieve miglioramento, dallo studio emerge come potrebbero sorgere nuovi problemi con l\u2019ingresso dell\u2019Italia nella Belt and Road Initiative, scrivono gli esperti di Competere.eu nel caso studio realizzato per l\u2019IPRI 2019.<\/p>\n<p>Il made in Italy, infatti, \u00e8 penalizzato dalla concorrenza sleale dei prodotti contraffatti, che provengono per la maggior parte dalla Cina e da Hong Kong. Nel 2016 la perdita subita dalle aziende italiane a causa del falso made in Italy \u00e8 stata di 24 miliardi di euro, ossia il 3,2% delle esportazioni. L\u2019apertura di una nuova \u201cVia della Seta\u201d potrebbe acuire questo fenomeno, facendo dell\u2019Italia un punto di transito verso l\u2019Europa per nuove merci contraffatte e danneggiando le imprese nostrane.<\/p>\n<figure id=\"attachment_1905\" aria-describedby=\"caption-attachment-1905\" style=\"width: 300px\" class=\"wp-caption alignleft\"><a href=\"http:\/\/www.italiaeconomiaonline.it\/web\/wp-content\/uploads\/2019\/10\/Schermata-2019-10-16-alle-12.48.42.png\"><img decoding=\"async\" loading=\"lazy\" class=\"wp-image-1905 size-medium\" src=\"http:\/\/www.italiaeconomiaonline.it\/web\/wp-content\/uploads\/2019\/10\/Schermata-2019-10-16-alle-12.48.42-300x210.png\" alt=\"\" width=\"300\" height=\"210\" srcset=\"https:\/\/www.italiaeconomiaonline.it\/web\/wp-content\/uploads\/2019\/10\/Schermata-2019-10-16-alle-12.48.42-300x210.png 300w, https:\/\/www.italiaeconomiaonline.it\/web\/wp-content\/uploads\/2019\/10\/Schermata-2019-10-16-alle-12.48.42-100x70.png 100w, https:\/\/www.italiaeconomiaonline.it\/web\/wp-content\/uploads\/2019\/10\/Schermata-2019-10-16-alle-12.48.42.png 455w\" sizes=\"(max-width: 300px) 100vw, 300px\" \/><\/a><figcaption id=\"caption-attachment-1905\" class=\"wp-caption-text\">Pietro Paganini<\/figcaption><\/figure>\n<p>\u201cI diritti di propriet\u00e0 -dichiara il Presidente di Competere.eu <strong>Pietro Paganini<\/strong>&#8211; sono un indicatore chiave del successo economico e della stabilit\u00e0 politica, e una componente fondamentale dell\u2019innovazione. Non \u00e8 un caso, infatti, che ai primi posti di questo speciale indice si trovino da anni i paesi che innovano di pi\u00f9, come quelli Scandinavi, gli Stati Uniti, Singapore e la Svizzera\u201d.<\/p>\n<p>\u201cE&#8217; fondamentale- dichiara il Segretario Generale di Competere.eu Roberto Race- che la difesa della propriet\u00e0 intellettuale diventi una priorit\u00e0 per il Governo. La politica e il sistema giudiziario <a class=\"matchTooltip\">oggi<\/a> non favoriscono la tutela e mettono in difficolt\u00e0 le imprese e a rischio centinaia di migliaia di posti di lavoro. L\u2019indice \u00e8 uno strumento importante per governi e policy maker perch\u00e9 dimostra la relazione che esiste tra tutela della propriet\u00e0, innovazione e crescita economica. I Paesi che crescono di pi\u00f9 sono, infatti, primi in innovazione e guidano la classifica dell\u2019Ipri. Se vogliamo tornare a crescere dobbiamo intervenire in maniera pi\u00f9 determinata per favorire e tutelare imprese e marchi dal fenomeno della contraffazione. \u201d<\/p>\n<p>\u201cL\u2019Italia \u00e8 ancora una volta ben distante dagli altri paesi Occidentali &#8211; dichiara il Direttore di Competere.eu e autore del caso studio, <strong>Giacomo Bandini<\/strong> \u2013 con l\u2019ingresso nella Belt and Road Initiative cinese i rischi potrebbero aumentare per la propriet\u00e0 intellettuale legata al made in Italy. Prima di proseguire con l\u2019accordo, \u00e8 necessario stabilire con la Cina degli standard di tutela della propriet\u00e0 solidi e concordare attivit\u00e0 di contrasto alla contraffazione, che causa 24 miliardi di perdite per l\u2019Italia e le sue aziende\u201d.<\/p>\n","protected":false},"excerpt":{"rendered":"<p>Viene presentato oggi, a Manila, l\u2019International Property Rights Index 2019 (Indice Internazionale sulla tutela dei Diritti di Propriet\u00e0). Lo studio misura come viene tutelata la propriet\u00e0 in oltre 129 Paesi, rappresentanti il 98 per cento del PIL mondiale ed il 93 per cento della popolazione ed \u00e8 realizzato dalla Property Rights Alliance, la coalizione internazionale [&hellip;]<\/p>\n","protected":false},"author":1,"featured_media":1906,"comment_status":"closed","ping_status":"open","sticky":false,"template":"","format":"standard","meta":{"footnotes":""},"categories":[56],"tags":[789,788,787],"yoast_head":"<!-- This site is optimized with the Yoast SEO plugin v22.2 - https:\/\/yoast.com\/wordpress\/plugins\/seo\/ -->\n<title>Tutela della Propriet\u00e0: l\u2019Italia \u00e8 ancora indietro -<\/title>\n<meta name=\"robots\" content=\"index, follow, max-snippet:-1, max-image-preview:large, max-video-preview:-1\" \/>\n<link rel=\"canonical\" href=\"https:\/\/www.italiaeconomiaonline.it\/web\/tutela-della-proprieta-litalia-e-ancora-indietro\/\" \/>\n<meta property=\"og:locale\" content=\"it_IT\" \/>\n<meta property=\"og:type\" content=\"article\" \/>\n<meta property=\"og:title\" content=\"Tutela della Propriet\u00e0: l\u2019Italia \u00e8 ancora indietro -\" \/>\n<meta property=\"og:description\" content=\"Viene presentato oggi, a Manila, l\u2019International Property Rights Index 2019 (Indice Internazionale sulla tutela dei Diritti di Propriet\u00e0). Lo studio misura come viene tutelata la propriet\u00e0 in oltre 129 Paesi, rappresentanti il 98 per cento del PIL mondiale ed il 93 per cento della popolazione ed \u00e8 realizzato dalla Property Rights Alliance, la coalizione internazionale [&hellip;]\" \/>\n<meta property=\"og:url\" content=\"https:\/\/www.italiaeconomiaonline.it\/web\/tutela-della-proprieta-litalia-e-ancora-indietro\/\" \/>\n<meta property=\"og:site_name\" content=\"ItaliaEconomiaOnline\" \/>\n<meta property=\"article:published_time\" content=\"2019-10-16T10:53:23+00:00\" \/>\n<meta property=\"og:image\" content=\"https:\/\/www.italiaeconomiaonline.it\/web\/wp-content\/uploads\/2019\/10\/Roberto-Race-.jpg\" \/>\n\t<meta property=\"og:image:width\" content=\"1600\" \/>\n\t<meta property=\"og:image:height\" content=\"1067\" \/>\n\t<meta property=\"og:image:type\" content=\"image\/jpeg\" \/>\n<meta name=\"author\" content=\"ladyitaliaeconomia\" \/>\n<meta name=\"twitter:card\" content=\"summary_large_image\" \/>\n<meta name=\"twitter:label1\" content=\"Scritto da\" \/>\n\t<meta name=\"twitter:data1\" content=\"ladyitaliaeconomia\" \/>\n\t<meta name=\"twitter:label2\" content=\"Tempo di lettura stimato\" \/>\n\t<meta name=\"twitter:data2\" content=\"3 minuti\" \/>\n<script type=\"application\/ld+json\" class=\"yoast-schema-graph\">{\"@context\":\"https:\/\/schema.org\",\"@graph\":[{\"@type\":\"WebPage\",\"@id\":\"https:\/\/www.italiaeconomiaonline.it\/web\/tutela-della-proprieta-litalia-e-ancora-indietro\/\",\"url\":\"https:\/\/www.italiaeconomiaonline.it\/web\/tutela-della-proprieta-litalia-e-ancora-indietro\/\",\"name\":\"Tutela della Propriet\u00e0: l\u2019Italia \u00e8 ancora indietro -\",\"isPartOf\":{\"@id\":\"https:\/\/www.italiaeconomiaonline.it\/web\/#website\"},\"primaryImageOfPage\":{\"@id\":\"https:\/\/www.italiaeconomiaonline.it\/web\/tutela-della-proprieta-litalia-e-ancora-indietro\/#primaryimage\"},\"image\":{\"@id\":\"https:\/\/www.italiaeconomiaonline.it\/web\/tutela-della-proprieta-litalia-e-ancora-indietro\/#primaryimage\"},\"thumbnailUrl\":\"https:\/\/www.italiaeconomiaonline.it\/web\/wp-content\/uploads\/2019\/10\/Roberto-Race-.jpg\",\"datePublished\":\"2019-10-16T10:53:23+00:00\",\"dateModified\":\"2019-10-16T10:53:23+00:00\",\"author\":{\"@id\":\"https:\/\/www.italiaeconomiaonline.it\/web\/#\/schema\/person\/909a49cce752523b020fbc37d5ab1c31\"},\"breadcrumb\":{\"@id\":\"https:\/\/www.italiaeconomiaonline.it\/web\/tutela-della-proprieta-litalia-e-ancora-indietro\/#breadcrumb\"},\"inLanguage\":\"it-IT\",\"potentialAction\":[{\"@type\":\"ReadAction\",\"target\":[\"https:\/\/www.italiaeconomiaonline.it\/web\/tutela-della-proprieta-litalia-e-ancora-indietro\/\"]}]},{\"@type\":\"ImageObject\",\"inLanguage\":\"it-IT\",\"@id\":\"https:\/\/www.italiaeconomiaonline.it\/web\/tutela-della-proprieta-litalia-e-ancora-indietro\/#primaryimage\",\"url\":\"https:\/\/www.italiaeconomiaonline.it\/web\/wp-content\/uploads\/2019\/10\/Roberto-Race-.jpg\",\"contentUrl\":\"https:\/\/www.italiaeconomiaonline.it\/web\/wp-content\/uploads\/2019\/10\/Roberto-Race-.jpg\",\"width\":1600,\"height\":1067},{\"@type\":\"BreadcrumbList\",\"@id\":\"https:\/\/www.italiaeconomiaonline.it\/web\/tutela-della-proprieta-litalia-e-ancora-indietro\/#breadcrumb\",\"itemListElement\":[{\"@type\":\"ListItem\",\"position\":1,\"name\":\"Home\",\"item\":\"https:\/\/www.italiaeconomiaonline.it\/web\/\"},{\"@type\":\"ListItem\",\"position\":2,\"name\":\"Tutela della Propriet\u00e0: l\u2019Italia \u00e8 ancora indietro\"}]},{\"@type\":\"WebSite\",\"@id\":\"https:\/\/www.italiaeconomiaonline.it\/web\/#website\",\"url\":\"https:\/\/www.italiaeconomiaonline.it\/web\/\",\"name\":\"ItaliaEconomiaOnline\",\"description\":\"Quotidiano Economico Online\",\"potentialAction\":[{\"@type\":\"SearchAction\",\"target\":{\"@type\":\"EntryPoint\",\"urlTemplate\":\"https:\/\/www.italiaeconomiaonline.it\/web\/?s={search_term_string}\"},\"query-input\":\"required name=search_term_string\"}],\"inLanguage\":\"it-IT\"},{\"@type\":\"Person\",\"@id\":\"https:\/\/www.italiaeconomiaonline.it\/web\/#\/schema\/person\/909a49cce752523b020fbc37d5ab1c31\",\"name\":\"ladyitaliaeconomia\",\"image\":{\"@type\":\"ImageObject\",\"inLanguage\":\"it-IT\",\"@id\":\"https:\/\/www.italiaeconomiaonline.it\/web\/#\/schema\/person\/image\/\",\"url\":\"https:\/\/secure.gravatar.com\/avatar\/cedca10ce7416a579b9fa6bce9c0a8f2?s=96&d=mm&r=g\",\"contentUrl\":\"https:\/\/secure.gravatar.com\/avatar\/cedca10ce7416a579b9fa6bce9c0a8f2?s=96&d=mm&r=g\",\"caption\":\"ladyitaliaeconomia\"},\"url\":\"https:\/\/www.italiaeconomiaonline.it\/web\/author\/ladyitaliaeconomia\/\"}]}<\/script>\n<!-- \/ Yoast SEO plugin. -->","yoast_head_json":{"title":"Tutela della Propriet\u00e0: l\u2019Italia \u00e8 ancora indietro -","robots":{"index":"index","follow":"follow","max-snippet":"max-snippet:-1","max-image-preview":"max-image-preview:large","max-video-preview":"max-video-preview:-1"},"canonical":"https:\/\/www.italiaeconomiaonline.it\/web\/tutela-della-proprieta-litalia-e-ancora-indietro\/","og_locale":"it_IT","og_type":"article","og_title":"Tutela della Propriet\u00e0: l\u2019Italia \u00e8 ancora indietro -","og_description":"Viene presentato oggi, a Manila, l\u2019International Property Rights Index 2019 (Indice Internazionale sulla tutela dei Diritti di Propriet\u00e0). Lo studio misura come viene tutelata la propriet\u00e0 in oltre 129 Paesi, rappresentanti il 98 per cento del PIL mondiale ed il 93 per cento della popolazione ed \u00e8 realizzato dalla Property Rights Alliance, la coalizione internazionale [&hellip;]","og_url":"https:\/\/www.italiaeconomiaonline.it\/web\/tutela-della-proprieta-litalia-e-ancora-indietro\/","og_site_name":"ItaliaEconomiaOnline","article_published_time":"2019-10-16T10:53:23+00:00","og_image":[{"width":1600,"height":1067,"url":"https:\/\/www.italiaeconomiaonline.it\/web\/wp-content\/uploads\/2019\/10\/Roberto-Race-.jpg","type":"image\/jpeg"}],"author":"ladyitaliaeconomia","twitter_card":"summary_large_image","twitter_misc":{"Scritto da":"ladyitaliaeconomia","Tempo di lettura stimato":"3 minuti"},"schema":{"@context":"https:\/\/schema.org","@graph":[{"@type":"WebPage","@id":"https:\/\/www.italiaeconomiaonline.it\/web\/tutela-della-proprieta-litalia-e-ancora-indietro\/","url":"https:\/\/www.italiaeconomiaonline.it\/web\/tutela-della-proprieta-litalia-e-ancora-indietro\/","name":"Tutela della Propriet\u00e0: l\u2019Italia \u00e8 ancora indietro -","isPartOf":{"@id":"https:\/\/www.italiaeconomiaonline.it\/web\/#website"},"primaryImageOfPage":{"@id":"https:\/\/www.italiaeconomiaonline.it\/web\/tutela-della-proprieta-litalia-e-ancora-indietro\/#primaryimage"},"image":{"@id":"https:\/\/www.italiaeconomiaonline.it\/web\/tutela-della-proprieta-litalia-e-ancora-indietro\/#primaryimage"},"thumbnailUrl":"https:\/\/www.italiaeconomiaonline.it\/web\/wp-content\/uploads\/2019\/10\/Roberto-Race-.jpg","datePublished":"2019-10-16T10:53:23+00:00","dateModified":"2019-10-16T10:53:23+00:00","author":{"@id":"https:\/\/www.italiaeconomiaonline.it\/web\/#\/schema\/person\/909a49cce752523b020fbc37d5ab1c31"},"breadcrumb":{"@id":"https:\/\/www.italiaeconomiaonline.it\/web\/tutela-della-proprieta-litalia-e-ancora-indietro\/#breadcrumb"},"inLanguage":"it-IT","potentialAction":[{"@type":"ReadAction","target":["https:\/\/www.italiaeconomiaonline.it\/web\/tutela-della-proprieta-litalia-e-ancora-indietro\/"]}]},{"@type":"ImageObject","inLanguage":"it-IT","@id":"https:\/\/www.italiaeconomiaonline.it\/web\/tutela-della-proprieta-litalia-e-ancora-indietro\/#primaryimage","url":"https:\/\/www.italiaeconomiaonline.it\/web\/wp-content\/uploads\/2019\/10\/Roberto-Race-.jpg","contentUrl":"https:\/\/www.italiaeconomiaonline.it\/web\/wp-content\/uploads\/2019\/10\/Roberto-Race-.jpg","width":1600,"height":1067},{"@type":"BreadcrumbList","@id":"https:\/\/www.italiaeconomiaonline.it\/web\/tutela-della-proprieta-litalia-e-ancora-indietro\/#breadcrumb","itemListElement":[{"@type":"ListItem","position":1,"name":"Home","item":"https:\/\/www.italiaeconomiaonline.it\/web\/"},{"@type":"ListItem","position":2,"name":"Tutela della Propriet\u00e0: l\u2019Italia \u00e8 ancora indietro"}]},{"@type":"WebSite","@id":"https:\/\/www.italiaeconomiaonline.it\/web\/#website","url":"https:\/\/www.italiaeconomiaonline.it\/web\/","name":"ItaliaEconomiaOnline","description":"Quotidiano Economico Online","potentialAction":[{"@type":"SearchAction","target":{"@type":"EntryPoint","urlTemplate":"https:\/\/www.italiaeconomiaonline.it\/web\/?s={search_term_string}"},"query-input":"required name=search_term_string"}],"inLanguage":"it-IT"},{"@type":"Person","@id":"https:\/\/www.italiaeconomiaonline.it\/web\/#\/schema\/person\/909a49cce752523b020fbc37d5ab1c31","name":"ladyitaliaeconomia","image":{"@type":"ImageObject","inLanguage":"it-IT","@id":"https:\/\/www.italiaeconomiaonline.it\/web\/#\/schema\/person\/image\/","url":"https:\/\/secure.gravatar.com\/avatar\/cedca10ce7416a579b9fa6bce9c0a8f2?s=96&d=mm&r=g","contentUrl":"https:\/\/secure.gravatar.com\/avatar\/cedca10ce7416a579b9fa6bce9c0a8f2?s=96&d=mm&r=g","caption":"ladyitaliaeconomia"},"url":"https:\/\/www.italiaeconomiaonline.it\/web\/author\/ladyitaliaeconomia\/"}]}},"_links":{"self":[{"href":"https:\/\/www.italiaeconomiaonline.it\/web\/wp-json\/wp\/v2\/posts\/1904"}],"collection":[{"href":"https:\/\/www.italiaeconomiaonline.it\/web\/wp-json\/wp\/v2\/posts"}],"about":[{"href":"https:\/\/www.italiaeconomiaonline.it\/web\/wp-json\/wp\/v2\/types\/post"}],"author":[{"embeddable":true,"href":"https:\/\/www.italiaeconomiaonline.it\/web\/wp-json\/wp\/v2\/users\/1"}],"replies":[{"embeddable":true,"href":"https:\/\/www.italiaeconomiaonline.it\/web\/wp-json\/wp\/v2\/comments?post=1904"}],"version-history":[{"count":1,"href":"https:\/\/www.italiaeconomiaonline.it\/web\/wp-json\/wp\/v2\/posts\/1904\/revisions"}],"predecessor-version":[{"id":1907,"href":"https:\/\/www.italiaeconomiaonline.it\/web\/wp-json\/wp\/v2\/posts\/1904\/revisions\/1907"}],"wp:featuredmedia":[{"embeddable":true,"href":"https:\/\/www.italiaeconomiaonline.it\/web\/wp-json\/wp\/v2\/media\/1906"}],"wp:attachment":[{"href":"https:\/\/www.italiaeconomiaonline.it\/web\/wp-json\/wp\/v2\/media?parent=1904"}],"wp:term":[{"taxonomy":"category","embeddable":true,"href":"https:\/\/www.italiaeconomiaonline.it\/web\/wp-json\/wp\/v2\/categories?post=1904"},{"taxonomy":"post_tag","embeddable":true,"href":"https:\/\/www.italiaeconomiaonline.it\/web\/wp-json\/wp\/v2\/tags?post=1904"}],"curies":[{"name":"wp","href":"https:\/\/api.w.org\/{rel}","templated":true}]}}