{"id":193,"date":"2018-08-08T12:17:45","date_gmt":"2018-08-08T10:17:45","guid":{"rendered":"http:\/\/www.italiaeconomiaonline.it\/web\/?p=193"},"modified":"2018-08-23T12:22:30","modified_gmt":"2018-08-23T10:22:30","slug":"confagricoltura-al-via-la-terza-edizione-del-concorso-coltiviamo-agricoltura-sociale","status":"publish","type":"post","link":"https:\/\/www.italiaeconomiaonline.it\/web\/confagricoltura-al-via-la-terza-edizione-del-concorso-coltiviamo-agricoltura-sociale\/","title":{"rendered":"Confagricoltura: al via la terza edizione del concorso &#8220;Coltiviamo agricoltura sociale&#8221;"},"content":{"rendered":"<p><span class=\"dropcap dropcap3\">S<\/span>ostenere l\u2019agricoltura sociale, incoraggiando e accompagnando lo sviluppo di attivit\u00e0 imprenditoriali capaci di coniugare sostenibilit\u00e0 e innovazione.<\/p>\n<p>Questo l\u2019obiettivo di \u201dColtiviamo agricoltura sociale\u201d la terza edizione del bando indetto da <strong>Confagricoltura e Onlus Senior-L\u2019Et\u00e0 della Saggezza<\/strong>, con <strong>Intesa Sanpaolo<\/strong> e la partecipazione attiva della <strong>Rete Fattorie Sociali, in collaborazione<\/strong> con l\u2019<strong>Universit\u00e0 di Roma Tor Vergata<\/strong>.<\/p>\n<p>In palio 120.000 euro divisi in tre premi,\u00a0 da 40 mila euro ciascuno, che andranno ai migliori progetti presentati da imprenditori agricoli singoli o associati e cooperative sociali, anche attraverso partenariati con altre associazioni. E dovranno riguardare minori e giovani in situazione di disagio sociale, anziani, disabili, immigrati che godono dello stato di rifugiato e richiedenti asilo.<\/p>\n<p>Confagricoltura e Onlus Senior-L\u2019Et\u00e0 della Saggezza, insieme ai partner, intendono promuovere l\u2019agricoltura sociale, affiancando imprenditori e cooperative agricole e sociali nel sviluppare le potenzialit\u00e0 del settore.<\/p>\n<p>I tre premi saranno\u00a0 destinati a progetti innovativi che si distinguano per la capacit\u00e0 di rispondere a una criticit\u00e0 ben identificata del territorio, nonch\u00e9 per metodi di valutazione e di comunicazione appropriati.<\/p>\n<p>Imprenditori agricoli e cooperative sociali che intendano partecipare al bando \u201cColtiviamo agricoltura sociale\u201d potranno farlo fino al 15 ottobre 2018.<\/p>\n<p>Oltre al premio in denaro, saranno destinate ai vincitori otto borse di studio per partecipare al \u2018Master online in Agricoltura Sociale\u2019 presso l\u2019Universit\u00e0 di Roma Tor Vergata.<\/p>\n","protected":false},"excerpt":{"rendered":"<p>Sostenere l\u2019agricoltura sociale, incoraggiando e accompagnando lo sviluppo di attivit\u00e0 imprenditoriali capaci di coniugare sostenibilit\u00e0 e innovazione. Questo l\u2019obiettivo di \u201dColtiviamo agricoltura sociale\u201d la terza edizione del bando indetto da Confagricoltura e Onlus Senior-L\u2019Et\u00e0 della Saggezza, con Intesa Sanpaolo e la partecipazione attiva della Rete Fattorie Sociali, in collaborazione con l\u2019Universit\u00e0 di Roma Tor Vergata. [&hellip;]<\/p>\n","protected":false},"author":1,"featured_media":194,"comment_status":"closed","ping_status":"open","sticky":false,"template":"","format":"standard","meta":{"footnotes":""},"categories":[17],"tags":[74,20,75,77,76],"yoast_head":"<!-- This site is optimized with the Yoast SEO plugin v22.2 - https:\/\/yoast.com\/wordpress\/plugins\/seo\/ -->\n<title>Confagricoltura: al via la terza edizione del concorso &quot;Coltiviamo agricoltura sociale&quot; -<\/title>\n<meta name=\"robots\" content=\"index, follow, max-snippet:-1, max-image-preview:large, max-video-preview:-1\" \/>\n<link rel=\"canonical\" href=\"https:\/\/www.italiaeconomiaonline.it\/web\/confagricoltura-al-via-la-terza-edizione-del-concorso-coltiviamo-agricoltura-sociale\/\" \/>\n<meta property=\"og:locale\" content=\"it_IT\" \/>\n<meta property=\"og:type\" content=\"article\" \/>\n<meta property=\"og:title\" content=\"Confagricoltura: al via la terza edizione del concorso &quot;Coltiviamo agricoltura sociale&quot; -\" \/>\n<meta property=\"og:description\" content=\"Sostenere l\u2019agricoltura sociale, incoraggiando e accompagnando lo sviluppo di attivit\u00e0 imprenditoriali capaci di coniugare sostenibilit\u00e0 e innovazione. Questo l\u2019obiettivo di \u201dColtiviamo agricoltura sociale\u201d la terza edizione del bando indetto da Confagricoltura e Onlus Senior-L\u2019Et\u00e0 della Saggezza, con Intesa Sanpaolo e la partecipazione attiva della Rete Fattorie Sociali, in collaborazione con l\u2019Universit\u00e0 di Roma Tor Vergata. [&hellip;]\" \/>\n<meta property=\"og:url\" content=\"https:\/\/www.italiaeconomiaonline.it\/web\/confagricoltura-al-via-la-terza-edizione-del-concorso-coltiviamo-agricoltura-sociale\/\" \/>\n<meta property=\"og:site_name\" content=\"ItaliaEconomiaOnline\" \/>\n<meta property=\"article:published_time\" content=\"2018-08-08T10:17:45+00:00\" \/>\n<meta property=\"article:modified_time\" content=\"2018-08-23T10:22:30+00:00\" \/>\n<meta property=\"og:image\" content=\"https:\/\/www.italiaeconomiaonline.it\/web\/wp-content\/uploads\/2018\/08\/agricoltura.jpg\" \/>\n\t<meta property=\"og:image:width\" content=\"960\" \/>\n\t<meta property=\"og:image:height\" content=\"625\" \/>\n\t<meta property=\"og:image:type\" content=\"image\/jpeg\" \/>\n<meta name=\"author\" content=\"ladyitaliaeconomia\" \/>\n<meta name=\"twitter:card\" content=\"summary_large_image\" \/>\n<meta name=\"twitter:label1\" content=\"Scritto da\" \/>\n\t<meta name=\"twitter:data1\" content=\"ladyitaliaeconomia\" \/>\n\t<meta name=\"twitter:label2\" content=\"Tempo di lettura stimato\" \/>\n\t<meta name=\"twitter:data2\" content=\"1 minuto\" \/>\n<script type=\"application\/ld+json\" class=\"yoast-schema-graph\">{\"@context\":\"https:\/\/schema.org\",\"@graph\":[{\"@type\":\"WebPage\",\"@id\":\"https:\/\/www.italiaeconomiaonline.it\/web\/confagricoltura-al-via-la-terza-edizione-del-concorso-coltiviamo-agricoltura-sociale\/\",\"url\":\"https:\/\/www.italiaeconomiaonline.it\/web\/confagricoltura-al-via-la-terza-edizione-del-concorso-coltiviamo-agricoltura-sociale\/\",\"name\":\"Confagricoltura: al via la terza edizione del concorso \\\"Coltiviamo agricoltura sociale\\\" -\",\"isPartOf\":{\"@id\":\"https:\/\/www.italiaeconomiaonline.it\/web\/#website\"},\"primaryImageOfPage\":{\"@id\":\"https:\/\/www.italiaeconomiaonline.it\/web\/confagricoltura-al-via-la-terza-edizione-del-concorso-coltiviamo-agricoltura-sociale\/#primaryimage\"},\"image\":{\"@id\":\"https:\/\/www.italiaeconomiaonline.it\/web\/confagricoltura-al-via-la-terza-edizione-del-concorso-coltiviamo-agricoltura-sociale\/#primaryimage\"},\"thumbnailUrl\":\"https:\/\/www.italiaeconomiaonline.it\/web\/wp-content\/uploads\/2018\/08\/agricoltura.jpg\",\"datePublished\":\"2018-08-08T10:17:45+00:00\",\"dateModified\":\"2018-08-23T10:22:30+00:00\",\"author\":{\"@id\":\"https:\/\/www.italiaeconomiaonline.it\/web\/#\/schema\/person\/909a49cce752523b020fbc37d5ab1c31\"},\"breadcrumb\":{\"@id\":\"https:\/\/www.italiaeconomiaonline.it\/web\/confagricoltura-al-via-la-terza-edizione-del-concorso-coltiviamo-agricoltura-sociale\/#breadcrumb\"},\"inLanguage\":\"it-IT\",\"potentialAction\":[{\"@type\":\"ReadAction\",\"target\":[\"https:\/\/www.italiaeconomiaonline.it\/web\/confagricoltura-al-via-la-terza-edizione-del-concorso-coltiviamo-agricoltura-sociale\/\"]}]},{\"@type\":\"ImageObject\",\"inLanguage\":\"it-IT\",\"@id\":\"https:\/\/www.italiaeconomiaonline.it\/web\/confagricoltura-al-via-la-terza-edizione-del-concorso-coltiviamo-agricoltura-sociale\/#primaryimage\",\"url\":\"https:\/\/www.italiaeconomiaonline.it\/web\/wp-content\/uploads\/2018\/08\/agricoltura.jpg\",\"contentUrl\":\"https:\/\/www.italiaeconomiaonline.it\/web\/wp-content\/uploads\/2018\/08\/agricoltura.jpg\",\"width\":960,\"height\":625},{\"@type\":\"BreadcrumbList\",\"@id\":\"https:\/\/www.italiaeconomiaonline.it\/web\/confagricoltura-al-via-la-terza-edizione-del-concorso-coltiviamo-agricoltura-sociale\/#breadcrumb\",\"itemListElement\":[{\"@type\":\"ListItem\",\"position\":1,\"name\":\"Home\",\"item\":\"https:\/\/www.italiaeconomiaonline.it\/web\/\"},{\"@type\":\"ListItem\",\"position\":2,\"name\":\"Confagricoltura: al via la terza edizione del concorso &#8220;Coltiviamo agricoltura sociale&#8221;\"}]},{\"@type\":\"WebSite\",\"@id\":\"https:\/\/www.italiaeconomiaonline.it\/web\/#website\",\"url\":\"https:\/\/www.italiaeconomiaonline.it\/web\/\",\"name\":\"ItaliaEconomiaOnline\",\"description\":\"Quotidiano Economico Online\",\"potentialAction\":[{\"@type\":\"SearchAction\",\"target\":{\"@type\":\"EntryPoint\",\"urlTemplate\":\"https:\/\/www.italiaeconomiaonline.it\/web\/?s={search_term_string}\"},\"query-input\":\"required name=search_term_string\"}],\"inLanguage\":\"it-IT\"},{\"@type\":\"Person\",\"@id\":\"https:\/\/www.italiaeconomiaonline.it\/web\/#\/schema\/person\/909a49cce752523b020fbc37d5ab1c31\",\"name\":\"ladyitaliaeconomia\",\"image\":{\"@type\":\"ImageObject\",\"inLanguage\":\"it-IT\",\"@id\":\"https:\/\/www.italiaeconomiaonline.it\/web\/#\/schema\/person\/image\/\",\"url\":\"https:\/\/secure.gravatar.com\/avatar\/cedca10ce7416a579b9fa6bce9c0a8f2?s=96&d=mm&r=g\",\"contentUrl\":\"https:\/\/secure.gravatar.com\/avatar\/cedca10ce7416a579b9fa6bce9c0a8f2?s=96&d=mm&r=g\",\"caption\":\"ladyitaliaeconomia\"},\"url\":\"https:\/\/www.italiaeconomiaonline.it\/web\/author\/ladyitaliaeconomia\/\"}]}<\/script>\n<!-- \/ Yoast SEO plugin. -->","yoast_head_json":{"title":"Confagricoltura: al via la terza edizione del concorso \"Coltiviamo agricoltura sociale\" -","robots":{"index":"index","follow":"follow","max-snippet":"max-snippet:-1","max-image-preview":"max-image-preview:large","max-video-preview":"max-video-preview:-1"},"canonical":"https:\/\/www.italiaeconomiaonline.it\/web\/confagricoltura-al-via-la-terza-edizione-del-concorso-coltiviamo-agricoltura-sociale\/","og_locale":"it_IT","og_type":"article","og_title":"Confagricoltura: al via la terza edizione del concorso \"Coltiviamo agricoltura sociale\" -","og_description":"Sostenere l\u2019agricoltura sociale, incoraggiando e accompagnando lo sviluppo di attivit\u00e0 imprenditoriali capaci di coniugare sostenibilit\u00e0 e innovazione. Questo l\u2019obiettivo di \u201dColtiviamo agricoltura sociale\u201d la terza edizione del bando indetto da Confagricoltura e Onlus Senior-L\u2019Et\u00e0 della Saggezza, con Intesa Sanpaolo e la partecipazione attiva della Rete Fattorie Sociali, in collaborazione con l\u2019Universit\u00e0 di Roma Tor Vergata. [&hellip;]","og_url":"https:\/\/www.italiaeconomiaonline.it\/web\/confagricoltura-al-via-la-terza-edizione-del-concorso-coltiviamo-agricoltura-sociale\/","og_site_name":"ItaliaEconomiaOnline","article_published_time":"2018-08-08T10:17:45+00:00","article_modified_time":"2018-08-23T10:22:30+00:00","og_image":[{"width":960,"height":625,"url":"https:\/\/www.italiaeconomiaonline.it\/web\/wp-content\/uploads\/2018\/08\/agricoltura.jpg","type":"image\/jpeg"}],"author":"ladyitaliaeconomia","twitter_card":"summary_large_image","twitter_misc":{"Scritto da":"ladyitaliaeconomia","Tempo di lettura stimato":"1 minuto"},"schema":{"@context":"https:\/\/schema.org","@graph":[{"@type":"WebPage","@id":"https:\/\/www.italiaeconomiaonline.it\/web\/confagricoltura-al-via-la-terza-edizione-del-concorso-coltiviamo-agricoltura-sociale\/","url":"https:\/\/www.italiaeconomiaonline.it\/web\/confagricoltura-al-via-la-terza-edizione-del-concorso-coltiviamo-agricoltura-sociale\/","name":"Confagricoltura: al via la terza edizione del concorso \"Coltiviamo agricoltura sociale\" -","isPartOf":{"@id":"https:\/\/www.italiaeconomiaonline.it\/web\/#website"},"primaryImageOfPage":{"@id":"https:\/\/www.italiaeconomiaonline.it\/web\/confagricoltura-al-via-la-terza-edizione-del-concorso-coltiviamo-agricoltura-sociale\/#primaryimage"},"image":{"@id":"https:\/\/www.italiaeconomiaonline.it\/web\/confagricoltura-al-via-la-terza-edizione-del-concorso-coltiviamo-agricoltura-sociale\/#primaryimage"},"thumbnailUrl":"https:\/\/www.italiaeconomiaonline.it\/web\/wp-content\/uploads\/2018\/08\/agricoltura.jpg","datePublished":"2018-08-08T10:17:45+00:00","dateModified":"2018-08-23T10:22:30+00:00","author":{"@id":"https:\/\/www.italiaeconomiaonline.it\/web\/#\/schema\/person\/909a49cce752523b020fbc37d5ab1c31"},"breadcrumb":{"@id":"https:\/\/www.italiaeconomiaonline.it\/web\/confagricoltura-al-via-la-terza-edizione-del-concorso-coltiviamo-agricoltura-sociale\/#breadcrumb"},"inLanguage":"it-IT","potentialAction":[{"@type":"ReadAction","target":["https:\/\/www.italiaeconomiaonline.it\/web\/confagricoltura-al-via-la-terza-edizione-del-concorso-coltiviamo-agricoltura-sociale\/"]}]},{"@type":"ImageObject","inLanguage":"it-IT","@id":"https:\/\/www.italiaeconomiaonline.it\/web\/confagricoltura-al-via-la-terza-edizione-del-concorso-coltiviamo-agricoltura-sociale\/#primaryimage","url":"https:\/\/www.italiaeconomiaonline.it\/web\/wp-content\/uploads\/2018\/08\/agricoltura.jpg","contentUrl":"https:\/\/www.italiaeconomiaonline.it\/web\/wp-content\/uploads\/2018\/08\/agricoltura.jpg","width":960,"height":625},{"@type":"BreadcrumbList","@id":"https:\/\/www.italiaeconomiaonline.it\/web\/confagricoltura-al-via-la-terza-edizione-del-concorso-coltiviamo-agricoltura-sociale\/#breadcrumb","itemListElement":[{"@type":"ListItem","position":1,"name":"Home","item":"https:\/\/www.italiaeconomiaonline.it\/web\/"},{"@type":"ListItem","position":2,"name":"Confagricoltura: al via la terza edizione del concorso &#8220;Coltiviamo agricoltura sociale&#8221;"}]},{"@type":"WebSite","@id":"https:\/\/www.italiaeconomiaonline.it\/web\/#website","url":"https:\/\/www.italiaeconomiaonline.it\/web\/","name":"ItaliaEconomiaOnline","description":"Quotidiano Economico Online","potentialAction":[{"@type":"SearchAction","target":{"@type":"EntryPoint","urlTemplate":"https:\/\/www.italiaeconomiaonline.it\/web\/?s={search_term_string}"},"query-input":"required name=search_term_string"}],"inLanguage":"it-IT"},{"@type":"Person","@id":"https:\/\/www.italiaeconomiaonline.it\/web\/#\/schema\/person\/909a49cce752523b020fbc37d5ab1c31","name":"ladyitaliaeconomia","image":{"@type":"ImageObject","inLanguage":"it-IT","@id":"https:\/\/www.italiaeconomiaonline.it\/web\/#\/schema\/person\/image\/","url":"https:\/\/secure.gravatar.com\/avatar\/cedca10ce7416a579b9fa6bce9c0a8f2?s=96&d=mm&r=g","contentUrl":"https:\/\/secure.gravatar.com\/avatar\/cedca10ce7416a579b9fa6bce9c0a8f2?s=96&d=mm&r=g","caption":"ladyitaliaeconomia"},"url":"https:\/\/www.italiaeconomiaonline.it\/web\/author\/ladyitaliaeconomia\/"}]}},"_links":{"self":[{"href":"https:\/\/www.italiaeconomiaonline.it\/web\/wp-json\/wp\/v2\/posts\/193"}],"collection":[{"href":"https:\/\/www.italiaeconomiaonline.it\/web\/wp-json\/wp\/v2\/posts"}],"about":[{"href":"https:\/\/www.italiaeconomiaonline.it\/web\/wp-json\/wp\/v2\/types\/post"}],"author":[{"embeddable":true,"href":"https:\/\/www.italiaeconomiaonline.it\/web\/wp-json\/wp\/v2\/users\/1"}],"replies":[{"embeddable":true,"href":"https:\/\/www.italiaeconomiaonline.it\/web\/wp-json\/wp\/v2\/comments?post=193"}],"version-history":[{"count":1,"href":"https:\/\/www.italiaeconomiaonline.it\/web\/wp-json\/wp\/v2\/posts\/193\/revisions"}],"predecessor-version":[{"id":195,"href":"https:\/\/www.italiaeconomiaonline.it\/web\/wp-json\/wp\/v2\/posts\/193\/revisions\/195"}],"wp:featuredmedia":[{"embeddable":true,"href":"https:\/\/www.italiaeconomiaonline.it\/web\/wp-json\/wp\/v2\/media\/194"}],"wp:attachment":[{"href":"https:\/\/www.italiaeconomiaonline.it\/web\/wp-json\/wp\/v2\/media?parent=193"}],"wp:term":[{"taxonomy":"category","embeddable":true,"href":"https:\/\/www.italiaeconomiaonline.it\/web\/wp-json\/wp\/v2\/categories?post=193"},{"taxonomy":"post_tag","embeddable":true,"href":"https:\/\/www.italiaeconomiaonline.it\/web\/wp-json\/wp\/v2\/tags?post=193"}],"curies":[{"name":"wp","href":"https:\/\/api.w.org\/{rel}","templated":true}]}}