{"id":1970,"date":"2019-10-25T15:59:08","date_gmt":"2019-10-25T13:59:08","guid":{"rendered":"http:\/\/www.italiaeconomiaonline.it\/web\/?p=1970"},"modified":"2019-10-25T15:59:08","modified_gmt":"2019-10-25T13:59:08","slug":"produzione-europea-olio-doliva-frena-la-spagna-in-parziale-recupero-litalia","status":"publish","type":"post","link":"https:\/\/www.italiaeconomiaonline.it\/web\/produzione-europea-olio-doliva-frena-la-spagna-in-parziale-recupero-litalia\/","title":{"rendered":"Produzione europea olio d&#8217;oliva: frena la Spagna, in parziale recupero l&#8217;Italia"},"content":{"rendered":"<p><span class=\"dropcap dropcap3\">M<\/span>entre si prevede un calo mediamente del 9% della produzione di olio d\u2019oliva in Europa e del 30% in Spagna, nel 2019 rispetto al 2018, in Italia si stima un raddoppio della produzione (da 175 mila tonn a 350 mila). Incrementi produttivi anche in Portogallo (+39%) e Grecia (+62%). I livelli altissimi delle scorte europee, con 850 mila tonnellate, hanno un impatto sui prezzi al ribasso che preoccupa gli operatori.<\/p>\n<p>Lo pone in evidenza il report sul comparto olivicolo del Centro Studi di Confagricoltura, sulla base delle previsioni dell\u2019Unione europea, presentate a Bruxelles.<\/p>\n<p>Per l\u2019Italia per\u00f2 \u00e8 un risultato solo parzialmente soddisfacente \u2013 osserva Confagricoltura \u2013 dal momento che l\u2019anno scorso la produzione era arrivata ai minimi storici del decennio ed anche ora \u00e8 lontana dalle 540 mila tonn del 2008. La media produttiva degli ultimi quattro anni, confrontata con il quadriennio 2008-2011, mostra un calo di oltre il 37% e, in relazione al quadriennio 2012-2015, del 28%.<\/p>\n<p>Il Centro Studi di Confagricoltura ha evidenziato come, nel 2018, l\u2019Italia sia stata nel mondo il secondo Paese esportatore di olio d\u2019oliva, dopo Spagna e davanti a Portogallo e Grecia. Principali mercati di sbocco dell\u2019olio confezionato made in Italy sono Stati Uniti (che hanno un valore di 436 milioni di euro e rappresentano il 31,4% del totale dell\u2019export italiano) e Germania (168 milioni di euro, pari al 12,1% del totale dell\u2019export).<\/p>\n<p>Il settore olivicolo &#8211; sottolinea Confagricoltura &#8211; sta affrontando una fase di significativi cambiamenti strutturali a livello mondiale e l\u2019Italia, che ha una forte vocazione produttiva, non pu\u00f2 restare arretrata.<\/p>\n<p>\u201cIn questo quadro \u2013 commenta il presidente della Federazione olivicola nazionale di Confagricoltura, Pantaleo Greco &#8211; va evidenziata la situazione drammatica del Salento a causa della Xylella Fastidiosa. Per il 2019 il crollo della produzione di olio in provincia di Lecce si aggirer\u00e0 attorno all\u201985%, rispetto agli anni precedenti. Le zone olivetate sono sempre pi\u00f9 ridimensionate e solo le variet\u00e0, come il leccino che sembrerebbe tollerante, fanno s\u00ec che la produzione non sia azzerata del tutto. La sfida \u00e8 proprio quella di frenare il crollo produttivo con nuovi impianti e con aiuti al reddito per tutta la filiera ormai allo stremo. Sollecitiamo l\u2019emanazione dei decreti attuativi del decreto legge Emergenze ed in particolare i provvedimenti per l\u2019utilizzo delle risorse previste dal Piano di rigenerazione dell\u2019olivicoltura\u201d.<\/p>\n<p>\u201cPer tutti gli operatori europei &#8211; prosegue il rappresentante di Confagricoltura &#8211; sar\u00e0 importante favorire l\u2019aumento del consumo globale di olio di oliva e sviluppare nuovi mercati, con l\u2019aiuto di azioni promozionali per le quali si chiede alla Commissione UE un sostegno economico, anche alla luce delle questioni di politica internazionale in atto e dei dazi imposti dagli Stati Uniti.\u201d.<\/p>\n<p>\u201cIn generale per l\u2019olivicoltura italiana ci sono nuove convenienze da cogliere sotto il profilo quantitativo e qualitativo \u2013 conclude Pantaleo Greco -. Vanno rinnovati gli impianti colturali con altri pi\u00f9 produttivi e che si prestano alla meccanizzazione. E\u2019 giunto il momento di trasformare le difficolt\u00e0 in opportunit\u00e0\u201d.<\/p>\n","protected":false},"excerpt":{"rendered":"<p>Mentre si prevede un calo mediamente del 9% della produzione di olio d\u2019oliva in Europa e del 30% in Spagna, nel 2019 rispetto al 2018, in Italia si stima un raddoppio della produzione (da 175 mila tonn a 350 mila). Incrementi produttivi anche in Portogallo (+39%) e Grecia (+62%). I livelli altissimi delle scorte europee, [&hellip;]<\/p>\n","protected":false},"author":1,"featured_media":1971,"comment_status":"closed","ping_status":"open","sticky":false,"template":"","format":"standard","meta":{"footnotes":""},"categories":[537],"tags":[],"yoast_head":"<!-- This site is optimized with the Yoast SEO plugin v22.2 - https:\/\/yoast.com\/wordpress\/plugins\/seo\/ -->\n<title>Produzione europea olio d&#039;oliva: frena la Spagna, in parziale recupero l&#039;Italia -<\/title>\n<meta name=\"robots\" content=\"index, follow, max-snippet:-1, max-image-preview:large, max-video-preview:-1\" \/>\n<link rel=\"canonical\" href=\"https:\/\/www.italiaeconomiaonline.it\/web\/produzione-europea-olio-doliva-frena-la-spagna-in-parziale-recupero-litalia\/\" \/>\n<meta property=\"og:locale\" content=\"it_IT\" \/>\n<meta property=\"og:type\" content=\"article\" \/>\n<meta property=\"og:title\" content=\"Produzione europea olio d&#039;oliva: frena la Spagna, in parziale recupero l&#039;Italia -\" \/>\n<meta property=\"og:description\" content=\"Mentre si prevede un calo mediamente del 9% della produzione di olio d\u2019oliva in Europa e del 30% in Spagna, nel 2019 rispetto al 2018, in Italia si stima un raddoppio della produzione (da 175 mila tonn a 350 mila). Incrementi produttivi anche in Portogallo (+39%) e Grecia (+62%). I livelli altissimi delle scorte europee, [&hellip;]\" \/>\n<meta property=\"og:url\" content=\"https:\/\/www.italiaeconomiaonline.it\/web\/produzione-europea-olio-doliva-frena-la-spagna-in-parziale-recupero-litalia\/\" \/>\n<meta property=\"og:site_name\" content=\"ItaliaEconomiaOnline\" \/>\n<meta property=\"article:published_time\" content=\"2019-10-25T13:59:08+00:00\" \/>\n<meta property=\"og:image\" content=\"https:\/\/www.italiaeconomiaonline.it\/web\/wp-content\/uploads\/2019\/10\/olio-oliva.jpg\" \/>\n\t<meta property=\"og:image:width\" content=\"960\" \/>\n\t<meta property=\"og:image:height\" content=\"630\" \/>\n\t<meta property=\"og:image:type\" content=\"image\/jpeg\" \/>\n<meta name=\"author\" content=\"ladyitaliaeconomia\" \/>\n<meta name=\"twitter:card\" content=\"summary_large_image\" \/>\n<meta name=\"twitter:label1\" content=\"Scritto da\" \/>\n\t<meta name=\"twitter:data1\" content=\"ladyitaliaeconomia\" \/>\n\t<meta name=\"twitter:label2\" content=\"Tempo di lettura stimato\" \/>\n\t<meta name=\"twitter:data2\" content=\"2 minuti\" \/>\n<script type=\"application\/ld+json\" class=\"yoast-schema-graph\">{\"@context\":\"https:\/\/schema.org\",\"@graph\":[{\"@type\":\"WebPage\",\"@id\":\"https:\/\/www.italiaeconomiaonline.it\/web\/produzione-europea-olio-doliva-frena-la-spagna-in-parziale-recupero-litalia\/\",\"url\":\"https:\/\/www.italiaeconomiaonline.it\/web\/produzione-europea-olio-doliva-frena-la-spagna-in-parziale-recupero-litalia\/\",\"name\":\"Produzione europea olio d'oliva: frena la Spagna, in parziale recupero l'Italia -\",\"isPartOf\":{\"@id\":\"https:\/\/www.italiaeconomiaonline.it\/web\/#website\"},\"primaryImageOfPage\":{\"@id\":\"https:\/\/www.italiaeconomiaonline.it\/web\/produzione-europea-olio-doliva-frena-la-spagna-in-parziale-recupero-litalia\/#primaryimage\"},\"image\":{\"@id\":\"https:\/\/www.italiaeconomiaonline.it\/web\/produzione-europea-olio-doliva-frena-la-spagna-in-parziale-recupero-litalia\/#primaryimage\"},\"thumbnailUrl\":\"https:\/\/www.italiaeconomiaonline.it\/web\/wp-content\/uploads\/2019\/10\/olio-oliva.jpg\",\"datePublished\":\"2019-10-25T13:59:08+00:00\",\"dateModified\":\"2019-10-25T13:59:08+00:00\",\"author\":{\"@id\":\"https:\/\/www.italiaeconomiaonline.it\/web\/#\/schema\/person\/909a49cce752523b020fbc37d5ab1c31\"},\"breadcrumb\":{\"@id\":\"https:\/\/www.italiaeconomiaonline.it\/web\/produzione-europea-olio-doliva-frena-la-spagna-in-parziale-recupero-litalia\/#breadcrumb\"},\"inLanguage\":\"it-IT\",\"potentialAction\":[{\"@type\":\"ReadAction\",\"target\":[\"https:\/\/www.italiaeconomiaonline.it\/web\/produzione-europea-olio-doliva-frena-la-spagna-in-parziale-recupero-litalia\/\"]}]},{\"@type\":\"ImageObject\",\"inLanguage\":\"it-IT\",\"@id\":\"https:\/\/www.italiaeconomiaonline.it\/web\/produzione-europea-olio-doliva-frena-la-spagna-in-parziale-recupero-litalia\/#primaryimage\",\"url\":\"https:\/\/www.italiaeconomiaonline.it\/web\/wp-content\/uploads\/2019\/10\/olio-oliva.jpg\",\"contentUrl\":\"https:\/\/www.italiaeconomiaonline.it\/web\/wp-content\/uploads\/2019\/10\/olio-oliva.jpg\",\"width\":960,\"height\":630},{\"@type\":\"BreadcrumbList\",\"@id\":\"https:\/\/www.italiaeconomiaonline.it\/web\/produzione-europea-olio-doliva-frena-la-spagna-in-parziale-recupero-litalia\/#breadcrumb\",\"itemListElement\":[{\"@type\":\"ListItem\",\"position\":1,\"name\":\"Home\",\"item\":\"https:\/\/www.italiaeconomiaonline.it\/web\/\"},{\"@type\":\"ListItem\",\"position\":2,\"name\":\"Produzione europea olio d&#8217;oliva: frena la Spagna, in parziale recupero l&#8217;Italia\"}]},{\"@type\":\"WebSite\",\"@id\":\"https:\/\/www.italiaeconomiaonline.it\/web\/#website\",\"url\":\"https:\/\/www.italiaeconomiaonline.it\/web\/\",\"name\":\"ItaliaEconomiaOnline\",\"description\":\"Quotidiano Economico Online\",\"potentialAction\":[{\"@type\":\"SearchAction\",\"target\":{\"@type\":\"EntryPoint\",\"urlTemplate\":\"https:\/\/www.italiaeconomiaonline.it\/web\/?s={search_term_string}\"},\"query-input\":\"required name=search_term_string\"}],\"inLanguage\":\"it-IT\"},{\"@type\":\"Person\",\"@id\":\"https:\/\/www.italiaeconomiaonline.it\/web\/#\/schema\/person\/909a49cce752523b020fbc37d5ab1c31\",\"name\":\"ladyitaliaeconomia\",\"image\":{\"@type\":\"ImageObject\",\"inLanguage\":\"it-IT\",\"@id\":\"https:\/\/www.italiaeconomiaonline.it\/web\/#\/schema\/person\/image\/\",\"url\":\"https:\/\/secure.gravatar.com\/avatar\/cedca10ce7416a579b9fa6bce9c0a8f2?s=96&d=mm&r=g\",\"contentUrl\":\"https:\/\/secure.gravatar.com\/avatar\/cedca10ce7416a579b9fa6bce9c0a8f2?s=96&d=mm&r=g\",\"caption\":\"ladyitaliaeconomia\"},\"url\":\"https:\/\/www.italiaeconomiaonline.it\/web\/author\/ladyitaliaeconomia\/\"}]}<\/script>\n<!-- \/ Yoast SEO plugin. -->","yoast_head_json":{"title":"Produzione europea olio d'oliva: frena la Spagna, in parziale recupero l'Italia -","robots":{"index":"index","follow":"follow","max-snippet":"max-snippet:-1","max-image-preview":"max-image-preview:large","max-video-preview":"max-video-preview:-1"},"canonical":"https:\/\/www.italiaeconomiaonline.it\/web\/produzione-europea-olio-doliva-frena-la-spagna-in-parziale-recupero-litalia\/","og_locale":"it_IT","og_type":"article","og_title":"Produzione europea olio d'oliva: frena la Spagna, in parziale recupero l'Italia -","og_description":"Mentre si prevede un calo mediamente del 9% della produzione di olio d\u2019oliva in Europa e del 30% in Spagna, nel 2019 rispetto al 2018, in Italia si stima un raddoppio della produzione (da 175 mila tonn a 350 mila). Incrementi produttivi anche in Portogallo (+39%) e Grecia (+62%). I livelli altissimi delle scorte europee, [&hellip;]","og_url":"https:\/\/www.italiaeconomiaonline.it\/web\/produzione-europea-olio-doliva-frena-la-spagna-in-parziale-recupero-litalia\/","og_site_name":"ItaliaEconomiaOnline","article_published_time":"2019-10-25T13:59:08+00:00","og_image":[{"width":960,"height":630,"url":"https:\/\/www.italiaeconomiaonline.it\/web\/wp-content\/uploads\/2019\/10\/olio-oliva.jpg","type":"image\/jpeg"}],"author":"ladyitaliaeconomia","twitter_card":"summary_large_image","twitter_misc":{"Scritto da":"ladyitaliaeconomia","Tempo di lettura stimato":"2 minuti"},"schema":{"@context":"https:\/\/schema.org","@graph":[{"@type":"WebPage","@id":"https:\/\/www.italiaeconomiaonline.it\/web\/produzione-europea-olio-doliva-frena-la-spagna-in-parziale-recupero-litalia\/","url":"https:\/\/www.italiaeconomiaonline.it\/web\/produzione-europea-olio-doliva-frena-la-spagna-in-parziale-recupero-litalia\/","name":"Produzione europea olio d'oliva: frena la Spagna, in parziale recupero l'Italia -","isPartOf":{"@id":"https:\/\/www.italiaeconomiaonline.it\/web\/#website"},"primaryImageOfPage":{"@id":"https:\/\/www.italiaeconomiaonline.it\/web\/produzione-europea-olio-doliva-frena-la-spagna-in-parziale-recupero-litalia\/#primaryimage"},"image":{"@id":"https:\/\/www.italiaeconomiaonline.it\/web\/produzione-europea-olio-doliva-frena-la-spagna-in-parziale-recupero-litalia\/#primaryimage"},"thumbnailUrl":"https:\/\/www.italiaeconomiaonline.it\/web\/wp-content\/uploads\/2019\/10\/olio-oliva.jpg","datePublished":"2019-10-25T13:59:08+00:00","dateModified":"2019-10-25T13:59:08+00:00","author":{"@id":"https:\/\/www.italiaeconomiaonline.it\/web\/#\/schema\/person\/909a49cce752523b020fbc37d5ab1c31"},"breadcrumb":{"@id":"https:\/\/www.italiaeconomiaonline.it\/web\/produzione-europea-olio-doliva-frena-la-spagna-in-parziale-recupero-litalia\/#breadcrumb"},"inLanguage":"it-IT","potentialAction":[{"@type":"ReadAction","target":["https:\/\/www.italiaeconomiaonline.it\/web\/produzione-europea-olio-doliva-frena-la-spagna-in-parziale-recupero-litalia\/"]}]},{"@type":"ImageObject","inLanguage":"it-IT","@id":"https:\/\/www.italiaeconomiaonline.it\/web\/produzione-europea-olio-doliva-frena-la-spagna-in-parziale-recupero-litalia\/#primaryimage","url":"https:\/\/www.italiaeconomiaonline.it\/web\/wp-content\/uploads\/2019\/10\/olio-oliva.jpg","contentUrl":"https:\/\/www.italiaeconomiaonline.it\/web\/wp-content\/uploads\/2019\/10\/olio-oliva.jpg","width":960,"height":630},{"@type":"BreadcrumbList","@id":"https:\/\/www.italiaeconomiaonline.it\/web\/produzione-europea-olio-doliva-frena-la-spagna-in-parziale-recupero-litalia\/#breadcrumb","itemListElement":[{"@type":"ListItem","position":1,"name":"Home","item":"https:\/\/www.italiaeconomiaonline.it\/web\/"},{"@type":"ListItem","position":2,"name":"Produzione europea olio d&#8217;oliva: frena la Spagna, in parziale recupero l&#8217;Italia"}]},{"@type":"WebSite","@id":"https:\/\/www.italiaeconomiaonline.it\/web\/#website","url":"https:\/\/www.italiaeconomiaonline.it\/web\/","name":"ItaliaEconomiaOnline","description":"Quotidiano Economico Online","potentialAction":[{"@type":"SearchAction","target":{"@type":"EntryPoint","urlTemplate":"https:\/\/www.italiaeconomiaonline.it\/web\/?s={search_term_string}"},"query-input":"required name=search_term_string"}],"inLanguage":"it-IT"},{"@type":"Person","@id":"https:\/\/www.italiaeconomiaonline.it\/web\/#\/schema\/person\/909a49cce752523b020fbc37d5ab1c31","name":"ladyitaliaeconomia","image":{"@type":"ImageObject","inLanguage":"it-IT","@id":"https:\/\/www.italiaeconomiaonline.it\/web\/#\/schema\/person\/image\/","url":"https:\/\/secure.gravatar.com\/avatar\/cedca10ce7416a579b9fa6bce9c0a8f2?s=96&d=mm&r=g","contentUrl":"https:\/\/secure.gravatar.com\/avatar\/cedca10ce7416a579b9fa6bce9c0a8f2?s=96&d=mm&r=g","caption":"ladyitaliaeconomia"},"url":"https:\/\/www.italiaeconomiaonline.it\/web\/author\/ladyitaliaeconomia\/"}]}},"_links":{"self":[{"href":"https:\/\/www.italiaeconomiaonline.it\/web\/wp-json\/wp\/v2\/posts\/1970"}],"collection":[{"href":"https:\/\/www.italiaeconomiaonline.it\/web\/wp-json\/wp\/v2\/posts"}],"about":[{"href":"https:\/\/www.italiaeconomiaonline.it\/web\/wp-json\/wp\/v2\/types\/post"}],"author":[{"embeddable":true,"href":"https:\/\/www.italiaeconomiaonline.it\/web\/wp-json\/wp\/v2\/users\/1"}],"replies":[{"embeddable":true,"href":"https:\/\/www.italiaeconomiaonline.it\/web\/wp-json\/wp\/v2\/comments?post=1970"}],"version-history":[{"count":1,"href":"https:\/\/www.italiaeconomiaonline.it\/web\/wp-json\/wp\/v2\/posts\/1970\/revisions"}],"predecessor-version":[{"id":1972,"href":"https:\/\/www.italiaeconomiaonline.it\/web\/wp-json\/wp\/v2\/posts\/1970\/revisions\/1972"}],"wp:featuredmedia":[{"embeddable":true,"href":"https:\/\/www.italiaeconomiaonline.it\/web\/wp-json\/wp\/v2\/media\/1971"}],"wp:attachment":[{"href":"https:\/\/www.italiaeconomiaonline.it\/web\/wp-json\/wp\/v2\/media?parent=1970"}],"wp:term":[{"taxonomy":"category","embeddable":true,"href":"https:\/\/www.italiaeconomiaonline.it\/web\/wp-json\/wp\/v2\/categories?post=1970"},{"taxonomy":"post_tag","embeddable":true,"href":"https:\/\/www.italiaeconomiaonline.it\/web\/wp-json\/wp\/v2\/tags?post=1970"}],"curies":[{"name":"wp","href":"https:\/\/api.w.org\/{rel}","templated":true}]}}