{"id":1996,"date":"2019-11-05T17:16:36","date_gmt":"2019-11-05T16:16:36","guid":{"rendered":"http:\/\/www.italiaeconomiaonline.it\/web\/?p=1996"},"modified":"2019-11-05T17:16:36","modified_gmt":"2019-11-05T16:16:36","slug":"ferrarini-dal-13-novembre-a-toronto-da-eataly","status":"publish","type":"post","link":"https:\/\/www.italiaeconomiaonline.it\/web\/ferrarini-dal-13-novembre-a-toronto-da-eataly\/","title":{"rendered":"Ferrarini dal 13 novembre a Toronto da Eataly"},"content":{"rendered":"<p><span style=\"font-family: garamond, times new roman, serif; font-size: large;\"><span class=\"dropcap dropcap3\">I<\/span>l Canada \u00e8 un mercato in cui crediamo molto e la presenza da Eataly rappresenta un tassello importante per la notoriet\u00e0 del brand nel Paese. Il Ceta \u00e8 una parte fondamentale delle strategie di politica commerciale dell&#8217;Unione europea, e a noi italiani sta dando un buon riscontro.&#8221;<br \/>\nLo dichiara la presidente di Ferrarini Spa \u00a0Lisa Ferrarini nell&#8217;annunciare l&#8217;ingresso dei prodotti dello storico marchio di Reggio Emilia \u00a0in Canada nel nuovo Eataly di Toronto che sar\u00e0 inaugurato il 13 novembre al <a href=\"http:\/\/r.media.theghostteam.com\/mk\/cl\/f\/iHqCrzU7M40AqCWzNh25KM-5ArP7sO72yoM4qgvblbmBwhXPf3U8_7-qCYBU-qwNLyDokxbBI9a6dNPzbo1zA8L8NqJf5_QAjY1olBQESeCQMGYwjqv9c4THAX9Yw7ajjFdHRx2Ent0kTmmjSpWOWbV2X5Zz9zKETptSJTLH-UiT_HW6ZwnwGpgOiaZyQ70YHyvMdqK8dWTpNx9mSb8zyt_kaqYfGHJSCiG0Ih88jtY4b2slm5t2KHzSO2yU3KAh6DNY9atORJ-De5IRA3hc_0Rt0ig0y48ZZin1Xhs6CWYUgw2k_n0hGj62kEd-460IN8Uu7mycb1rDXZ5IwW604Qu7t8aN9YHwgGxwUgulmG6VZCblu0i8EofGA4-mXk4JuDgAkJk-MegvlCeIw5-YNKVr8GD3SXFUsu7NT0cIbga4uryFb5up_oDmIG8Rs5tqwg\" target=\"_blank\" rel=\"noopener noreferrer\">Manulife Centre<\/a>.<\/p>\n<p>Ferrarini porta da Eataly i prodotti simbolo del Made in Italy \u00a0e rafforza la sua presenza sul mercato nord americano, dove negli ultimi 2 anni ha segnato un forte incremento delle vendite.<br \/>\nOltre al Prosciutto di Parma stagionato nelle cantine di Lesignano de\u2019 Bagni, ai Salami e alla Mortadella, \u00e8 molto apprezzato negli store statunitensi il Burro non OGM, ottenuto esclusivamente con il latte proveniente dagli allevamenti delle Fattorie Ferrarini.<\/p>\n<p>I prodotti Ferrarini si trovano anche nei men\u00f9 dei risoranti all\u2019interno di Eataly e ,con Toronto, il brand diventa presente in tutti i negozi Eataly nel Nord America, da New York a Chicago, da Boston a Los Angeles e da gennaio a Las Vegas.<br \/>\nIn linea con il motto di Eataly &#8220;Eat, Shop, Learn&#8221;, Ferrarini sostiene le vendite con continue attivit\u00e0 di degustazione in cui vengono illustrati, da personale esperto, i processi produttivi, la storia dei prodotti, le caratteristiche organolettiche e gli abbinamenti e utilizzi ideali anche per il mercato locale.<\/p>\n<p>Continua, quindi, la crescita all\u2019estero per Ferrarini, anche grazie al grande interesse suscitato, durante l\u2019ultima ANUGA di Colonia (la pi\u00f9 importante manifestazione fieristica mondiale dell\u2019alimentare), dalla gamma di prodotti Ferrarini che rappresentano il fiore all\u2019occhiello del Made in Italy, espressione compiuta dell\u2019italianfoodphilosophy. Grazie all\u2019offerta completa dell\u2019alimentare italiano di alta qualit\u00e0, Ferrarini \u00e8 che <a class=\"matchTooltip\">oggi<\/a> \u00e8 presente in 34 paesi ed \u00e8 tra i leader di mercato nel food made in Italy di qualit\u00e0 in \u00a0Giappone, USA, Svizzera, Spagna, Hong Kong e in importanti Paesi del Sud Est Asiatico come \u00a0Singapore e Thailandia.<\/span><\/p>\n<div>\n<span style=\"font-family: garamond, times new roman, serif; font-size: large;\">&#8220;Dietro ogni prodotto Ferrarini &#8211; spiega il direttore marketing Claudio Rizzi &#8211; c\u2019\u00e8 una filosofia, un\u2019idea fatta di Tradizione e Storia, come quella millenaria dell\u2019 Aceto Balsamico Tradizionale di Reggio Emilia; c\u2019\u00e8 un viaggio alla scoperta dei nostri luoghi e delle Fattorie Ferrarini dove si coltivano il foraggio per alimentare le mucche da latte per la produzione del Parmigiano Reggiano NON OGM. C\u2019\u00e8 un saper fare fatto di tanta manualit\u00e0 e grande passione, la semplicit\u00e0 degli ingredienti del Prosciutto di Parma DOP, la particolare sapienza nello scegliere le materie prime e le spezie per ottenere l\u2019esclusivo e apprezzato gusto del prosciutto cotto Ferrarini. Il risultato sono grandi Prodotti simboli del Cibo italiano, il pi\u00f9 amato al mondo.&#8221;<\/p>\n<p>Fondata a Reggio Emilia nel 1956 , Ferrarini \u00e8 ormai una tra le pi\u00f9 importanti realt\u00e0 europee nel settore agroalimentare e propone in tutto il mondo, oltre al suo prosciutto cotto, i prodotti tipici dell&#8217;italianit\u00e0: dal prosciutto di Parma alle diverse specialit\u00e0 di salumeria, accompagnate dai prodotti dell&#8217;azienda agricola Ferrarini, dalla quale l&#8217;attivit\u00e0 imprenditoriale ha preso avvio, come il Parmigiano Reggiano DOP, i vini e l&#8217;aceto balsamico di Modena IGP e il Tradizionale di Reggio Emilia DOP.<br \/>\nL\u2019area della produzione agricola, delle Fattorie Ferrarini, dalla quale l\u2019attivit\u00e0 imprenditoriale ha preso avvio, si \u00e8 notevolmente sviluppata nel tempo e rappresenta <a class=\"matchTooltip\">oggi<\/a> un importante supporto all\u2019attivit\u00e0 industriale.<br \/>\nLa produzione del \u201cParmigiano Reggiano DOP\u201d vanta il presidio da parte di Ferrarini dell\u2019intera filiera, dal foraggio, alle bovine da latte, alla lavorazione fino alla stagionatura; nella primavera del 2007 Ferrarini stata inoltre la prima azienda del comprensorio del Parmigiano Reggiano che ha ottenuto la certificazione di prodotto \u201ccon latte ottenuto da alimentazione NON OGM\u201d.<\/span><\/div>\n","protected":false},"excerpt":{"rendered":"<p>Il Canada \u00e8 un mercato in cui crediamo molto e la presenza da Eataly rappresenta un tassello importante per la notoriet\u00e0 del brand nel Paese. Il Ceta \u00e8 una parte fondamentale delle strategie di politica commerciale dell&#8217;Unione europea, e a noi italiani sta dando un buon riscontro.&#8221; Lo dichiara la presidente di Ferrarini Spa \u00a0Lisa [&hellip;]<\/p>\n","protected":false},"author":1,"featured_media":1997,"comment_status":"closed","ping_status":"open","sticky":false,"template":"","format":"standard","meta":{"footnotes":""},"categories":[224],"tags":[],"yoast_head":"<!-- This site is optimized with the Yoast SEO plugin v22.2 - https:\/\/yoast.com\/wordpress\/plugins\/seo\/ -->\n<title>Ferrarini dal 13 novembre a Toronto da Eataly -<\/title>\n<meta name=\"robots\" content=\"index, follow, max-snippet:-1, max-image-preview:large, max-video-preview:-1\" \/>\n<link rel=\"canonical\" href=\"https:\/\/www.italiaeconomiaonline.it\/web\/ferrarini-dal-13-novembre-a-toronto-da-eataly\/\" \/>\n<meta property=\"og:locale\" content=\"it_IT\" \/>\n<meta property=\"og:type\" content=\"article\" \/>\n<meta property=\"og:title\" content=\"Ferrarini dal 13 novembre a Toronto da Eataly -\" \/>\n<meta property=\"og:description\" content=\"Il Canada \u00e8 un mercato in cui crediamo molto e la presenza da Eataly rappresenta un tassello importante per la notoriet\u00e0 del brand nel Paese. Il Ceta \u00e8 una parte fondamentale delle strategie di politica commerciale dell&#8217;Unione europea, e a noi italiani sta dando un buon riscontro.&#8221; Lo dichiara la presidente di Ferrarini Spa \u00a0Lisa [&hellip;]\" \/>\n<meta property=\"og:url\" content=\"https:\/\/www.italiaeconomiaonline.it\/web\/ferrarini-dal-13-novembre-a-toronto-da-eataly\/\" \/>\n<meta property=\"og:site_name\" content=\"ItaliaEconomiaOnline\" \/>\n<meta property=\"article:published_time\" content=\"2019-11-05T16:16:36+00:00\" \/>\n<meta property=\"og:image\" content=\"https:\/\/www.italiaeconomiaonline.it\/web\/wp-content\/uploads\/2019\/11\/Larea-degustazioni-del-punto-vendita-Eataly-.jpg\" \/>\n\t<meta property=\"og:image:width\" content=\"1600\" \/>\n\t<meta property=\"og:image:height\" content=\"1200\" \/>\n\t<meta property=\"og:image:type\" content=\"image\/jpeg\" \/>\n<meta name=\"author\" content=\"ladyitaliaeconomia\" \/>\n<meta name=\"twitter:card\" content=\"summary_large_image\" \/>\n<meta name=\"twitter:label1\" content=\"Scritto da\" \/>\n\t<meta name=\"twitter:data1\" content=\"ladyitaliaeconomia\" \/>\n\t<meta name=\"twitter:label2\" content=\"Tempo di lettura stimato\" \/>\n\t<meta name=\"twitter:data2\" content=\"3 minuti\" \/>\n<script type=\"application\/ld+json\" class=\"yoast-schema-graph\">{\"@context\":\"https:\/\/schema.org\",\"@graph\":[{\"@type\":\"WebPage\",\"@id\":\"https:\/\/www.italiaeconomiaonline.it\/web\/ferrarini-dal-13-novembre-a-toronto-da-eataly\/\",\"url\":\"https:\/\/www.italiaeconomiaonline.it\/web\/ferrarini-dal-13-novembre-a-toronto-da-eataly\/\",\"name\":\"Ferrarini dal 13 novembre a Toronto da Eataly -\",\"isPartOf\":{\"@id\":\"https:\/\/www.italiaeconomiaonline.it\/web\/#website\"},\"primaryImageOfPage\":{\"@id\":\"https:\/\/www.italiaeconomiaonline.it\/web\/ferrarini-dal-13-novembre-a-toronto-da-eataly\/#primaryimage\"},\"image\":{\"@id\":\"https:\/\/www.italiaeconomiaonline.it\/web\/ferrarini-dal-13-novembre-a-toronto-da-eataly\/#primaryimage\"},\"thumbnailUrl\":\"https:\/\/www.italiaeconomiaonline.it\/web\/wp-content\/uploads\/2019\/11\/Larea-degustazioni-del-punto-vendita-Eataly-.jpg\",\"datePublished\":\"2019-11-05T16:16:36+00:00\",\"dateModified\":\"2019-11-05T16:16:36+00:00\",\"author\":{\"@id\":\"https:\/\/www.italiaeconomiaonline.it\/web\/#\/schema\/person\/909a49cce752523b020fbc37d5ab1c31\"},\"breadcrumb\":{\"@id\":\"https:\/\/www.italiaeconomiaonline.it\/web\/ferrarini-dal-13-novembre-a-toronto-da-eataly\/#breadcrumb\"},\"inLanguage\":\"it-IT\",\"potentialAction\":[{\"@type\":\"ReadAction\",\"target\":[\"https:\/\/www.italiaeconomiaonline.it\/web\/ferrarini-dal-13-novembre-a-toronto-da-eataly\/\"]}]},{\"@type\":\"ImageObject\",\"inLanguage\":\"it-IT\",\"@id\":\"https:\/\/www.italiaeconomiaonline.it\/web\/ferrarini-dal-13-novembre-a-toronto-da-eataly\/#primaryimage\",\"url\":\"https:\/\/www.italiaeconomiaonline.it\/web\/wp-content\/uploads\/2019\/11\/Larea-degustazioni-del-punto-vendita-Eataly-.jpg\",\"contentUrl\":\"https:\/\/www.italiaeconomiaonline.it\/web\/wp-content\/uploads\/2019\/11\/Larea-degustazioni-del-punto-vendita-Eataly-.jpg\",\"width\":1600,\"height\":1200},{\"@type\":\"BreadcrumbList\",\"@id\":\"https:\/\/www.italiaeconomiaonline.it\/web\/ferrarini-dal-13-novembre-a-toronto-da-eataly\/#breadcrumb\",\"itemListElement\":[{\"@type\":\"ListItem\",\"position\":1,\"name\":\"Home\",\"item\":\"https:\/\/www.italiaeconomiaonline.it\/web\/\"},{\"@type\":\"ListItem\",\"position\":2,\"name\":\"Ferrarini dal 13 novembre a Toronto da Eataly\"}]},{\"@type\":\"WebSite\",\"@id\":\"https:\/\/www.italiaeconomiaonline.it\/web\/#website\",\"url\":\"https:\/\/www.italiaeconomiaonline.it\/web\/\",\"name\":\"ItaliaEconomiaOnline\",\"description\":\"Quotidiano Economico Online\",\"potentialAction\":[{\"@type\":\"SearchAction\",\"target\":{\"@type\":\"EntryPoint\",\"urlTemplate\":\"https:\/\/www.italiaeconomiaonline.it\/web\/?s={search_term_string}\"},\"query-input\":\"required name=search_term_string\"}],\"inLanguage\":\"it-IT\"},{\"@type\":\"Person\",\"@id\":\"https:\/\/www.italiaeconomiaonline.it\/web\/#\/schema\/person\/909a49cce752523b020fbc37d5ab1c31\",\"name\":\"ladyitaliaeconomia\",\"image\":{\"@type\":\"ImageObject\",\"inLanguage\":\"it-IT\",\"@id\":\"https:\/\/www.italiaeconomiaonline.it\/web\/#\/schema\/person\/image\/\",\"url\":\"https:\/\/secure.gravatar.com\/avatar\/cedca10ce7416a579b9fa6bce9c0a8f2?s=96&d=mm&r=g\",\"contentUrl\":\"https:\/\/secure.gravatar.com\/avatar\/cedca10ce7416a579b9fa6bce9c0a8f2?s=96&d=mm&r=g\",\"caption\":\"ladyitaliaeconomia\"},\"url\":\"https:\/\/www.italiaeconomiaonline.it\/web\/author\/ladyitaliaeconomia\/\"}]}<\/script>\n<!-- \/ Yoast SEO plugin. -->","yoast_head_json":{"title":"Ferrarini dal 13 novembre a Toronto da Eataly -","robots":{"index":"index","follow":"follow","max-snippet":"max-snippet:-1","max-image-preview":"max-image-preview:large","max-video-preview":"max-video-preview:-1"},"canonical":"https:\/\/www.italiaeconomiaonline.it\/web\/ferrarini-dal-13-novembre-a-toronto-da-eataly\/","og_locale":"it_IT","og_type":"article","og_title":"Ferrarini dal 13 novembre a Toronto da Eataly -","og_description":"Il Canada \u00e8 un mercato in cui crediamo molto e la presenza da Eataly rappresenta un tassello importante per la notoriet\u00e0 del brand nel Paese. Il Ceta \u00e8 una parte fondamentale delle strategie di politica commerciale dell&#8217;Unione europea, e a noi italiani sta dando un buon riscontro.&#8221; Lo dichiara la presidente di Ferrarini Spa \u00a0Lisa [&hellip;]","og_url":"https:\/\/www.italiaeconomiaonline.it\/web\/ferrarini-dal-13-novembre-a-toronto-da-eataly\/","og_site_name":"ItaliaEconomiaOnline","article_published_time":"2019-11-05T16:16:36+00:00","og_image":[{"width":1600,"height":1200,"url":"https:\/\/www.italiaeconomiaonline.it\/web\/wp-content\/uploads\/2019\/11\/Larea-degustazioni-del-punto-vendita-Eataly-.jpg","type":"image\/jpeg"}],"author":"ladyitaliaeconomia","twitter_card":"summary_large_image","twitter_misc":{"Scritto da":"ladyitaliaeconomia","Tempo di lettura stimato":"3 minuti"},"schema":{"@context":"https:\/\/schema.org","@graph":[{"@type":"WebPage","@id":"https:\/\/www.italiaeconomiaonline.it\/web\/ferrarini-dal-13-novembre-a-toronto-da-eataly\/","url":"https:\/\/www.italiaeconomiaonline.it\/web\/ferrarini-dal-13-novembre-a-toronto-da-eataly\/","name":"Ferrarini dal 13 novembre a Toronto da Eataly -","isPartOf":{"@id":"https:\/\/www.italiaeconomiaonline.it\/web\/#website"},"primaryImageOfPage":{"@id":"https:\/\/www.italiaeconomiaonline.it\/web\/ferrarini-dal-13-novembre-a-toronto-da-eataly\/#primaryimage"},"image":{"@id":"https:\/\/www.italiaeconomiaonline.it\/web\/ferrarini-dal-13-novembre-a-toronto-da-eataly\/#primaryimage"},"thumbnailUrl":"https:\/\/www.italiaeconomiaonline.it\/web\/wp-content\/uploads\/2019\/11\/Larea-degustazioni-del-punto-vendita-Eataly-.jpg","datePublished":"2019-11-05T16:16:36+00:00","dateModified":"2019-11-05T16:16:36+00:00","author":{"@id":"https:\/\/www.italiaeconomiaonline.it\/web\/#\/schema\/person\/909a49cce752523b020fbc37d5ab1c31"},"breadcrumb":{"@id":"https:\/\/www.italiaeconomiaonline.it\/web\/ferrarini-dal-13-novembre-a-toronto-da-eataly\/#breadcrumb"},"inLanguage":"it-IT","potentialAction":[{"@type":"ReadAction","target":["https:\/\/www.italiaeconomiaonline.it\/web\/ferrarini-dal-13-novembre-a-toronto-da-eataly\/"]}]},{"@type":"ImageObject","inLanguage":"it-IT","@id":"https:\/\/www.italiaeconomiaonline.it\/web\/ferrarini-dal-13-novembre-a-toronto-da-eataly\/#primaryimage","url":"https:\/\/www.italiaeconomiaonline.it\/web\/wp-content\/uploads\/2019\/11\/Larea-degustazioni-del-punto-vendita-Eataly-.jpg","contentUrl":"https:\/\/www.italiaeconomiaonline.it\/web\/wp-content\/uploads\/2019\/11\/Larea-degustazioni-del-punto-vendita-Eataly-.jpg","width":1600,"height":1200},{"@type":"BreadcrumbList","@id":"https:\/\/www.italiaeconomiaonline.it\/web\/ferrarini-dal-13-novembre-a-toronto-da-eataly\/#breadcrumb","itemListElement":[{"@type":"ListItem","position":1,"name":"Home","item":"https:\/\/www.italiaeconomiaonline.it\/web\/"},{"@type":"ListItem","position":2,"name":"Ferrarini dal 13 novembre a Toronto da Eataly"}]},{"@type":"WebSite","@id":"https:\/\/www.italiaeconomiaonline.it\/web\/#website","url":"https:\/\/www.italiaeconomiaonline.it\/web\/","name":"ItaliaEconomiaOnline","description":"Quotidiano Economico Online","potentialAction":[{"@type":"SearchAction","target":{"@type":"EntryPoint","urlTemplate":"https:\/\/www.italiaeconomiaonline.it\/web\/?s={search_term_string}"},"query-input":"required name=search_term_string"}],"inLanguage":"it-IT"},{"@type":"Person","@id":"https:\/\/www.italiaeconomiaonline.it\/web\/#\/schema\/person\/909a49cce752523b020fbc37d5ab1c31","name":"ladyitaliaeconomia","image":{"@type":"ImageObject","inLanguage":"it-IT","@id":"https:\/\/www.italiaeconomiaonline.it\/web\/#\/schema\/person\/image\/","url":"https:\/\/secure.gravatar.com\/avatar\/cedca10ce7416a579b9fa6bce9c0a8f2?s=96&d=mm&r=g","contentUrl":"https:\/\/secure.gravatar.com\/avatar\/cedca10ce7416a579b9fa6bce9c0a8f2?s=96&d=mm&r=g","caption":"ladyitaliaeconomia"},"url":"https:\/\/www.italiaeconomiaonline.it\/web\/author\/ladyitaliaeconomia\/"}]}},"_links":{"self":[{"href":"https:\/\/www.italiaeconomiaonline.it\/web\/wp-json\/wp\/v2\/posts\/1996"}],"collection":[{"href":"https:\/\/www.italiaeconomiaonline.it\/web\/wp-json\/wp\/v2\/posts"}],"about":[{"href":"https:\/\/www.italiaeconomiaonline.it\/web\/wp-json\/wp\/v2\/types\/post"}],"author":[{"embeddable":true,"href":"https:\/\/www.italiaeconomiaonline.it\/web\/wp-json\/wp\/v2\/users\/1"}],"replies":[{"embeddable":true,"href":"https:\/\/www.italiaeconomiaonline.it\/web\/wp-json\/wp\/v2\/comments?post=1996"}],"version-history":[{"count":1,"href":"https:\/\/www.italiaeconomiaonline.it\/web\/wp-json\/wp\/v2\/posts\/1996\/revisions"}],"predecessor-version":[{"id":1998,"href":"https:\/\/www.italiaeconomiaonline.it\/web\/wp-json\/wp\/v2\/posts\/1996\/revisions\/1998"}],"wp:featuredmedia":[{"embeddable":true,"href":"https:\/\/www.italiaeconomiaonline.it\/web\/wp-json\/wp\/v2\/media\/1997"}],"wp:attachment":[{"href":"https:\/\/www.italiaeconomiaonline.it\/web\/wp-json\/wp\/v2\/media?parent=1996"}],"wp:term":[{"taxonomy":"category","embeddable":true,"href":"https:\/\/www.italiaeconomiaonline.it\/web\/wp-json\/wp\/v2\/categories?post=1996"},{"taxonomy":"post_tag","embeddable":true,"href":"https:\/\/www.italiaeconomiaonline.it\/web\/wp-json\/wp\/v2\/tags?post=1996"}],"curies":[{"name":"wp","href":"https:\/\/api.w.org\/{rel}","templated":true}]}}