{"id":2021,"date":"2019-11-07T10:47:02","date_gmt":"2019-11-07T09:47:02","guid":{"rendered":"http:\/\/www.italiaeconomiaonline.it\/web\/?p=2021"},"modified":"2019-11-07T10:47:02","modified_gmt":"2019-11-07T09:47:02","slug":"confassociazioni-deiana-legge-di-bilancio-senza-attenzione-a-pmi-e-partite-iva","status":"publish","type":"post","link":"https:\/\/www.italiaeconomiaonline.it\/web\/confassociazioni-deiana-legge-di-bilancio-senza-attenzione-a-pmi-e-partite-iva\/","title":{"rendered":"Confassociazioni, Deiana: &#8220;Legge di bilancio senza attenzione a PMI e Partite Iva&#8221;"},"content":{"rendered":"<p><em><span class=\"dropcap dropcap3\">A<\/span>bbiamo presentato gli emendamenti delle nostre associazioni ad una Legge di Bilancio senza attenzione a PMI e Partite IVA.<\/em><\/p>\n<p>Lo ha dichiarato in una nota <strong>il Presidente di CONFASSOCIAZIONI, Angelo DEIANA<\/strong>, dopo la nutrita conferenza stampa che ha avuto luogo ieri presso la <strong>Sala Caduti di Nassirya<\/strong> del <strong>Senato della Repubblica.<\/strong><strong>\u00a0<\/strong><\/p>\n<p>\u201cNoi puntiamo all\u2019interesse reale del Paese, al suo rilancio concreto \u2013 ha continuato il <strong>Presidente DEIANA <\/strong>\u2013 e vedere una Legge di Bilancio non proprio coraggiosa non ci lascia indifferenti perch\u00e9 c\u2019\u00e8 una scarsissima attenzione per PMI e Partite IVA, la spina dorsale produttiva del Paese.<\/p>\n<p>E <strong>CONFASSOCIAZIONI, <\/strong>che conta ad oggi <strong>502 associazioni, 820mila iscritti di cui 149mila imprese (con 4,9 dipendenti medi)<\/strong>, deve e vuole essere azionista del Paese e pungolo per migliorare la manovra. Anche lanciando nuove iniziative come l\u2019<strong>\u2019Osservatorio Nazionale sulla Spending Review\u2019<\/strong> che sar\u00e0 attivato nei prossimi giorni e presieduto dal <strong>Prof. Mario Basili, <\/strong>una persona con un CV di grandissima esperienza nel settore pubblico e su come andare a recuperare risorse laddove siano inefficienti\u201d.<\/p>\n<p>\u201cEvoluzione e spending review sono temi molto sentiti anche nel settore delle infrastrutture \u2013 ha proseguito <strong>Stefano CIANCIOTTA, Presidente dell\u2019Osservatorio Nazionale sulle Infrastrutture di CONFASSOCIAZIONI<\/strong> \u2013 ma non dobbiamo dimenticare che, per tornare a fare crescita, occorre rafforzare i ruoli tecnici e manageriali della PA, che devono tornare a lavorare in veri e propri centri di competenza capaci di fare programmazione, monitoraggio e controllo.<\/p>\n<p>Da qui, la proposta di accelerare l\u2019introduzione del Building Information Modelling, \u00a0di utilizzare la Blockchain per la contrattualistica pubblica e per le piattaforme digitali in funzione presso il catasto, di uniformare i database dei lavori pubblici, di elaborare il prezzario unico nazionale che non supporti differenziazioni inefficaci e inefficienti anche solo tra Regioni\u201d.<\/p>\n<p>Sul fronte delle Pari Opportunit\u00e0, la <strong>Vice Presidente di CONFASSOCIAZIONI Federica DE PASQUALE<\/strong> ha evidenziato la disparit\u00e0 esistente tra lavoratrici dipendenti e lavoratrici con partita IVA. \u201cEsiste una normativa per la lavoratrice dipendente \u2013 ha dichiarato la <strong>DE PASQUALE<\/strong> \u2013 che le permette di astenersi per tre mesi dal lavoro nel caso sia stata vittima di violenza.<\/p>\n<p>Diritto che vogliamo sia esteso per equit\u00e0 anche per le lavoratrici con Partite IVA unitamente alla costruzione di una misura di supporto i lavoratori autonomi dello spettacolo che quando perdono il lavoro non hanno ammortizzatori sociali. Senza dimenticare la rivisitazione di alcuni articoli del Codice Civile sull\u2019amministratore immobiliare, soprattutto per quanto riguarda la gestione del contante nel conto corrente condominiale in termini di maggiore lotta all\u2019evasione e alle truffe ai condomini\u201d.<\/p>\n<p><strong>Paolo RIGHI, Presidente di CONFASSOCIAZIONI Immobiliare, <\/strong>ha posto l\u2019attenzione sui numeri del settore immobiliare: \u201c<strong>800mila i posti di lavoro persi dal 2011 ad oggi e 240mila le aziende fallite dal 2008<\/strong>, per un settore che rappresenta <strong>il 20% del Pil del Paese<\/strong> e per il quale, nell\u2019ultima campagna elettorale, avevamo provocatoriamente chiesto un Ministero per l\u2019Edilizia e per la Casa visto che i<strong>l 75% delle famiglie italiane ha una casa<\/strong> e visto che l\u2019immobile \u00e8 punto di snodo tra pi\u00f9 settori professionali e produttivi\u201d.<\/p>\n<p>\u201cTre gli emendamenti proposti per i quali pensiamo ci sia <strong>un rientro di gettito fiscale di almeno 60 milioni di euro<\/strong> \u2013 ha proseguito <strong>Gian Battista BACCARINI, Presidente della FIAIP, Federazione Italiana Agenti Immobiliari Professionisti<\/strong> \u2013 e cio\u00e8 favorire l\u2019accesso alla casa, favorire la legalit\u00e0 e la trasparenza del mercato combattendo l\u2019abusivismo. E infine favorire la lotta all\u2019evasione fiscale.<\/p>\n<p>Il primo emendamento, rivolto agli acquirenti di prima casa, prevede la detrazione al 50% del compenso dell\u2019agente immobiliare per entrambi i contraenti per un tetto massimo di 10.000 euro detraibili in 5 annualit\u00e0.<\/p>\n<p>Il secondo emendamento riguarda l\u2019equiparazione dell\u2019IVA della fattura dell\u2019agente immobiliare all\u2019aliquota IVA acquisto prima casa per compravendite con un valore massimo fino a 250.000 euro. E infine il terzo emendamento vede l\u2019obbligo da parte del notaio di inserire nell\u2019atto pubblico non solo i dati dei contraenti ma anche i dati identificativi di coloro che sono presenti alla stipula per abbattere il problemo dell\u2019abusivismo\u201d.<\/p>\n<p>Senza dimenticare il ruolo della giustizia civile nello sviluppo e nei processi economici. Tre le direttrici di intervento a saldi invariati proposte da <strong>Carlo POLI, <\/strong><strong>Membro del Comitato Scientifico della Confederazione <\/strong>e da <strong>Francesca CAPPELLINI, Presidente di CONFASSOCIAZIONI Toscana.<\/strong><\/p>\n<p>\u201c\u00c9 risaputo \u2013 ha evidenziato <strong>Carlo POLI <\/strong>\u2013 \u00a0che la lentezza dei processi civili incide negativamente sul PIL e scoraggia gli investimenti. Per cui bisogna assolutamente migliorare la qualit\u00e0 del processo di primo grado con conseguente maggiore tenuta e stabilit\u00e0 della decisione in modo da ridurre la necessit\u00e0 di ricorrere al secondo grado di giudizio e alla Cassazione. Si passerebbe cosi dagli attuali 8\/10 anni ad un processo che si conclude in 1,5\/2 anni. Necessario anche velocizzare il recupero dei crediti per le aziende come pure sgravare i giudici togati da compiti secondari con basso grado di contenzioso.\u201d<\/p>\n<p>\u201cCome fare per raggiungere questi obiettivi? \u2013 ha proseguito <strong>Francesca CAPPELLINI<\/strong> \u2013 Partiamo da questo punto: nel 70% dei processi civili viene svolta una consulenza tecnica che \u00e8 recepita dal giudice in sentenza in modo acritico. Per aumentare la qualit\u00e0 del processo di primo grado risulta fondamentale riqualificare il consulente tecnico come \u201cesperto\u201d e non pi\u00f9 come ausiliario del giudice, inserendo la consulenza tecnica tra le prove vere e proprie. Da non tralasciare poi la previsione innovativa di affidare l\u2019emissione dei decreti ingiuntivi agli avvocati affinch\u00e9 se ne assumano la responsabilit\u00e0 e affidare alcuni procedimenti in materia di volontaria giurisdizione ad avvocati e notai\u201d.<\/p>\n<p>A chiudere il tavolo delle proposte il <strong>Vice Presidente Vicario di CONFASSOCIAZIONI, Riccardo ALEMANNO <\/strong>che ha ricordato la piena consapevolezza della Confederazione rispetto alle problematiche di Bilancio e del rigore imposto dal giusto contenimento del deficit. \u201cDetto questo, non mancano settori su cui poter lavorare sia per la Legge di Bilancio sia per il D.L. Fiscale collegato\u201d.<\/p>\n<p>\u201cPartiamo dal regime forfettario: qui si pu\u00f2 prevedere un innalzamento del limite da 80mila euro contro i 30 mila euro annui per chi somma redditi da Partita IVA e redditi da lavoro dipendente o pensione. Perch\u00e9, se da un lato pu\u00f2 essere giusto mettere un tetto per evitare benefici eccessivi, non si possono certamente ritenere pensioni\/redditi d\u2019oro 30mila euro lordi annui.<\/p>\n<p>Altri interventi su cui poter lavorare riguardano \u2013 ha sottolineato <strong>Riccardo ALEMANNO, che \u00e8 <\/strong><strong>anche Presidente dell\u2019Osservatorio sulla Fiscalit\u00e0 di CONFASSOCIAZIONI e Presidente dell\u2019Istituto Nazionale Tributaristi<\/strong> \u2013 le compensazioni dei crediti da parte di imprese e lavoratori autonomi con soluzioni a beneficio dei contribuenti meno strutturati, una profonda revisione degli ISA, l\u2019implementazione dell\u2019Indice INI-PEC. Siamo altres\u00ec favorevoli all\u2019unificazione di IMU e TASI per semplificare il versamento dei tributi locali sulla casa. Fattibile ma ad una condizione: una profonda riforma del catasto per garantire questa maggiore stabilit\u00e0 normativa\u201d.<\/p>\n<p>Alla presentazione degli emendamenti alla Legge di Bilancio delle associazioni di <strong>CONFASSOCIAZIONI <\/strong>hanno offerto la propria presenza, tra gli altri, i senatori <strong>Enrico AIMI, Andrea CAUSIN, Maurizio GASPARRI, Francesco Maria GIRO, Maria Rosaria ROSSI, <\/strong>molti Presidenti delle branches e delle Associazioni di professionisti e di impresa aderenti alla Confederazione tra cui <strong>Massimo DE MEO, Manuel FANTASIA, Antonio PULCINI e sopratutto Antonio PERSICI, Presidente di CONFASSOCIAZIONI Ambiente,<\/strong> che ha ricordato, nel suo intervento, il disegno di legge che ha lui stesso ispirato sulla defiscalizzazione degli utili incrementali rispetto all\u2019anno precedente reinvestiti in imprese con finalit\u00e0 sociali e ambientali\u201d.<\/p>\n<p>\u201cE\u2019 sempre interessante e soprattutto utile \u2013 ha dichiarato il <strong>Sen. Andrea CAUSIN<\/strong> \u2013 vedere che una Legge di Bilancio viene vissuta attraverso una partecipazione collettiva. Sicuramente da parte nostra prendiamo in considerazione gli emendamenti presentati da <strong>CONFASSOCIAZIONI<\/strong>, che oltre ad essere forti e utili riguardano temi poco attenzionati nella Legge come quelli delle Partite IVA\u201d.<\/p>\n","protected":false},"excerpt":{"rendered":"<p>Abbiamo presentato gli emendamenti delle nostre associazioni ad una Legge di Bilancio senza attenzione a PMI e Partite IVA. Lo ha dichiarato in una nota il Presidente di CONFASSOCIAZIONI, Angelo DEIANA, dopo la nutrita conferenza stampa che ha avuto luogo ieri presso la Sala Caduti di Nassirya del Senato della Repubblica.\u00a0 \u201cNoi puntiamo all\u2019interesse reale [&hellip;]<\/p>\n","protected":false},"author":1,"featured_media":2022,"comment_status":"closed","ping_status":"open","sticky":false,"template":"","format":"standard","meta":{"footnotes":""},"categories":[56],"tags":[],"yoast_head":"<!-- This site is optimized with the Yoast SEO plugin v22.2 - https:\/\/yoast.com\/wordpress\/plugins\/seo\/ -->\n<title>Confassociazioni, Deiana: &quot;Legge di bilancio senza attenzione a PMI e Partite Iva&quot; -<\/title>\n<meta name=\"robots\" content=\"index, follow, max-snippet:-1, max-image-preview:large, max-video-preview:-1\" \/>\n<link rel=\"canonical\" href=\"https:\/\/www.italiaeconomiaonline.it\/web\/confassociazioni-deiana-legge-di-bilancio-senza-attenzione-a-pmi-e-partite-iva\/\" \/>\n<meta property=\"og:locale\" content=\"it_IT\" \/>\n<meta property=\"og:type\" content=\"article\" \/>\n<meta property=\"og:title\" content=\"Confassociazioni, Deiana: &quot;Legge di bilancio senza attenzione a PMI e Partite Iva&quot; -\" \/>\n<meta property=\"og:description\" content=\"Abbiamo presentato gli emendamenti delle nostre associazioni ad una Legge di Bilancio senza attenzione a PMI e Partite IVA. Lo ha dichiarato in una nota il Presidente di CONFASSOCIAZIONI, Angelo DEIANA, dopo la nutrita conferenza stampa che ha avuto luogo ieri presso la Sala Caduti di Nassirya del Senato della Repubblica.\u00a0 \u201cNoi puntiamo all\u2019interesse reale [&hellip;]\" \/>\n<meta property=\"og:url\" content=\"https:\/\/www.italiaeconomiaonline.it\/web\/confassociazioni-deiana-legge-di-bilancio-senza-attenzione-a-pmi-e-partite-iva\/\" \/>\n<meta property=\"og:site_name\" content=\"ItaliaEconomiaOnline\" \/>\n<meta property=\"article:published_time\" content=\"2019-11-07T09:47:02+00:00\" \/>\n<meta property=\"og:image\" content=\"https:\/\/www.italiaeconomiaonline.it\/web\/wp-content\/uploads\/2019\/11\/confassociazioni.jpg\" \/>\n\t<meta property=\"og:image:width\" content=\"1024\" \/>\n\t<meta property=\"og:image:height\" content=\"768\" \/>\n\t<meta property=\"og:image:type\" content=\"image\/jpeg\" \/>\n<meta name=\"author\" content=\"ladyitaliaeconomia\" \/>\n<meta name=\"twitter:card\" content=\"summary_large_image\" \/>\n<meta name=\"twitter:label1\" content=\"Scritto da\" \/>\n\t<meta name=\"twitter:data1\" content=\"ladyitaliaeconomia\" \/>\n\t<meta name=\"twitter:label2\" content=\"Tempo di lettura stimato\" \/>\n\t<meta name=\"twitter:data2\" content=\"6 minuti\" \/>\n<script type=\"application\/ld+json\" class=\"yoast-schema-graph\">{\"@context\":\"https:\/\/schema.org\",\"@graph\":[{\"@type\":\"WebPage\",\"@id\":\"https:\/\/www.italiaeconomiaonline.it\/web\/confassociazioni-deiana-legge-di-bilancio-senza-attenzione-a-pmi-e-partite-iva\/\",\"url\":\"https:\/\/www.italiaeconomiaonline.it\/web\/confassociazioni-deiana-legge-di-bilancio-senza-attenzione-a-pmi-e-partite-iva\/\",\"name\":\"Confassociazioni, Deiana: \\\"Legge di bilancio senza attenzione a PMI e Partite Iva\\\" -\",\"isPartOf\":{\"@id\":\"https:\/\/www.italiaeconomiaonline.it\/web\/#website\"},\"primaryImageOfPage\":{\"@id\":\"https:\/\/www.italiaeconomiaonline.it\/web\/confassociazioni-deiana-legge-di-bilancio-senza-attenzione-a-pmi-e-partite-iva\/#primaryimage\"},\"image\":{\"@id\":\"https:\/\/www.italiaeconomiaonline.it\/web\/confassociazioni-deiana-legge-di-bilancio-senza-attenzione-a-pmi-e-partite-iva\/#primaryimage\"},\"thumbnailUrl\":\"https:\/\/www.italiaeconomiaonline.it\/web\/wp-content\/uploads\/2019\/11\/confassociazioni.jpg\",\"datePublished\":\"2019-11-07T09:47:02+00:00\",\"dateModified\":\"2019-11-07T09:47:02+00:00\",\"author\":{\"@id\":\"https:\/\/www.italiaeconomiaonline.it\/web\/#\/schema\/person\/909a49cce752523b020fbc37d5ab1c31\"},\"breadcrumb\":{\"@id\":\"https:\/\/www.italiaeconomiaonline.it\/web\/confassociazioni-deiana-legge-di-bilancio-senza-attenzione-a-pmi-e-partite-iva\/#breadcrumb\"},\"inLanguage\":\"it-IT\",\"potentialAction\":[{\"@type\":\"ReadAction\",\"target\":[\"https:\/\/www.italiaeconomiaonline.it\/web\/confassociazioni-deiana-legge-di-bilancio-senza-attenzione-a-pmi-e-partite-iva\/\"]}]},{\"@type\":\"ImageObject\",\"inLanguage\":\"it-IT\",\"@id\":\"https:\/\/www.italiaeconomiaonline.it\/web\/confassociazioni-deiana-legge-di-bilancio-senza-attenzione-a-pmi-e-partite-iva\/#primaryimage\",\"url\":\"https:\/\/www.italiaeconomiaonline.it\/web\/wp-content\/uploads\/2019\/11\/confassociazioni.jpg\",\"contentUrl\":\"https:\/\/www.italiaeconomiaonline.it\/web\/wp-content\/uploads\/2019\/11\/confassociazioni.jpg\",\"width\":1024,\"height\":768},{\"@type\":\"BreadcrumbList\",\"@id\":\"https:\/\/www.italiaeconomiaonline.it\/web\/confassociazioni-deiana-legge-di-bilancio-senza-attenzione-a-pmi-e-partite-iva\/#breadcrumb\",\"itemListElement\":[{\"@type\":\"ListItem\",\"position\":1,\"name\":\"Home\",\"item\":\"https:\/\/www.italiaeconomiaonline.it\/web\/\"},{\"@type\":\"ListItem\",\"position\":2,\"name\":\"Confassociazioni, Deiana: &#8220;Legge di bilancio senza attenzione a PMI e Partite Iva&#8221;\"}]},{\"@type\":\"WebSite\",\"@id\":\"https:\/\/www.italiaeconomiaonline.it\/web\/#website\",\"url\":\"https:\/\/www.italiaeconomiaonline.it\/web\/\",\"name\":\"ItaliaEconomiaOnline\",\"description\":\"Quotidiano Economico Online\",\"potentialAction\":[{\"@type\":\"SearchAction\",\"target\":{\"@type\":\"EntryPoint\",\"urlTemplate\":\"https:\/\/www.italiaeconomiaonline.it\/web\/?s={search_term_string}\"},\"query-input\":\"required name=search_term_string\"}],\"inLanguage\":\"it-IT\"},{\"@type\":\"Person\",\"@id\":\"https:\/\/www.italiaeconomiaonline.it\/web\/#\/schema\/person\/909a49cce752523b020fbc37d5ab1c31\",\"name\":\"ladyitaliaeconomia\",\"image\":{\"@type\":\"ImageObject\",\"inLanguage\":\"it-IT\",\"@id\":\"https:\/\/www.italiaeconomiaonline.it\/web\/#\/schema\/person\/image\/\",\"url\":\"https:\/\/secure.gravatar.com\/avatar\/cedca10ce7416a579b9fa6bce9c0a8f2?s=96&d=mm&r=g\",\"contentUrl\":\"https:\/\/secure.gravatar.com\/avatar\/cedca10ce7416a579b9fa6bce9c0a8f2?s=96&d=mm&r=g\",\"caption\":\"ladyitaliaeconomia\"},\"url\":\"https:\/\/www.italiaeconomiaonline.it\/web\/author\/ladyitaliaeconomia\/\"}]}<\/script>\n<!-- \/ Yoast SEO plugin. -->","yoast_head_json":{"title":"Confassociazioni, Deiana: \"Legge di bilancio senza attenzione a PMI e Partite Iva\" -","robots":{"index":"index","follow":"follow","max-snippet":"max-snippet:-1","max-image-preview":"max-image-preview:large","max-video-preview":"max-video-preview:-1"},"canonical":"https:\/\/www.italiaeconomiaonline.it\/web\/confassociazioni-deiana-legge-di-bilancio-senza-attenzione-a-pmi-e-partite-iva\/","og_locale":"it_IT","og_type":"article","og_title":"Confassociazioni, Deiana: \"Legge di bilancio senza attenzione a PMI e Partite Iva\" -","og_description":"Abbiamo presentato gli emendamenti delle nostre associazioni ad una Legge di Bilancio senza attenzione a PMI e Partite IVA. Lo ha dichiarato in una nota il Presidente di CONFASSOCIAZIONI, Angelo DEIANA, dopo la nutrita conferenza stampa che ha avuto luogo ieri presso la Sala Caduti di Nassirya del Senato della Repubblica.\u00a0 \u201cNoi puntiamo all\u2019interesse reale [&hellip;]","og_url":"https:\/\/www.italiaeconomiaonline.it\/web\/confassociazioni-deiana-legge-di-bilancio-senza-attenzione-a-pmi-e-partite-iva\/","og_site_name":"ItaliaEconomiaOnline","article_published_time":"2019-11-07T09:47:02+00:00","og_image":[{"width":1024,"height":768,"url":"https:\/\/www.italiaeconomiaonline.it\/web\/wp-content\/uploads\/2019\/11\/confassociazioni.jpg","type":"image\/jpeg"}],"author":"ladyitaliaeconomia","twitter_card":"summary_large_image","twitter_misc":{"Scritto da":"ladyitaliaeconomia","Tempo di lettura stimato":"6 minuti"},"schema":{"@context":"https:\/\/schema.org","@graph":[{"@type":"WebPage","@id":"https:\/\/www.italiaeconomiaonline.it\/web\/confassociazioni-deiana-legge-di-bilancio-senza-attenzione-a-pmi-e-partite-iva\/","url":"https:\/\/www.italiaeconomiaonline.it\/web\/confassociazioni-deiana-legge-di-bilancio-senza-attenzione-a-pmi-e-partite-iva\/","name":"Confassociazioni, Deiana: \"Legge di bilancio senza attenzione a PMI e Partite Iva\" -","isPartOf":{"@id":"https:\/\/www.italiaeconomiaonline.it\/web\/#website"},"primaryImageOfPage":{"@id":"https:\/\/www.italiaeconomiaonline.it\/web\/confassociazioni-deiana-legge-di-bilancio-senza-attenzione-a-pmi-e-partite-iva\/#primaryimage"},"image":{"@id":"https:\/\/www.italiaeconomiaonline.it\/web\/confassociazioni-deiana-legge-di-bilancio-senza-attenzione-a-pmi-e-partite-iva\/#primaryimage"},"thumbnailUrl":"https:\/\/www.italiaeconomiaonline.it\/web\/wp-content\/uploads\/2019\/11\/confassociazioni.jpg","datePublished":"2019-11-07T09:47:02+00:00","dateModified":"2019-11-07T09:47:02+00:00","author":{"@id":"https:\/\/www.italiaeconomiaonline.it\/web\/#\/schema\/person\/909a49cce752523b020fbc37d5ab1c31"},"breadcrumb":{"@id":"https:\/\/www.italiaeconomiaonline.it\/web\/confassociazioni-deiana-legge-di-bilancio-senza-attenzione-a-pmi-e-partite-iva\/#breadcrumb"},"inLanguage":"it-IT","potentialAction":[{"@type":"ReadAction","target":["https:\/\/www.italiaeconomiaonline.it\/web\/confassociazioni-deiana-legge-di-bilancio-senza-attenzione-a-pmi-e-partite-iva\/"]}]},{"@type":"ImageObject","inLanguage":"it-IT","@id":"https:\/\/www.italiaeconomiaonline.it\/web\/confassociazioni-deiana-legge-di-bilancio-senza-attenzione-a-pmi-e-partite-iva\/#primaryimage","url":"https:\/\/www.italiaeconomiaonline.it\/web\/wp-content\/uploads\/2019\/11\/confassociazioni.jpg","contentUrl":"https:\/\/www.italiaeconomiaonline.it\/web\/wp-content\/uploads\/2019\/11\/confassociazioni.jpg","width":1024,"height":768},{"@type":"BreadcrumbList","@id":"https:\/\/www.italiaeconomiaonline.it\/web\/confassociazioni-deiana-legge-di-bilancio-senza-attenzione-a-pmi-e-partite-iva\/#breadcrumb","itemListElement":[{"@type":"ListItem","position":1,"name":"Home","item":"https:\/\/www.italiaeconomiaonline.it\/web\/"},{"@type":"ListItem","position":2,"name":"Confassociazioni, Deiana: &#8220;Legge di bilancio senza attenzione a PMI e Partite Iva&#8221;"}]},{"@type":"WebSite","@id":"https:\/\/www.italiaeconomiaonline.it\/web\/#website","url":"https:\/\/www.italiaeconomiaonline.it\/web\/","name":"ItaliaEconomiaOnline","description":"Quotidiano Economico Online","potentialAction":[{"@type":"SearchAction","target":{"@type":"EntryPoint","urlTemplate":"https:\/\/www.italiaeconomiaonline.it\/web\/?s={search_term_string}"},"query-input":"required name=search_term_string"}],"inLanguage":"it-IT"},{"@type":"Person","@id":"https:\/\/www.italiaeconomiaonline.it\/web\/#\/schema\/person\/909a49cce752523b020fbc37d5ab1c31","name":"ladyitaliaeconomia","image":{"@type":"ImageObject","inLanguage":"it-IT","@id":"https:\/\/www.italiaeconomiaonline.it\/web\/#\/schema\/person\/image\/","url":"https:\/\/secure.gravatar.com\/avatar\/cedca10ce7416a579b9fa6bce9c0a8f2?s=96&d=mm&r=g","contentUrl":"https:\/\/secure.gravatar.com\/avatar\/cedca10ce7416a579b9fa6bce9c0a8f2?s=96&d=mm&r=g","caption":"ladyitaliaeconomia"},"url":"https:\/\/www.italiaeconomiaonline.it\/web\/author\/ladyitaliaeconomia\/"}]}},"_links":{"self":[{"href":"https:\/\/www.italiaeconomiaonline.it\/web\/wp-json\/wp\/v2\/posts\/2021"}],"collection":[{"href":"https:\/\/www.italiaeconomiaonline.it\/web\/wp-json\/wp\/v2\/posts"}],"about":[{"href":"https:\/\/www.italiaeconomiaonline.it\/web\/wp-json\/wp\/v2\/types\/post"}],"author":[{"embeddable":true,"href":"https:\/\/www.italiaeconomiaonline.it\/web\/wp-json\/wp\/v2\/users\/1"}],"replies":[{"embeddable":true,"href":"https:\/\/www.italiaeconomiaonline.it\/web\/wp-json\/wp\/v2\/comments?post=2021"}],"version-history":[{"count":1,"href":"https:\/\/www.italiaeconomiaonline.it\/web\/wp-json\/wp\/v2\/posts\/2021\/revisions"}],"predecessor-version":[{"id":2023,"href":"https:\/\/www.italiaeconomiaonline.it\/web\/wp-json\/wp\/v2\/posts\/2021\/revisions\/2023"}],"wp:featuredmedia":[{"embeddable":true,"href":"https:\/\/www.italiaeconomiaonline.it\/web\/wp-json\/wp\/v2\/media\/2022"}],"wp:attachment":[{"href":"https:\/\/www.italiaeconomiaonline.it\/web\/wp-json\/wp\/v2\/media?parent=2021"}],"wp:term":[{"taxonomy":"category","embeddable":true,"href":"https:\/\/www.italiaeconomiaonline.it\/web\/wp-json\/wp\/v2\/categories?post=2021"},{"taxonomy":"post_tag","embeddable":true,"href":"https:\/\/www.italiaeconomiaonline.it\/web\/wp-json\/wp\/v2\/tags?post=2021"}],"curies":[{"name":"wp","href":"https:\/\/api.w.org\/{rel}","templated":true}]}}