{"id":203,"date":"2018-08-25T23:01:31","date_gmt":"2018-08-25T21:01:31","guid":{"rendered":"http:\/\/www.italiaeconomiaonline.it\/web\/?p=203"},"modified":"2018-08-25T23:01:31","modified_gmt":"2018-08-25T21:01:31","slug":"il-ministro-tria-in-cina-per-rafforzare-il-dialogo-economico-e-la-cooperazione-tra-roma-e-pechino","status":"publish","type":"post","link":"https:\/\/www.italiaeconomiaonline.it\/web\/il-ministro-tria-in-cina-per-rafforzare-il-dialogo-economico-e-la-cooperazione-tra-roma-e-pechino\/","title":{"rendered":"Il ministro Tria in Cina per rafforzare il dialogo economico e la cooperazione tra Roma e Pechino"},"content":{"rendered":"<p>Dal 27 agosto al primo settembre il Ministro dell\u2019Economia e delle Finanze, <strong>Giovanni Tria<\/strong>, effettuer\u00e0\u00a0in Cina la sua prima visita ufficiale al di fuori dell\u2019Unione europea.<\/p>\n<p>Della delegazione fa parte anche il Vice Direttore Generale della Banca d\u2019Italia, <strong>Fabio Panetta.<\/strong><\/p>\n<p>La missione del Ministro Tria in Cina fa seguito a quella del Presidente della Repubblica, Sergio Mattarella, avvenuta a febbraio dello scorso anno, che ha dato nuovo slancio al dialogo tra Roma e Pechino.<\/p>\n<p>Obiettivo \u00e8 quello di rafforzare ulteriormente i rapporti economici tra i due Paesi, che possono trarre reciproco vantaggio da una intensificazione delle relazioni economiche, finanziarie e commerciali.<\/p>\n<p>L\u2019Italia e la Cina condividono la volont\u00e0\u00a0di mantenere un clima di collaborazione nello sviluppo ordinato dell\u2019economia mondiale e hanno interesse a cooperare per la difesa della stabilit\u00e0 dei mercati finanziari e a supporto della crescita sostenibile e dell\u2018occupazione.<\/p>\n<p>La visita in Cina del Ministro dell\u2019Economia e delle Finanze e della Banca d\u2019Italia vuole contribuire a consolidare i rapporti tra i due Paesi sia a livello bilaterale che su un piano multilaterale.<\/p>\n<p>Il programma della missione, che si articoler\u00e0 tra Pechino e Shanghai, prevede numerosi appuntamenti istituzionali e con le autorit\u00e0 finanziarie e monetarie.<\/p>\n<p>A Pechino il ministro Tria avr\u00e0 un incontro bilaterale con il ministro delle Finanze cinese <strong>Liu<\/strong> <strong>Kun<\/strong>, e colloqui con il governatore della <span lang=\"en\">People\u2019s Bank of China<\/span>, <strong>Yi Gang<\/strong>.<\/p>\n<p>In programma anche un incontro con la comunit\u00e0 d\u2019affari italiana in Cina (Camera di commercio, <abbr title=\"Istituto nazionale per il commercio estero \">ICE<\/abbr>, imprese).<\/p>\n<p>A Shanghai il ministro visiter\u00e0 la Borsa e incontrer\u00e0 le autorit\u00e0 locali e i rappresentanti della <span lang=\"en\">business community<\/span> cinese e italiana.<\/p>\n","protected":false},"excerpt":{"rendered":"<p>Dal 27 agosto al primo settembre il Ministro dell\u2019Economia e delle Finanze, Giovanni Tria, effettuer\u00e0\u00a0in Cina la sua prima visita ufficiale al di fuori dell\u2019Unione europea. Della delegazione fa parte anche il Vice Direttore Generale della Banca d\u2019Italia, Fabio Panetta. La missione del Ministro Tria in Cina fa seguito a quella del Presidente della Repubblica, [&hellip;]<\/p>\n","protected":false},"author":1,"featured_media":0,"comment_status":"closed","ping_status":"open","sticky":false,"template":"","format":"standard","meta":{"footnotes":""},"categories":[56],"tags":[83,82],"yoast_head":"<!-- This site is optimized with the Yoast SEO plugin v22.2 - https:\/\/yoast.com\/wordpress\/plugins\/seo\/ -->\n<title>Il ministro Tria in Cina per rafforzare il dialogo economico e la cooperazione tra Roma e Pechino -<\/title>\n<meta name=\"robots\" content=\"index, follow, max-snippet:-1, max-image-preview:large, max-video-preview:-1\" \/>\n<link rel=\"canonical\" href=\"https:\/\/www.italiaeconomiaonline.it\/web\/il-ministro-tria-in-cina-per-rafforzare-il-dialogo-economico-e-la-cooperazione-tra-roma-e-pechino\/\" \/>\n<meta property=\"og:locale\" content=\"it_IT\" \/>\n<meta property=\"og:type\" content=\"article\" \/>\n<meta property=\"og:title\" content=\"Il ministro Tria in Cina per rafforzare il dialogo economico e la cooperazione tra Roma e Pechino -\" \/>\n<meta property=\"og:description\" content=\"Dal 27 agosto al primo settembre il Ministro dell\u2019Economia e delle Finanze, Giovanni Tria, effettuer\u00e0\u00a0in Cina la sua prima visita ufficiale al di fuori dell\u2019Unione europea. Della delegazione fa parte anche il Vice Direttore Generale della Banca d\u2019Italia, Fabio Panetta. La missione del Ministro Tria in Cina fa seguito a quella del Presidente della Repubblica, [&hellip;]\" \/>\n<meta property=\"og:url\" content=\"https:\/\/www.italiaeconomiaonline.it\/web\/il-ministro-tria-in-cina-per-rafforzare-il-dialogo-economico-e-la-cooperazione-tra-roma-e-pechino\/\" \/>\n<meta property=\"og:site_name\" content=\"ItaliaEconomiaOnline\" \/>\n<meta property=\"article:published_time\" content=\"2018-08-25T21:01:31+00:00\" \/>\n<meta name=\"author\" content=\"ladyitaliaeconomia\" \/>\n<meta name=\"twitter:card\" content=\"summary_large_image\" \/>\n<meta name=\"twitter:label1\" content=\"Scritto da\" \/>\n\t<meta name=\"twitter:data1\" content=\"ladyitaliaeconomia\" \/>\n\t<meta name=\"twitter:label2\" content=\"Tempo di lettura stimato\" \/>\n\t<meta name=\"twitter:data2\" content=\"1 minuto\" \/>\n<script type=\"application\/ld+json\" class=\"yoast-schema-graph\">{\"@context\":\"https:\/\/schema.org\",\"@graph\":[{\"@type\":\"WebPage\",\"@id\":\"https:\/\/www.italiaeconomiaonline.it\/web\/il-ministro-tria-in-cina-per-rafforzare-il-dialogo-economico-e-la-cooperazione-tra-roma-e-pechino\/\",\"url\":\"https:\/\/www.italiaeconomiaonline.it\/web\/il-ministro-tria-in-cina-per-rafforzare-il-dialogo-economico-e-la-cooperazione-tra-roma-e-pechino\/\",\"name\":\"Il ministro Tria in Cina per rafforzare il dialogo economico e la cooperazione tra Roma e Pechino -\",\"isPartOf\":{\"@id\":\"https:\/\/www.italiaeconomiaonline.it\/web\/#website\"},\"datePublished\":\"2018-08-25T21:01:31+00:00\",\"dateModified\":\"2018-08-25T21:01:31+00:00\",\"author\":{\"@id\":\"https:\/\/www.italiaeconomiaonline.it\/web\/#\/schema\/person\/909a49cce752523b020fbc37d5ab1c31\"},\"breadcrumb\":{\"@id\":\"https:\/\/www.italiaeconomiaonline.it\/web\/il-ministro-tria-in-cina-per-rafforzare-il-dialogo-economico-e-la-cooperazione-tra-roma-e-pechino\/#breadcrumb\"},\"inLanguage\":\"it-IT\",\"potentialAction\":[{\"@type\":\"ReadAction\",\"target\":[\"https:\/\/www.italiaeconomiaonline.it\/web\/il-ministro-tria-in-cina-per-rafforzare-il-dialogo-economico-e-la-cooperazione-tra-roma-e-pechino\/\"]}]},{\"@type\":\"BreadcrumbList\",\"@id\":\"https:\/\/www.italiaeconomiaonline.it\/web\/il-ministro-tria-in-cina-per-rafforzare-il-dialogo-economico-e-la-cooperazione-tra-roma-e-pechino\/#breadcrumb\",\"itemListElement\":[{\"@type\":\"ListItem\",\"position\":1,\"name\":\"Home\",\"item\":\"https:\/\/www.italiaeconomiaonline.it\/web\/\"},{\"@type\":\"ListItem\",\"position\":2,\"name\":\"Il ministro Tria in Cina per rafforzare il dialogo economico e la cooperazione tra Roma e Pechino\"}]},{\"@type\":\"WebSite\",\"@id\":\"https:\/\/www.italiaeconomiaonline.it\/web\/#website\",\"url\":\"https:\/\/www.italiaeconomiaonline.it\/web\/\",\"name\":\"ItaliaEconomiaOnline\",\"description\":\"Quotidiano Economico Online\",\"potentialAction\":[{\"@type\":\"SearchAction\",\"target\":{\"@type\":\"EntryPoint\",\"urlTemplate\":\"https:\/\/www.italiaeconomiaonline.it\/web\/?s={search_term_string}\"},\"query-input\":\"required name=search_term_string\"}],\"inLanguage\":\"it-IT\"},{\"@type\":\"Person\",\"@id\":\"https:\/\/www.italiaeconomiaonline.it\/web\/#\/schema\/person\/909a49cce752523b020fbc37d5ab1c31\",\"name\":\"ladyitaliaeconomia\",\"image\":{\"@type\":\"ImageObject\",\"inLanguage\":\"it-IT\",\"@id\":\"https:\/\/www.italiaeconomiaonline.it\/web\/#\/schema\/person\/image\/\",\"url\":\"https:\/\/secure.gravatar.com\/avatar\/cedca10ce7416a579b9fa6bce9c0a8f2?s=96&d=mm&r=g\",\"contentUrl\":\"https:\/\/secure.gravatar.com\/avatar\/cedca10ce7416a579b9fa6bce9c0a8f2?s=96&d=mm&r=g\",\"caption\":\"ladyitaliaeconomia\"},\"url\":\"https:\/\/www.italiaeconomiaonline.it\/web\/author\/ladyitaliaeconomia\/\"}]}<\/script>\n<!-- \/ Yoast SEO plugin. -->","yoast_head_json":{"title":"Il ministro Tria in Cina per rafforzare il dialogo economico e la cooperazione tra Roma e Pechino -","robots":{"index":"index","follow":"follow","max-snippet":"max-snippet:-1","max-image-preview":"max-image-preview:large","max-video-preview":"max-video-preview:-1"},"canonical":"https:\/\/www.italiaeconomiaonline.it\/web\/il-ministro-tria-in-cina-per-rafforzare-il-dialogo-economico-e-la-cooperazione-tra-roma-e-pechino\/","og_locale":"it_IT","og_type":"article","og_title":"Il ministro Tria in Cina per rafforzare il dialogo economico e la cooperazione tra Roma e Pechino -","og_description":"Dal 27 agosto al primo settembre il Ministro dell\u2019Economia e delle Finanze, Giovanni Tria, effettuer\u00e0\u00a0in Cina la sua prima visita ufficiale al di fuori dell\u2019Unione europea. Della delegazione fa parte anche il Vice Direttore Generale della Banca d\u2019Italia, Fabio Panetta. La missione del Ministro Tria in Cina fa seguito a quella del Presidente della Repubblica, [&hellip;]","og_url":"https:\/\/www.italiaeconomiaonline.it\/web\/il-ministro-tria-in-cina-per-rafforzare-il-dialogo-economico-e-la-cooperazione-tra-roma-e-pechino\/","og_site_name":"ItaliaEconomiaOnline","article_published_time":"2018-08-25T21:01:31+00:00","author":"ladyitaliaeconomia","twitter_card":"summary_large_image","twitter_misc":{"Scritto da":"ladyitaliaeconomia","Tempo di lettura stimato":"1 minuto"},"schema":{"@context":"https:\/\/schema.org","@graph":[{"@type":"WebPage","@id":"https:\/\/www.italiaeconomiaonline.it\/web\/il-ministro-tria-in-cina-per-rafforzare-il-dialogo-economico-e-la-cooperazione-tra-roma-e-pechino\/","url":"https:\/\/www.italiaeconomiaonline.it\/web\/il-ministro-tria-in-cina-per-rafforzare-il-dialogo-economico-e-la-cooperazione-tra-roma-e-pechino\/","name":"Il ministro Tria in Cina per rafforzare il dialogo economico e la cooperazione tra Roma e Pechino -","isPartOf":{"@id":"https:\/\/www.italiaeconomiaonline.it\/web\/#website"},"datePublished":"2018-08-25T21:01:31+00:00","dateModified":"2018-08-25T21:01:31+00:00","author":{"@id":"https:\/\/www.italiaeconomiaonline.it\/web\/#\/schema\/person\/909a49cce752523b020fbc37d5ab1c31"},"breadcrumb":{"@id":"https:\/\/www.italiaeconomiaonline.it\/web\/il-ministro-tria-in-cina-per-rafforzare-il-dialogo-economico-e-la-cooperazione-tra-roma-e-pechino\/#breadcrumb"},"inLanguage":"it-IT","potentialAction":[{"@type":"ReadAction","target":["https:\/\/www.italiaeconomiaonline.it\/web\/il-ministro-tria-in-cina-per-rafforzare-il-dialogo-economico-e-la-cooperazione-tra-roma-e-pechino\/"]}]},{"@type":"BreadcrumbList","@id":"https:\/\/www.italiaeconomiaonline.it\/web\/il-ministro-tria-in-cina-per-rafforzare-il-dialogo-economico-e-la-cooperazione-tra-roma-e-pechino\/#breadcrumb","itemListElement":[{"@type":"ListItem","position":1,"name":"Home","item":"https:\/\/www.italiaeconomiaonline.it\/web\/"},{"@type":"ListItem","position":2,"name":"Il ministro Tria in Cina per rafforzare il dialogo economico e la cooperazione tra Roma e Pechino"}]},{"@type":"WebSite","@id":"https:\/\/www.italiaeconomiaonline.it\/web\/#website","url":"https:\/\/www.italiaeconomiaonline.it\/web\/","name":"ItaliaEconomiaOnline","description":"Quotidiano Economico Online","potentialAction":[{"@type":"SearchAction","target":{"@type":"EntryPoint","urlTemplate":"https:\/\/www.italiaeconomiaonline.it\/web\/?s={search_term_string}"},"query-input":"required name=search_term_string"}],"inLanguage":"it-IT"},{"@type":"Person","@id":"https:\/\/www.italiaeconomiaonline.it\/web\/#\/schema\/person\/909a49cce752523b020fbc37d5ab1c31","name":"ladyitaliaeconomia","image":{"@type":"ImageObject","inLanguage":"it-IT","@id":"https:\/\/www.italiaeconomiaonline.it\/web\/#\/schema\/person\/image\/","url":"https:\/\/secure.gravatar.com\/avatar\/cedca10ce7416a579b9fa6bce9c0a8f2?s=96&d=mm&r=g","contentUrl":"https:\/\/secure.gravatar.com\/avatar\/cedca10ce7416a579b9fa6bce9c0a8f2?s=96&d=mm&r=g","caption":"ladyitaliaeconomia"},"url":"https:\/\/www.italiaeconomiaonline.it\/web\/author\/ladyitaliaeconomia\/"}]}},"_links":{"self":[{"href":"https:\/\/www.italiaeconomiaonline.it\/web\/wp-json\/wp\/v2\/posts\/203"}],"collection":[{"href":"https:\/\/www.italiaeconomiaonline.it\/web\/wp-json\/wp\/v2\/posts"}],"about":[{"href":"https:\/\/www.italiaeconomiaonline.it\/web\/wp-json\/wp\/v2\/types\/post"}],"author":[{"embeddable":true,"href":"https:\/\/www.italiaeconomiaonline.it\/web\/wp-json\/wp\/v2\/users\/1"}],"replies":[{"embeddable":true,"href":"https:\/\/www.italiaeconomiaonline.it\/web\/wp-json\/wp\/v2\/comments?post=203"}],"version-history":[{"count":1,"href":"https:\/\/www.italiaeconomiaonline.it\/web\/wp-json\/wp\/v2\/posts\/203\/revisions"}],"predecessor-version":[{"id":205,"href":"https:\/\/www.italiaeconomiaonline.it\/web\/wp-json\/wp\/v2\/posts\/203\/revisions\/205"}],"wp:attachment":[{"href":"https:\/\/www.italiaeconomiaonline.it\/web\/wp-json\/wp\/v2\/media?parent=203"}],"wp:term":[{"taxonomy":"category","embeddable":true,"href":"https:\/\/www.italiaeconomiaonline.it\/web\/wp-json\/wp\/v2\/categories?post=203"},{"taxonomy":"post_tag","embeddable":true,"href":"https:\/\/www.italiaeconomiaonline.it\/web\/wp-json\/wp\/v2\/tags?post=203"}],"curies":[{"name":"wp","href":"https:\/\/api.w.org\/{rel}","templated":true}]}}