{"id":2037,"date":"2019-11-07T17:15:29","date_gmt":"2019-11-07T16:15:29","guid":{"rendered":"http:\/\/www.italiaeconomiaonline.it\/web\/?p=2037"},"modified":"2019-11-07T17:15:29","modified_gmt":"2019-11-07T16:15:29","slug":"ebano-spa-acquisisce-il-100-delle-quote-di-cef-publishing","status":"publish","type":"post","link":"https:\/\/www.italiaeconomiaonline.it\/web\/ebano-spa-acquisisce-il-100-delle-quote-di-cef-publishing\/","title":{"rendered":"Ebano Spa acquisisce il 100% delle quote di Cef publishing"},"content":{"rendered":"<p><span style=\"font-family: garamond, times new roman, serif; font-size: large;\"><span class=\"dropcap dropcap3\">E<\/span>bano spa acquisisce il controllo totale delle quote di \u00a0Cef Publishing srl, diventandone proprietaria al 100%.<\/span><\/p>\n<p><span style=\"font-family: garamond, times new roman, serif; font-size: large;\"><br \/>\nLa holding, fondata e guidata dal Presidente della Piccola Industria di Confindustria <strong>Carlo Robiglio<\/strong>, ha rilevato le quote, pari al 25%, di propriet\u00e0 dell\u2019Ingegner <strong>Guido Galimberti<\/strong>, socio e amministratore delegato che ha contribuito alla forte crescita di Cef.<\/span><\/p>\n<p><span style=\"font-family: garamond, times new roman, serif; font-size: large;\"><br \/>\nContestualmente, l\u2019Ingegner Galimberti ha rassegnato le dimissioni \u00a0dall\u2019incarico di Amministratore delegato di Cef Publishing srl.<\/span><\/p>\n<p><span style=\"font-family: garamond, times new roman, serif; font-size: large;\"><br \/>\nE sono i numeri a rappresentare la costante crescita del Gruppo: circa 18 milioni di fatturato nel 2018 ed una crescita negli ultimi 6 anni dell\u2019800%, 8 societ\u00e0 controllate, 15 partnership produttive, pi\u00f9 di 250 dipendenti e collaboratori, una clientela media annuale che ormai supera le seimila unit\u00e0 per il solo business della formazione a distanza e un piano di crescita per linee interne ed esterne con investimenti nel solo 2018 di 700 mila euro.<\/p>\n<p>\u201cL\u2019operazione &#8211; dichiara Carlo Robiglio &#8211; \u00e8 in linea con l\u2019orientamento da tempo impresso al business della formazione a distanza. Intendiamo integrare sempre di pi\u00f9 sistemi e processi nella filiera della formazione innovativa, che da tempo rappresenta il core delle attivit\u00e0 del nostro Gruppo.<br \/>\nDesidero, a nome di Ebano, di Cef Publishing e di tutte le societ\u00e0 del Gruppo, ringraziare di cuore l\u2019amico Guido per l\u2019enorme apporto di iniziative, idee, competenza e passione con cui ha guidato Cef Publishing in questi sette anni, favorendone una crescita importante e portandola ad essere un\u2019azienda di successo. E\u2019 proprio questo rapporto, improntato sulla massima fiducia, collaborazione e correttezza, che ha consentito di definire l\u2019operazione nella assoluta serenit\u00e0 e condivisione tra le parti. Auguro a Guido Galimberti i massimi successi per le nuove sfide imprenditoriali che ha deciso di intraprendere\u201d.<\/p>\n<p>L&#8217;azienda \u00e8 stata premiata da Deloitte a maggio a Milano nella sede di Borsa Italiana con il Premio \u201cDeloitte Best Managed Companies\u201d (BMC): il riconoscimento rivolto alle aziende che si sono distinte per strategia, competenze, impegno verso le persone e performance realizzato da Deloitte in collaborazione con ALTIS Universit\u00e0 Cattolica, Confindustria e ELITE, il progetto del London Stock Exchange Group che supporta lo sviluppo e la crescita delle imprese ad alto potenziale.<br \/>\nIl Gruppo Ebano tramite Cef Publishing \u00e8 anche in Elite, il programma internazionale nato in Borsa Italiana nel 2012 in collaborazione con Confindustria e dedicato alle aziende pi\u00f9 ambiziose, con un modello di business solido ed una chiara strategia di crescita ed \u00e8 un&#8217;azienda fortemente impegnata nel sociale e nella sostenibilit\u00e0. La politica aziendale del Gruppo Ebano, volta a perseguire alti standard in termini di sostenibilit\u00e0 e impatto sociale, ha permesso, attraverso la partecipata Cef Publishing, di ottenere la Certificazione b Corp\u00ae, rilasciata dalla B Corporation, l\u2019ente non-profit americano.<\/span><\/p>\n","protected":false},"excerpt":{"rendered":"<p>Ebano spa acquisisce il controllo totale delle quote di \u00a0Cef Publishing srl, diventandone proprietaria al 100%. La holding, fondata e guidata dal Presidente della Piccola Industria di Confindustria Carlo Robiglio, ha rilevato le quote, pari al 25%, di propriet\u00e0 dell\u2019Ingegner Guido Galimberti, socio e amministratore delegato che ha contribuito alla forte crescita di Cef. Contestualmente, [&hellip;]<\/p>\n","protected":false},"author":1,"featured_media":654,"comment_status":"closed","ping_status":"open","sticky":false,"template":"","format":"standard","meta":{"footnotes":""},"categories":[224],"tags":[],"yoast_head":"<!-- This site is optimized with the Yoast SEO plugin v22.2 - https:\/\/yoast.com\/wordpress\/plugins\/seo\/ -->\n<title>Ebano Spa acquisisce il 100% delle quote di Cef publishing -<\/title>\n<meta name=\"robots\" content=\"index, follow, max-snippet:-1, max-image-preview:large, max-video-preview:-1\" \/>\n<link rel=\"canonical\" href=\"https:\/\/www.italiaeconomiaonline.it\/web\/ebano-spa-acquisisce-il-100-delle-quote-di-cef-publishing\/\" \/>\n<meta property=\"og:locale\" content=\"it_IT\" \/>\n<meta property=\"og:type\" content=\"article\" \/>\n<meta property=\"og:title\" content=\"Ebano Spa acquisisce il 100% delle quote di Cef publishing -\" \/>\n<meta property=\"og:description\" content=\"Ebano spa acquisisce il controllo totale delle quote di \u00a0Cef Publishing srl, diventandone proprietaria al 100%. La holding, fondata e guidata dal Presidente della Piccola Industria di Confindustria Carlo Robiglio, ha rilevato le quote, pari al 25%, di propriet\u00e0 dell\u2019Ingegner Guido Galimberti, socio e amministratore delegato che ha contribuito alla forte crescita di Cef. Contestualmente, [&hellip;]\" \/>\n<meta property=\"og:url\" content=\"https:\/\/www.italiaeconomiaonline.it\/web\/ebano-spa-acquisisce-il-100-delle-quote-di-cef-publishing\/\" \/>\n<meta property=\"og:site_name\" content=\"ItaliaEconomiaOnline\" \/>\n<meta property=\"article:published_time\" content=\"2019-11-07T16:15:29+00:00\" \/>\n<meta property=\"og:image\" content=\"https:\/\/www.italiaeconomiaonline.it\/web\/wp-content\/uploads\/2019\/05\/Carlo-Robbiglio-a-Connext--1024x682.jpg\" \/>\n\t<meta property=\"og:image:width\" content=\"1024\" \/>\n\t<meta property=\"og:image:height\" content=\"682\" \/>\n\t<meta property=\"og:image:type\" content=\"image\/jpeg\" \/>\n<meta name=\"author\" content=\"ladyitaliaeconomia\" \/>\n<meta name=\"twitter:card\" content=\"summary_large_image\" \/>\n<meta name=\"twitter:label1\" content=\"Scritto da\" \/>\n\t<meta name=\"twitter:data1\" content=\"ladyitaliaeconomia\" \/>\n\t<meta name=\"twitter:label2\" content=\"Tempo di lettura stimato\" \/>\n\t<meta name=\"twitter:data2\" content=\"2 minuti\" \/>\n<script type=\"application\/ld+json\" class=\"yoast-schema-graph\">{\"@context\":\"https:\/\/schema.org\",\"@graph\":[{\"@type\":\"WebPage\",\"@id\":\"https:\/\/www.italiaeconomiaonline.it\/web\/ebano-spa-acquisisce-il-100-delle-quote-di-cef-publishing\/\",\"url\":\"https:\/\/www.italiaeconomiaonline.it\/web\/ebano-spa-acquisisce-il-100-delle-quote-di-cef-publishing\/\",\"name\":\"Ebano Spa acquisisce il 100% delle quote di Cef publishing -\",\"isPartOf\":{\"@id\":\"https:\/\/www.italiaeconomiaonline.it\/web\/#website\"},\"primaryImageOfPage\":{\"@id\":\"https:\/\/www.italiaeconomiaonline.it\/web\/ebano-spa-acquisisce-il-100-delle-quote-di-cef-publishing\/#primaryimage\"},\"image\":{\"@id\":\"https:\/\/www.italiaeconomiaonline.it\/web\/ebano-spa-acquisisce-il-100-delle-quote-di-cef-publishing\/#primaryimage\"},\"thumbnailUrl\":\"https:\/\/www.italiaeconomiaonline.it\/web\/wp-content\/uploads\/2019\/05\/Carlo-Robbiglio-a-Connext-.jpg\",\"datePublished\":\"2019-11-07T16:15:29+00:00\",\"dateModified\":\"2019-11-07T16:15:29+00:00\",\"author\":{\"@id\":\"https:\/\/www.italiaeconomiaonline.it\/web\/#\/schema\/person\/909a49cce752523b020fbc37d5ab1c31\"},\"breadcrumb\":{\"@id\":\"https:\/\/www.italiaeconomiaonline.it\/web\/ebano-spa-acquisisce-il-100-delle-quote-di-cef-publishing\/#breadcrumb\"},\"inLanguage\":\"it-IT\",\"potentialAction\":[{\"@type\":\"ReadAction\",\"target\":[\"https:\/\/www.italiaeconomiaonline.it\/web\/ebano-spa-acquisisce-il-100-delle-quote-di-cef-publishing\/\"]}]},{\"@type\":\"ImageObject\",\"inLanguage\":\"it-IT\",\"@id\":\"https:\/\/www.italiaeconomiaonline.it\/web\/ebano-spa-acquisisce-il-100-delle-quote-di-cef-publishing\/#primaryimage\",\"url\":\"https:\/\/www.italiaeconomiaonline.it\/web\/wp-content\/uploads\/2019\/05\/Carlo-Robbiglio-a-Connext-.jpg\",\"contentUrl\":\"https:\/\/www.italiaeconomiaonline.it\/web\/wp-content\/uploads\/2019\/05\/Carlo-Robbiglio-a-Connext-.jpg\",\"width\":4928,\"height\":3280},{\"@type\":\"BreadcrumbList\",\"@id\":\"https:\/\/www.italiaeconomiaonline.it\/web\/ebano-spa-acquisisce-il-100-delle-quote-di-cef-publishing\/#breadcrumb\",\"itemListElement\":[{\"@type\":\"ListItem\",\"position\":1,\"name\":\"Home\",\"item\":\"https:\/\/www.italiaeconomiaonline.it\/web\/\"},{\"@type\":\"ListItem\",\"position\":2,\"name\":\"Ebano Spa acquisisce il 100% delle quote di Cef publishing\"}]},{\"@type\":\"WebSite\",\"@id\":\"https:\/\/www.italiaeconomiaonline.it\/web\/#website\",\"url\":\"https:\/\/www.italiaeconomiaonline.it\/web\/\",\"name\":\"ItaliaEconomiaOnline\",\"description\":\"Quotidiano Economico Online\",\"potentialAction\":[{\"@type\":\"SearchAction\",\"target\":{\"@type\":\"EntryPoint\",\"urlTemplate\":\"https:\/\/www.italiaeconomiaonline.it\/web\/?s={search_term_string}\"},\"query-input\":\"required name=search_term_string\"}],\"inLanguage\":\"it-IT\"},{\"@type\":\"Person\",\"@id\":\"https:\/\/www.italiaeconomiaonline.it\/web\/#\/schema\/person\/909a49cce752523b020fbc37d5ab1c31\",\"name\":\"ladyitaliaeconomia\",\"image\":{\"@type\":\"ImageObject\",\"inLanguage\":\"it-IT\",\"@id\":\"https:\/\/www.italiaeconomiaonline.it\/web\/#\/schema\/person\/image\/\",\"url\":\"https:\/\/secure.gravatar.com\/avatar\/cedca10ce7416a579b9fa6bce9c0a8f2?s=96&d=mm&r=g\",\"contentUrl\":\"https:\/\/secure.gravatar.com\/avatar\/cedca10ce7416a579b9fa6bce9c0a8f2?s=96&d=mm&r=g\",\"caption\":\"ladyitaliaeconomia\"},\"url\":\"https:\/\/www.italiaeconomiaonline.it\/web\/author\/ladyitaliaeconomia\/\"}]}<\/script>\n<!-- \/ Yoast SEO plugin. -->","yoast_head_json":{"title":"Ebano Spa acquisisce il 100% delle quote di Cef publishing -","robots":{"index":"index","follow":"follow","max-snippet":"max-snippet:-1","max-image-preview":"max-image-preview:large","max-video-preview":"max-video-preview:-1"},"canonical":"https:\/\/www.italiaeconomiaonline.it\/web\/ebano-spa-acquisisce-il-100-delle-quote-di-cef-publishing\/","og_locale":"it_IT","og_type":"article","og_title":"Ebano Spa acquisisce il 100% delle quote di Cef publishing -","og_description":"Ebano spa acquisisce il controllo totale delle quote di \u00a0Cef Publishing srl, diventandone proprietaria al 100%. La holding, fondata e guidata dal Presidente della Piccola Industria di Confindustria Carlo Robiglio, ha rilevato le quote, pari al 25%, di propriet\u00e0 dell\u2019Ingegner Guido Galimberti, socio e amministratore delegato che ha contribuito alla forte crescita di Cef. Contestualmente, [&hellip;]","og_url":"https:\/\/www.italiaeconomiaonline.it\/web\/ebano-spa-acquisisce-il-100-delle-quote-di-cef-publishing\/","og_site_name":"ItaliaEconomiaOnline","article_published_time":"2019-11-07T16:15:29+00:00","og_image":[{"width":1024,"height":682,"url":"https:\/\/www.italiaeconomiaonline.it\/web\/wp-content\/uploads\/2019\/05\/Carlo-Robbiglio-a-Connext--1024x682.jpg","type":"image\/jpeg"}],"author":"ladyitaliaeconomia","twitter_card":"summary_large_image","twitter_misc":{"Scritto da":"ladyitaliaeconomia","Tempo di lettura stimato":"2 minuti"},"schema":{"@context":"https:\/\/schema.org","@graph":[{"@type":"WebPage","@id":"https:\/\/www.italiaeconomiaonline.it\/web\/ebano-spa-acquisisce-il-100-delle-quote-di-cef-publishing\/","url":"https:\/\/www.italiaeconomiaonline.it\/web\/ebano-spa-acquisisce-il-100-delle-quote-di-cef-publishing\/","name":"Ebano Spa acquisisce il 100% delle quote di Cef publishing -","isPartOf":{"@id":"https:\/\/www.italiaeconomiaonline.it\/web\/#website"},"primaryImageOfPage":{"@id":"https:\/\/www.italiaeconomiaonline.it\/web\/ebano-spa-acquisisce-il-100-delle-quote-di-cef-publishing\/#primaryimage"},"image":{"@id":"https:\/\/www.italiaeconomiaonline.it\/web\/ebano-spa-acquisisce-il-100-delle-quote-di-cef-publishing\/#primaryimage"},"thumbnailUrl":"https:\/\/www.italiaeconomiaonline.it\/web\/wp-content\/uploads\/2019\/05\/Carlo-Robbiglio-a-Connext-.jpg","datePublished":"2019-11-07T16:15:29+00:00","dateModified":"2019-11-07T16:15:29+00:00","author":{"@id":"https:\/\/www.italiaeconomiaonline.it\/web\/#\/schema\/person\/909a49cce752523b020fbc37d5ab1c31"},"breadcrumb":{"@id":"https:\/\/www.italiaeconomiaonline.it\/web\/ebano-spa-acquisisce-il-100-delle-quote-di-cef-publishing\/#breadcrumb"},"inLanguage":"it-IT","potentialAction":[{"@type":"ReadAction","target":["https:\/\/www.italiaeconomiaonline.it\/web\/ebano-spa-acquisisce-il-100-delle-quote-di-cef-publishing\/"]}]},{"@type":"ImageObject","inLanguage":"it-IT","@id":"https:\/\/www.italiaeconomiaonline.it\/web\/ebano-spa-acquisisce-il-100-delle-quote-di-cef-publishing\/#primaryimage","url":"https:\/\/www.italiaeconomiaonline.it\/web\/wp-content\/uploads\/2019\/05\/Carlo-Robbiglio-a-Connext-.jpg","contentUrl":"https:\/\/www.italiaeconomiaonline.it\/web\/wp-content\/uploads\/2019\/05\/Carlo-Robbiglio-a-Connext-.jpg","width":4928,"height":3280},{"@type":"BreadcrumbList","@id":"https:\/\/www.italiaeconomiaonline.it\/web\/ebano-spa-acquisisce-il-100-delle-quote-di-cef-publishing\/#breadcrumb","itemListElement":[{"@type":"ListItem","position":1,"name":"Home","item":"https:\/\/www.italiaeconomiaonline.it\/web\/"},{"@type":"ListItem","position":2,"name":"Ebano Spa acquisisce il 100% delle quote di Cef publishing"}]},{"@type":"WebSite","@id":"https:\/\/www.italiaeconomiaonline.it\/web\/#website","url":"https:\/\/www.italiaeconomiaonline.it\/web\/","name":"ItaliaEconomiaOnline","description":"Quotidiano Economico Online","potentialAction":[{"@type":"SearchAction","target":{"@type":"EntryPoint","urlTemplate":"https:\/\/www.italiaeconomiaonline.it\/web\/?s={search_term_string}"},"query-input":"required name=search_term_string"}],"inLanguage":"it-IT"},{"@type":"Person","@id":"https:\/\/www.italiaeconomiaonline.it\/web\/#\/schema\/person\/909a49cce752523b020fbc37d5ab1c31","name":"ladyitaliaeconomia","image":{"@type":"ImageObject","inLanguage":"it-IT","@id":"https:\/\/www.italiaeconomiaonline.it\/web\/#\/schema\/person\/image\/","url":"https:\/\/secure.gravatar.com\/avatar\/cedca10ce7416a579b9fa6bce9c0a8f2?s=96&d=mm&r=g","contentUrl":"https:\/\/secure.gravatar.com\/avatar\/cedca10ce7416a579b9fa6bce9c0a8f2?s=96&d=mm&r=g","caption":"ladyitaliaeconomia"},"url":"https:\/\/www.italiaeconomiaonline.it\/web\/author\/ladyitaliaeconomia\/"}]}},"_links":{"self":[{"href":"https:\/\/www.italiaeconomiaonline.it\/web\/wp-json\/wp\/v2\/posts\/2037"}],"collection":[{"href":"https:\/\/www.italiaeconomiaonline.it\/web\/wp-json\/wp\/v2\/posts"}],"about":[{"href":"https:\/\/www.italiaeconomiaonline.it\/web\/wp-json\/wp\/v2\/types\/post"}],"author":[{"embeddable":true,"href":"https:\/\/www.italiaeconomiaonline.it\/web\/wp-json\/wp\/v2\/users\/1"}],"replies":[{"embeddable":true,"href":"https:\/\/www.italiaeconomiaonline.it\/web\/wp-json\/wp\/v2\/comments?post=2037"}],"version-history":[{"count":1,"href":"https:\/\/www.italiaeconomiaonline.it\/web\/wp-json\/wp\/v2\/posts\/2037\/revisions"}],"predecessor-version":[{"id":2038,"href":"https:\/\/www.italiaeconomiaonline.it\/web\/wp-json\/wp\/v2\/posts\/2037\/revisions\/2038"}],"wp:featuredmedia":[{"embeddable":true,"href":"https:\/\/www.italiaeconomiaonline.it\/web\/wp-json\/wp\/v2\/media\/654"}],"wp:attachment":[{"href":"https:\/\/www.italiaeconomiaonline.it\/web\/wp-json\/wp\/v2\/media?parent=2037"}],"wp:term":[{"taxonomy":"category","embeddable":true,"href":"https:\/\/www.italiaeconomiaonline.it\/web\/wp-json\/wp\/v2\/categories?post=2037"},{"taxonomy":"post_tag","embeddable":true,"href":"https:\/\/www.italiaeconomiaonline.it\/web\/wp-json\/wp\/v2\/tags?post=2037"}],"curies":[{"name":"wp","href":"https:\/\/api.w.org\/{rel}","templated":true}]}}