{"id":2085,"date":"2019-11-21T15:53:13","date_gmt":"2019-11-21T14:53:13","guid":{"rendered":"http:\/\/www.italiaeconomiaonline.it\/web\/?p=2085"},"modified":"2019-11-21T16:07:30","modified_gmt":"2019-11-21T15:07:30","slug":"2604-i-comuni-registrati-finora-al-progetto-wi-fi-italia","status":"publish","type":"post","link":"https:\/\/www.italiaeconomiaonline.it\/web\/2604-i-comuni-registrati-finora-al-progetto-wi-fi-italia\/","title":{"rendered":"2604 i Comuni registrati finora al progetto Wi-FI Italia"},"content":{"rendered":"<p><span class=\"dropcap dropcap3\">S<\/span>i \u00e8 tenuto oggi ad Arezzo, nell\u2019ambito dell\u2019Assemblea dell\u2019Associazione nazionale Comuni italiani, l\u2019evento \u201cTerritori connessi.<\/p>\n<p>Banda ultra larga e 5G per lo sviluppo delle comunit\u00e0\u201d, organizzato dalla stessa Anci insieme a Fondazione Ugo Bordoni e Infratel. Presente il Sottosegretario <strong>Mirella Liuzzi<\/strong> in rappresentanza del MiSE.<\/p>\n<p>L&#8217;evento \u00e8 stato occasione per discutere delle pi\u00f9 recenti attivit\u00e0 promosse dal Ministero e delle opportunit\u00e0 che esse offrono ai Comuni: dal Sinfi a &#8220;Piazza Wifi Italia&#8221;.<\/p>\n<p>\u201c<em>Il progetto Piazza Wi-Fi Italia, ad oggi, vede 2604 registrazioni, invitiamo tutti i Comuni ad aderire al progetto, specialmente i pi\u00f9 piccoli, al fine di ridurre il divario digitale nel nostro Paese e a combattere lo spopolamento\u201d,<\/em> ha sottolineato il Sottosegretario Liuzzi, che in merito al SINFI ha aggiunto: \u201c<em>il MiSE ha stanziato 5 milioni per sostenere Comuni ed enti locali coinvolti nell\u2019attivit\u00e0 di conferimento dei dati, stiamo procedendo a passo spedito per popolare il catasto delle infrastrutture e accompagnare i Comuni in questo percorso<\/em>\u201d.<\/p>\n","protected":false},"excerpt":{"rendered":"<p>Si \u00e8 tenuto oggi ad Arezzo, nell\u2019ambito dell\u2019Assemblea dell\u2019Associazione nazionale Comuni italiani, l\u2019evento \u201cTerritori connessi. Banda ultra larga e 5G per lo sviluppo delle comunit\u00e0\u201d, organizzato dalla stessa Anci insieme a Fondazione Ugo Bordoni e Infratel. Presente il Sottosegretario Mirella Liuzzi in rappresentanza del MiSE. L&#8217;evento \u00e8 stato occasione per discutere delle pi\u00f9 recenti attivit\u00e0 [&hellip;]<\/p>\n","protected":false},"author":1,"featured_media":2086,"comment_status":"closed","ping_status":"open","sticky":false,"template":"","format":"standard","meta":{"footnotes":""},"categories":[309],"tags":[],"yoast_head":"<!-- This site is optimized with the Yoast SEO plugin v22.2 - https:\/\/yoast.com\/wordpress\/plugins\/seo\/ -->\n<title>2604 i Comuni registrati finora al progetto Wi-FI Italia -<\/title>\n<meta name=\"robots\" content=\"index, follow, max-snippet:-1, max-image-preview:large, max-video-preview:-1\" \/>\n<link rel=\"canonical\" href=\"https:\/\/www.italiaeconomiaonline.it\/web\/2604-i-comuni-registrati-finora-al-progetto-wi-fi-italia\/\" \/>\n<meta property=\"og:locale\" content=\"it_IT\" \/>\n<meta property=\"og:type\" content=\"article\" \/>\n<meta property=\"og:title\" content=\"2604 i Comuni registrati finora al progetto Wi-FI Italia -\" \/>\n<meta property=\"og:description\" content=\"Si \u00e8 tenuto oggi ad Arezzo, nell\u2019ambito dell\u2019Assemblea dell\u2019Associazione nazionale Comuni italiani, l\u2019evento \u201cTerritori connessi. Banda ultra larga e 5G per lo sviluppo delle comunit\u00e0\u201d, organizzato dalla stessa Anci insieme a Fondazione Ugo Bordoni e Infratel. Presente il Sottosegretario Mirella Liuzzi in rappresentanza del MiSE. L&#8217;evento \u00e8 stato occasione per discutere delle pi\u00f9 recenti attivit\u00e0 [&hellip;]\" \/>\n<meta property=\"og:url\" content=\"https:\/\/www.italiaeconomiaonline.it\/web\/2604-i-comuni-registrati-finora-al-progetto-wi-fi-italia\/\" \/>\n<meta property=\"og:site_name\" content=\"ItaliaEconomiaOnline\" \/>\n<meta property=\"article:published_time\" content=\"2019-11-21T14:53:13+00:00\" \/>\n<meta property=\"article:modified_time\" content=\"2019-11-21T15:07:30+00:00\" \/>\n<meta property=\"og:image\" content=\"https:\/\/www.italiaeconomiaonline.it\/web\/wp-content\/uploads\/2019\/11\/liuzzi.jpg\" \/>\n\t<meta property=\"og:image:width\" content=\"800\" \/>\n\t<meta property=\"og:image:height\" content=\"600\" \/>\n\t<meta property=\"og:image:type\" content=\"image\/jpeg\" \/>\n<meta name=\"author\" content=\"ladyitaliaeconomia\" \/>\n<meta name=\"twitter:card\" content=\"summary_large_image\" \/>\n<meta name=\"twitter:label1\" content=\"Scritto da\" \/>\n\t<meta name=\"twitter:data1\" content=\"ladyitaliaeconomia\" \/>\n\t<meta name=\"twitter:label2\" content=\"Tempo di lettura stimato\" \/>\n\t<meta name=\"twitter:data2\" content=\"1 minuto\" \/>\n<script type=\"application\/ld+json\" class=\"yoast-schema-graph\">{\"@context\":\"https:\/\/schema.org\",\"@graph\":[{\"@type\":\"WebPage\",\"@id\":\"https:\/\/www.italiaeconomiaonline.it\/web\/2604-i-comuni-registrati-finora-al-progetto-wi-fi-italia\/\",\"url\":\"https:\/\/www.italiaeconomiaonline.it\/web\/2604-i-comuni-registrati-finora-al-progetto-wi-fi-italia\/\",\"name\":\"2604 i Comuni registrati finora al progetto Wi-FI Italia -\",\"isPartOf\":{\"@id\":\"https:\/\/www.italiaeconomiaonline.it\/web\/#website\"},\"primaryImageOfPage\":{\"@id\":\"https:\/\/www.italiaeconomiaonline.it\/web\/2604-i-comuni-registrati-finora-al-progetto-wi-fi-italia\/#primaryimage\"},\"image\":{\"@id\":\"https:\/\/www.italiaeconomiaonline.it\/web\/2604-i-comuni-registrati-finora-al-progetto-wi-fi-italia\/#primaryimage\"},\"thumbnailUrl\":\"https:\/\/www.italiaeconomiaonline.it\/web\/wp-content\/uploads\/2019\/11\/liuzzi.jpg\",\"datePublished\":\"2019-11-21T14:53:13+00:00\",\"dateModified\":\"2019-11-21T15:07:30+00:00\",\"author\":{\"@id\":\"https:\/\/www.italiaeconomiaonline.it\/web\/#\/schema\/person\/909a49cce752523b020fbc37d5ab1c31\"},\"breadcrumb\":{\"@id\":\"https:\/\/www.italiaeconomiaonline.it\/web\/2604-i-comuni-registrati-finora-al-progetto-wi-fi-italia\/#breadcrumb\"},\"inLanguage\":\"it-IT\",\"potentialAction\":[{\"@type\":\"ReadAction\",\"target\":[\"https:\/\/www.italiaeconomiaonline.it\/web\/2604-i-comuni-registrati-finora-al-progetto-wi-fi-italia\/\"]}]},{\"@type\":\"ImageObject\",\"inLanguage\":\"it-IT\",\"@id\":\"https:\/\/www.italiaeconomiaonline.it\/web\/2604-i-comuni-registrati-finora-al-progetto-wi-fi-italia\/#primaryimage\",\"url\":\"https:\/\/www.italiaeconomiaonline.it\/web\/wp-content\/uploads\/2019\/11\/liuzzi.jpg\",\"contentUrl\":\"https:\/\/www.italiaeconomiaonline.it\/web\/wp-content\/uploads\/2019\/11\/liuzzi.jpg\",\"width\":800,\"height\":600},{\"@type\":\"BreadcrumbList\",\"@id\":\"https:\/\/www.italiaeconomiaonline.it\/web\/2604-i-comuni-registrati-finora-al-progetto-wi-fi-italia\/#breadcrumb\",\"itemListElement\":[{\"@type\":\"ListItem\",\"position\":1,\"name\":\"Home\",\"item\":\"https:\/\/www.italiaeconomiaonline.it\/web\/\"},{\"@type\":\"ListItem\",\"position\":2,\"name\":\"2604 i Comuni registrati finora al progetto Wi-FI Italia\"}]},{\"@type\":\"WebSite\",\"@id\":\"https:\/\/www.italiaeconomiaonline.it\/web\/#website\",\"url\":\"https:\/\/www.italiaeconomiaonline.it\/web\/\",\"name\":\"ItaliaEconomiaOnline\",\"description\":\"Quotidiano Economico Online\",\"potentialAction\":[{\"@type\":\"SearchAction\",\"target\":{\"@type\":\"EntryPoint\",\"urlTemplate\":\"https:\/\/www.italiaeconomiaonline.it\/web\/?s={search_term_string}\"},\"query-input\":\"required name=search_term_string\"}],\"inLanguage\":\"it-IT\"},{\"@type\":\"Person\",\"@id\":\"https:\/\/www.italiaeconomiaonline.it\/web\/#\/schema\/person\/909a49cce752523b020fbc37d5ab1c31\",\"name\":\"ladyitaliaeconomia\",\"image\":{\"@type\":\"ImageObject\",\"inLanguage\":\"it-IT\",\"@id\":\"https:\/\/www.italiaeconomiaonline.it\/web\/#\/schema\/person\/image\/\",\"url\":\"https:\/\/secure.gravatar.com\/avatar\/cedca10ce7416a579b9fa6bce9c0a8f2?s=96&d=mm&r=g\",\"contentUrl\":\"https:\/\/secure.gravatar.com\/avatar\/cedca10ce7416a579b9fa6bce9c0a8f2?s=96&d=mm&r=g\",\"caption\":\"ladyitaliaeconomia\"},\"url\":\"https:\/\/www.italiaeconomiaonline.it\/web\/author\/ladyitaliaeconomia\/\"}]}<\/script>\n<!-- \/ Yoast SEO plugin. -->","yoast_head_json":{"title":"2604 i Comuni registrati finora al progetto Wi-FI Italia -","robots":{"index":"index","follow":"follow","max-snippet":"max-snippet:-1","max-image-preview":"max-image-preview:large","max-video-preview":"max-video-preview:-1"},"canonical":"https:\/\/www.italiaeconomiaonline.it\/web\/2604-i-comuni-registrati-finora-al-progetto-wi-fi-italia\/","og_locale":"it_IT","og_type":"article","og_title":"2604 i Comuni registrati finora al progetto Wi-FI Italia -","og_description":"Si \u00e8 tenuto oggi ad Arezzo, nell\u2019ambito dell\u2019Assemblea dell\u2019Associazione nazionale Comuni italiani, l\u2019evento \u201cTerritori connessi. Banda ultra larga e 5G per lo sviluppo delle comunit\u00e0\u201d, organizzato dalla stessa Anci insieme a Fondazione Ugo Bordoni e Infratel. Presente il Sottosegretario Mirella Liuzzi in rappresentanza del MiSE. L&#8217;evento \u00e8 stato occasione per discutere delle pi\u00f9 recenti attivit\u00e0 [&hellip;]","og_url":"https:\/\/www.italiaeconomiaonline.it\/web\/2604-i-comuni-registrati-finora-al-progetto-wi-fi-italia\/","og_site_name":"ItaliaEconomiaOnline","article_published_time":"2019-11-21T14:53:13+00:00","article_modified_time":"2019-11-21T15:07:30+00:00","og_image":[{"width":800,"height":600,"url":"https:\/\/www.italiaeconomiaonline.it\/web\/wp-content\/uploads\/2019\/11\/liuzzi.jpg","type":"image\/jpeg"}],"author":"ladyitaliaeconomia","twitter_card":"summary_large_image","twitter_misc":{"Scritto da":"ladyitaliaeconomia","Tempo di lettura stimato":"1 minuto"},"schema":{"@context":"https:\/\/schema.org","@graph":[{"@type":"WebPage","@id":"https:\/\/www.italiaeconomiaonline.it\/web\/2604-i-comuni-registrati-finora-al-progetto-wi-fi-italia\/","url":"https:\/\/www.italiaeconomiaonline.it\/web\/2604-i-comuni-registrati-finora-al-progetto-wi-fi-italia\/","name":"2604 i Comuni registrati finora al progetto Wi-FI Italia -","isPartOf":{"@id":"https:\/\/www.italiaeconomiaonline.it\/web\/#website"},"primaryImageOfPage":{"@id":"https:\/\/www.italiaeconomiaonline.it\/web\/2604-i-comuni-registrati-finora-al-progetto-wi-fi-italia\/#primaryimage"},"image":{"@id":"https:\/\/www.italiaeconomiaonline.it\/web\/2604-i-comuni-registrati-finora-al-progetto-wi-fi-italia\/#primaryimage"},"thumbnailUrl":"https:\/\/www.italiaeconomiaonline.it\/web\/wp-content\/uploads\/2019\/11\/liuzzi.jpg","datePublished":"2019-11-21T14:53:13+00:00","dateModified":"2019-11-21T15:07:30+00:00","author":{"@id":"https:\/\/www.italiaeconomiaonline.it\/web\/#\/schema\/person\/909a49cce752523b020fbc37d5ab1c31"},"breadcrumb":{"@id":"https:\/\/www.italiaeconomiaonline.it\/web\/2604-i-comuni-registrati-finora-al-progetto-wi-fi-italia\/#breadcrumb"},"inLanguage":"it-IT","potentialAction":[{"@type":"ReadAction","target":["https:\/\/www.italiaeconomiaonline.it\/web\/2604-i-comuni-registrati-finora-al-progetto-wi-fi-italia\/"]}]},{"@type":"ImageObject","inLanguage":"it-IT","@id":"https:\/\/www.italiaeconomiaonline.it\/web\/2604-i-comuni-registrati-finora-al-progetto-wi-fi-italia\/#primaryimage","url":"https:\/\/www.italiaeconomiaonline.it\/web\/wp-content\/uploads\/2019\/11\/liuzzi.jpg","contentUrl":"https:\/\/www.italiaeconomiaonline.it\/web\/wp-content\/uploads\/2019\/11\/liuzzi.jpg","width":800,"height":600},{"@type":"BreadcrumbList","@id":"https:\/\/www.italiaeconomiaonline.it\/web\/2604-i-comuni-registrati-finora-al-progetto-wi-fi-italia\/#breadcrumb","itemListElement":[{"@type":"ListItem","position":1,"name":"Home","item":"https:\/\/www.italiaeconomiaonline.it\/web\/"},{"@type":"ListItem","position":2,"name":"2604 i Comuni registrati finora al progetto Wi-FI Italia"}]},{"@type":"WebSite","@id":"https:\/\/www.italiaeconomiaonline.it\/web\/#website","url":"https:\/\/www.italiaeconomiaonline.it\/web\/","name":"ItaliaEconomiaOnline","description":"Quotidiano Economico Online","potentialAction":[{"@type":"SearchAction","target":{"@type":"EntryPoint","urlTemplate":"https:\/\/www.italiaeconomiaonline.it\/web\/?s={search_term_string}"},"query-input":"required name=search_term_string"}],"inLanguage":"it-IT"},{"@type":"Person","@id":"https:\/\/www.italiaeconomiaonline.it\/web\/#\/schema\/person\/909a49cce752523b020fbc37d5ab1c31","name":"ladyitaliaeconomia","image":{"@type":"ImageObject","inLanguage":"it-IT","@id":"https:\/\/www.italiaeconomiaonline.it\/web\/#\/schema\/person\/image\/","url":"https:\/\/secure.gravatar.com\/avatar\/cedca10ce7416a579b9fa6bce9c0a8f2?s=96&d=mm&r=g","contentUrl":"https:\/\/secure.gravatar.com\/avatar\/cedca10ce7416a579b9fa6bce9c0a8f2?s=96&d=mm&r=g","caption":"ladyitaliaeconomia"},"url":"https:\/\/www.italiaeconomiaonline.it\/web\/author\/ladyitaliaeconomia\/"}]}},"_links":{"self":[{"href":"https:\/\/www.italiaeconomiaonline.it\/web\/wp-json\/wp\/v2\/posts\/2085"}],"collection":[{"href":"https:\/\/www.italiaeconomiaonline.it\/web\/wp-json\/wp\/v2\/posts"}],"about":[{"href":"https:\/\/www.italiaeconomiaonline.it\/web\/wp-json\/wp\/v2\/types\/post"}],"author":[{"embeddable":true,"href":"https:\/\/www.italiaeconomiaonline.it\/web\/wp-json\/wp\/v2\/users\/1"}],"replies":[{"embeddable":true,"href":"https:\/\/www.italiaeconomiaonline.it\/web\/wp-json\/wp\/v2\/comments?post=2085"}],"version-history":[{"count":1,"href":"https:\/\/www.italiaeconomiaonline.it\/web\/wp-json\/wp\/v2\/posts\/2085\/revisions"}],"predecessor-version":[{"id":2087,"href":"https:\/\/www.italiaeconomiaonline.it\/web\/wp-json\/wp\/v2\/posts\/2085\/revisions\/2087"}],"wp:featuredmedia":[{"embeddable":true,"href":"https:\/\/www.italiaeconomiaonline.it\/web\/wp-json\/wp\/v2\/media\/2086"}],"wp:attachment":[{"href":"https:\/\/www.italiaeconomiaonline.it\/web\/wp-json\/wp\/v2\/media?parent=2085"}],"wp:term":[{"taxonomy":"category","embeddable":true,"href":"https:\/\/www.italiaeconomiaonline.it\/web\/wp-json\/wp\/v2\/categories?post=2085"},{"taxonomy":"post_tag","embeddable":true,"href":"https:\/\/www.italiaeconomiaonline.it\/web\/wp-json\/wp\/v2\/tags?post=2085"}],"curies":[{"name":"wp","href":"https:\/\/api.w.org\/{rel}","templated":true}]}}