{"id":2115,"date":"2019-11-29T12:01:03","date_gmt":"2019-11-29T11:01:03","guid":{"rendered":"http:\/\/www.italiaeconomiaonline.it\/web\/?p=2115"},"modified":"2019-11-29T12:01:03","modified_gmt":"2019-11-29T11:01:03","slug":"istat-a-ottobre-crescita-degli-occupati-46mila-unita","status":"publish","type":"post","link":"https:\/\/www.italiaeconomiaonline.it\/web\/istat-a-ottobre-crescita-degli-occupati-46mila-unita\/","title":{"rendered":"Istat, a ottobre crescita degli occupati +46mila unit\u00e0"},"content":{"rendered":"<p><span class=\"dropcap dropcap3\">A<\/span> ottobre 2019 la stima degli occupati risulta in crescita (+0,2%, pari a +46 mila unit\u00e0) rispetto a settembre. Il tasso di occupazione sale al 59,2% (+0,1 punti percentuali).<\/p>\n<p>L\u2019occupazione \u00e8 in aumento per entrambe le componenti di genere; cresce tra gli over 35 (+49 mila), cala lievemente tra i 25-34enni ed \u00e8 stabile tra gli under 25. L\u2019incremento dell\u2019occupazione \u00e8 dovuto alla crescita degli indipendenti (+38 mila) e dei dipendenti a termine (+6 mila) mentre risultano sostanzialmente stabili i dipendenti permanenti.<\/p>\n<p>Le persone in cerca di occupazione sono in diminuzione (-1,7%, pari a -44 mila unit\u00e0 nell\u2019ultimo mese). L\u2019andamento della disoccupazione \u00e8 sintesi di un marcato calo per gli uomini (-3,9%, pari a -52 mila unit\u00e0) e di un lieve aumento tra la donne (+0,7%, pari a +8 mila unit\u00e0), e coinvolge tutte le classi d\u2019et\u00e0 tranne gli ultracinquantenni. Il tasso di disoccupazione scende al 9,7% (-0,2 punti percentuali).<\/p>\n<p>La stima complessiva degli inattivi tra i 15 e i 64 anni a ottobre \u00e8 in aumento (+0,2%, pari a +25 mila unit\u00e0), l\u2019andamento \u00e8 sintesi della crescita della componente maschile e della diminuzione di quella femminile. Il tasso di inattivit\u00e0 sale al 34,3% (+0,1 punti percentuali).<\/p>\n<p>Nel trimestre agosto-ottobre l\u2019occupazione nel complesso \u00e8 sostanzialmente stabile rispetto al trimestre precedente, con una leggera crescita della componente femminile. Nello stesso periodo aumentano i dipendenti a termine (+1,2%, +38 mila) e sono sostanzialmente stabili i permanenti, mentre risultano in calo gli indipendenti (-0,7%, -40 mila); si registrano segnali positivi per i 25-34enni e per gli over 50, negativi nelle altre classi.<\/p>\n<p>Oltre agli occupati, nel trimestre si rileva stabile anche il numero di inattivi tra i 15 e i 64 anni, mentre risultano in calo le persone in cerca di occupazione (-1,9%, pari a -50 mila).<\/p>\n<p>Su base annua l\u2019occupazione risulta in crescita (+0,9%, pari a +217 mila unit\u00e0). L\u2019espansione riguarda sia donne sia uomini e tutte le classi d\u2019et\u00e0 tranne i 35-49enni. Al netto della componente demografica la variazione \u00e8 positiva per tutte le classi di et\u00e0. La crescita nell\u2019anno \u00e8 trainata dai dipendenti (+231 mila unit\u00e0 nel complesso) e in particolare dai permanenti (+181 mila), mentre calano gli indipendenti (-15 mila).<\/p>\n<p>Nell\u2019arco dei dodici mesi, la crescita degli occupati si accompagna a un calo sia dei disoccupati (-9,7%, pari a -269 mila unit\u00e0) sia degli inattivi tra i 15 e i 64 anni (-0,4%, pari a -49 mila).<\/p>\n<p>&nbsp;<\/p>\n","protected":false},"excerpt":{"rendered":"<p>A ottobre 2019 la stima degli occupati risulta in crescita (+0,2%, pari a +46 mila unit\u00e0) rispetto a settembre. Il tasso di occupazione sale al 59,2% (+0,1 punti percentuali). L\u2019occupazione \u00e8 in aumento per entrambe le componenti di genere; cresce tra gli over 35 (+49 mila), cala lievemente tra i 25-34enni ed \u00e8 stabile tra [&hellip;]<\/p>\n","protected":false},"author":1,"featured_media":1600,"comment_status":"closed","ping_status":"open","sticky":false,"template":"","format":"standard","meta":{"footnotes":""},"categories":[28],"tags":[268,102,88,267],"yoast_head":"<!-- This site is optimized with the Yoast SEO plugin v22.2 - https:\/\/yoast.com\/wordpress\/plugins\/seo\/ -->\n<title>Istat, a ottobre crescita degli occupati +46mila unit\u00e0 -<\/title>\n<meta name=\"robots\" content=\"index, follow, max-snippet:-1, max-image-preview:large, max-video-preview:-1\" \/>\n<link rel=\"canonical\" href=\"https:\/\/www.italiaeconomiaonline.it\/web\/istat-a-ottobre-crescita-degli-occupati-46mila-unita\/\" \/>\n<meta property=\"og:locale\" content=\"it_IT\" \/>\n<meta property=\"og:type\" content=\"article\" \/>\n<meta property=\"og:title\" content=\"Istat, a ottobre crescita degli occupati +46mila unit\u00e0 -\" \/>\n<meta property=\"og:description\" content=\"A ottobre 2019 la stima degli occupati risulta in crescita (+0,2%, pari a +46 mila unit\u00e0) rispetto a settembre. Il tasso di occupazione sale al 59,2% (+0,1 punti percentuali). L\u2019occupazione \u00e8 in aumento per entrambe le componenti di genere; cresce tra gli over 35 (+49 mila), cala lievemente tra i 25-34enni ed \u00e8 stabile tra [&hellip;]\" \/>\n<meta property=\"og:url\" content=\"https:\/\/www.italiaeconomiaonline.it\/web\/istat-a-ottobre-crescita-degli-occupati-46mila-unita\/\" \/>\n<meta property=\"og:site_name\" content=\"ItaliaEconomiaOnline\" \/>\n<meta property=\"article:published_time\" content=\"2019-11-29T11:01:03+00:00\" \/>\n<meta property=\"og:image\" content=\"https:\/\/www.italiaeconomiaonline.it\/web\/wp-content\/uploads\/2019\/08\/Lavoro5.jpg\" \/>\n\t<meta property=\"og:image:width\" content=\"510\" \/>\n\t<meta property=\"og:image:height\" content=\"340\" \/>\n\t<meta property=\"og:image:type\" content=\"image\/jpeg\" \/>\n<meta name=\"author\" content=\"ladyitaliaeconomia\" \/>\n<meta name=\"twitter:card\" content=\"summary_large_image\" \/>\n<meta name=\"twitter:label1\" content=\"Scritto da\" \/>\n\t<meta name=\"twitter:data1\" content=\"ladyitaliaeconomia\" \/>\n\t<meta name=\"twitter:label2\" content=\"Tempo di lettura stimato\" \/>\n\t<meta name=\"twitter:data2\" content=\"2 minuti\" \/>\n<script type=\"application\/ld+json\" class=\"yoast-schema-graph\">{\"@context\":\"https:\/\/schema.org\",\"@graph\":[{\"@type\":\"WebPage\",\"@id\":\"https:\/\/www.italiaeconomiaonline.it\/web\/istat-a-ottobre-crescita-degli-occupati-46mila-unita\/\",\"url\":\"https:\/\/www.italiaeconomiaonline.it\/web\/istat-a-ottobre-crescita-degli-occupati-46mila-unita\/\",\"name\":\"Istat, a ottobre crescita degli occupati +46mila unit\u00e0 -\",\"isPartOf\":{\"@id\":\"https:\/\/www.italiaeconomiaonline.it\/web\/#website\"},\"primaryImageOfPage\":{\"@id\":\"https:\/\/www.italiaeconomiaonline.it\/web\/istat-a-ottobre-crescita-degli-occupati-46mila-unita\/#primaryimage\"},\"image\":{\"@id\":\"https:\/\/www.italiaeconomiaonline.it\/web\/istat-a-ottobre-crescita-degli-occupati-46mila-unita\/#primaryimage\"},\"thumbnailUrl\":\"https:\/\/www.italiaeconomiaonline.it\/web\/wp-content\/uploads\/2019\/08\/Lavoro5.jpg\",\"datePublished\":\"2019-11-29T11:01:03+00:00\",\"dateModified\":\"2019-11-29T11:01:03+00:00\",\"author\":{\"@id\":\"https:\/\/www.italiaeconomiaonline.it\/web\/#\/schema\/person\/909a49cce752523b020fbc37d5ab1c31\"},\"breadcrumb\":{\"@id\":\"https:\/\/www.italiaeconomiaonline.it\/web\/istat-a-ottobre-crescita-degli-occupati-46mila-unita\/#breadcrumb\"},\"inLanguage\":\"it-IT\",\"potentialAction\":[{\"@type\":\"ReadAction\",\"target\":[\"https:\/\/www.italiaeconomiaonline.it\/web\/istat-a-ottobre-crescita-degli-occupati-46mila-unita\/\"]}]},{\"@type\":\"ImageObject\",\"inLanguage\":\"it-IT\",\"@id\":\"https:\/\/www.italiaeconomiaonline.it\/web\/istat-a-ottobre-crescita-degli-occupati-46mila-unita\/#primaryimage\",\"url\":\"https:\/\/www.italiaeconomiaonline.it\/web\/wp-content\/uploads\/2019\/08\/Lavoro5.jpg\",\"contentUrl\":\"https:\/\/www.italiaeconomiaonline.it\/web\/wp-content\/uploads\/2019\/08\/Lavoro5.jpg\",\"width\":510,\"height\":340},{\"@type\":\"BreadcrumbList\",\"@id\":\"https:\/\/www.italiaeconomiaonline.it\/web\/istat-a-ottobre-crescita-degli-occupati-46mila-unita\/#breadcrumb\",\"itemListElement\":[{\"@type\":\"ListItem\",\"position\":1,\"name\":\"Home\",\"item\":\"https:\/\/www.italiaeconomiaonline.it\/web\/\"},{\"@type\":\"ListItem\",\"position\":2,\"name\":\"Istat, a ottobre crescita degli occupati +46mila unit\u00e0\"}]},{\"@type\":\"WebSite\",\"@id\":\"https:\/\/www.italiaeconomiaonline.it\/web\/#website\",\"url\":\"https:\/\/www.italiaeconomiaonline.it\/web\/\",\"name\":\"ItaliaEconomiaOnline\",\"description\":\"Quotidiano Economico Online\",\"potentialAction\":[{\"@type\":\"SearchAction\",\"target\":{\"@type\":\"EntryPoint\",\"urlTemplate\":\"https:\/\/www.italiaeconomiaonline.it\/web\/?s={search_term_string}\"},\"query-input\":\"required name=search_term_string\"}],\"inLanguage\":\"it-IT\"},{\"@type\":\"Person\",\"@id\":\"https:\/\/www.italiaeconomiaonline.it\/web\/#\/schema\/person\/909a49cce752523b020fbc37d5ab1c31\",\"name\":\"ladyitaliaeconomia\",\"image\":{\"@type\":\"ImageObject\",\"inLanguage\":\"it-IT\",\"@id\":\"https:\/\/www.italiaeconomiaonline.it\/web\/#\/schema\/person\/image\/\",\"url\":\"https:\/\/secure.gravatar.com\/avatar\/cedca10ce7416a579b9fa6bce9c0a8f2?s=96&d=mm&r=g\",\"contentUrl\":\"https:\/\/secure.gravatar.com\/avatar\/cedca10ce7416a579b9fa6bce9c0a8f2?s=96&d=mm&r=g\",\"caption\":\"ladyitaliaeconomia\"},\"url\":\"https:\/\/www.italiaeconomiaonline.it\/web\/author\/ladyitaliaeconomia\/\"}]}<\/script>\n<!-- \/ Yoast SEO plugin. -->","yoast_head_json":{"title":"Istat, a ottobre crescita degli occupati +46mila unit\u00e0 -","robots":{"index":"index","follow":"follow","max-snippet":"max-snippet:-1","max-image-preview":"max-image-preview:large","max-video-preview":"max-video-preview:-1"},"canonical":"https:\/\/www.italiaeconomiaonline.it\/web\/istat-a-ottobre-crescita-degli-occupati-46mila-unita\/","og_locale":"it_IT","og_type":"article","og_title":"Istat, a ottobre crescita degli occupati +46mila unit\u00e0 -","og_description":"A ottobre 2019 la stima degli occupati risulta in crescita (+0,2%, pari a +46 mila unit\u00e0) rispetto a settembre. Il tasso di occupazione sale al 59,2% (+0,1 punti percentuali). L\u2019occupazione \u00e8 in aumento per entrambe le componenti di genere; cresce tra gli over 35 (+49 mila), cala lievemente tra i 25-34enni ed \u00e8 stabile tra [&hellip;]","og_url":"https:\/\/www.italiaeconomiaonline.it\/web\/istat-a-ottobre-crescita-degli-occupati-46mila-unita\/","og_site_name":"ItaliaEconomiaOnline","article_published_time":"2019-11-29T11:01:03+00:00","og_image":[{"width":510,"height":340,"url":"https:\/\/www.italiaeconomiaonline.it\/web\/wp-content\/uploads\/2019\/08\/Lavoro5.jpg","type":"image\/jpeg"}],"author":"ladyitaliaeconomia","twitter_card":"summary_large_image","twitter_misc":{"Scritto da":"ladyitaliaeconomia","Tempo di lettura stimato":"2 minuti"},"schema":{"@context":"https:\/\/schema.org","@graph":[{"@type":"WebPage","@id":"https:\/\/www.italiaeconomiaonline.it\/web\/istat-a-ottobre-crescita-degli-occupati-46mila-unita\/","url":"https:\/\/www.italiaeconomiaonline.it\/web\/istat-a-ottobre-crescita-degli-occupati-46mila-unita\/","name":"Istat, a ottobre crescita degli occupati +46mila unit\u00e0 -","isPartOf":{"@id":"https:\/\/www.italiaeconomiaonline.it\/web\/#website"},"primaryImageOfPage":{"@id":"https:\/\/www.italiaeconomiaonline.it\/web\/istat-a-ottobre-crescita-degli-occupati-46mila-unita\/#primaryimage"},"image":{"@id":"https:\/\/www.italiaeconomiaonline.it\/web\/istat-a-ottobre-crescita-degli-occupati-46mila-unita\/#primaryimage"},"thumbnailUrl":"https:\/\/www.italiaeconomiaonline.it\/web\/wp-content\/uploads\/2019\/08\/Lavoro5.jpg","datePublished":"2019-11-29T11:01:03+00:00","dateModified":"2019-11-29T11:01:03+00:00","author":{"@id":"https:\/\/www.italiaeconomiaonline.it\/web\/#\/schema\/person\/909a49cce752523b020fbc37d5ab1c31"},"breadcrumb":{"@id":"https:\/\/www.italiaeconomiaonline.it\/web\/istat-a-ottobre-crescita-degli-occupati-46mila-unita\/#breadcrumb"},"inLanguage":"it-IT","potentialAction":[{"@type":"ReadAction","target":["https:\/\/www.italiaeconomiaonline.it\/web\/istat-a-ottobre-crescita-degli-occupati-46mila-unita\/"]}]},{"@type":"ImageObject","inLanguage":"it-IT","@id":"https:\/\/www.italiaeconomiaonline.it\/web\/istat-a-ottobre-crescita-degli-occupati-46mila-unita\/#primaryimage","url":"https:\/\/www.italiaeconomiaonline.it\/web\/wp-content\/uploads\/2019\/08\/Lavoro5.jpg","contentUrl":"https:\/\/www.italiaeconomiaonline.it\/web\/wp-content\/uploads\/2019\/08\/Lavoro5.jpg","width":510,"height":340},{"@type":"BreadcrumbList","@id":"https:\/\/www.italiaeconomiaonline.it\/web\/istat-a-ottobre-crescita-degli-occupati-46mila-unita\/#breadcrumb","itemListElement":[{"@type":"ListItem","position":1,"name":"Home","item":"https:\/\/www.italiaeconomiaonline.it\/web\/"},{"@type":"ListItem","position":2,"name":"Istat, a ottobre crescita degli occupati +46mila unit\u00e0"}]},{"@type":"WebSite","@id":"https:\/\/www.italiaeconomiaonline.it\/web\/#website","url":"https:\/\/www.italiaeconomiaonline.it\/web\/","name":"ItaliaEconomiaOnline","description":"Quotidiano Economico Online","potentialAction":[{"@type":"SearchAction","target":{"@type":"EntryPoint","urlTemplate":"https:\/\/www.italiaeconomiaonline.it\/web\/?s={search_term_string}"},"query-input":"required name=search_term_string"}],"inLanguage":"it-IT"},{"@type":"Person","@id":"https:\/\/www.italiaeconomiaonline.it\/web\/#\/schema\/person\/909a49cce752523b020fbc37d5ab1c31","name":"ladyitaliaeconomia","image":{"@type":"ImageObject","inLanguage":"it-IT","@id":"https:\/\/www.italiaeconomiaonline.it\/web\/#\/schema\/person\/image\/","url":"https:\/\/secure.gravatar.com\/avatar\/cedca10ce7416a579b9fa6bce9c0a8f2?s=96&d=mm&r=g","contentUrl":"https:\/\/secure.gravatar.com\/avatar\/cedca10ce7416a579b9fa6bce9c0a8f2?s=96&d=mm&r=g","caption":"ladyitaliaeconomia"},"url":"https:\/\/www.italiaeconomiaonline.it\/web\/author\/ladyitaliaeconomia\/"}]}},"_links":{"self":[{"href":"https:\/\/www.italiaeconomiaonline.it\/web\/wp-json\/wp\/v2\/posts\/2115"}],"collection":[{"href":"https:\/\/www.italiaeconomiaonline.it\/web\/wp-json\/wp\/v2\/posts"}],"about":[{"href":"https:\/\/www.italiaeconomiaonline.it\/web\/wp-json\/wp\/v2\/types\/post"}],"author":[{"embeddable":true,"href":"https:\/\/www.italiaeconomiaonline.it\/web\/wp-json\/wp\/v2\/users\/1"}],"replies":[{"embeddable":true,"href":"https:\/\/www.italiaeconomiaonline.it\/web\/wp-json\/wp\/v2\/comments?post=2115"}],"version-history":[{"count":1,"href":"https:\/\/www.italiaeconomiaonline.it\/web\/wp-json\/wp\/v2\/posts\/2115\/revisions"}],"predecessor-version":[{"id":2116,"href":"https:\/\/www.italiaeconomiaonline.it\/web\/wp-json\/wp\/v2\/posts\/2115\/revisions\/2116"}],"wp:featuredmedia":[{"embeddable":true,"href":"https:\/\/www.italiaeconomiaonline.it\/web\/wp-json\/wp\/v2\/media\/1600"}],"wp:attachment":[{"href":"https:\/\/www.italiaeconomiaonline.it\/web\/wp-json\/wp\/v2\/media?parent=2115"}],"wp:term":[{"taxonomy":"category","embeddable":true,"href":"https:\/\/www.italiaeconomiaonline.it\/web\/wp-json\/wp\/v2\/categories?post=2115"},{"taxonomy":"post_tag","embeddable":true,"href":"https:\/\/www.italiaeconomiaonline.it\/web\/wp-json\/wp\/v2\/tags?post=2115"}],"curies":[{"name":"wp","href":"https:\/\/api.w.org\/{rel}","templated":true}]}}