{"id":2142,"date":"2019-12-05T15:33:00","date_gmt":"2019-12-05T14:33:00","guid":{"rendered":"http:\/\/www.italiaeconomiaonline.it\/web\/?p=2142"},"modified":"2019-12-05T15:33:00","modified_gmt":"2019-12-05T14:33:00","slug":"divario-digitale-al-via-il-progetto-nessuno-e-scluso-tecnologia-disabilita-e-poverta","status":"publish","type":"post","link":"https:\/\/www.italiaeconomiaonline.it\/web\/divario-digitale-al-via-il-progetto-nessuno-e-scluso-tecnologia-disabilita-e-poverta\/","title":{"rendered":"Divario digitale, al via il progetto &#8220;Nessuno E-scluso: tecnologia, disabilit\u00e0 e povert\u00e0&#8221;"},"content":{"rendered":"<p><span class=\"dropcap dropcap3\"> I<\/span>l <em>digital divide<\/em>, purtroppo, nel nostro Paese \u00e8 ancora una realt\u00e0. L\u2019analfabetismo digitale \u00e8 molto elevato soprattutto nelle fasce d&#8217;et\u00e0 pi\u00f9 avanzate, con un\u2019evidente frattura generazionale, ma anche nelle persone con bassa scolarizzazione, con disabilit\u00e0 e che vivono in contesti socio-economici svantaggiati.<\/p>\n<p>In questo contesto, il <em>digital divide<\/em> si aggiunge alle gi\u00e0 difficili condizioni socio-economiche di queste fasce di popolazione privandole di molte opportunit\u00e0 e diritti, esponendole, quindi, maggiormente alle frodi e ai pericoli provenienti dai canali digitali, perch\u00e9 non in possesso delle dovute conoscenze.<\/p>\n<p>Dalla volont\u00e0 di colmare il divario esistente tra potenzialit\u00e0 e accessibilit\u00e0 della tecnologia nasce il progetto \u201c<strong>Nessuno E-scluso: Tecnologia \u2013 Disabilit\u00e0 \u2013 Povert\u00e0<\/strong>\u201d, che <strong>Adiconsum<\/strong> realizza in sinergia con <strong>Assoutenti, Lega Consumatori e Centro Tutela Consumatori Utenti di Bolzano<\/strong>, grazie al contributo del <strong>Ministero dello Sviluppo Economico<\/strong> (ai sensi del D.M. 7-2-18).<\/p>\n<p>Il progetto intende fornire informazione e tutela ai consumatori con l\u2019obiettivo di arginare \u201cfattori di esclusione\u201d come disabilit\u00e0, povert\u00e0 e scarsa conoscenza delle tecnologie digitali che spesso impediscono o limitano le attivit\u00e0 pi\u00f9 semplici e la conoscenza di informazioni che potrebbero migliorare la qualit\u00e0 di vita delle persone.<\/p>\n<p>Nell\u2019ambito di \u201c<strong>Nessuno E-scluso<\/strong>\u201d, <strong>Adiconsum<\/strong> ha dato il via alle attivit\u00e0 previste dal progetto, che consistono nell\u2019erogazione dei seguenti servizi a tutti i cittadini:<\/p>\n<p>\u00b7 <strong>una rete di sportelli \u201cAntenna\u201d<\/strong> locali\u00a0dove dei <em>Consumer Assistant,<\/em> operatori qualificati e adeguatamente formati, forniscono orientamento e supporto ai cittadini per abbattere le barriere informative sul web<br \/>\n\u00b7\u00a0 <strong>uno sportello virtuale<\/strong> sotto forma di <strong>chat online<\/strong> accessibile dall&#8217;homepage del sito, disponibile dal luned\u00ec al venerd\u00ec dalle 10 alle 12.30<br \/>\n\u00b7\u00a0 un indirizzo <a href=\"nessunoescluso@adiconsum.it\">email dedicato<\/a><\/p>\n","protected":false},"excerpt":{"rendered":"<p>Il digital divide, purtroppo, nel nostro Paese \u00e8 ancora una realt\u00e0. L\u2019analfabetismo digitale \u00e8 molto elevato soprattutto nelle fasce d&#8217;et\u00e0 pi\u00f9 avanzate, con un\u2019evidente frattura generazionale, ma anche nelle persone con bassa scolarizzazione, con disabilit\u00e0 e che vivono in contesti socio-economici svantaggiati. In questo contesto, il digital divide si aggiunge alle gi\u00e0 difficili condizioni socio-economiche [&hellip;]<\/p>\n","protected":false},"author":1,"featured_media":952,"comment_status":"closed","ping_status":"open","sticky":false,"template":"","format":"standard","meta":{"footnotes":""},"categories":[309],"tags":[],"yoast_head":"<!-- This site is optimized with the Yoast SEO plugin v22.2 - https:\/\/yoast.com\/wordpress\/plugins\/seo\/ -->\n<title>Divario digitale, al via il progetto &quot;Nessuno E-scluso: tecnologia, disabilit\u00e0 e povert\u00e0&quot; -<\/title>\n<meta name=\"robots\" content=\"index, follow, max-snippet:-1, max-image-preview:large, max-video-preview:-1\" \/>\n<link rel=\"canonical\" href=\"https:\/\/www.italiaeconomiaonline.it\/web\/divario-digitale-al-via-il-progetto-nessuno-e-scluso-tecnologia-disabilita-e-poverta\/\" \/>\n<meta property=\"og:locale\" content=\"it_IT\" \/>\n<meta property=\"og:type\" content=\"article\" \/>\n<meta property=\"og:title\" content=\"Divario digitale, al via il progetto &quot;Nessuno E-scluso: tecnologia, disabilit\u00e0 e povert\u00e0&quot; -\" \/>\n<meta property=\"og:description\" content=\"Il digital divide, purtroppo, nel nostro Paese \u00e8 ancora una realt\u00e0. L\u2019analfabetismo digitale \u00e8 molto elevato soprattutto nelle fasce d&#8217;et\u00e0 pi\u00f9 avanzate, con un\u2019evidente frattura generazionale, ma anche nelle persone con bassa scolarizzazione, con disabilit\u00e0 e che vivono in contesti socio-economici svantaggiati. In questo contesto, il digital divide si aggiunge alle gi\u00e0 difficili condizioni socio-economiche [&hellip;]\" \/>\n<meta property=\"og:url\" content=\"https:\/\/www.italiaeconomiaonline.it\/web\/divario-digitale-al-via-il-progetto-nessuno-e-scluso-tecnologia-disabilita-e-poverta\/\" \/>\n<meta property=\"og:site_name\" content=\"ItaliaEconomiaOnline\" \/>\n<meta property=\"article:published_time\" content=\"2019-12-05T14:33:00+00:00\" \/>\n<meta property=\"og:image\" content=\"https:\/\/www.italiaeconomiaonline.it\/web\/wp-content\/uploads\/2019\/06\/lavoro-1.jpg\" \/>\n\t<meta property=\"og:image:width\" content=\"960\" \/>\n\t<meta property=\"og:image:height\" content=\"640\" \/>\n\t<meta property=\"og:image:type\" content=\"image\/jpeg\" \/>\n<meta name=\"author\" content=\"ladyitaliaeconomia\" \/>\n<meta name=\"twitter:card\" content=\"summary_large_image\" \/>\n<meta name=\"twitter:label1\" content=\"Scritto da\" \/>\n\t<meta name=\"twitter:data1\" content=\"ladyitaliaeconomia\" \/>\n\t<meta name=\"twitter:label2\" content=\"Tempo di lettura stimato\" \/>\n\t<meta name=\"twitter:data2\" content=\"1 minuto\" \/>\n<script type=\"application\/ld+json\" class=\"yoast-schema-graph\">{\"@context\":\"https:\/\/schema.org\",\"@graph\":[{\"@type\":\"WebPage\",\"@id\":\"https:\/\/www.italiaeconomiaonline.it\/web\/divario-digitale-al-via-il-progetto-nessuno-e-scluso-tecnologia-disabilita-e-poverta\/\",\"url\":\"https:\/\/www.italiaeconomiaonline.it\/web\/divario-digitale-al-via-il-progetto-nessuno-e-scluso-tecnologia-disabilita-e-poverta\/\",\"name\":\"Divario digitale, al via il progetto \\\"Nessuno E-scluso: tecnologia, disabilit\u00e0 e povert\u00e0\\\" -\",\"isPartOf\":{\"@id\":\"https:\/\/www.italiaeconomiaonline.it\/web\/#website\"},\"primaryImageOfPage\":{\"@id\":\"https:\/\/www.italiaeconomiaonline.it\/web\/divario-digitale-al-via-il-progetto-nessuno-e-scluso-tecnologia-disabilita-e-poverta\/#primaryimage\"},\"image\":{\"@id\":\"https:\/\/www.italiaeconomiaonline.it\/web\/divario-digitale-al-via-il-progetto-nessuno-e-scluso-tecnologia-disabilita-e-poverta\/#primaryimage\"},\"thumbnailUrl\":\"https:\/\/www.italiaeconomiaonline.it\/web\/wp-content\/uploads\/2019\/06\/lavoro-1.jpg\",\"datePublished\":\"2019-12-05T14:33:00+00:00\",\"dateModified\":\"2019-12-05T14:33:00+00:00\",\"author\":{\"@id\":\"https:\/\/www.italiaeconomiaonline.it\/web\/#\/schema\/person\/909a49cce752523b020fbc37d5ab1c31\"},\"breadcrumb\":{\"@id\":\"https:\/\/www.italiaeconomiaonline.it\/web\/divario-digitale-al-via-il-progetto-nessuno-e-scluso-tecnologia-disabilita-e-poverta\/#breadcrumb\"},\"inLanguage\":\"it-IT\",\"potentialAction\":[{\"@type\":\"ReadAction\",\"target\":[\"https:\/\/www.italiaeconomiaonline.it\/web\/divario-digitale-al-via-il-progetto-nessuno-e-scluso-tecnologia-disabilita-e-poverta\/\"]}]},{\"@type\":\"ImageObject\",\"inLanguage\":\"it-IT\",\"@id\":\"https:\/\/www.italiaeconomiaonline.it\/web\/divario-digitale-al-via-il-progetto-nessuno-e-scluso-tecnologia-disabilita-e-poverta\/#primaryimage\",\"url\":\"https:\/\/www.italiaeconomiaonline.it\/web\/wp-content\/uploads\/2019\/06\/lavoro-1.jpg\",\"contentUrl\":\"https:\/\/www.italiaeconomiaonline.it\/web\/wp-content\/uploads\/2019\/06\/lavoro-1.jpg\",\"width\":960,\"height\":640},{\"@type\":\"BreadcrumbList\",\"@id\":\"https:\/\/www.italiaeconomiaonline.it\/web\/divario-digitale-al-via-il-progetto-nessuno-e-scluso-tecnologia-disabilita-e-poverta\/#breadcrumb\",\"itemListElement\":[{\"@type\":\"ListItem\",\"position\":1,\"name\":\"Home\",\"item\":\"https:\/\/www.italiaeconomiaonline.it\/web\/\"},{\"@type\":\"ListItem\",\"position\":2,\"name\":\"Divario digitale, al via il progetto &#8220;Nessuno E-scluso: tecnologia, disabilit\u00e0 e povert\u00e0&#8221;\"}]},{\"@type\":\"WebSite\",\"@id\":\"https:\/\/www.italiaeconomiaonline.it\/web\/#website\",\"url\":\"https:\/\/www.italiaeconomiaonline.it\/web\/\",\"name\":\"ItaliaEconomiaOnline\",\"description\":\"Quotidiano Economico Online\",\"potentialAction\":[{\"@type\":\"SearchAction\",\"target\":{\"@type\":\"EntryPoint\",\"urlTemplate\":\"https:\/\/www.italiaeconomiaonline.it\/web\/?s={search_term_string}\"},\"query-input\":\"required name=search_term_string\"}],\"inLanguage\":\"it-IT\"},{\"@type\":\"Person\",\"@id\":\"https:\/\/www.italiaeconomiaonline.it\/web\/#\/schema\/person\/909a49cce752523b020fbc37d5ab1c31\",\"name\":\"ladyitaliaeconomia\",\"image\":{\"@type\":\"ImageObject\",\"inLanguage\":\"it-IT\",\"@id\":\"https:\/\/www.italiaeconomiaonline.it\/web\/#\/schema\/person\/image\/\",\"url\":\"https:\/\/secure.gravatar.com\/avatar\/cedca10ce7416a579b9fa6bce9c0a8f2?s=96&d=mm&r=g\",\"contentUrl\":\"https:\/\/secure.gravatar.com\/avatar\/cedca10ce7416a579b9fa6bce9c0a8f2?s=96&d=mm&r=g\",\"caption\":\"ladyitaliaeconomia\"},\"url\":\"https:\/\/www.italiaeconomiaonline.it\/web\/author\/ladyitaliaeconomia\/\"}]}<\/script>\n<!-- \/ Yoast SEO plugin. -->","yoast_head_json":{"title":"Divario digitale, al via il progetto \"Nessuno E-scluso: tecnologia, disabilit\u00e0 e povert\u00e0\" -","robots":{"index":"index","follow":"follow","max-snippet":"max-snippet:-1","max-image-preview":"max-image-preview:large","max-video-preview":"max-video-preview:-1"},"canonical":"https:\/\/www.italiaeconomiaonline.it\/web\/divario-digitale-al-via-il-progetto-nessuno-e-scluso-tecnologia-disabilita-e-poverta\/","og_locale":"it_IT","og_type":"article","og_title":"Divario digitale, al via il progetto \"Nessuno E-scluso: tecnologia, disabilit\u00e0 e povert\u00e0\" -","og_description":"Il digital divide, purtroppo, nel nostro Paese \u00e8 ancora una realt\u00e0. L\u2019analfabetismo digitale \u00e8 molto elevato soprattutto nelle fasce d&#8217;et\u00e0 pi\u00f9 avanzate, con un\u2019evidente frattura generazionale, ma anche nelle persone con bassa scolarizzazione, con disabilit\u00e0 e che vivono in contesti socio-economici svantaggiati. In questo contesto, il digital divide si aggiunge alle gi\u00e0 difficili condizioni socio-economiche [&hellip;]","og_url":"https:\/\/www.italiaeconomiaonline.it\/web\/divario-digitale-al-via-il-progetto-nessuno-e-scluso-tecnologia-disabilita-e-poverta\/","og_site_name":"ItaliaEconomiaOnline","article_published_time":"2019-12-05T14:33:00+00:00","og_image":[{"width":960,"height":640,"url":"https:\/\/www.italiaeconomiaonline.it\/web\/wp-content\/uploads\/2019\/06\/lavoro-1.jpg","type":"image\/jpeg"}],"author":"ladyitaliaeconomia","twitter_card":"summary_large_image","twitter_misc":{"Scritto da":"ladyitaliaeconomia","Tempo di lettura stimato":"1 minuto"},"schema":{"@context":"https:\/\/schema.org","@graph":[{"@type":"WebPage","@id":"https:\/\/www.italiaeconomiaonline.it\/web\/divario-digitale-al-via-il-progetto-nessuno-e-scluso-tecnologia-disabilita-e-poverta\/","url":"https:\/\/www.italiaeconomiaonline.it\/web\/divario-digitale-al-via-il-progetto-nessuno-e-scluso-tecnologia-disabilita-e-poverta\/","name":"Divario digitale, al via il progetto \"Nessuno E-scluso: tecnologia, disabilit\u00e0 e povert\u00e0\" -","isPartOf":{"@id":"https:\/\/www.italiaeconomiaonline.it\/web\/#website"},"primaryImageOfPage":{"@id":"https:\/\/www.italiaeconomiaonline.it\/web\/divario-digitale-al-via-il-progetto-nessuno-e-scluso-tecnologia-disabilita-e-poverta\/#primaryimage"},"image":{"@id":"https:\/\/www.italiaeconomiaonline.it\/web\/divario-digitale-al-via-il-progetto-nessuno-e-scluso-tecnologia-disabilita-e-poverta\/#primaryimage"},"thumbnailUrl":"https:\/\/www.italiaeconomiaonline.it\/web\/wp-content\/uploads\/2019\/06\/lavoro-1.jpg","datePublished":"2019-12-05T14:33:00+00:00","dateModified":"2019-12-05T14:33:00+00:00","author":{"@id":"https:\/\/www.italiaeconomiaonline.it\/web\/#\/schema\/person\/909a49cce752523b020fbc37d5ab1c31"},"breadcrumb":{"@id":"https:\/\/www.italiaeconomiaonline.it\/web\/divario-digitale-al-via-il-progetto-nessuno-e-scluso-tecnologia-disabilita-e-poverta\/#breadcrumb"},"inLanguage":"it-IT","potentialAction":[{"@type":"ReadAction","target":["https:\/\/www.italiaeconomiaonline.it\/web\/divario-digitale-al-via-il-progetto-nessuno-e-scluso-tecnologia-disabilita-e-poverta\/"]}]},{"@type":"ImageObject","inLanguage":"it-IT","@id":"https:\/\/www.italiaeconomiaonline.it\/web\/divario-digitale-al-via-il-progetto-nessuno-e-scluso-tecnologia-disabilita-e-poverta\/#primaryimage","url":"https:\/\/www.italiaeconomiaonline.it\/web\/wp-content\/uploads\/2019\/06\/lavoro-1.jpg","contentUrl":"https:\/\/www.italiaeconomiaonline.it\/web\/wp-content\/uploads\/2019\/06\/lavoro-1.jpg","width":960,"height":640},{"@type":"BreadcrumbList","@id":"https:\/\/www.italiaeconomiaonline.it\/web\/divario-digitale-al-via-il-progetto-nessuno-e-scluso-tecnologia-disabilita-e-poverta\/#breadcrumb","itemListElement":[{"@type":"ListItem","position":1,"name":"Home","item":"https:\/\/www.italiaeconomiaonline.it\/web\/"},{"@type":"ListItem","position":2,"name":"Divario digitale, al via il progetto &#8220;Nessuno E-scluso: tecnologia, disabilit\u00e0 e povert\u00e0&#8221;"}]},{"@type":"WebSite","@id":"https:\/\/www.italiaeconomiaonline.it\/web\/#website","url":"https:\/\/www.italiaeconomiaonline.it\/web\/","name":"ItaliaEconomiaOnline","description":"Quotidiano Economico Online","potentialAction":[{"@type":"SearchAction","target":{"@type":"EntryPoint","urlTemplate":"https:\/\/www.italiaeconomiaonline.it\/web\/?s={search_term_string}"},"query-input":"required name=search_term_string"}],"inLanguage":"it-IT"},{"@type":"Person","@id":"https:\/\/www.italiaeconomiaonline.it\/web\/#\/schema\/person\/909a49cce752523b020fbc37d5ab1c31","name":"ladyitaliaeconomia","image":{"@type":"ImageObject","inLanguage":"it-IT","@id":"https:\/\/www.italiaeconomiaonline.it\/web\/#\/schema\/person\/image\/","url":"https:\/\/secure.gravatar.com\/avatar\/cedca10ce7416a579b9fa6bce9c0a8f2?s=96&d=mm&r=g","contentUrl":"https:\/\/secure.gravatar.com\/avatar\/cedca10ce7416a579b9fa6bce9c0a8f2?s=96&d=mm&r=g","caption":"ladyitaliaeconomia"},"url":"https:\/\/www.italiaeconomiaonline.it\/web\/author\/ladyitaliaeconomia\/"}]}},"_links":{"self":[{"href":"https:\/\/www.italiaeconomiaonline.it\/web\/wp-json\/wp\/v2\/posts\/2142"}],"collection":[{"href":"https:\/\/www.italiaeconomiaonline.it\/web\/wp-json\/wp\/v2\/posts"}],"about":[{"href":"https:\/\/www.italiaeconomiaonline.it\/web\/wp-json\/wp\/v2\/types\/post"}],"author":[{"embeddable":true,"href":"https:\/\/www.italiaeconomiaonline.it\/web\/wp-json\/wp\/v2\/users\/1"}],"replies":[{"embeddable":true,"href":"https:\/\/www.italiaeconomiaonline.it\/web\/wp-json\/wp\/v2\/comments?post=2142"}],"version-history":[{"count":1,"href":"https:\/\/www.italiaeconomiaonline.it\/web\/wp-json\/wp\/v2\/posts\/2142\/revisions"}],"predecessor-version":[{"id":2143,"href":"https:\/\/www.italiaeconomiaonline.it\/web\/wp-json\/wp\/v2\/posts\/2142\/revisions\/2143"}],"wp:featuredmedia":[{"embeddable":true,"href":"https:\/\/www.italiaeconomiaonline.it\/web\/wp-json\/wp\/v2\/media\/952"}],"wp:attachment":[{"href":"https:\/\/www.italiaeconomiaonline.it\/web\/wp-json\/wp\/v2\/media?parent=2142"}],"wp:term":[{"taxonomy":"category","embeddable":true,"href":"https:\/\/www.italiaeconomiaonline.it\/web\/wp-json\/wp\/v2\/categories?post=2142"},{"taxonomy":"post_tag","embeddable":true,"href":"https:\/\/www.italiaeconomiaonline.it\/web\/wp-json\/wp\/v2\/tags?post=2142"}],"curies":[{"name":"wp","href":"https:\/\/api.w.org\/{rel}","templated":true}]}}