{"id":2153,"date":"2019-12-06T10:56:56","date_gmt":"2019-12-06T09:56:56","guid":{"rendered":"http:\/\/www.italiaeconomiaonline.it\/web\/?p=2153"},"modified":"2019-12-06T10:56:56","modified_gmt":"2019-12-06T09:56:56","slug":"lagenzia-delle-entrate-chiudera-le-partite-iva-inattive","status":"publish","type":"post","link":"https:\/\/www.italiaeconomiaonline.it\/web\/lagenzia-delle-entrate-chiudera-le-partite-iva-inattive\/","title":{"rendered":"L&#8217;agenzia delle entrate chiuder\u00e0 le partite iva inattive"},"content":{"rendered":"<p><span class=\"dropcap dropcap3\">l<\/span>\u2019Agenzia delle Entrate ha pubblicato, Il\u00a0 3 dicembre 2019, un provvedimento relativamente alla <strong>chiusura d\u2019ufficio delle partite IVA inattive<\/strong>.<\/p>\n<p>Infatti, \u00e8 stata prevista la chiusura d\u2019ufficio delle partite IVA di coloro che risultano non aver esercitato, nelle tre annualit\u00e0 precedenti, attivit\u00e0 di impresa ovvero attivit\u00e0 artistiche o professionali.<\/p>\n<p>L\u2019Agenzia invier\u00e0 una raccomandata con avviso di ricevimento a coloro che presumibilmente risultano inattivi.<\/p>\n<p>Il contribuente entro 60 giorni dalla ricezione della comunicazione potr\u00e0 rivolgersi a qualunque ufficio dell\u2019Agenzia delle entrate e fornire chiarimenti.<\/p>\n<p><a href=\"https:\/\/www.agenziaentrate.gov.it\/portale\/documents\/20143\/2185760\/Provvedimento_03.12.2019_chiusurapartIvainattive.pdf\/d1ff3b0c-57c8-b7e6-a967-86dfcf38a3a8\" target=\"_blank\" rel=\"noopener noreferrer\"><strong>LICCA QUI PER SCARICARE IL PROVVEDIMENTO<\/strong><\/a><\/p>\n","protected":false},"excerpt":{"rendered":"<p>l\u2019Agenzia delle Entrate ha pubblicato, Il\u00a0 3 dicembre 2019, un provvedimento relativamente alla chiusura d\u2019ufficio delle partite IVA inattive. Infatti, \u00e8 stata prevista la chiusura d\u2019ufficio delle partite IVA di coloro che risultano non aver esercitato, nelle tre annualit\u00e0 precedenti, attivit\u00e0 di impresa ovvero attivit\u00e0 artistiche o professionali. L\u2019Agenzia invier\u00e0 una raccomandata con avviso di [&hellip;]<\/p>\n","protected":false},"author":1,"featured_media":2154,"comment_status":"closed","ping_status":"open","sticky":false,"template":"","format":"standard","meta":{"footnotes":""},"categories":[41],"tags":[],"yoast_head":"<!-- This site is optimized with the Yoast SEO plugin v22.2 - https:\/\/yoast.com\/wordpress\/plugins\/seo\/ -->\n<title>L&#039;agenzia delle entrate chiuder\u00e0 le partite iva inattive -<\/title>\n<meta name=\"robots\" content=\"index, follow, max-snippet:-1, max-image-preview:large, max-video-preview:-1\" \/>\n<link rel=\"canonical\" href=\"https:\/\/www.italiaeconomiaonline.it\/web\/lagenzia-delle-entrate-chiudera-le-partite-iva-inattive\/\" \/>\n<meta property=\"og:locale\" content=\"it_IT\" \/>\n<meta property=\"og:type\" content=\"article\" \/>\n<meta property=\"og:title\" content=\"L&#039;agenzia delle entrate chiuder\u00e0 le partite iva inattive -\" \/>\n<meta property=\"og:description\" content=\"l\u2019Agenzia delle Entrate ha pubblicato, Il\u00a0 3 dicembre 2019, un provvedimento relativamente alla chiusura d\u2019ufficio delle partite IVA inattive. Infatti, \u00e8 stata prevista la chiusura d\u2019ufficio delle partite IVA di coloro che risultano non aver esercitato, nelle tre annualit\u00e0 precedenti, attivit\u00e0 di impresa ovvero attivit\u00e0 artistiche o professionali. L\u2019Agenzia invier\u00e0 una raccomandata con avviso di [&hellip;]\" \/>\n<meta property=\"og:url\" content=\"https:\/\/www.italiaeconomiaonline.it\/web\/lagenzia-delle-entrate-chiudera-le-partite-iva-inattive\/\" \/>\n<meta property=\"og:site_name\" content=\"ItaliaEconomiaOnline\" \/>\n<meta property=\"article:published_time\" content=\"2019-12-06T09:56:56+00:00\" \/>\n<meta property=\"og:image\" content=\"https:\/\/www.italiaeconomiaonline.it\/web\/wp-content\/uploads\/2019\/12\/tasse.jpg\" \/>\n\t<meta property=\"og:image:width\" content=\"960\" \/>\n\t<meta property=\"og:image:height\" content=\"605\" \/>\n\t<meta property=\"og:image:type\" content=\"image\/jpeg\" \/>\n<meta name=\"author\" content=\"ladyitaliaeconomia\" \/>\n<meta name=\"twitter:card\" content=\"summary_large_image\" \/>\n<meta name=\"twitter:label1\" content=\"Scritto da\" \/>\n\t<meta name=\"twitter:data1\" content=\"ladyitaliaeconomia\" \/>\n<script type=\"application\/ld+json\" class=\"yoast-schema-graph\">{\"@context\":\"https:\/\/schema.org\",\"@graph\":[{\"@type\":\"WebPage\",\"@id\":\"https:\/\/www.italiaeconomiaonline.it\/web\/lagenzia-delle-entrate-chiudera-le-partite-iva-inattive\/\",\"url\":\"https:\/\/www.italiaeconomiaonline.it\/web\/lagenzia-delle-entrate-chiudera-le-partite-iva-inattive\/\",\"name\":\"L'agenzia delle entrate chiuder\u00e0 le partite iva inattive -\",\"isPartOf\":{\"@id\":\"https:\/\/www.italiaeconomiaonline.it\/web\/#website\"},\"primaryImageOfPage\":{\"@id\":\"https:\/\/www.italiaeconomiaonline.it\/web\/lagenzia-delle-entrate-chiudera-le-partite-iva-inattive\/#primaryimage\"},\"image\":{\"@id\":\"https:\/\/www.italiaeconomiaonline.it\/web\/lagenzia-delle-entrate-chiudera-le-partite-iva-inattive\/#primaryimage\"},\"thumbnailUrl\":\"https:\/\/www.italiaeconomiaonline.it\/web\/wp-content\/uploads\/2019\/12\/tasse.jpg\",\"datePublished\":\"2019-12-06T09:56:56+00:00\",\"dateModified\":\"2019-12-06T09:56:56+00:00\",\"author\":{\"@id\":\"https:\/\/www.italiaeconomiaonline.it\/web\/#\/schema\/person\/909a49cce752523b020fbc37d5ab1c31\"},\"breadcrumb\":{\"@id\":\"https:\/\/www.italiaeconomiaonline.it\/web\/lagenzia-delle-entrate-chiudera-le-partite-iva-inattive\/#breadcrumb\"},\"inLanguage\":\"it-IT\",\"potentialAction\":[{\"@type\":\"ReadAction\",\"target\":[\"https:\/\/www.italiaeconomiaonline.it\/web\/lagenzia-delle-entrate-chiudera-le-partite-iva-inattive\/\"]}]},{\"@type\":\"ImageObject\",\"inLanguage\":\"it-IT\",\"@id\":\"https:\/\/www.italiaeconomiaonline.it\/web\/lagenzia-delle-entrate-chiudera-le-partite-iva-inattive\/#primaryimage\",\"url\":\"https:\/\/www.italiaeconomiaonline.it\/web\/wp-content\/uploads\/2019\/12\/tasse.jpg\",\"contentUrl\":\"https:\/\/www.italiaeconomiaonline.it\/web\/wp-content\/uploads\/2019\/12\/tasse.jpg\",\"width\":960,\"height\":605},{\"@type\":\"BreadcrumbList\",\"@id\":\"https:\/\/www.italiaeconomiaonline.it\/web\/lagenzia-delle-entrate-chiudera-le-partite-iva-inattive\/#breadcrumb\",\"itemListElement\":[{\"@type\":\"ListItem\",\"position\":1,\"name\":\"Home\",\"item\":\"https:\/\/www.italiaeconomiaonline.it\/web\/\"},{\"@type\":\"ListItem\",\"position\":2,\"name\":\"L&#8217;agenzia delle entrate chiuder\u00e0 le partite iva inattive\"}]},{\"@type\":\"WebSite\",\"@id\":\"https:\/\/www.italiaeconomiaonline.it\/web\/#website\",\"url\":\"https:\/\/www.italiaeconomiaonline.it\/web\/\",\"name\":\"ItaliaEconomiaOnline\",\"description\":\"Quotidiano Economico Online\",\"potentialAction\":[{\"@type\":\"SearchAction\",\"target\":{\"@type\":\"EntryPoint\",\"urlTemplate\":\"https:\/\/www.italiaeconomiaonline.it\/web\/?s={search_term_string}\"},\"query-input\":\"required name=search_term_string\"}],\"inLanguage\":\"it-IT\"},{\"@type\":\"Person\",\"@id\":\"https:\/\/www.italiaeconomiaonline.it\/web\/#\/schema\/person\/909a49cce752523b020fbc37d5ab1c31\",\"name\":\"ladyitaliaeconomia\",\"image\":{\"@type\":\"ImageObject\",\"inLanguage\":\"it-IT\",\"@id\":\"https:\/\/www.italiaeconomiaonline.it\/web\/#\/schema\/person\/image\/\",\"url\":\"https:\/\/secure.gravatar.com\/avatar\/cedca10ce7416a579b9fa6bce9c0a8f2?s=96&d=mm&r=g\",\"contentUrl\":\"https:\/\/secure.gravatar.com\/avatar\/cedca10ce7416a579b9fa6bce9c0a8f2?s=96&d=mm&r=g\",\"caption\":\"ladyitaliaeconomia\"},\"url\":\"https:\/\/www.italiaeconomiaonline.it\/web\/author\/ladyitaliaeconomia\/\"}]}<\/script>\n<!-- \/ Yoast SEO plugin. -->","yoast_head_json":{"title":"L'agenzia delle entrate chiuder\u00e0 le partite iva inattive -","robots":{"index":"index","follow":"follow","max-snippet":"max-snippet:-1","max-image-preview":"max-image-preview:large","max-video-preview":"max-video-preview:-1"},"canonical":"https:\/\/www.italiaeconomiaonline.it\/web\/lagenzia-delle-entrate-chiudera-le-partite-iva-inattive\/","og_locale":"it_IT","og_type":"article","og_title":"L'agenzia delle entrate chiuder\u00e0 le partite iva inattive -","og_description":"l\u2019Agenzia delle Entrate ha pubblicato, Il\u00a0 3 dicembre 2019, un provvedimento relativamente alla chiusura d\u2019ufficio delle partite IVA inattive. Infatti, \u00e8 stata prevista la chiusura d\u2019ufficio delle partite IVA di coloro che risultano non aver esercitato, nelle tre annualit\u00e0 precedenti, attivit\u00e0 di impresa ovvero attivit\u00e0 artistiche o professionali. L\u2019Agenzia invier\u00e0 una raccomandata con avviso di [&hellip;]","og_url":"https:\/\/www.italiaeconomiaonline.it\/web\/lagenzia-delle-entrate-chiudera-le-partite-iva-inattive\/","og_site_name":"ItaliaEconomiaOnline","article_published_time":"2019-12-06T09:56:56+00:00","og_image":[{"width":960,"height":605,"url":"https:\/\/www.italiaeconomiaonline.it\/web\/wp-content\/uploads\/2019\/12\/tasse.jpg","type":"image\/jpeg"}],"author":"ladyitaliaeconomia","twitter_card":"summary_large_image","twitter_misc":{"Scritto da":"ladyitaliaeconomia"},"schema":{"@context":"https:\/\/schema.org","@graph":[{"@type":"WebPage","@id":"https:\/\/www.italiaeconomiaonline.it\/web\/lagenzia-delle-entrate-chiudera-le-partite-iva-inattive\/","url":"https:\/\/www.italiaeconomiaonline.it\/web\/lagenzia-delle-entrate-chiudera-le-partite-iva-inattive\/","name":"L'agenzia delle entrate chiuder\u00e0 le partite iva inattive -","isPartOf":{"@id":"https:\/\/www.italiaeconomiaonline.it\/web\/#website"},"primaryImageOfPage":{"@id":"https:\/\/www.italiaeconomiaonline.it\/web\/lagenzia-delle-entrate-chiudera-le-partite-iva-inattive\/#primaryimage"},"image":{"@id":"https:\/\/www.italiaeconomiaonline.it\/web\/lagenzia-delle-entrate-chiudera-le-partite-iva-inattive\/#primaryimage"},"thumbnailUrl":"https:\/\/www.italiaeconomiaonline.it\/web\/wp-content\/uploads\/2019\/12\/tasse.jpg","datePublished":"2019-12-06T09:56:56+00:00","dateModified":"2019-12-06T09:56:56+00:00","author":{"@id":"https:\/\/www.italiaeconomiaonline.it\/web\/#\/schema\/person\/909a49cce752523b020fbc37d5ab1c31"},"breadcrumb":{"@id":"https:\/\/www.italiaeconomiaonline.it\/web\/lagenzia-delle-entrate-chiudera-le-partite-iva-inattive\/#breadcrumb"},"inLanguage":"it-IT","potentialAction":[{"@type":"ReadAction","target":["https:\/\/www.italiaeconomiaonline.it\/web\/lagenzia-delle-entrate-chiudera-le-partite-iva-inattive\/"]}]},{"@type":"ImageObject","inLanguage":"it-IT","@id":"https:\/\/www.italiaeconomiaonline.it\/web\/lagenzia-delle-entrate-chiudera-le-partite-iva-inattive\/#primaryimage","url":"https:\/\/www.italiaeconomiaonline.it\/web\/wp-content\/uploads\/2019\/12\/tasse.jpg","contentUrl":"https:\/\/www.italiaeconomiaonline.it\/web\/wp-content\/uploads\/2019\/12\/tasse.jpg","width":960,"height":605},{"@type":"BreadcrumbList","@id":"https:\/\/www.italiaeconomiaonline.it\/web\/lagenzia-delle-entrate-chiudera-le-partite-iva-inattive\/#breadcrumb","itemListElement":[{"@type":"ListItem","position":1,"name":"Home","item":"https:\/\/www.italiaeconomiaonline.it\/web\/"},{"@type":"ListItem","position":2,"name":"L&#8217;agenzia delle entrate chiuder\u00e0 le partite iva inattive"}]},{"@type":"WebSite","@id":"https:\/\/www.italiaeconomiaonline.it\/web\/#website","url":"https:\/\/www.italiaeconomiaonline.it\/web\/","name":"ItaliaEconomiaOnline","description":"Quotidiano Economico Online","potentialAction":[{"@type":"SearchAction","target":{"@type":"EntryPoint","urlTemplate":"https:\/\/www.italiaeconomiaonline.it\/web\/?s={search_term_string}"},"query-input":"required name=search_term_string"}],"inLanguage":"it-IT"},{"@type":"Person","@id":"https:\/\/www.italiaeconomiaonline.it\/web\/#\/schema\/person\/909a49cce752523b020fbc37d5ab1c31","name":"ladyitaliaeconomia","image":{"@type":"ImageObject","inLanguage":"it-IT","@id":"https:\/\/www.italiaeconomiaonline.it\/web\/#\/schema\/person\/image\/","url":"https:\/\/secure.gravatar.com\/avatar\/cedca10ce7416a579b9fa6bce9c0a8f2?s=96&d=mm&r=g","contentUrl":"https:\/\/secure.gravatar.com\/avatar\/cedca10ce7416a579b9fa6bce9c0a8f2?s=96&d=mm&r=g","caption":"ladyitaliaeconomia"},"url":"https:\/\/www.italiaeconomiaonline.it\/web\/author\/ladyitaliaeconomia\/"}]}},"_links":{"self":[{"href":"https:\/\/www.italiaeconomiaonline.it\/web\/wp-json\/wp\/v2\/posts\/2153"}],"collection":[{"href":"https:\/\/www.italiaeconomiaonline.it\/web\/wp-json\/wp\/v2\/posts"}],"about":[{"href":"https:\/\/www.italiaeconomiaonline.it\/web\/wp-json\/wp\/v2\/types\/post"}],"author":[{"embeddable":true,"href":"https:\/\/www.italiaeconomiaonline.it\/web\/wp-json\/wp\/v2\/users\/1"}],"replies":[{"embeddable":true,"href":"https:\/\/www.italiaeconomiaonline.it\/web\/wp-json\/wp\/v2\/comments?post=2153"}],"version-history":[{"count":1,"href":"https:\/\/www.italiaeconomiaonline.it\/web\/wp-json\/wp\/v2\/posts\/2153\/revisions"}],"predecessor-version":[{"id":2155,"href":"https:\/\/www.italiaeconomiaonline.it\/web\/wp-json\/wp\/v2\/posts\/2153\/revisions\/2155"}],"wp:featuredmedia":[{"embeddable":true,"href":"https:\/\/www.italiaeconomiaonline.it\/web\/wp-json\/wp\/v2\/media\/2154"}],"wp:attachment":[{"href":"https:\/\/www.italiaeconomiaonline.it\/web\/wp-json\/wp\/v2\/media?parent=2153"}],"wp:term":[{"taxonomy":"category","embeddable":true,"href":"https:\/\/www.italiaeconomiaonline.it\/web\/wp-json\/wp\/v2\/categories?post=2153"},{"taxonomy":"post_tag","embeddable":true,"href":"https:\/\/www.italiaeconomiaonline.it\/web\/wp-json\/wp\/v2\/tags?post=2153"}],"curies":[{"name":"wp","href":"https:\/\/api.w.org\/{rel}","templated":true}]}}