{"id":217,"date":"2018-08-27T13:37:05","date_gmt":"2018-08-27T11:37:05","guid":{"rendered":"http:\/\/www.italiaeconomiaonline.it\/web\/?p=217"},"modified":"2019-04-23T09:41:09","modified_gmt":"2019-04-23T07:41:09","slug":"lampade-alogene-stop-dall-unione-europea","status":"publish","type":"post","link":"https:\/\/www.italiaeconomiaonline.it\/web\/lampade-alogene-stop-dall-unione-europea\/","title":{"rendered":"Lampade alogene: stop dall Unione Europea"},"content":{"rendered":"<p><span class=\"dropcap dropcap3\">A<\/span>ddio alle lampade alogene. A stabilirlo l\u2019Unione Europea che con la direttiva ERP (CE) 244\/2009 sui prodotti ad alto consumo energetico, bandisce questa tipologia di luci.<\/p>\n<p>La data della svolta \u00e8 molto vicina, si tratta infatti del primo settembre 2018. Da quel momento si fermer\u00e0 la produzione, ma non il commercio.<\/p>\n<p>Questa potr\u00e0 continuare fino al termine delle scorte di magazzino che potranno continuare a essere vendute. Terminate quelle saranno definitivamente eliminate dal mercato<strong>.<\/strong><\/p>\n<p>Inizialmente la data che doveva fare da spartiacque era il primo settembre di due anni fa, ovvero del 2016. Poi per\u00f2 l\u2019Unione Europea aveva deciso di attendere per far s\u00ec che aumentasse la diffusione delle lampadine a LED. Ma non solo.<\/p>\n<p>Negli ultimi anni, infatti, \u00e8 sceso anche il prezzo di questa tipologia di lampadine di circa il 75 per cento. Continuano a costare un po\u2019 di pi\u00f9, ma la spesa viene ammortizzata anche dal fatto che possono durare a lungo.<\/p>\n<p>Con questa mossa innanzitutto si vuole incentivare il risparmio energetico. Infatti si ritiene che il consumo di una lampada di tipo alogeno possa arrivare a essere addirittura cinque volte superiore a quello di una lampada Led.<\/p>\n<p>Di conseguenza diminuiscono le spese per i consumi anche nel pubblico, e il risparmio \u00e8 stato quantificato in circa 93 teraWatts ogni anno entro il 2020.<\/p>\n<p>A trarre vantaggi anche i livelli di inquinamento. Sembra infatti che queste modifiche potranno portare a una riduzione nelle emissioni: nello specifico ammonta a circa 15,2 miliardi di tonnellate di CO2 in meno entro il 2025.<\/p>\n<p>Aspetto negativo quello del fronte occupazionale, pare che verranno a mancare circa 6800 posti di lavoro con lo stop alla produzione delle lampade di tipo alogeno<\/p>\n<p>\u00c8 bene sapere, per\u00f2, che non tutte le alogene saranno bandite. Per il momento continueranno a essere prodotte le capsule, le lampade lineari e a basso voltaggio. Si dovr\u00e0 dire basta, invece, a quelle con un indice di efficienza pi\u00f9 basso di B.<\/p>\n<p>Si tratta delle lampadine non direzionali con gli attacchi: a vite E27 ed E14 e quelle dotate di attacco speciale, ovvero G4 e GY6.35. Senza divieto resteranno, quindi, in commercio quelle con le prese R7 e G9 e una classe energetica C.<\/p>\n<p>&nbsp;<\/p>\n","protected":false},"excerpt":{"rendered":"<p>Addio alle lampade alogene. A stabilirlo l\u2019Unione Europea che con la direttiva ERP (CE) 244\/2009 sui prodotti ad alto consumo energetico, bandisce questa tipologia di luci. La data della svolta \u00e8 molto vicina, si tratta infatti del primo settembre 2018. Da quel momento si fermer\u00e0 la produzione, ma non il commercio. Questa potr\u00e0 continuare fino [&hellip;]<\/p>\n","protected":false},"author":1,"featured_media":221,"comment_status":"closed","ping_status":"open","sticky":false,"template":"","format":"standard","meta":{"footnotes":""},"categories":[224],"tags":[94,26],"yoast_head":"<!-- This site is optimized with the Yoast SEO plugin v22.2 - https:\/\/yoast.com\/wordpress\/plugins\/seo\/ -->\n<title>Lampade alogene: stop dall Unione Europea -<\/title>\n<meta name=\"robots\" content=\"index, follow, max-snippet:-1, max-image-preview:large, max-video-preview:-1\" \/>\n<link rel=\"canonical\" href=\"https:\/\/www.italiaeconomiaonline.it\/web\/lampade-alogene-stop-dall-unione-europea\/\" \/>\n<meta property=\"og:locale\" content=\"it_IT\" \/>\n<meta property=\"og:type\" content=\"article\" \/>\n<meta property=\"og:title\" content=\"Lampade alogene: stop dall Unione Europea -\" \/>\n<meta property=\"og:description\" content=\"Addio alle lampade alogene. A stabilirlo l\u2019Unione Europea che con la direttiva ERP (CE) 244\/2009 sui prodotti ad alto consumo energetico, bandisce questa tipologia di luci. La data della svolta \u00e8 molto vicina, si tratta infatti del primo settembre 2018. Da quel momento si fermer\u00e0 la produzione, ma non il commercio. Questa potr\u00e0 continuare fino [&hellip;]\" \/>\n<meta property=\"og:url\" content=\"https:\/\/www.italiaeconomiaonline.it\/web\/lampade-alogene-stop-dall-unione-europea\/\" \/>\n<meta property=\"og:site_name\" content=\"ItaliaEconomiaOnline\" \/>\n<meta property=\"article:published_time\" content=\"2018-08-27T11:37:05+00:00\" \/>\n<meta property=\"article:modified_time\" content=\"2019-04-23T07:41:09+00:00\" \/>\n<meta property=\"og:image\" content=\"https:\/\/www.italiaeconomiaonline.it\/web\/wp-content\/uploads\/2018\/08\/Lampada-alogena.jpg\" \/>\n\t<meta property=\"og:image:width\" content=\"960\" \/>\n\t<meta property=\"og:image:height\" content=\"540\" \/>\n\t<meta property=\"og:image:type\" content=\"image\/jpeg\" \/>\n<meta name=\"author\" content=\"ladyitaliaeconomia\" \/>\n<meta name=\"twitter:card\" content=\"summary_large_image\" \/>\n<meta name=\"twitter:label1\" content=\"Scritto da\" \/>\n\t<meta name=\"twitter:data1\" content=\"ladyitaliaeconomia\" \/>\n\t<meta name=\"twitter:label2\" content=\"Tempo di lettura stimato\" \/>\n\t<meta name=\"twitter:data2\" content=\"2 minuti\" \/>\n<script type=\"application\/ld+json\" class=\"yoast-schema-graph\">{\"@context\":\"https:\/\/schema.org\",\"@graph\":[{\"@type\":\"WebPage\",\"@id\":\"https:\/\/www.italiaeconomiaonline.it\/web\/lampade-alogene-stop-dall-unione-europea\/\",\"url\":\"https:\/\/www.italiaeconomiaonline.it\/web\/lampade-alogene-stop-dall-unione-europea\/\",\"name\":\"Lampade alogene: stop dall Unione Europea -\",\"isPartOf\":{\"@id\":\"https:\/\/www.italiaeconomiaonline.it\/web\/#website\"},\"primaryImageOfPage\":{\"@id\":\"https:\/\/www.italiaeconomiaonline.it\/web\/lampade-alogene-stop-dall-unione-europea\/#primaryimage\"},\"image\":{\"@id\":\"https:\/\/www.italiaeconomiaonline.it\/web\/lampade-alogene-stop-dall-unione-europea\/#primaryimage\"},\"thumbnailUrl\":\"https:\/\/www.italiaeconomiaonline.it\/web\/wp-content\/uploads\/2018\/08\/Lampada-alogena.jpg\",\"datePublished\":\"2018-08-27T11:37:05+00:00\",\"dateModified\":\"2019-04-23T07:41:09+00:00\",\"author\":{\"@id\":\"https:\/\/www.italiaeconomiaonline.it\/web\/#\/schema\/person\/909a49cce752523b020fbc37d5ab1c31\"},\"breadcrumb\":{\"@id\":\"https:\/\/www.italiaeconomiaonline.it\/web\/lampade-alogene-stop-dall-unione-europea\/#breadcrumb\"},\"inLanguage\":\"it-IT\",\"potentialAction\":[{\"@type\":\"ReadAction\",\"target\":[\"https:\/\/www.italiaeconomiaonline.it\/web\/lampade-alogene-stop-dall-unione-europea\/\"]}]},{\"@type\":\"ImageObject\",\"inLanguage\":\"it-IT\",\"@id\":\"https:\/\/www.italiaeconomiaonline.it\/web\/lampade-alogene-stop-dall-unione-europea\/#primaryimage\",\"url\":\"https:\/\/www.italiaeconomiaonline.it\/web\/wp-content\/uploads\/2018\/08\/Lampada-alogena.jpg\",\"contentUrl\":\"https:\/\/www.italiaeconomiaonline.it\/web\/wp-content\/uploads\/2018\/08\/Lampada-alogena.jpg\",\"width\":960,\"height\":540},{\"@type\":\"BreadcrumbList\",\"@id\":\"https:\/\/www.italiaeconomiaonline.it\/web\/lampade-alogene-stop-dall-unione-europea\/#breadcrumb\",\"itemListElement\":[{\"@type\":\"ListItem\",\"position\":1,\"name\":\"Home\",\"item\":\"https:\/\/www.italiaeconomiaonline.it\/web\/\"},{\"@type\":\"ListItem\",\"position\":2,\"name\":\"Lampade alogene: stop dall Unione Europea\"}]},{\"@type\":\"WebSite\",\"@id\":\"https:\/\/www.italiaeconomiaonline.it\/web\/#website\",\"url\":\"https:\/\/www.italiaeconomiaonline.it\/web\/\",\"name\":\"ItaliaEconomiaOnline\",\"description\":\"Quotidiano Economico Online\",\"potentialAction\":[{\"@type\":\"SearchAction\",\"target\":{\"@type\":\"EntryPoint\",\"urlTemplate\":\"https:\/\/www.italiaeconomiaonline.it\/web\/?s={search_term_string}\"},\"query-input\":\"required name=search_term_string\"}],\"inLanguage\":\"it-IT\"},{\"@type\":\"Person\",\"@id\":\"https:\/\/www.italiaeconomiaonline.it\/web\/#\/schema\/person\/909a49cce752523b020fbc37d5ab1c31\",\"name\":\"ladyitaliaeconomia\",\"image\":{\"@type\":\"ImageObject\",\"inLanguage\":\"it-IT\",\"@id\":\"https:\/\/www.italiaeconomiaonline.it\/web\/#\/schema\/person\/image\/\",\"url\":\"https:\/\/secure.gravatar.com\/avatar\/cedca10ce7416a579b9fa6bce9c0a8f2?s=96&d=mm&r=g\",\"contentUrl\":\"https:\/\/secure.gravatar.com\/avatar\/cedca10ce7416a579b9fa6bce9c0a8f2?s=96&d=mm&r=g\",\"caption\":\"ladyitaliaeconomia\"},\"url\":\"https:\/\/www.italiaeconomiaonline.it\/web\/author\/ladyitaliaeconomia\/\"}]}<\/script>\n<!-- \/ Yoast SEO plugin. -->","yoast_head_json":{"title":"Lampade alogene: stop dall Unione Europea -","robots":{"index":"index","follow":"follow","max-snippet":"max-snippet:-1","max-image-preview":"max-image-preview:large","max-video-preview":"max-video-preview:-1"},"canonical":"https:\/\/www.italiaeconomiaonline.it\/web\/lampade-alogene-stop-dall-unione-europea\/","og_locale":"it_IT","og_type":"article","og_title":"Lampade alogene: stop dall Unione Europea -","og_description":"Addio alle lampade alogene. A stabilirlo l\u2019Unione Europea che con la direttiva ERP (CE) 244\/2009 sui prodotti ad alto consumo energetico, bandisce questa tipologia di luci. La data della svolta \u00e8 molto vicina, si tratta infatti del primo settembre 2018. Da quel momento si fermer\u00e0 la produzione, ma non il commercio. Questa potr\u00e0 continuare fino [&hellip;]","og_url":"https:\/\/www.italiaeconomiaonline.it\/web\/lampade-alogene-stop-dall-unione-europea\/","og_site_name":"ItaliaEconomiaOnline","article_published_time":"2018-08-27T11:37:05+00:00","article_modified_time":"2019-04-23T07:41:09+00:00","og_image":[{"width":960,"height":540,"url":"https:\/\/www.italiaeconomiaonline.it\/web\/wp-content\/uploads\/2018\/08\/Lampada-alogena.jpg","type":"image\/jpeg"}],"author":"ladyitaliaeconomia","twitter_card":"summary_large_image","twitter_misc":{"Scritto da":"ladyitaliaeconomia","Tempo di lettura stimato":"2 minuti"},"schema":{"@context":"https:\/\/schema.org","@graph":[{"@type":"WebPage","@id":"https:\/\/www.italiaeconomiaonline.it\/web\/lampade-alogene-stop-dall-unione-europea\/","url":"https:\/\/www.italiaeconomiaonline.it\/web\/lampade-alogene-stop-dall-unione-europea\/","name":"Lampade alogene: stop dall Unione Europea -","isPartOf":{"@id":"https:\/\/www.italiaeconomiaonline.it\/web\/#website"},"primaryImageOfPage":{"@id":"https:\/\/www.italiaeconomiaonline.it\/web\/lampade-alogene-stop-dall-unione-europea\/#primaryimage"},"image":{"@id":"https:\/\/www.italiaeconomiaonline.it\/web\/lampade-alogene-stop-dall-unione-europea\/#primaryimage"},"thumbnailUrl":"https:\/\/www.italiaeconomiaonline.it\/web\/wp-content\/uploads\/2018\/08\/Lampada-alogena.jpg","datePublished":"2018-08-27T11:37:05+00:00","dateModified":"2019-04-23T07:41:09+00:00","author":{"@id":"https:\/\/www.italiaeconomiaonline.it\/web\/#\/schema\/person\/909a49cce752523b020fbc37d5ab1c31"},"breadcrumb":{"@id":"https:\/\/www.italiaeconomiaonline.it\/web\/lampade-alogene-stop-dall-unione-europea\/#breadcrumb"},"inLanguage":"it-IT","potentialAction":[{"@type":"ReadAction","target":["https:\/\/www.italiaeconomiaonline.it\/web\/lampade-alogene-stop-dall-unione-europea\/"]}]},{"@type":"ImageObject","inLanguage":"it-IT","@id":"https:\/\/www.italiaeconomiaonline.it\/web\/lampade-alogene-stop-dall-unione-europea\/#primaryimage","url":"https:\/\/www.italiaeconomiaonline.it\/web\/wp-content\/uploads\/2018\/08\/Lampada-alogena.jpg","contentUrl":"https:\/\/www.italiaeconomiaonline.it\/web\/wp-content\/uploads\/2018\/08\/Lampada-alogena.jpg","width":960,"height":540},{"@type":"BreadcrumbList","@id":"https:\/\/www.italiaeconomiaonline.it\/web\/lampade-alogene-stop-dall-unione-europea\/#breadcrumb","itemListElement":[{"@type":"ListItem","position":1,"name":"Home","item":"https:\/\/www.italiaeconomiaonline.it\/web\/"},{"@type":"ListItem","position":2,"name":"Lampade alogene: stop dall Unione Europea"}]},{"@type":"WebSite","@id":"https:\/\/www.italiaeconomiaonline.it\/web\/#website","url":"https:\/\/www.italiaeconomiaonline.it\/web\/","name":"ItaliaEconomiaOnline","description":"Quotidiano Economico Online","potentialAction":[{"@type":"SearchAction","target":{"@type":"EntryPoint","urlTemplate":"https:\/\/www.italiaeconomiaonline.it\/web\/?s={search_term_string}"},"query-input":"required name=search_term_string"}],"inLanguage":"it-IT"},{"@type":"Person","@id":"https:\/\/www.italiaeconomiaonline.it\/web\/#\/schema\/person\/909a49cce752523b020fbc37d5ab1c31","name":"ladyitaliaeconomia","image":{"@type":"ImageObject","inLanguage":"it-IT","@id":"https:\/\/www.italiaeconomiaonline.it\/web\/#\/schema\/person\/image\/","url":"https:\/\/secure.gravatar.com\/avatar\/cedca10ce7416a579b9fa6bce9c0a8f2?s=96&d=mm&r=g","contentUrl":"https:\/\/secure.gravatar.com\/avatar\/cedca10ce7416a579b9fa6bce9c0a8f2?s=96&d=mm&r=g","caption":"ladyitaliaeconomia"},"url":"https:\/\/www.italiaeconomiaonline.it\/web\/author\/ladyitaliaeconomia\/"}]}},"_links":{"self":[{"href":"https:\/\/www.italiaeconomiaonline.it\/web\/wp-json\/wp\/v2\/posts\/217"}],"collection":[{"href":"https:\/\/www.italiaeconomiaonline.it\/web\/wp-json\/wp\/v2\/posts"}],"about":[{"href":"https:\/\/www.italiaeconomiaonline.it\/web\/wp-json\/wp\/v2\/types\/post"}],"author":[{"embeddable":true,"href":"https:\/\/www.italiaeconomiaonline.it\/web\/wp-json\/wp\/v2\/users\/1"}],"replies":[{"embeddable":true,"href":"https:\/\/www.italiaeconomiaonline.it\/web\/wp-json\/wp\/v2\/comments?post=217"}],"version-history":[{"count":3,"href":"https:\/\/www.italiaeconomiaonline.it\/web\/wp-json\/wp\/v2\/posts\/217\/revisions"}],"predecessor-version":[{"id":222,"href":"https:\/\/www.italiaeconomiaonline.it\/web\/wp-json\/wp\/v2\/posts\/217\/revisions\/222"}],"wp:featuredmedia":[{"embeddable":true,"href":"https:\/\/www.italiaeconomiaonline.it\/web\/wp-json\/wp\/v2\/media\/221"}],"wp:attachment":[{"href":"https:\/\/www.italiaeconomiaonline.it\/web\/wp-json\/wp\/v2\/media?parent=217"}],"wp:term":[{"taxonomy":"category","embeddable":true,"href":"https:\/\/www.italiaeconomiaonline.it\/web\/wp-json\/wp\/v2\/categories?post=217"},{"taxonomy":"post_tag","embeddable":true,"href":"https:\/\/www.italiaeconomiaonline.it\/web\/wp-json\/wp\/v2\/tags?post=217"}],"curies":[{"name":"wp","href":"https:\/\/api.w.org\/{rel}","templated":true}]}}