{"id":2170,"date":"2019-12-09T15:48:46","date_gmt":"2019-12-09T14:48:46","guid":{"rendered":"http:\/\/www.italiaeconomiaonline.it\/web\/?p=2170"},"modified":"2019-12-09T15:48:46","modified_gmt":"2019-12-09T14:48:46","slug":"banda-larga-scovate-2milioni-di-imprese-da-connettere-con-internet-superveloce","status":"publish","type":"post","link":"https:\/\/www.italiaeconomiaonline.it\/web\/banda-larga-scovate-2milioni-di-imprese-da-connettere-con-internet-superveloce\/","title":{"rendered":"Banda larga: &#8220;scovate&#8221; 2milioni di imprese da connettere con internet superveloce"},"content":{"rendered":"<p><span class=\"dropcap dropcap3\">G<\/span>eolocalizzate 1,8 milioni di imprese nei 3.194 comuni che si trovano nelle aree \u201cbianche\u201d sui cui concentrare i lavori di infrastrutturazione previsti nei Piani Banda Larga e Ultra Larga del Governo; informati 10mila imprenditori sulle opportunit\u00e0 offerte da internet superveloce; formati 600 dipendenti delle Camere di commercio sui temi dell\u2019innovazione, 275 dei quali hanno ottenuto la certificazione dell\u2019AICA sulle competenze digitali.<\/p>\n<p>Sono i numeri delle iniziative messe in campo dal Sistema camerale per la digitalizzazione delle Pmi attraverso il progetto Ultranet per la conoscenza e la diffusione della Banda ultralarga (BUL) e il programma triennale formativo di potenziamento e certificazione delle competenze digitali del proprio personale interno. Obiettivo: accompagnare, da un lato, la crescita della cultura digitale delle Pmi anche attraverso la formazione del personale camerale di supporto alle imprese e, dall\u2019altro, partecipare al processo di digitalizzazione in atto della PA.<\/p>\n<p>Connettivit\u00e0 e eskill possono infatti contribuire a recuperare il ritardo digitale accumulato dal nostro Paese, che se pure in risalita resta al 24esimo posto nella classifica dei 28 Stati dell\u2019Unione europea secondo il Digital Economy and Society Index 2019.<\/p>\n<p>E\u2019 la fotografia scattata oggi a Roma da <strong>Unioncamere<\/strong> alla presenza del ministro per la Pubblica amministrazione, Fabiana Dadone, nel corso del convegno sulla trasformazione digitale che si \u00e8 concluso con l\u2019assegnazione del premio Bul factor lanciato lo scorso anno dalle Camere di commercio per valorizzare i vantaggi della banda ultra larga e la consegna dei certificati delle competenze digitali ai dipendenti camerali.<\/p>\n<p>&#8220;<em>La digitalizzazione \u00e8 un volano fondamentale per la crescita del sistema Paese e soprattutto per la capacit\u00e0 delle imprese di creare valore aggiunto in modo sostenibile. Plaudo quindi al progetto Ultranet delle Camere di commercio che peraltro giocano anche un ruolo di sostegno alla formazione digitale dei dipendenti delle pubbliche amministrazioni<\/em>\u201d. E\u2019 quanto evidenzia il <strong>ministro per la Pubblica Amministrazione, Fabiana Dadone<\/strong>. \u201c<em>Per parte nostra &#8211; <\/em>aggiunge<em> &#8211; \u00a0dobbiamo spingere sempre pi\u00f9, e lo stiamo facendo, sulla diffusione della cultura dell&#8217;Ict in seno alla Pa. La macchina dello Stato lavora per crescere e aiutare cos\u00ec al meglio il Paese nella sfida della competitivit\u00e0<\/em>&#8220;.<\/p>\n<p>\u201c<em>Le Camere di commercio sono fortemente impegnate nell\u2019aiutare le imprese a fare un salto di qualit\u00e0 verso l\u2019innovazione e la digitalizzazione della propria organizzazione. In questo quadro la velocit\u00e0 di connessione \u00e8 determinante per incoraggiare l\u2019adozione delle tecnologie avanzate<\/em>\u201d. E\u2019 quanto sottolinea il <strong>presidente della Camera di commercio di Roma e di Unioncamere Lazio, Lorenzo Tagliavanti.<\/strong> \u201c<em>Anche per questo abbiamo avviato nell\u2019ultimo triennio \u2013<\/em> ricorda Tagliavanti<em> &#8211; un importante programma formativo, che \u00e8 gi\u00e0 diventato una best practice in Europa, volto a migliorare la capacit\u00e0 digitale del personale camerale e metterlo nella condizione non solo di aiutare in modo sempre pi\u00f9 efficace il passaggio delle imprese al 4.0 ma anche di contribuire al processo di trasformazione digitale in atto nella Pa<\/em> \u201d.<\/p>\n","protected":false},"excerpt":{"rendered":"<p>Geolocalizzate 1,8 milioni di imprese nei 3.194 comuni che si trovano nelle aree \u201cbianche\u201d sui cui concentrare i lavori di infrastrutturazione previsti nei Piani Banda Larga e Ultra Larga del Governo; informati 10mila imprenditori sulle opportunit\u00e0 offerte da internet superveloce; formati 600 dipendenti delle Camere di commercio sui temi dell\u2019innovazione, 275 dei quali hanno ottenuto [&hellip;]<\/p>\n","protected":false},"author":1,"featured_media":1486,"comment_status":"closed","ping_status":"open","sticky":false,"template":"","format":"standard","meta":{"footnotes":""},"categories":[309],"tags":[],"yoast_head":"<!-- This site is optimized with the Yoast SEO plugin v22.2 - https:\/\/yoast.com\/wordpress\/plugins\/seo\/ -->\n<title>Banda larga: &quot;scovate&quot; 2milioni di imprese da connettere con internet superveloce -<\/title>\n<meta name=\"robots\" content=\"index, follow, max-snippet:-1, max-image-preview:large, max-video-preview:-1\" \/>\n<link rel=\"canonical\" href=\"https:\/\/www.italiaeconomiaonline.it\/web\/banda-larga-scovate-2milioni-di-imprese-da-connettere-con-internet-superveloce\/\" \/>\n<meta property=\"og:locale\" content=\"it_IT\" \/>\n<meta property=\"og:type\" content=\"article\" \/>\n<meta property=\"og:title\" content=\"Banda larga: &quot;scovate&quot; 2milioni di imprese da connettere con internet superveloce -\" \/>\n<meta property=\"og:description\" content=\"Geolocalizzate 1,8 milioni di imprese nei 3.194 comuni che si trovano nelle aree \u201cbianche\u201d sui cui concentrare i lavori di infrastrutturazione previsti nei Piani Banda Larga e Ultra Larga del Governo; informati 10mila imprenditori sulle opportunit\u00e0 offerte da internet superveloce; formati 600 dipendenti delle Camere di commercio sui temi dell\u2019innovazione, 275 dei quali hanno ottenuto [&hellip;]\" \/>\n<meta property=\"og:url\" content=\"https:\/\/www.italiaeconomiaonline.it\/web\/banda-larga-scovate-2milioni-di-imprese-da-connettere-con-internet-superveloce\/\" \/>\n<meta property=\"og:site_name\" content=\"ItaliaEconomiaOnline\" \/>\n<meta property=\"article:published_time\" content=\"2019-12-09T14:48:46+00:00\" \/>\n<meta property=\"og:image\" content=\"https:\/\/www.italiaeconomiaonline.it\/web\/wp-content\/uploads\/2019\/08\/internet.jpg\" \/>\n\t<meta property=\"og:image:width\" content=\"960\" \/>\n\t<meta property=\"og:image:height\" content=\"640\" \/>\n\t<meta property=\"og:image:type\" content=\"image\/jpeg\" \/>\n<meta name=\"author\" content=\"ladyitaliaeconomia\" \/>\n<meta name=\"twitter:card\" content=\"summary_large_image\" \/>\n<meta name=\"twitter:label1\" content=\"Scritto da\" \/>\n\t<meta name=\"twitter:data1\" content=\"ladyitaliaeconomia\" \/>\n\t<meta name=\"twitter:label2\" content=\"Tempo di lettura stimato\" \/>\n\t<meta name=\"twitter:data2\" content=\"2 minuti\" \/>\n<script type=\"application\/ld+json\" class=\"yoast-schema-graph\">{\"@context\":\"https:\/\/schema.org\",\"@graph\":[{\"@type\":\"WebPage\",\"@id\":\"https:\/\/www.italiaeconomiaonline.it\/web\/banda-larga-scovate-2milioni-di-imprese-da-connettere-con-internet-superveloce\/\",\"url\":\"https:\/\/www.italiaeconomiaonline.it\/web\/banda-larga-scovate-2milioni-di-imprese-da-connettere-con-internet-superveloce\/\",\"name\":\"Banda larga: \\\"scovate\\\" 2milioni di imprese da connettere con internet superveloce -\",\"isPartOf\":{\"@id\":\"https:\/\/www.italiaeconomiaonline.it\/web\/#website\"},\"primaryImageOfPage\":{\"@id\":\"https:\/\/www.italiaeconomiaonline.it\/web\/banda-larga-scovate-2milioni-di-imprese-da-connettere-con-internet-superveloce\/#primaryimage\"},\"image\":{\"@id\":\"https:\/\/www.italiaeconomiaonline.it\/web\/banda-larga-scovate-2milioni-di-imprese-da-connettere-con-internet-superveloce\/#primaryimage\"},\"thumbnailUrl\":\"https:\/\/www.italiaeconomiaonline.it\/web\/wp-content\/uploads\/2019\/08\/internet.jpg\",\"datePublished\":\"2019-12-09T14:48:46+00:00\",\"dateModified\":\"2019-12-09T14:48:46+00:00\",\"author\":{\"@id\":\"https:\/\/www.italiaeconomiaonline.it\/web\/#\/schema\/person\/909a49cce752523b020fbc37d5ab1c31\"},\"breadcrumb\":{\"@id\":\"https:\/\/www.italiaeconomiaonline.it\/web\/banda-larga-scovate-2milioni-di-imprese-da-connettere-con-internet-superveloce\/#breadcrumb\"},\"inLanguage\":\"it-IT\",\"potentialAction\":[{\"@type\":\"ReadAction\",\"target\":[\"https:\/\/www.italiaeconomiaonline.it\/web\/banda-larga-scovate-2milioni-di-imprese-da-connettere-con-internet-superveloce\/\"]}]},{\"@type\":\"ImageObject\",\"inLanguage\":\"it-IT\",\"@id\":\"https:\/\/www.italiaeconomiaonline.it\/web\/banda-larga-scovate-2milioni-di-imprese-da-connettere-con-internet-superveloce\/#primaryimage\",\"url\":\"https:\/\/www.italiaeconomiaonline.it\/web\/wp-content\/uploads\/2019\/08\/internet.jpg\",\"contentUrl\":\"https:\/\/www.italiaeconomiaonline.it\/web\/wp-content\/uploads\/2019\/08\/internet.jpg\",\"width\":960,\"height\":640},{\"@type\":\"BreadcrumbList\",\"@id\":\"https:\/\/www.italiaeconomiaonline.it\/web\/banda-larga-scovate-2milioni-di-imprese-da-connettere-con-internet-superveloce\/#breadcrumb\",\"itemListElement\":[{\"@type\":\"ListItem\",\"position\":1,\"name\":\"Home\",\"item\":\"https:\/\/www.italiaeconomiaonline.it\/web\/\"},{\"@type\":\"ListItem\",\"position\":2,\"name\":\"Banda larga: &#8220;scovate&#8221; 2milioni di imprese da connettere con internet superveloce\"}]},{\"@type\":\"WebSite\",\"@id\":\"https:\/\/www.italiaeconomiaonline.it\/web\/#website\",\"url\":\"https:\/\/www.italiaeconomiaonline.it\/web\/\",\"name\":\"ItaliaEconomiaOnline\",\"description\":\"Quotidiano Economico Online\",\"potentialAction\":[{\"@type\":\"SearchAction\",\"target\":{\"@type\":\"EntryPoint\",\"urlTemplate\":\"https:\/\/www.italiaeconomiaonline.it\/web\/?s={search_term_string}\"},\"query-input\":\"required name=search_term_string\"}],\"inLanguage\":\"it-IT\"},{\"@type\":\"Person\",\"@id\":\"https:\/\/www.italiaeconomiaonline.it\/web\/#\/schema\/person\/909a49cce752523b020fbc37d5ab1c31\",\"name\":\"ladyitaliaeconomia\",\"image\":{\"@type\":\"ImageObject\",\"inLanguage\":\"it-IT\",\"@id\":\"https:\/\/www.italiaeconomiaonline.it\/web\/#\/schema\/person\/image\/\",\"url\":\"https:\/\/secure.gravatar.com\/avatar\/cedca10ce7416a579b9fa6bce9c0a8f2?s=96&d=mm&r=g\",\"contentUrl\":\"https:\/\/secure.gravatar.com\/avatar\/cedca10ce7416a579b9fa6bce9c0a8f2?s=96&d=mm&r=g\",\"caption\":\"ladyitaliaeconomia\"},\"url\":\"https:\/\/www.italiaeconomiaonline.it\/web\/author\/ladyitaliaeconomia\/\"}]}<\/script>\n<!-- \/ Yoast SEO plugin. -->","yoast_head_json":{"title":"Banda larga: \"scovate\" 2milioni di imprese da connettere con internet superveloce -","robots":{"index":"index","follow":"follow","max-snippet":"max-snippet:-1","max-image-preview":"max-image-preview:large","max-video-preview":"max-video-preview:-1"},"canonical":"https:\/\/www.italiaeconomiaonline.it\/web\/banda-larga-scovate-2milioni-di-imprese-da-connettere-con-internet-superveloce\/","og_locale":"it_IT","og_type":"article","og_title":"Banda larga: \"scovate\" 2milioni di imprese da connettere con internet superveloce -","og_description":"Geolocalizzate 1,8 milioni di imprese nei 3.194 comuni che si trovano nelle aree \u201cbianche\u201d sui cui concentrare i lavori di infrastrutturazione previsti nei Piani Banda Larga e Ultra Larga del Governo; informati 10mila imprenditori sulle opportunit\u00e0 offerte da internet superveloce; formati 600 dipendenti delle Camere di commercio sui temi dell\u2019innovazione, 275 dei quali hanno ottenuto [&hellip;]","og_url":"https:\/\/www.italiaeconomiaonline.it\/web\/banda-larga-scovate-2milioni-di-imprese-da-connettere-con-internet-superveloce\/","og_site_name":"ItaliaEconomiaOnline","article_published_time":"2019-12-09T14:48:46+00:00","og_image":[{"width":960,"height":640,"url":"https:\/\/www.italiaeconomiaonline.it\/web\/wp-content\/uploads\/2019\/08\/internet.jpg","type":"image\/jpeg"}],"author":"ladyitaliaeconomia","twitter_card":"summary_large_image","twitter_misc":{"Scritto da":"ladyitaliaeconomia","Tempo di lettura stimato":"2 minuti"},"schema":{"@context":"https:\/\/schema.org","@graph":[{"@type":"WebPage","@id":"https:\/\/www.italiaeconomiaonline.it\/web\/banda-larga-scovate-2milioni-di-imprese-da-connettere-con-internet-superveloce\/","url":"https:\/\/www.italiaeconomiaonline.it\/web\/banda-larga-scovate-2milioni-di-imprese-da-connettere-con-internet-superveloce\/","name":"Banda larga: \"scovate\" 2milioni di imprese da connettere con internet superveloce -","isPartOf":{"@id":"https:\/\/www.italiaeconomiaonline.it\/web\/#website"},"primaryImageOfPage":{"@id":"https:\/\/www.italiaeconomiaonline.it\/web\/banda-larga-scovate-2milioni-di-imprese-da-connettere-con-internet-superveloce\/#primaryimage"},"image":{"@id":"https:\/\/www.italiaeconomiaonline.it\/web\/banda-larga-scovate-2milioni-di-imprese-da-connettere-con-internet-superveloce\/#primaryimage"},"thumbnailUrl":"https:\/\/www.italiaeconomiaonline.it\/web\/wp-content\/uploads\/2019\/08\/internet.jpg","datePublished":"2019-12-09T14:48:46+00:00","dateModified":"2019-12-09T14:48:46+00:00","author":{"@id":"https:\/\/www.italiaeconomiaonline.it\/web\/#\/schema\/person\/909a49cce752523b020fbc37d5ab1c31"},"breadcrumb":{"@id":"https:\/\/www.italiaeconomiaonline.it\/web\/banda-larga-scovate-2milioni-di-imprese-da-connettere-con-internet-superveloce\/#breadcrumb"},"inLanguage":"it-IT","potentialAction":[{"@type":"ReadAction","target":["https:\/\/www.italiaeconomiaonline.it\/web\/banda-larga-scovate-2milioni-di-imprese-da-connettere-con-internet-superveloce\/"]}]},{"@type":"ImageObject","inLanguage":"it-IT","@id":"https:\/\/www.italiaeconomiaonline.it\/web\/banda-larga-scovate-2milioni-di-imprese-da-connettere-con-internet-superveloce\/#primaryimage","url":"https:\/\/www.italiaeconomiaonline.it\/web\/wp-content\/uploads\/2019\/08\/internet.jpg","contentUrl":"https:\/\/www.italiaeconomiaonline.it\/web\/wp-content\/uploads\/2019\/08\/internet.jpg","width":960,"height":640},{"@type":"BreadcrumbList","@id":"https:\/\/www.italiaeconomiaonline.it\/web\/banda-larga-scovate-2milioni-di-imprese-da-connettere-con-internet-superveloce\/#breadcrumb","itemListElement":[{"@type":"ListItem","position":1,"name":"Home","item":"https:\/\/www.italiaeconomiaonline.it\/web\/"},{"@type":"ListItem","position":2,"name":"Banda larga: &#8220;scovate&#8221; 2milioni di imprese da connettere con internet superveloce"}]},{"@type":"WebSite","@id":"https:\/\/www.italiaeconomiaonline.it\/web\/#website","url":"https:\/\/www.italiaeconomiaonline.it\/web\/","name":"ItaliaEconomiaOnline","description":"Quotidiano Economico Online","potentialAction":[{"@type":"SearchAction","target":{"@type":"EntryPoint","urlTemplate":"https:\/\/www.italiaeconomiaonline.it\/web\/?s={search_term_string}"},"query-input":"required name=search_term_string"}],"inLanguage":"it-IT"},{"@type":"Person","@id":"https:\/\/www.italiaeconomiaonline.it\/web\/#\/schema\/person\/909a49cce752523b020fbc37d5ab1c31","name":"ladyitaliaeconomia","image":{"@type":"ImageObject","inLanguage":"it-IT","@id":"https:\/\/www.italiaeconomiaonline.it\/web\/#\/schema\/person\/image\/","url":"https:\/\/secure.gravatar.com\/avatar\/cedca10ce7416a579b9fa6bce9c0a8f2?s=96&d=mm&r=g","contentUrl":"https:\/\/secure.gravatar.com\/avatar\/cedca10ce7416a579b9fa6bce9c0a8f2?s=96&d=mm&r=g","caption":"ladyitaliaeconomia"},"url":"https:\/\/www.italiaeconomiaonline.it\/web\/author\/ladyitaliaeconomia\/"}]}},"_links":{"self":[{"href":"https:\/\/www.italiaeconomiaonline.it\/web\/wp-json\/wp\/v2\/posts\/2170"}],"collection":[{"href":"https:\/\/www.italiaeconomiaonline.it\/web\/wp-json\/wp\/v2\/posts"}],"about":[{"href":"https:\/\/www.italiaeconomiaonline.it\/web\/wp-json\/wp\/v2\/types\/post"}],"author":[{"embeddable":true,"href":"https:\/\/www.italiaeconomiaonline.it\/web\/wp-json\/wp\/v2\/users\/1"}],"replies":[{"embeddable":true,"href":"https:\/\/www.italiaeconomiaonline.it\/web\/wp-json\/wp\/v2\/comments?post=2170"}],"version-history":[{"count":1,"href":"https:\/\/www.italiaeconomiaonline.it\/web\/wp-json\/wp\/v2\/posts\/2170\/revisions"}],"predecessor-version":[{"id":2171,"href":"https:\/\/www.italiaeconomiaonline.it\/web\/wp-json\/wp\/v2\/posts\/2170\/revisions\/2171"}],"wp:featuredmedia":[{"embeddable":true,"href":"https:\/\/www.italiaeconomiaonline.it\/web\/wp-json\/wp\/v2\/media\/1486"}],"wp:attachment":[{"href":"https:\/\/www.italiaeconomiaonline.it\/web\/wp-json\/wp\/v2\/media?parent=2170"}],"wp:term":[{"taxonomy":"category","embeddable":true,"href":"https:\/\/www.italiaeconomiaonline.it\/web\/wp-json\/wp\/v2\/categories?post=2170"},{"taxonomy":"post_tag","embeddable":true,"href":"https:\/\/www.italiaeconomiaonline.it\/web\/wp-json\/wp\/v2\/tags?post=2170"}],"curies":[{"name":"wp","href":"https:\/\/api.w.org\/{rel}","templated":true}]}}