{"id":2183,"date":"2019-12-11T16:37:30","date_gmt":"2019-12-11T15:37:30","guid":{"rendered":"http:\/\/www.italiaeconomiaonline.it\/web\/?p=2183"},"modified":"2019-12-11T16:37:30","modified_gmt":"2019-12-11T15:37:30","slug":"al-via-la-casa-delle-tecnologie-emergenti-di-matera","status":"publish","type":"post","link":"https:\/\/www.italiaeconomiaonline.it\/web\/al-via-la-casa-delle-tecnologie-emergenti-di-matera\/","title":{"rendered":"Al via la Casa delle Tecnologie Emergenti di Matera"},"content":{"rendered":"<p><span class=\"dropcap dropcap3\">\u00c8<\/span> stata firmata oggi, al Ministero dello Sviluppo Economico, la convenzione per l\u2019avvio a Matera della prima &#8220;Casa delle Tecnologie Emergenti&#8221; alla presenza del Ministro Stefano Patuanelli, del Sindaco Raffaello De Ruggieri e del Sottosegretario Mirella Liuzzi.<\/p>\n<p>&nbsp;<\/p>\n<p>\u201cQuello a cui diamo avvio oggi \u00e8 uno dei progetti di punta del MiSE sul tema delle tecnologie emergenti, che rappresentano un ulteriore asset su cui puntare per lo sviluppo del Mezzogiorno\u201d, ha dichiarato il ministro Patuanelli. \u201cMatera pu\u00f2 diventare un modello di riferimento, il nostro obiettivo \u00e8 dare continuit\u00e0 all\u2019esperienza della Capitale europea della Cultura attraverso la prospettiva digitale che anima il progetto. Il MiSE ha il compito di guidare e non subire i processi innovativi al fine di favorire la competitivit\u00e0 tecnologica del sistema produttivo del Paese.\u201d<\/p>\n<p>&nbsp;<\/p>\n<p>La Casa delle Tecnologie Emergenti ha, infatti, l\u2019obiettivo di supportare progetti di ricerca e sperimentazione, sostenere la creazione di startup e il trasferimento tecnologico verso le PMI, nell\u2019ambito dei programmi su Blockchain, IoT e Intelligenza Artificiale.<\/p>\n<p>Avr\u00e0 al suo interno diversi laboratori di innovazione: uno dedicato al settore audiovisivo, all\u2019extended reality e alle tecnologie per le riprese 3D, un altro dedicato alla blockchain e alla quantum key distribuition, uno alla robotica avanzata per lo sviluppo di strumenti e sistemi basati sull\u2019Internet delle Cose, un altro ancora alle applicazioni del 5G. Un ulteriore progetto innovativo sar\u00e0 quello del \u201cGemello Digitale\u201d, ideato dal CNR, che svilupper\u00e0 una copia virtuale di processi o servizi reali\u00a0 sulle quali effettuare dei test per prevenire errori e migliorare le funzionalit\u00e0 in virt\u00f9 dei dati raccolti dai sensori.<\/p>\n<p>Questi laboratori, con le loro rispettive attivit\u00e0 di servizio, saranno messi a disposizioni di startup, sviluppatori e PMI interessate a sviluppare prodotti e servizi innovativi.<\/p>\n<p>&nbsp;<\/p>\n<p>\u201cGrazie a un rapporto di positiva collaborazione istituzionale e tra soggetti pubblici e privati, Matera si candida a diventare il polo di riferimento euro-mediterraneo per le digital-humanities, le tecnologie applicate alle scienze dell\u2019uomo e alla cultura\u201d, ha dichiarato il Sottosegretario Liuzzi. \u201cCi\u00f2 dimostra che non \u00e8 azzardato, infatti, costruire una tecnologia che sappia collocare l\u2019uomo al centro, un umanesimo digitale che contempli un legame forte tra identit\u00e0 e tecnica, tra autenticit\u00e0 e innovazione tecnologica. Da Matera parte oggi un impulso ed una progettualit\u00e0 per tutto il Sud Italia\u201d.<\/p>\n","protected":false},"excerpt":{"rendered":"<p>\u00c8 stata firmata oggi, al Ministero dello Sviluppo Economico, la convenzione per l\u2019avvio a Matera della prima &#8220;Casa delle Tecnologie Emergenti&#8221; alla presenza del Ministro Stefano Patuanelli, del Sindaco Raffaello De Ruggieri e del Sottosegretario Mirella Liuzzi. &nbsp; \u201cQuello a cui diamo avvio oggi \u00e8 uno dei progetti di punta del MiSE sul tema delle [&hellip;]<\/p>\n","protected":false},"author":1,"featured_media":2184,"comment_status":"closed","ping_status":"open","sticky":false,"template":"","format":"standard","meta":{"footnotes":""},"categories":[309],"tags":[],"yoast_head":"<!-- This site is optimized with the Yoast SEO plugin v22.2 - https:\/\/yoast.com\/wordpress\/plugins\/seo\/ -->\n<title>Al via la Casa delle Tecnologie Emergenti di Matera -<\/title>\n<meta name=\"robots\" content=\"index, follow, max-snippet:-1, max-image-preview:large, max-video-preview:-1\" \/>\n<link rel=\"canonical\" href=\"https:\/\/www.italiaeconomiaonline.it\/web\/al-via-la-casa-delle-tecnologie-emergenti-di-matera\/\" \/>\n<meta property=\"og:locale\" content=\"it_IT\" \/>\n<meta property=\"og:type\" content=\"article\" \/>\n<meta property=\"og:title\" content=\"Al via la Casa delle Tecnologie Emergenti di Matera -\" \/>\n<meta property=\"og:description\" content=\"\u00c8 stata firmata oggi, al Ministero dello Sviluppo Economico, la convenzione per l\u2019avvio a Matera della prima &#8220;Casa delle Tecnologie Emergenti&#8221; alla presenza del Ministro Stefano Patuanelli, del Sindaco Raffaello De Ruggieri e del Sottosegretario Mirella Liuzzi. &nbsp; \u201cQuello a cui diamo avvio oggi \u00e8 uno dei progetti di punta del MiSE sul tema delle [&hellip;]\" \/>\n<meta property=\"og:url\" content=\"https:\/\/www.italiaeconomiaonline.it\/web\/al-via-la-casa-delle-tecnologie-emergenti-di-matera\/\" \/>\n<meta property=\"og:site_name\" content=\"ItaliaEconomiaOnline\" \/>\n<meta property=\"article:published_time\" content=\"2019-12-11T15:37:30+00:00\" \/>\n<meta property=\"og:image\" content=\"https:\/\/www.italiaeconomiaonline.it\/web\/wp-content\/uploads\/2019\/12\/matera-e1576078613462.jpg\" \/>\n\t<meta property=\"og:image:width\" content=\"1122\" \/>\n\t<meta property=\"og:image:height\" content=\"669\" \/>\n\t<meta property=\"og:image:type\" content=\"image\/jpeg\" \/>\n<meta name=\"author\" content=\"ladyitaliaeconomia\" \/>\n<meta name=\"twitter:card\" content=\"summary_large_image\" \/>\n<meta name=\"twitter:label1\" content=\"Scritto da\" \/>\n\t<meta name=\"twitter:data1\" content=\"ladyitaliaeconomia\" \/>\n\t<meta name=\"twitter:label2\" content=\"Tempo di lettura stimato\" \/>\n\t<meta name=\"twitter:data2\" content=\"2 minuti\" \/>\n<script type=\"application\/ld+json\" class=\"yoast-schema-graph\">{\"@context\":\"https:\/\/schema.org\",\"@graph\":[{\"@type\":\"WebPage\",\"@id\":\"https:\/\/www.italiaeconomiaonline.it\/web\/al-via-la-casa-delle-tecnologie-emergenti-di-matera\/\",\"url\":\"https:\/\/www.italiaeconomiaonline.it\/web\/al-via-la-casa-delle-tecnologie-emergenti-di-matera\/\",\"name\":\"Al via la Casa delle Tecnologie Emergenti di Matera -\",\"isPartOf\":{\"@id\":\"https:\/\/www.italiaeconomiaonline.it\/web\/#website\"},\"primaryImageOfPage\":{\"@id\":\"https:\/\/www.italiaeconomiaonline.it\/web\/al-via-la-casa-delle-tecnologie-emergenti-di-matera\/#primaryimage\"},\"image\":{\"@id\":\"https:\/\/www.italiaeconomiaonline.it\/web\/al-via-la-casa-delle-tecnologie-emergenti-di-matera\/#primaryimage\"},\"thumbnailUrl\":\"https:\/\/www.italiaeconomiaonline.it\/web\/wp-content\/uploads\/2019\/12\/matera-e1576078613462.jpg\",\"datePublished\":\"2019-12-11T15:37:30+00:00\",\"dateModified\":\"2019-12-11T15:37:30+00:00\",\"author\":{\"@id\":\"https:\/\/www.italiaeconomiaonline.it\/web\/#\/schema\/person\/909a49cce752523b020fbc37d5ab1c31\"},\"breadcrumb\":{\"@id\":\"https:\/\/www.italiaeconomiaonline.it\/web\/al-via-la-casa-delle-tecnologie-emergenti-di-matera\/#breadcrumb\"},\"inLanguage\":\"it-IT\",\"potentialAction\":[{\"@type\":\"ReadAction\",\"target\":[\"https:\/\/www.italiaeconomiaonline.it\/web\/al-via-la-casa-delle-tecnologie-emergenti-di-matera\/\"]}]},{\"@type\":\"ImageObject\",\"inLanguage\":\"it-IT\",\"@id\":\"https:\/\/www.italiaeconomiaonline.it\/web\/al-via-la-casa-delle-tecnologie-emergenti-di-matera\/#primaryimage\",\"url\":\"https:\/\/www.italiaeconomiaonline.it\/web\/wp-content\/uploads\/2019\/12\/matera-e1576078613462.jpg\",\"contentUrl\":\"https:\/\/www.italiaeconomiaonline.it\/web\/wp-content\/uploads\/2019\/12\/matera-e1576078613462.jpg\",\"width\":1122,\"height\":669},{\"@type\":\"BreadcrumbList\",\"@id\":\"https:\/\/www.italiaeconomiaonline.it\/web\/al-via-la-casa-delle-tecnologie-emergenti-di-matera\/#breadcrumb\",\"itemListElement\":[{\"@type\":\"ListItem\",\"position\":1,\"name\":\"Home\",\"item\":\"https:\/\/www.italiaeconomiaonline.it\/web\/\"},{\"@type\":\"ListItem\",\"position\":2,\"name\":\"Al via la Casa delle Tecnologie Emergenti di Matera\"}]},{\"@type\":\"WebSite\",\"@id\":\"https:\/\/www.italiaeconomiaonline.it\/web\/#website\",\"url\":\"https:\/\/www.italiaeconomiaonline.it\/web\/\",\"name\":\"ItaliaEconomiaOnline\",\"description\":\"Quotidiano Economico Online\",\"potentialAction\":[{\"@type\":\"SearchAction\",\"target\":{\"@type\":\"EntryPoint\",\"urlTemplate\":\"https:\/\/www.italiaeconomiaonline.it\/web\/?s={search_term_string}\"},\"query-input\":\"required name=search_term_string\"}],\"inLanguage\":\"it-IT\"},{\"@type\":\"Person\",\"@id\":\"https:\/\/www.italiaeconomiaonline.it\/web\/#\/schema\/person\/909a49cce752523b020fbc37d5ab1c31\",\"name\":\"ladyitaliaeconomia\",\"image\":{\"@type\":\"ImageObject\",\"inLanguage\":\"it-IT\",\"@id\":\"https:\/\/www.italiaeconomiaonline.it\/web\/#\/schema\/person\/image\/\",\"url\":\"https:\/\/secure.gravatar.com\/avatar\/cedca10ce7416a579b9fa6bce9c0a8f2?s=96&d=mm&r=g\",\"contentUrl\":\"https:\/\/secure.gravatar.com\/avatar\/cedca10ce7416a579b9fa6bce9c0a8f2?s=96&d=mm&r=g\",\"caption\":\"ladyitaliaeconomia\"},\"url\":\"https:\/\/www.italiaeconomiaonline.it\/web\/author\/ladyitaliaeconomia\/\"}]}<\/script>\n<!-- \/ Yoast SEO plugin. -->","yoast_head_json":{"title":"Al via la Casa delle Tecnologie Emergenti di Matera -","robots":{"index":"index","follow":"follow","max-snippet":"max-snippet:-1","max-image-preview":"max-image-preview:large","max-video-preview":"max-video-preview:-1"},"canonical":"https:\/\/www.italiaeconomiaonline.it\/web\/al-via-la-casa-delle-tecnologie-emergenti-di-matera\/","og_locale":"it_IT","og_type":"article","og_title":"Al via la Casa delle Tecnologie Emergenti di Matera -","og_description":"\u00c8 stata firmata oggi, al Ministero dello Sviluppo Economico, la convenzione per l\u2019avvio a Matera della prima &#8220;Casa delle Tecnologie Emergenti&#8221; alla presenza del Ministro Stefano Patuanelli, del Sindaco Raffaello De Ruggieri e del Sottosegretario Mirella Liuzzi. &nbsp; \u201cQuello a cui diamo avvio oggi \u00e8 uno dei progetti di punta del MiSE sul tema delle [&hellip;]","og_url":"https:\/\/www.italiaeconomiaonline.it\/web\/al-via-la-casa-delle-tecnologie-emergenti-di-matera\/","og_site_name":"ItaliaEconomiaOnline","article_published_time":"2019-12-11T15:37:30+00:00","og_image":[{"width":1122,"height":669,"url":"https:\/\/www.italiaeconomiaonline.it\/web\/wp-content\/uploads\/2019\/12\/matera-e1576078613462.jpg","type":"image\/jpeg"}],"author":"ladyitaliaeconomia","twitter_card":"summary_large_image","twitter_misc":{"Scritto da":"ladyitaliaeconomia","Tempo di lettura stimato":"2 minuti"},"schema":{"@context":"https:\/\/schema.org","@graph":[{"@type":"WebPage","@id":"https:\/\/www.italiaeconomiaonline.it\/web\/al-via-la-casa-delle-tecnologie-emergenti-di-matera\/","url":"https:\/\/www.italiaeconomiaonline.it\/web\/al-via-la-casa-delle-tecnologie-emergenti-di-matera\/","name":"Al via la Casa delle Tecnologie Emergenti di Matera -","isPartOf":{"@id":"https:\/\/www.italiaeconomiaonline.it\/web\/#website"},"primaryImageOfPage":{"@id":"https:\/\/www.italiaeconomiaonline.it\/web\/al-via-la-casa-delle-tecnologie-emergenti-di-matera\/#primaryimage"},"image":{"@id":"https:\/\/www.italiaeconomiaonline.it\/web\/al-via-la-casa-delle-tecnologie-emergenti-di-matera\/#primaryimage"},"thumbnailUrl":"https:\/\/www.italiaeconomiaonline.it\/web\/wp-content\/uploads\/2019\/12\/matera-e1576078613462.jpg","datePublished":"2019-12-11T15:37:30+00:00","dateModified":"2019-12-11T15:37:30+00:00","author":{"@id":"https:\/\/www.italiaeconomiaonline.it\/web\/#\/schema\/person\/909a49cce752523b020fbc37d5ab1c31"},"breadcrumb":{"@id":"https:\/\/www.italiaeconomiaonline.it\/web\/al-via-la-casa-delle-tecnologie-emergenti-di-matera\/#breadcrumb"},"inLanguage":"it-IT","potentialAction":[{"@type":"ReadAction","target":["https:\/\/www.italiaeconomiaonline.it\/web\/al-via-la-casa-delle-tecnologie-emergenti-di-matera\/"]}]},{"@type":"ImageObject","inLanguage":"it-IT","@id":"https:\/\/www.italiaeconomiaonline.it\/web\/al-via-la-casa-delle-tecnologie-emergenti-di-matera\/#primaryimage","url":"https:\/\/www.italiaeconomiaonline.it\/web\/wp-content\/uploads\/2019\/12\/matera-e1576078613462.jpg","contentUrl":"https:\/\/www.italiaeconomiaonline.it\/web\/wp-content\/uploads\/2019\/12\/matera-e1576078613462.jpg","width":1122,"height":669},{"@type":"BreadcrumbList","@id":"https:\/\/www.italiaeconomiaonline.it\/web\/al-via-la-casa-delle-tecnologie-emergenti-di-matera\/#breadcrumb","itemListElement":[{"@type":"ListItem","position":1,"name":"Home","item":"https:\/\/www.italiaeconomiaonline.it\/web\/"},{"@type":"ListItem","position":2,"name":"Al via la Casa delle Tecnologie Emergenti di Matera"}]},{"@type":"WebSite","@id":"https:\/\/www.italiaeconomiaonline.it\/web\/#website","url":"https:\/\/www.italiaeconomiaonline.it\/web\/","name":"ItaliaEconomiaOnline","description":"Quotidiano Economico Online","potentialAction":[{"@type":"SearchAction","target":{"@type":"EntryPoint","urlTemplate":"https:\/\/www.italiaeconomiaonline.it\/web\/?s={search_term_string}"},"query-input":"required name=search_term_string"}],"inLanguage":"it-IT"},{"@type":"Person","@id":"https:\/\/www.italiaeconomiaonline.it\/web\/#\/schema\/person\/909a49cce752523b020fbc37d5ab1c31","name":"ladyitaliaeconomia","image":{"@type":"ImageObject","inLanguage":"it-IT","@id":"https:\/\/www.italiaeconomiaonline.it\/web\/#\/schema\/person\/image\/","url":"https:\/\/secure.gravatar.com\/avatar\/cedca10ce7416a579b9fa6bce9c0a8f2?s=96&d=mm&r=g","contentUrl":"https:\/\/secure.gravatar.com\/avatar\/cedca10ce7416a579b9fa6bce9c0a8f2?s=96&d=mm&r=g","caption":"ladyitaliaeconomia"},"url":"https:\/\/www.italiaeconomiaonline.it\/web\/author\/ladyitaliaeconomia\/"}]}},"_links":{"self":[{"href":"https:\/\/www.italiaeconomiaonline.it\/web\/wp-json\/wp\/v2\/posts\/2183"}],"collection":[{"href":"https:\/\/www.italiaeconomiaonline.it\/web\/wp-json\/wp\/v2\/posts"}],"about":[{"href":"https:\/\/www.italiaeconomiaonline.it\/web\/wp-json\/wp\/v2\/types\/post"}],"author":[{"embeddable":true,"href":"https:\/\/www.italiaeconomiaonline.it\/web\/wp-json\/wp\/v2\/users\/1"}],"replies":[{"embeddable":true,"href":"https:\/\/www.italiaeconomiaonline.it\/web\/wp-json\/wp\/v2\/comments?post=2183"}],"version-history":[{"count":1,"href":"https:\/\/www.italiaeconomiaonline.it\/web\/wp-json\/wp\/v2\/posts\/2183\/revisions"}],"predecessor-version":[{"id":2185,"href":"https:\/\/www.italiaeconomiaonline.it\/web\/wp-json\/wp\/v2\/posts\/2183\/revisions\/2185"}],"wp:featuredmedia":[{"embeddable":true,"href":"https:\/\/www.italiaeconomiaonline.it\/web\/wp-json\/wp\/v2\/media\/2184"}],"wp:attachment":[{"href":"https:\/\/www.italiaeconomiaonline.it\/web\/wp-json\/wp\/v2\/media?parent=2183"}],"wp:term":[{"taxonomy":"category","embeddable":true,"href":"https:\/\/www.italiaeconomiaonline.it\/web\/wp-json\/wp\/v2\/categories?post=2183"},{"taxonomy":"post_tag","embeddable":true,"href":"https:\/\/www.italiaeconomiaonline.it\/web\/wp-json\/wp\/v2\/tags?post=2183"}],"curies":[{"name":"wp","href":"https:\/\/api.w.org\/{rel}","templated":true}]}}