{"id":2191,"date":"2019-12-13T12:03:25","date_gmt":"2019-12-13T11:03:25","guid":{"rendered":"http:\/\/www.italiaeconomiaonline.it\/web\/?p=2191"},"modified":"2019-12-13T12:03:25","modified_gmt":"2019-12-13T11:03:25","slug":"il-natale-degli-italiani-e-allinsegna-dello-sperpero","status":"publish","type":"post","link":"https:\/\/www.italiaeconomiaonline.it\/web\/il-natale-degli-italiani-e-allinsegna-dello-sperpero\/","title":{"rendered":"Il Natale degli italiani? E&#8217; all&#8217;insegna dello sperpero"},"content":{"rendered":"<p><span class=\"dropcap dropcap3\">I<\/span>l Natale \u00e8 tradizionalmente il momento dell&#8217;eccesso, soprattutto in Italia dove in occasione delle feste si esagera spesso con cibi e vini. Queste<strong> celebrazioni natalizie golose<\/strong> hanno cos\u00ec un <strong>effetto dannoso sul pianeta<\/strong> di cui stiamo consumando le risorse a tempo di record, ogni anno sempre di pi\u00f9: a mettere in evidenza questo aspetto spesso trascurato \u00e8 Ener2Crowd, la prima piattaforma italiana di<em> lending crowdfunding energetico,<\/em> che in occasione di questo Natale 2019<strong> invita i cittadini a rendere le feste pi\u00f9 eco-sostentibili<\/strong>.<\/p>\n<p><em>\u00abLe aziende italiane gi\u00e0 hanno iniziato a fare la loro parte\u00bb<\/em> sottolinea <strong>Giorgio Mottironi<\/strong>, <em>chief sustainability officer<\/em> e co-fondatore di Ener2Crowd. <em>\u00abSebbene ci siano ancora margini di miglioramento<\/em> -prosegue <strong>Mottironi<\/strong>&#8211; <em>l&#8217;industria ha davvero fatto molta strada quest&#8217;anno: <strong>il 2019 \u00e8 stato un anno importante per la consapevolezza e l&#8217;azione a livello aziendale contro i cambiamenti climatici<\/strong> ed a favore della sostenibilit\u00e0\u00bb.<\/em><\/p>\n<p><em>\u00abMai prima d&#8217;ora abbiamo avuto cos\u00ec tante prove del fatto che <strong>essere sostenibili \u00e8 anche economicamente vantaggioso per le aziende<\/strong>\u00bb<\/em> aggiunge <strong>Niccol\u00f2 Sovico<\/strong>, ceo, ideatore e co-fondatore di Ener2Crowd, che questo Natale per ridurre l&#8217;inevitabile impatto ambientale dell&#8217;eccesso ha deciso di ridurre i consumi, collaborando con le organizzazioni contro gli sprechi alimentari.<\/p>\n<p>In particolare<strong> lo spreco alimentare somma annualmente in Italia 17 miliardi di euro<\/strong>, pari all&#8217;1% del pil, di cui 14 miliardi di euro dissipati per il cibo gi\u00e0 prodotto e gettato e 3 miliardi di euro per lo spreco di filiera e distribuzione.<\/p>\n<p><em>\u00abInsomma <strong>ogni italiano butta via mediamente 800 grammi di cibo a settimana<\/strong>, per un valore di 17 euro mensili pro-capite\u00bb<\/em> puntualizzano gli analisti di Ener2Crowd. <em>\u00abSe ogni italiano <\/em>-proseguono-<em> dedicasse l&#8217;esatto valore dello spreco di 12 mesi alla sostenibilit\u00e0 a progetti pensati per il progresso del Pianeta, questi rappresenterebbero un tesoretto di circa <strong>13 miliardi di euro<\/strong> in grado di crescere del 6% all&#8217;anno\u00bb.<\/em><\/p>\n<p>Dopo soli 3 anni, tramutato in investimenti mirati e sostenibili,<strong> lo spreco produrrebbe una rendita complessiva del 28%<\/strong>. Tassi di crescita del genere sono introvabili anche in prodotti finanziari speculativi e ci\u00f2 d\u00e0 una misura delle potenzialit\u00e0 di un&#8217;economia stabile riconvertita e partecipata verso il <em>green.<\/em><\/p>\n<p>Ma se analizziamo i dati del <strong>periodo natalizio<\/strong> scopriamo che si getteranno via oltre <strong>500 mila tonnellate di cibo<\/strong>, corrispondenti ad oltre <strong>80 euro per gruppo familiare<\/strong> che vanno in fumo inutilmente, portando anche ad un&#8217;impennata del livello di inquinamento <em><strong>\u00abperch\u00e9 ogni tonnellata di rifiuti alimentari produce 4,2 tonnellate di CO2\u00bb<\/strong><\/em> spiegano gli esperti.<\/p>\n<p><em>\u00abEppure -dalla scelta dei cibi alle decorazioni, dai mezzi di trasporto all&#8217;illuminazione- il Natale pu\u00f2 essere occasione per mettere in atto e diffondere <strong>pratiche sostenibili<\/strong>, puntando sulla <strong>sensibilit\u00e0 ambientale<\/strong> e sulle <strong>tecnologie per ridurre gli sprechi<\/strong>, anche energetici\u00bb<\/em> sottolineano gli esperti di Ener2Crowd.<\/p>\n<p><strong>Le lampadine a led<\/strong> -ad esempio- <strong>consumano l&#8217;80% di energia in meno rispetto alle vecchie luci ad incandescenza<\/strong> e durano 30 volte di pi\u00f9, una scelta che nell&#8217;ultimo anno ha gi\u00e0 consentito di <strong>evitare 600 milioni di tonnellate di CO2 nell&#8217;atmosfera<\/strong>, riduzione pari alla chiusura di 170 centrali elettriche a combustione.<\/p>\n<p>In tal senso<strong> Roma e Palermo sono state le prime citt\u00e0 in Italia ad optare per il diodo ad emissione di luce<\/strong> per decorare gli abeti nelle piazze principali.<\/p>\n<p><em>\u00ab<strong>Vogliamo che sia un Natale all&#8217;insegna della sostenibilit\u00e0.<\/strong> Per questo le luci sono a basso consumo e l&#8217;abete, alto 21 metri e abbellito con oltre 600 sfere e 3 mila metri di luci a led, \u00e8 certificato FSC e quindi \u00e8 anche conforme ai pi\u00f9 rigorosi standard ambientali\u00bb<\/em> mette in risalto<strong> il sindaco di Roma, Virginia Raggi<\/strong>.<\/p>\n<p>Ed anche l&#8217;<strong>installazione di Milano<\/strong>, alta 37 metri e composta da 81.448 punti luce, \u00e8 quest&#8217;anno una <strong>struttura <em>\u00ablight emitting diode\u00bb,<\/em><\/strong> nell&#8217;abbraccio di un anello verde formato da 22 abeti: un &#8220;albero&#8221; innovativo e sostenibile che vuole essere un simbolo di inclusione e di solidariet\u00e0.<\/p>\n<p><strong>L&#8217;albero di Natale \u00e8 infatti un altro tema caldo in quanto ad inquinamento.<\/strong> Scegliere un <strong>albero vero a zero chilometri<\/strong> per evitare l&#8217;inquinamento dovuto ai lunghi trasporti o alle modalit\u00e0 di produzione \u00e8 sempre la scelta migliore.<\/p>\n<p>Il processo di realizzazione di un <strong>albero artificiale in pvc<\/strong> richiederebbe invece un consumo di circa <strong>20 chili di petrolio<\/strong> e comporterebbe il rilascio di <strong>23 chili di biossido di carbonio<\/strong>. Cos\u00ec come le <strong>palline di plastica<\/strong>, per ogni tonnellata prodotta ex-novo, comportano l&#8217;emissione di <strong>2,5 tonnellate di CO2<\/strong>.<\/p>\n<p><em>\u00abCome consumatori, <strong>dobbiamo usare il nostro potere di spesa per mostrare alle aziende che \u00e8 nel loro interesse realizzare prodotti sostenibili<\/strong>\u00bb<\/em> conclude <strong>Giorgio Mottironi<\/strong>, che per questo Natale suggerisce di regalare e regalarsi il <em>\u00ablending crowdfunding energetico\u00bb<\/em> di Ener2Crowd, destinato a sostenere la crescita del\u00a0<em>lending<\/em> grazie ai progetti proposti al\u00a0<em>crowd,<\/em> ovvero a tutti i cittadini che diventano cos\u00ec <em><strong>greenvestor<\/strong>.<\/em><\/p>\n<p>&nbsp;<\/p>\n","protected":false},"excerpt":{"rendered":"<p>Il Natale \u00e8 tradizionalmente il momento dell&#8217;eccesso, soprattutto in Italia dove in occasione delle feste si esagera spesso con cibi e vini. Queste celebrazioni natalizie golose hanno cos\u00ec un effetto dannoso sul pianeta di cui stiamo consumando le risorse a tempo di record, ogni anno sempre di pi\u00f9: a mettere in evidenza questo aspetto spesso [&hellip;]<\/p>\n","protected":false},"author":1,"featured_media":2192,"comment_status":"closed","ping_status":"open","sticky":false,"template":"","format":"standard","meta":{"footnotes":""},"categories":[35],"tags":[],"yoast_head":"<!-- This site is optimized with the Yoast SEO plugin v22.2 - https:\/\/yoast.com\/wordpress\/plugins\/seo\/ -->\n<title>Il Natale degli italiani? E&#039; all&#039;insegna dello sperpero -<\/title>\n<meta name=\"robots\" content=\"index, follow, max-snippet:-1, max-image-preview:large, max-video-preview:-1\" \/>\n<link rel=\"canonical\" href=\"http:\/\/www.italiaeconomiaonline.it\/web\/il-natale-degli-italiani-e-allinsegna-dello-sperpero\/\" \/>\n<meta property=\"og:locale\" content=\"it_IT\" \/>\n<meta property=\"og:type\" content=\"article\" \/>\n<meta property=\"og:title\" content=\"Il Natale degli italiani? E&#039; all&#039;insegna dello sperpero -\" \/>\n<meta property=\"og:description\" content=\"Il Natale \u00e8 tradizionalmente il momento dell&#8217;eccesso, soprattutto in Italia dove in occasione delle feste si esagera spesso con cibi e vini. Queste celebrazioni natalizie golose hanno cos\u00ec un effetto dannoso sul pianeta di cui stiamo consumando le risorse a tempo di record, ogni anno sempre di pi\u00f9: a mettere in evidenza questo aspetto spesso [&hellip;]\" \/>\n<meta property=\"og:url\" content=\"http:\/\/www.italiaeconomiaonline.it\/web\/il-natale-degli-italiani-e-allinsegna-dello-sperpero\/\" \/>\n<meta property=\"og:site_name\" content=\"ItaliaEconomiaOnline\" \/>\n<meta property=\"article:published_time\" content=\"2019-12-13T11:03:25+00:00\" \/>\n<meta property=\"og:image\" content=\"http:\/\/www.italiaeconomiaonline.it\/web\/wp-content\/uploads\/2019\/12\/lampadina.jpg\" \/>\n\t<meta property=\"og:image:width\" content=\"960\" \/>\n\t<meta property=\"og:image:height\" content=\"540\" \/>\n\t<meta property=\"og:image:type\" content=\"image\/jpeg\" \/>\n<meta name=\"author\" content=\"ladyitaliaeconomia\" \/>\n<meta name=\"twitter:card\" content=\"summary_large_image\" \/>\n<meta name=\"twitter:label1\" content=\"Scritto da\" \/>\n\t<meta name=\"twitter:data1\" content=\"ladyitaliaeconomia\" \/>\n\t<meta name=\"twitter:label2\" content=\"Tempo di lettura stimato\" \/>\n\t<meta name=\"twitter:data2\" content=\"4 minuti\" \/>\n<script type=\"application\/ld+json\" class=\"yoast-schema-graph\">{\"@context\":\"https:\/\/schema.org\",\"@graph\":[{\"@type\":\"WebPage\",\"@id\":\"http:\/\/www.italiaeconomiaonline.it\/web\/il-natale-degli-italiani-e-allinsegna-dello-sperpero\/\",\"url\":\"http:\/\/www.italiaeconomiaonline.it\/web\/il-natale-degli-italiani-e-allinsegna-dello-sperpero\/\",\"name\":\"Il Natale degli italiani? E' all'insegna dello sperpero -\",\"isPartOf\":{\"@id\":\"https:\/\/www.italiaeconomiaonline.it\/web\/#website\"},\"primaryImageOfPage\":{\"@id\":\"http:\/\/www.italiaeconomiaonline.it\/web\/il-natale-degli-italiani-e-allinsegna-dello-sperpero\/#primaryimage\"},\"image\":{\"@id\":\"http:\/\/www.italiaeconomiaonline.it\/web\/il-natale-degli-italiani-e-allinsegna-dello-sperpero\/#primaryimage\"},\"thumbnailUrl\":\"https:\/\/www.italiaeconomiaonline.it\/web\/wp-content\/uploads\/2019\/12\/lampadina.jpg\",\"datePublished\":\"2019-12-13T11:03:25+00:00\",\"dateModified\":\"2019-12-13T11:03:25+00:00\",\"author\":{\"@id\":\"https:\/\/www.italiaeconomiaonline.it\/web\/#\/schema\/person\/909a49cce752523b020fbc37d5ab1c31\"},\"breadcrumb\":{\"@id\":\"http:\/\/www.italiaeconomiaonline.it\/web\/il-natale-degli-italiani-e-allinsegna-dello-sperpero\/#breadcrumb\"},\"inLanguage\":\"it-IT\",\"potentialAction\":[{\"@type\":\"ReadAction\",\"target\":[\"http:\/\/www.italiaeconomiaonline.it\/web\/il-natale-degli-italiani-e-allinsegna-dello-sperpero\/\"]}]},{\"@type\":\"ImageObject\",\"inLanguage\":\"it-IT\",\"@id\":\"http:\/\/www.italiaeconomiaonline.it\/web\/il-natale-degli-italiani-e-allinsegna-dello-sperpero\/#primaryimage\",\"url\":\"https:\/\/www.italiaeconomiaonline.it\/web\/wp-content\/uploads\/2019\/12\/lampadina.jpg\",\"contentUrl\":\"https:\/\/www.italiaeconomiaonline.it\/web\/wp-content\/uploads\/2019\/12\/lampadina.jpg\",\"width\":960,\"height\":540},{\"@type\":\"BreadcrumbList\",\"@id\":\"http:\/\/www.italiaeconomiaonline.it\/web\/il-natale-degli-italiani-e-allinsegna-dello-sperpero\/#breadcrumb\",\"itemListElement\":[{\"@type\":\"ListItem\",\"position\":1,\"name\":\"Home\",\"item\":\"https:\/\/www.italiaeconomiaonline.it\/web\/\"},{\"@type\":\"ListItem\",\"position\":2,\"name\":\"Il Natale degli italiani? E&#8217; all&#8217;insegna dello sperpero\"}]},{\"@type\":\"WebSite\",\"@id\":\"https:\/\/www.italiaeconomiaonline.it\/web\/#website\",\"url\":\"https:\/\/www.italiaeconomiaonline.it\/web\/\",\"name\":\"ItaliaEconomiaOnline\",\"description\":\"Quotidiano Economico Online\",\"potentialAction\":[{\"@type\":\"SearchAction\",\"target\":{\"@type\":\"EntryPoint\",\"urlTemplate\":\"https:\/\/www.italiaeconomiaonline.it\/web\/?s={search_term_string}\"},\"query-input\":\"required name=search_term_string\"}],\"inLanguage\":\"it-IT\"},{\"@type\":\"Person\",\"@id\":\"https:\/\/www.italiaeconomiaonline.it\/web\/#\/schema\/person\/909a49cce752523b020fbc37d5ab1c31\",\"name\":\"ladyitaliaeconomia\",\"image\":{\"@type\":\"ImageObject\",\"inLanguage\":\"it-IT\",\"@id\":\"https:\/\/www.italiaeconomiaonline.it\/web\/#\/schema\/person\/image\/\",\"url\":\"https:\/\/secure.gravatar.com\/avatar\/cedca10ce7416a579b9fa6bce9c0a8f2?s=96&d=mm&r=g\",\"contentUrl\":\"https:\/\/secure.gravatar.com\/avatar\/cedca10ce7416a579b9fa6bce9c0a8f2?s=96&d=mm&r=g\",\"caption\":\"ladyitaliaeconomia\"},\"url\":\"https:\/\/www.italiaeconomiaonline.it\/web\/author\/ladyitaliaeconomia\/\"}]}<\/script>\n<!-- \/ Yoast SEO plugin. -->","yoast_head_json":{"title":"Il Natale degli italiani? E' all'insegna dello sperpero -","robots":{"index":"index","follow":"follow","max-snippet":"max-snippet:-1","max-image-preview":"max-image-preview:large","max-video-preview":"max-video-preview:-1"},"canonical":"http:\/\/www.italiaeconomiaonline.it\/web\/il-natale-degli-italiani-e-allinsegna-dello-sperpero\/","og_locale":"it_IT","og_type":"article","og_title":"Il Natale degli italiani? E' all'insegna dello sperpero -","og_description":"Il Natale \u00e8 tradizionalmente il momento dell&#8217;eccesso, soprattutto in Italia dove in occasione delle feste si esagera spesso con cibi e vini. Queste celebrazioni natalizie golose hanno cos\u00ec un effetto dannoso sul pianeta di cui stiamo consumando le risorse a tempo di record, ogni anno sempre di pi\u00f9: a mettere in evidenza questo aspetto spesso [&hellip;]","og_url":"http:\/\/www.italiaeconomiaonline.it\/web\/il-natale-degli-italiani-e-allinsegna-dello-sperpero\/","og_site_name":"ItaliaEconomiaOnline","article_published_time":"2019-12-13T11:03:25+00:00","og_image":[{"width":960,"height":540,"url":"http:\/\/www.italiaeconomiaonline.it\/web\/wp-content\/uploads\/2019\/12\/lampadina.jpg","type":"image\/jpeg"}],"author":"ladyitaliaeconomia","twitter_card":"summary_large_image","twitter_misc":{"Scritto da":"ladyitaliaeconomia","Tempo di lettura stimato":"4 minuti"},"schema":{"@context":"https:\/\/schema.org","@graph":[{"@type":"WebPage","@id":"http:\/\/www.italiaeconomiaonline.it\/web\/il-natale-degli-italiani-e-allinsegna-dello-sperpero\/","url":"http:\/\/www.italiaeconomiaonline.it\/web\/il-natale-degli-italiani-e-allinsegna-dello-sperpero\/","name":"Il Natale degli italiani? E' all'insegna dello sperpero -","isPartOf":{"@id":"https:\/\/www.italiaeconomiaonline.it\/web\/#website"},"primaryImageOfPage":{"@id":"http:\/\/www.italiaeconomiaonline.it\/web\/il-natale-degli-italiani-e-allinsegna-dello-sperpero\/#primaryimage"},"image":{"@id":"http:\/\/www.italiaeconomiaonline.it\/web\/il-natale-degli-italiani-e-allinsegna-dello-sperpero\/#primaryimage"},"thumbnailUrl":"https:\/\/www.italiaeconomiaonline.it\/web\/wp-content\/uploads\/2019\/12\/lampadina.jpg","datePublished":"2019-12-13T11:03:25+00:00","dateModified":"2019-12-13T11:03:25+00:00","author":{"@id":"https:\/\/www.italiaeconomiaonline.it\/web\/#\/schema\/person\/909a49cce752523b020fbc37d5ab1c31"},"breadcrumb":{"@id":"http:\/\/www.italiaeconomiaonline.it\/web\/il-natale-degli-italiani-e-allinsegna-dello-sperpero\/#breadcrumb"},"inLanguage":"it-IT","potentialAction":[{"@type":"ReadAction","target":["http:\/\/www.italiaeconomiaonline.it\/web\/il-natale-degli-italiani-e-allinsegna-dello-sperpero\/"]}]},{"@type":"ImageObject","inLanguage":"it-IT","@id":"http:\/\/www.italiaeconomiaonline.it\/web\/il-natale-degli-italiani-e-allinsegna-dello-sperpero\/#primaryimage","url":"https:\/\/www.italiaeconomiaonline.it\/web\/wp-content\/uploads\/2019\/12\/lampadina.jpg","contentUrl":"https:\/\/www.italiaeconomiaonline.it\/web\/wp-content\/uploads\/2019\/12\/lampadina.jpg","width":960,"height":540},{"@type":"BreadcrumbList","@id":"http:\/\/www.italiaeconomiaonline.it\/web\/il-natale-degli-italiani-e-allinsegna-dello-sperpero\/#breadcrumb","itemListElement":[{"@type":"ListItem","position":1,"name":"Home","item":"https:\/\/www.italiaeconomiaonline.it\/web\/"},{"@type":"ListItem","position":2,"name":"Il Natale degli italiani? E&#8217; all&#8217;insegna dello sperpero"}]},{"@type":"WebSite","@id":"https:\/\/www.italiaeconomiaonline.it\/web\/#website","url":"https:\/\/www.italiaeconomiaonline.it\/web\/","name":"ItaliaEconomiaOnline","description":"Quotidiano Economico Online","potentialAction":[{"@type":"SearchAction","target":{"@type":"EntryPoint","urlTemplate":"https:\/\/www.italiaeconomiaonline.it\/web\/?s={search_term_string}"},"query-input":"required name=search_term_string"}],"inLanguage":"it-IT"},{"@type":"Person","@id":"https:\/\/www.italiaeconomiaonline.it\/web\/#\/schema\/person\/909a49cce752523b020fbc37d5ab1c31","name":"ladyitaliaeconomia","image":{"@type":"ImageObject","inLanguage":"it-IT","@id":"https:\/\/www.italiaeconomiaonline.it\/web\/#\/schema\/person\/image\/","url":"https:\/\/secure.gravatar.com\/avatar\/cedca10ce7416a579b9fa6bce9c0a8f2?s=96&d=mm&r=g","contentUrl":"https:\/\/secure.gravatar.com\/avatar\/cedca10ce7416a579b9fa6bce9c0a8f2?s=96&d=mm&r=g","caption":"ladyitaliaeconomia"},"url":"https:\/\/www.italiaeconomiaonline.it\/web\/author\/ladyitaliaeconomia\/"}]}},"_links":{"self":[{"href":"https:\/\/www.italiaeconomiaonline.it\/web\/wp-json\/wp\/v2\/posts\/2191"}],"collection":[{"href":"https:\/\/www.italiaeconomiaonline.it\/web\/wp-json\/wp\/v2\/posts"}],"about":[{"href":"https:\/\/www.italiaeconomiaonline.it\/web\/wp-json\/wp\/v2\/types\/post"}],"author":[{"embeddable":true,"href":"https:\/\/www.italiaeconomiaonline.it\/web\/wp-json\/wp\/v2\/users\/1"}],"replies":[{"embeddable":true,"href":"https:\/\/www.italiaeconomiaonline.it\/web\/wp-json\/wp\/v2\/comments?post=2191"}],"version-history":[{"count":1,"href":"https:\/\/www.italiaeconomiaonline.it\/web\/wp-json\/wp\/v2\/posts\/2191\/revisions"}],"predecessor-version":[{"id":2193,"href":"https:\/\/www.italiaeconomiaonline.it\/web\/wp-json\/wp\/v2\/posts\/2191\/revisions\/2193"}],"wp:featuredmedia":[{"embeddable":true,"href":"https:\/\/www.italiaeconomiaonline.it\/web\/wp-json\/wp\/v2\/media\/2192"}],"wp:attachment":[{"href":"https:\/\/www.italiaeconomiaonline.it\/web\/wp-json\/wp\/v2\/media?parent=2191"}],"wp:term":[{"taxonomy":"category","embeddable":true,"href":"https:\/\/www.italiaeconomiaonline.it\/web\/wp-json\/wp\/v2\/categories?post=2191"},{"taxonomy":"post_tag","embeddable":true,"href":"https:\/\/www.italiaeconomiaonline.it\/web\/wp-json\/wp\/v2\/tags?post=2191"}],"curies":[{"name":"wp","href":"https:\/\/api.w.org\/{rel}","templated":true}]}}