{"id":2214,"date":"2019-12-22T21:07:08","date_gmt":"2019-12-22T20:07:08","guid":{"rendered":"http:\/\/www.italiaeconomiaonline.it\/web\/?p=2214"},"modified":"2019-12-22T21:07:08","modified_gmt":"2019-12-22T20:07:08","slug":"adiconsum-notifica-digitale-discriminatoria-nei-confronti-delle-fasce-piu-deboli-della-popolazione","status":"publish","type":"post","link":"https:\/\/www.italiaeconomiaonline.it\/web\/adiconsum-notifica-digitale-discriminatoria-nei-confronti-delle-fasce-piu-deboli-della-popolazione\/","title":{"rendered":"Adiconsum: notifica digitale discriminatoria nei confronti delle fasce pi\u00f9 deboli della popolazione"},"content":{"rendered":"<p><span class=\"dropcap dropcap3\">D<\/span>al prossimo anno, la notifica di atti, provvedimenti, avvisi e comunicazioni della Pubblica Amministrazione a cittadini, persone giuridiche e imprese, sar\u00e0 digitale. Questo, almeno, \u00e8 quanto contenuto nell\u2019art. 34 del Decreto Legge\u00a0 Milleproroghe che andr\u00e0 al Consiglio dei Ministri del prossimo 21 dicembre.<\/p>\n<p>Ad avviso di <strong>Adiconsum<\/strong>, prevedere un meccanismo che notifichi gli atti provenienti dalla Pubblica Amministrazione attraverso la pubblicazione su una piattaforma digitale \u00e8 discriminatorio, soprattutto nei confronti di tutti quei cittadini-consumatori che appartengono alle fasce pi\u00f9 deboli della popolazione (anziani, disabili, famiglie in difficolt\u00e0 economica) e che rientrano tra i c.d. analfabeti digitali.<\/p>\n<p>La norma prevede, inoltre, che l\u2019accesso alla piattaforma, per accertare la presenza di eventuali comunicazioni, sia responsabilit\u00e0 del destinatario.<\/p>\n<p>Come associazione di difesa dei consumatori temiamo che questo cambio di paradigma comporter\u00e0 \u00a0una serie di criticit\u00e0 giuridiche legate all\u2019efficacia della notifica e al diritto costituzionale che ogni cittadino ha di agire a difesa dei propri interessi. La notifica \u00e8, infatti, effettiva da quando risulta presente sulla piattaforma. Ci\u00f2 \u00e8 lesivo del diritto di azione e di difesa dei cittadini-consumatori.<\/p>\n<p>Pertanto, <strong>Adiconsum<\/strong> chiede al Governo di riconsiderare il provvedimento.<\/p>\n<p><strong>\u00a0<\/strong><\/p>\n<table width=\"100%\">\n<tbody>\n<tr>\n<td>\n<table width=\"100%\">\n<tbody>\n<tr>\n<td><\/td>\n<\/tr>\n<\/tbody>\n<\/table>\n<\/td>\n<\/tr>\n<\/tbody>\n<\/table>\n","protected":false},"excerpt":{"rendered":"<p>Dal prossimo anno, la notifica di atti, provvedimenti, avvisi e comunicazioni della Pubblica Amministrazione a cittadini, persone giuridiche e imprese, sar\u00e0 digitale. Questo, almeno, \u00e8 quanto contenuto nell\u2019art. 34 del Decreto Legge\u00a0 Milleproroghe che andr\u00e0 al Consiglio dei Ministri del prossimo 21 dicembre. Ad avviso di Adiconsum, prevedere un meccanismo che notifichi gli atti provenienti [&hellip;]<\/p>\n","protected":false},"author":1,"featured_media":1968,"comment_status":"closed","ping_status":"open","sticky":false,"template":"","format":"standard","meta":{"footnotes":""},"categories":[309],"tags":[],"yoast_head":"<!-- This site is optimized with the Yoast SEO plugin v22.2 - https:\/\/yoast.com\/wordpress\/plugins\/seo\/ -->\n<title>Adiconsum: notifica digitale discriminatoria nei confronti delle fasce pi\u00f9 deboli della popolazione -<\/title>\n<meta name=\"robots\" content=\"index, follow, max-snippet:-1, max-image-preview:large, max-video-preview:-1\" \/>\n<link rel=\"canonical\" href=\"https:\/\/www.italiaeconomiaonline.it\/web\/adiconsum-notifica-digitale-discriminatoria-nei-confronti-delle-fasce-piu-deboli-della-popolazione\/\" \/>\n<meta property=\"og:locale\" content=\"it_IT\" \/>\n<meta property=\"og:type\" content=\"article\" \/>\n<meta property=\"og:title\" content=\"Adiconsum: notifica digitale discriminatoria nei confronti delle fasce pi\u00f9 deboli della popolazione -\" \/>\n<meta property=\"og:description\" content=\"Dal prossimo anno, la notifica di atti, provvedimenti, avvisi e comunicazioni della Pubblica Amministrazione a cittadini, persone giuridiche e imprese, sar\u00e0 digitale. Questo, almeno, \u00e8 quanto contenuto nell\u2019art. 34 del Decreto Legge\u00a0 Milleproroghe che andr\u00e0 al Consiglio dei Ministri del prossimo 21 dicembre. Ad avviso di Adiconsum, prevedere un meccanismo che notifichi gli atti provenienti [&hellip;]\" \/>\n<meta property=\"og:url\" content=\"https:\/\/www.italiaeconomiaonline.it\/web\/adiconsum-notifica-digitale-discriminatoria-nei-confronti-delle-fasce-piu-deboli-della-popolazione\/\" \/>\n<meta property=\"og:site_name\" content=\"ItaliaEconomiaOnline\" \/>\n<meta property=\"article:published_time\" content=\"2019-12-22T20:07:08+00:00\" \/>\n<meta property=\"og:image\" content=\"https:\/\/www.italiaeconomiaonline.it\/web\/wp-content\/uploads\/2019\/10\/email-truffe-informatica-tecnologia.png\" \/>\n\t<meta property=\"og:image:width\" content=\"960\" \/>\n\t<meta property=\"og:image:height\" content=\"537\" \/>\n\t<meta property=\"og:image:type\" content=\"image\/png\" \/>\n<meta name=\"author\" content=\"ladyitaliaeconomia\" \/>\n<meta name=\"twitter:card\" content=\"summary_large_image\" \/>\n<meta name=\"twitter:label1\" content=\"Scritto da\" \/>\n\t<meta name=\"twitter:data1\" content=\"ladyitaliaeconomia\" \/>\n\t<meta name=\"twitter:label2\" content=\"Tempo di lettura stimato\" \/>\n\t<meta name=\"twitter:data2\" content=\"1 minuto\" \/>\n<script type=\"application\/ld+json\" class=\"yoast-schema-graph\">{\"@context\":\"https:\/\/schema.org\",\"@graph\":[{\"@type\":\"WebPage\",\"@id\":\"https:\/\/www.italiaeconomiaonline.it\/web\/adiconsum-notifica-digitale-discriminatoria-nei-confronti-delle-fasce-piu-deboli-della-popolazione\/\",\"url\":\"https:\/\/www.italiaeconomiaonline.it\/web\/adiconsum-notifica-digitale-discriminatoria-nei-confronti-delle-fasce-piu-deboli-della-popolazione\/\",\"name\":\"Adiconsum: notifica digitale discriminatoria nei confronti delle fasce pi\u00f9 deboli della popolazione -\",\"isPartOf\":{\"@id\":\"https:\/\/www.italiaeconomiaonline.it\/web\/#website\"},\"primaryImageOfPage\":{\"@id\":\"https:\/\/www.italiaeconomiaonline.it\/web\/adiconsum-notifica-digitale-discriminatoria-nei-confronti-delle-fasce-piu-deboli-della-popolazione\/#primaryimage\"},\"image\":{\"@id\":\"https:\/\/www.italiaeconomiaonline.it\/web\/adiconsum-notifica-digitale-discriminatoria-nei-confronti-delle-fasce-piu-deboli-della-popolazione\/#primaryimage\"},\"thumbnailUrl\":\"https:\/\/www.italiaeconomiaonline.it\/web\/wp-content\/uploads\/2019\/10\/email-truffe-informatica-tecnologia.png\",\"datePublished\":\"2019-12-22T20:07:08+00:00\",\"dateModified\":\"2019-12-22T20:07:08+00:00\",\"author\":{\"@id\":\"https:\/\/www.italiaeconomiaonline.it\/web\/#\/schema\/person\/909a49cce752523b020fbc37d5ab1c31\"},\"breadcrumb\":{\"@id\":\"https:\/\/www.italiaeconomiaonline.it\/web\/adiconsum-notifica-digitale-discriminatoria-nei-confronti-delle-fasce-piu-deboli-della-popolazione\/#breadcrumb\"},\"inLanguage\":\"it-IT\",\"potentialAction\":[{\"@type\":\"ReadAction\",\"target\":[\"https:\/\/www.italiaeconomiaonline.it\/web\/adiconsum-notifica-digitale-discriminatoria-nei-confronti-delle-fasce-piu-deboli-della-popolazione\/\"]}]},{\"@type\":\"ImageObject\",\"inLanguage\":\"it-IT\",\"@id\":\"https:\/\/www.italiaeconomiaonline.it\/web\/adiconsum-notifica-digitale-discriminatoria-nei-confronti-delle-fasce-piu-deboli-della-popolazione\/#primaryimage\",\"url\":\"https:\/\/www.italiaeconomiaonline.it\/web\/wp-content\/uploads\/2019\/10\/email-truffe-informatica-tecnologia.png\",\"contentUrl\":\"https:\/\/www.italiaeconomiaonline.it\/web\/wp-content\/uploads\/2019\/10\/email-truffe-informatica-tecnologia.png\",\"width\":960,\"height\":537},{\"@type\":\"BreadcrumbList\",\"@id\":\"https:\/\/www.italiaeconomiaonline.it\/web\/adiconsum-notifica-digitale-discriminatoria-nei-confronti-delle-fasce-piu-deboli-della-popolazione\/#breadcrumb\",\"itemListElement\":[{\"@type\":\"ListItem\",\"position\":1,\"name\":\"Home\",\"item\":\"https:\/\/www.italiaeconomiaonline.it\/web\/\"},{\"@type\":\"ListItem\",\"position\":2,\"name\":\"Adiconsum: notifica digitale discriminatoria nei confronti delle fasce pi\u00f9 deboli della popolazione\"}]},{\"@type\":\"WebSite\",\"@id\":\"https:\/\/www.italiaeconomiaonline.it\/web\/#website\",\"url\":\"https:\/\/www.italiaeconomiaonline.it\/web\/\",\"name\":\"ItaliaEconomiaOnline\",\"description\":\"Quotidiano Economico Online\",\"potentialAction\":[{\"@type\":\"SearchAction\",\"target\":{\"@type\":\"EntryPoint\",\"urlTemplate\":\"https:\/\/www.italiaeconomiaonline.it\/web\/?s={search_term_string}\"},\"query-input\":\"required name=search_term_string\"}],\"inLanguage\":\"it-IT\"},{\"@type\":\"Person\",\"@id\":\"https:\/\/www.italiaeconomiaonline.it\/web\/#\/schema\/person\/909a49cce752523b020fbc37d5ab1c31\",\"name\":\"ladyitaliaeconomia\",\"image\":{\"@type\":\"ImageObject\",\"inLanguage\":\"it-IT\",\"@id\":\"https:\/\/www.italiaeconomiaonline.it\/web\/#\/schema\/person\/image\/\",\"url\":\"https:\/\/secure.gravatar.com\/avatar\/cedca10ce7416a579b9fa6bce9c0a8f2?s=96&d=mm&r=g\",\"contentUrl\":\"https:\/\/secure.gravatar.com\/avatar\/cedca10ce7416a579b9fa6bce9c0a8f2?s=96&d=mm&r=g\",\"caption\":\"ladyitaliaeconomia\"},\"url\":\"https:\/\/www.italiaeconomiaonline.it\/web\/author\/ladyitaliaeconomia\/\"}]}<\/script>\n<!-- \/ Yoast SEO plugin. -->","yoast_head_json":{"title":"Adiconsum: notifica digitale discriminatoria nei confronti delle fasce pi\u00f9 deboli della popolazione -","robots":{"index":"index","follow":"follow","max-snippet":"max-snippet:-1","max-image-preview":"max-image-preview:large","max-video-preview":"max-video-preview:-1"},"canonical":"https:\/\/www.italiaeconomiaonline.it\/web\/adiconsum-notifica-digitale-discriminatoria-nei-confronti-delle-fasce-piu-deboli-della-popolazione\/","og_locale":"it_IT","og_type":"article","og_title":"Adiconsum: notifica digitale discriminatoria nei confronti delle fasce pi\u00f9 deboli della popolazione -","og_description":"Dal prossimo anno, la notifica di atti, provvedimenti, avvisi e comunicazioni della Pubblica Amministrazione a cittadini, persone giuridiche e imprese, sar\u00e0 digitale. Questo, almeno, \u00e8 quanto contenuto nell\u2019art. 34 del Decreto Legge\u00a0 Milleproroghe che andr\u00e0 al Consiglio dei Ministri del prossimo 21 dicembre. Ad avviso di Adiconsum, prevedere un meccanismo che notifichi gli atti provenienti [&hellip;]","og_url":"https:\/\/www.italiaeconomiaonline.it\/web\/adiconsum-notifica-digitale-discriminatoria-nei-confronti-delle-fasce-piu-deboli-della-popolazione\/","og_site_name":"ItaliaEconomiaOnline","article_published_time":"2019-12-22T20:07:08+00:00","og_image":[{"width":960,"height":537,"url":"https:\/\/www.italiaeconomiaonline.it\/web\/wp-content\/uploads\/2019\/10\/email-truffe-informatica-tecnologia.png","type":"image\/png"}],"author":"ladyitaliaeconomia","twitter_card":"summary_large_image","twitter_misc":{"Scritto da":"ladyitaliaeconomia","Tempo di lettura stimato":"1 minuto"},"schema":{"@context":"https:\/\/schema.org","@graph":[{"@type":"WebPage","@id":"https:\/\/www.italiaeconomiaonline.it\/web\/adiconsum-notifica-digitale-discriminatoria-nei-confronti-delle-fasce-piu-deboli-della-popolazione\/","url":"https:\/\/www.italiaeconomiaonline.it\/web\/adiconsum-notifica-digitale-discriminatoria-nei-confronti-delle-fasce-piu-deboli-della-popolazione\/","name":"Adiconsum: notifica digitale discriminatoria nei confronti delle fasce pi\u00f9 deboli della popolazione -","isPartOf":{"@id":"https:\/\/www.italiaeconomiaonline.it\/web\/#website"},"primaryImageOfPage":{"@id":"https:\/\/www.italiaeconomiaonline.it\/web\/adiconsum-notifica-digitale-discriminatoria-nei-confronti-delle-fasce-piu-deboli-della-popolazione\/#primaryimage"},"image":{"@id":"https:\/\/www.italiaeconomiaonline.it\/web\/adiconsum-notifica-digitale-discriminatoria-nei-confronti-delle-fasce-piu-deboli-della-popolazione\/#primaryimage"},"thumbnailUrl":"https:\/\/www.italiaeconomiaonline.it\/web\/wp-content\/uploads\/2019\/10\/email-truffe-informatica-tecnologia.png","datePublished":"2019-12-22T20:07:08+00:00","dateModified":"2019-12-22T20:07:08+00:00","author":{"@id":"https:\/\/www.italiaeconomiaonline.it\/web\/#\/schema\/person\/909a49cce752523b020fbc37d5ab1c31"},"breadcrumb":{"@id":"https:\/\/www.italiaeconomiaonline.it\/web\/adiconsum-notifica-digitale-discriminatoria-nei-confronti-delle-fasce-piu-deboli-della-popolazione\/#breadcrumb"},"inLanguage":"it-IT","potentialAction":[{"@type":"ReadAction","target":["https:\/\/www.italiaeconomiaonline.it\/web\/adiconsum-notifica-digitale-discriminatoria-nei-confronti-delle-fasce-piu-deboli-della-popolazione\/"]}]},{"@type":"ImageObject","inLanguage":"it-IT","@id":"https:\/\/www.italiaeconomiaonline.it\/web\/adiconsum-notifica-digitale-discriminatoria-nei-confronti-delle-fasce-piu-deboli-della-popolazione\/#primaryimage","url":"https:\/\/www.italiaeconomiaonline.it\/web\/wp-content\/uploads\/2019\/10\/email-truffe-informatica-tecnologia.png","contentUrl":"https:\/\/www.italiaeconomiaonline.it\/web\/wp-content\/uploads\/2019\/10\/email-truffe-informatica-tecnologia.png","width":960,"height":537},{"@type":"BreadcrumbList","@id":"https:\/\/www.italiaeconomiaonline.it\/web\/adiconsum-notifica-digitale-discriminatoria-nei-confronti-delle-fasce-piu-deboli-della-popolazione\/#breadcrumb","itemListElement":[{"@type":"ListItem","position":1,"name":"Home","item":"https:\/\/www.italiaeconomiaonline.it\/web\/"},{"@type":"ListItem","position":2,"name":"Adiconsum: notifica digitale discriminatoria nei confronti delle fasce pi\u00f9 deboli della popolazione"}]},{"@type":"WebSite","@id":"https:\/\/www.italiaeconomiaonline.it\/web\/#website","url":"https:\/\/www.italiaeconomiaonline.it\/web\/","name":"ItaliaEconomiaOnline","description":"Quotidiano Economico Online","potentialAction":[{"@type":"SearchAction","target":{"@type":"EntryPoint","urlTemplate":"https:\/\/www.italiaeconomiaonline.it\/web\/?s={search_term_string}"},"query-input":"required name=search_term_string"}],"inLanguage":"it-IT"},{"@type":"Person","@id":"https:\/\/www.italiaeconomiaonline.it\/web\/#\/schema\/person\/909a49cce752523b020fbc37d5ab1c31","name":"ladyitaliaeconomia","image":{"@type":"ImageObject","inLanguage":"it-IT","@id":"https:\/\/www.italiaeconomiaonline.it\/web\/#\/schema\/person\/image\/","url":"https:\/\/secure.gravatar.com\/avatar\/cedca10ce7416a579b9fa6bce9c0a8f2?s=96&d=mm&r=g","contentUrl":"https:\/\/secure.gravatar.com\/avatar\/cedca10ce7416a579b9fa6bce9c0a8f2?s=96&d=mm&r=g","caption":"ladyitaliaeconomia"},"url":"https:\/\/www.italiaeconomiaonline.it\/web\/author\/ladyitaliaeconomia\/"}]}},"_links":{"self":[{"href":"https:\/\/www.italiaeconomiaonline.it\/web\/wp-json\/wp\/v2\/posts\/2214"}],"collection":[{"href":"https:\/\/www.italiaeconomiaonline.it\/web\/wp-json\/wp\/v2\/posts"}],"about":[{"href":"https:\/\/www.italiaeconomiaonline.it\/web\/wp-json\/wp\/v2\/types\/post"}],"author":[{"embeddable":true,"href":"https:\/\/www.italiaeconomiaonline.it\/web\/wp-json\/wp\/v2\/users\/1"}],"replies":[{"embeddable":true,"href":"https:\/\/www.italiaeconomiaonline.it\/web\/wp-json\/wp\/v2\/comments?post=2214"}],"version-history":[{"count":1,"href":"https:\/\/www.italiaeconomiaonline.it\/web\/wp-json\/wp\/v2\/posts\/2214\/revisions"}],"predecessor-version":[{"id":2215,"href":"https:\/\/www.italiaeconomiaonline.it\/web\/wp-json\/wp\/v2\/posts\/2214\/revisions\/2215"}],"wp:featuredmedia":[{"embeddable":true,"href":"https:\/\/www.italiaeconomiaonline.it\/web\/wp-json\/wp\/v2\/media\/1968"}],"wp:attachment":[{"href":"https:\/\/www.italiaeconomiaonline.it\/web\/wp-json\/wp\/v2\/media?parent=2214"}],"wp:term":[{"taxonomy":"category","embeddable":true,"href":"https:\/\/www.italiaeconomiaonline.it\/web\/wp-json\/wp\/v2\/categories?post=2214"},{"taxonomy":"post_tag","embeddable":true,"href":"https:\/\/www.italiaeconomiaonline.it\/web\/wp-json\/wp\/v2\/tags?post=2214"}],"curies":[{"name":"wp","href":"https:\/\/api.w.org\/{rel}","templated":true}]}}