{"id":2216,"date":"2019-12-30T12:40:53","date_gmt":"2019-12-30T11:40:53","guid":{"rendered":"http:\/\/www.italiaeconomiaonline.it\/web\/?p=2216"},"modified":"2019-12-30T12:40:53","modified_gmt":"2019-12-30T11:40:53","slug":"pensioni-cisl-e-fnp-cisl-inammissibile-ridurre-gli-assegni-di-invalidita-e-di-reversibilita","status":"publish","type":"post","link":"https:\/\/www.italiaeconomiaonline.it\/web\/pensioni-cisl-e-fnp-cisl-inammissibile-ridurre-gli-assegni-di-invalidita-e-di-reversibilita\/","title":{"rendered":"Pensioni, Cisl e Fnp Cisl: &#8221; Inammissibile ridurre gli assegni di invalidita\u2019 e di reversibilita\u2019"},"content":{"rendered":"<div align=\"left\"><span style=\"color: #000000; font-family: Geneva;\"><span class=\"dropcap dropcap3\">L<\/span><em>e misure previste nella legge di Bilancio nei confronti dei pensionati sono assolutamente insufficienti, lo abbiamo detto e non ci stanchiamo di ripeterlo perch\u00e9 la manovra non ha risposto alle esigenze di equit\u00e0 espresse da una larga maggioranza di cittadini italiani<\/em> <\/span><\/div>\n<div align=\"left\"><\/div>\n<div align=\"left\"><span style=\"color: #000000; font-family: Geneva;\">. Lo sottolineano in una nota la Cisl e la Fnp Cisl. <\/span><\/div>\n<div align=\"left\"><\/div>\n<div align=\"left\"><span style=\"color: #000000; font-family: Geneva;\">\u201cAnche questa volta manca la piena rivalutazione delle pensioni, chiesta dai sindacati a questo Governo. <\/span><\/div>\n<div align=\"left\"><\/div>\n<div align=\"left\"><span style=\"color: #000000; font-family: Geneva;\">Nel 2020 l&#8217;indice di perequazione, che \u00e8 tarato sull&#8217;andamento dei prezzi, sar\u00e0 dello 0,4% e riconoscere il 100% di questo solo a chi ha un reddito pensionistico entro le 4 volte il trattamento minimo, cio\u00e8 circa 2.060 euro lordi al mese, come ha stabilito la legge di Bilancio, \u00e8 del tutto insufficiente perch\u00e9 vuol dire attribuire un aumento di 50 centesimi al mese in termini netti, ed \u00e8 veramente ridicolo!<\/span><\/div>\n<div align=\"left\"><\/div>\n<div align=\"left\"><span style=\"color: #000000; font-family: Geneva;\">Per di pi\u00f9 la circolare Inps n. 147 appena pubblicata fa riferimento alla finanziaria precedente e quindi attribuisce questa rivalutazione solo a chi sta entro le 3 volte il trattamento minimo, in attesa di fare il conguaglio che arriver\u00e0 solo tra qualche mese. <\/span><\/div>\n<div align=\"left\"><\/div>\n<div align=\"left\"><span style=\"color: #000000; font-family: Geneva;\">Il sistema previdenziale italiano, per\u00f2, presenta molti distorsioni e molte ingiustizie che devono essere corrette e che si sommano a quest\u2019ultima della perequazione.<\/span><\/div>\n<div align=\"left\"><\/div>\n<div align=\"left\"><span style=\"color: #000000; font-family: Geneva;\">In particolare il fatto che le pensioni di reversibilit\u00e0 e gli assegni di invalidit\u00e0 si riducano in modo importante (dal 25% fino al 50%) quando si superano determinati limiti reddituali \u00e8 diventato inammissibile. \u00a0Questo \u00e8 un aspetto che deve essere assolutamente rivisto perch\u00e9 non risponde alle esigenze di equit\u00e0 di persone che si trovano gi\u00e0 in particolari situazioni di disagio e difficolt\u00e0. Tanto pi\u00f9 che da una parte non si rivalutano i trattamenti pensionistici in essere, mentre dall\u2019altra si tengono ferme regole estremamente penalizzanti per i pensionati che riteniamo debbano assolutamente essere riviste.<\/span><\/div>\n<div align=\"left\"><\/div>\n<div align=\"left\"><span style=\"color: #000000; font-family: Geneva;\"> Anche la cosiddetta &#8220;quattordicesima&#8221; dei pensionati dovrebbe essere rafforzata e con essa anche le diverse maggiorazioni sociali che rispetto al confronto sono rimaste \u201clettera morta\u201d.<\/span><\/div>\n<div align=\"left\"><\/div>\n<div align=\"left\"><span style=\"color: #000000; font-family: Geneva;\">Di tutto questo e su molto altro avremmo voluto ricercare utili soluzioni con il Governo. Purtroppo non pi\u00f9 tardi di stamattina registriamo posizioni da parte di autorevoli rappresentanti dell\u2019esecutivo che intenderebbero mettere in discussione delicati istituti di carattere previdenziale senza proporre alternative plausibili e soprattutto senza un relativo confronto con le Organizzazioni sindacali\u201d.<\/span><\/div>\n","protected":false},"excerpt":{"rendered":"<p>Le misure previste nella legge di Bilancio nei confronti dei pensionati sono assolutamente insufficienti, lo abbiamo detto e non ci stanchiamo di ripeterlo perch\u00e9 la manovra non ha risposto alle esigenze di equit\u00e0 espresse da una larga maggioranza di cittadini italiani . Lo sottolineano in una nota la Cisl e la Fnp Cisl. \u201cAnche questa [&hellip;]<\/p>\n","protected":false},"author":1,"featured_media":1926,"comment_status":"closed","ping_status":"open","sticky":false,"template":"","format":"standard","meta":{"footnotes":""},"categories":[56],"tags":[],"yoast_head":"<!-- This site is optimized with the Yoast SEO plugin v22.2 - https:\/\/yoast.com\/wordpress\/plugins\/seo\/ -->\n<title>Pensioni, Cisl e Fnp Cisl: &quot; Inammissibile ridurre gli assegni di invalidita\u2019 e di reversibilita\u2019 -<\/title>\n<meta name=\"robots\" content=\"index, follow, max-snippet:-1, max-image-preview:large, max-video-preview:-1\" \/>\n<link rel=\"canonical\" href=\"https:\/\/www.italiaeconomiaonline.it\/web\/pensioni-cisl-e-fnp-cisl-inammissibile-ridurre-gli-assegni-di-invalidita-e-di-reversibilita\/\" \/>\n<meta property=\"og:locale\" content=\"it_IT\" \/>\n<meta property=\"og:type\" content=\"article\" \/>\n<meta property=\"og:title\" content=\"Pensioni, Cisl e Fnp Cisl: &quot; Inammissibile ridurre gli assegni di invalidita\u2019 e di reversibilita\u2019 -\" \/>\n<meta property=\"og:description\" content=\"Le misure previste nella legge di Bilancio nei confronti dei pensionati sono assolutamente insufficienti, lo abbiamo detto e non ci stanchiamo di ripeterlo perch\u00e9 la manovra non ha risposto alle esigenze di equit\u00e0 espresse da una larga maggioranza di cittadini italiani . Lo sottolineano in una nota la Cisl e la Fnp Cisl. \u201cAnche questa [&hellip;]\" \/>\n<meta property=\"og:url\" content=\"https:\/\/www.italiaeconomiaonline.it\/web\/pensioni-cisl-e-fnp-cisl-inammissibile-ridurre-gli-assegni-di-invalidita-e-di-reversibilita\/\" \/>\n<meta property=\"og:site_name\" content=\"ItaliaEconomiaOnline\" \/>\n<meta property=\"article:published_time\" content=\"2019-12-30T11:40:53+00:00\" \/>\n<meta property=\"og:image\" content=\"https:\/\/www.italiaeconomiaonline.it\/web\/wp-content\/uploads\/2019\/10\/soldi-finanza.jpg\" \/>\n\t<meta property=\"og:image:width\" content=\"960\" \/>\n\t<meta property=\"og:image:height\" content=\"640\" \/>\n\t<meta property=\"og:image:type\" content=\"image\/jpeg\" \/>\n<meta name=\"author\" content=\"ladyitaliaeconomia\" \/>\n<meta name=\"twitter:card\" content=\"summary_large_image\" \/>\n<meta name=\"twitter:label1\" content=\"Scritto da\" \/>\n\t<meta name=\"twitter:data1\" content=\"ladyitaliaeconomia\" \/>\n\t<meta name=\"twitter:label2\" content=\"Tempo di lettura stimato\" \/>\n\t<meta name=\"twitter:data2\" content=\"2 minuti\" \/>\n<script type=\"application\/ld+json\" class=\"yoast-schema-graph\">{\"@context\":\"https:\/\/schema.org\",\"@graph\":[{\"@type\":\"WebPage\",\"@id\":\"https:\/\/www.italiaeconomiaonline.it\/web\/pensioni-cisl-e-fnp-cisl-inammissibile-ridurre-gli-assegni-di-invalidita-e-di-reversibilita\/\",\"url\":\"https:\/\/www.italiaeconomiaonline.it\/web\/pensioni-cisl-e-fnp-cisl-inammissibile-ridurre-gli-assegni-di-invalidita-e-di-reversibilita\/\",\"name\":\"Pensioni, Cisl e Fnp Cisl: \\\" Inammissibile ridurre gli assegni di invalidita\u2019 e di reversibilita\u2019 -\",\"isPartOf\":{\"@id\":\"https:\/\/www.italiaeconomiaonline.it\/web\/#website\"},\"primaryImageOfPage\":{\"@id\":\"https:\/\/www.italiaeconomiaonline.it\/web\/pensioni-cisl-e-fnp-cisl-inammissibile-ridurre-gli-assegni-di-invalidita-e-di-reversibilita\/#primaryimage\"},\"image\":{\"@id\":\"https:\/\/www.italiaeconomiaonline.it\/web\/pensioni-cisl-e-fnp-cisl-inammissibile-ridurre-gli-assegni-di-invalidita-e-di-reversibilita\/#primaryimage\"},\"thumbnailUrl\":\"https:\/\/www.italiaeconomiaonline.it\/web\/wp-content\/uploads\/2019\/10\/soldi-finanza.jpg\",\"datePublished\":\"2019-12-30T11:40:53+00:00\",\"dateModified\":\"2019-12-30T11:40:53+00:00\",\"author\":{\"@id\":\"https:\/\/www.italiaeconomiaonline.it\/web\/#\/schema\/person\/909a49cce752523b020fbc37d5ab1c31\"},\"breadcrumb\":{\"@id\":\"https:\/\/www.italiaeconomiaonline.it\/web\/pensioni-cisl-e-fnp-cisl-inammissibile-ridurre-gli-assegni-di-invalidita-e-di-reversibilita\/#breadcrumb\"},\"inLanguage\":\"it-IT\",\"potentialAction\":[{\"@type\":\"ReadAction\",\"target\":[\"https:\/\/www.italiaeconomiaonline.it\/web\/pensioni-cisl-e-fnp-cisl-inammissibile-ridurre-gli-assegni-di-invalidita-e-di-reversibilita\/\"]}]},{\"@type\":\"ImageObject\",\"inLanguage\":\"it-IT\",\"@id\":\"https:\/\/www.italiaeconomiaonline.it\/web\/pensioni-cisl-e-fnp-cisl-inammissibile-ridurre-gli-assegni-di-invalidita-e-di-reversibilita\/#primaryimage\",\"url\":\"https:\/\/www.italiaeconomiaonline.it\/web\/wp-content\/uploads\/2019\/10\/soldi-finanza.jpg\",\"contentUrl\":\"https:\/\/www.italiaeconomiaonline.it\/web\/wp-content\/uploads\/2019\/10\/soldi-finanza.jpg\",\"width\":960,\"height\":640},{\"@type\":\"BreadcrumbList\",\"@id\":\"https:\/\/www.italiaeconomiaonline.it\/web\/pensioni-cisl-e-fnp-cisl-inammissibile-ridurre-gli-assegni-di-invalidita-e-di-reversibilita\/#breadcrumb\",\"itemListElement\":[{\"@type\":\"ListItem\",\"position\":1,\"name\":\"Home\",\"item\":\"https:\/\/www.italiaeconomiaonline.it\/web\/\"},{\"@type\":\"ListItem\",\"position\":2,\"name\":\"Pensioni, Cisl e Fnp Cisl: &#8221; Inammissibile ridurre gli assegni di invalidita\u2019 e di reversibilita\u2019\"}]},{\"@type\":\"WebSite\",\"@id\":\"https:\/\/www.italiaeconomiaonline.it\/web\/#website\",\"url\":\"https:\/\/www.italiaeconomiaonline.it\/web\/\",\"name\":\"ItaliaEconomiaOnline\",\"description\":\"Quotidiano Economico Online\",\"potentialAction\":[{\"@type\":\"SearchAction\",\"target\":{\"@type\":\"EntryPoint\",\"urlTemplate\":\"https:\/\/www.italiaeconomiaonline.it\/web\/?s={search_term_string}\"},\"query-input\":\"required name=search_term_string\"}],\"inLanguage\":\"it-IT\"},{\"@type\":\"Person\",\"@id\":\"https:\/\/www.italiaeconomiaonline.it\/web\/#\/schema\/person\/909a49cce752523b020fbc37d5ab1c31\",\"name\":\"ladyitaliaeconomia\",\"image\":{\"@type\":\"ImageObject\",\"inLanguage\":\"it-IT\",\"@id\":\"https:\/\/www.italiaeconomiaonline.it\/web\/#\/schema\/person\/image\/\",\"url\":\"https:\/\/secure.gravatar.com\/avatar\/cedca10ce7416a579b9fa6bce9c0a8f2?s=96&d=mm&r=g\",\"contentUrl\":\"https:\/\/secure.gravatar.com\/avatar\/cedca10ce7416a579b9fa6bce9c0a8f2?s=96&d=mm&r=g\",\"caption\":\"ladyitaliaeconomia\"},\"url\":\"https:\/\/www.italiaeconomiaonline.it\/web\/author\/ladyitaliaeconomia\/\"}]}<\/script>\n<!-- \/ Yoast SEO plugin. -->","yoast_head_json":{"title":"Pensioni, Cisl e Fnp Cisl: \" Inammissibile ridurre gli assegni di invalidita\u2019 e di reversibilita\u2019 -","robots":{"index":"index","follow":"follow","max-snippet":"max-snippet:-1","max-image-preview":"max-image-preview:large","max-video-preview":"max-video-preview:-1"},"canonical":"https:\/\/www.italiaeconomiaonline.it\/web\/pensioni-cisl-e-fnp-cisl-inammissibile-ridurre-gli-assegni-di-invalidita-e-di-reversibilita\/","og_locale":"it_IT","og_type":"article","og_title":"Pensioni, Cisl e Fnp Cisl: \" Inammissibile ridurre gli assegni di invalidita\u2019 e di reversibilita\u2019 -","og_description":"Le misure previste nella legge di Bilancio nei confronti dei pensionati sono assolutamente insufficienti, lo abbiamo detto e non ci stanchiamo di ripeterlo perch\u00e9 la manovra non ha risposto alle esigenze di equit\u00e0 espresse da una larga maggioranza di cittadini italiani . Lo sottolineano in una nota la Cisl e la Fnp Cisl. \u201cAnche questa [&hellip;]","og_url":"https:\/\/www.italiaeconomiaonline.it\/web\/pensioni-cisl-e-fnp-cisl-inammissibile-ridurre-gli-assegni-di-invalidita-e-di-reversibilita\/","og_site_name":"ItaliaEconomiaOnline","article_published_time":"2019-12-30T11:40:53+00:00","og_image":[{"width":960,"height":640,"url":"https:\/\/www.italiaeconomiaonline.it\/web\/wp-content\/uploads\/2019\/10\/soldi-finanza.jpg","type":"image\/jpeg"}],"author":"ladyitaliaeconomia","twitter_card":"summary_large_image","twitter_misc":{"Scritto da":"ladyitaliaeconomia","Tempo di lettura stimato":"2 minuti"},"schema":{"@context":"https:\/\/schema.org","@graph":[{"@type":"WebPage","@id":"https:\/\/www.italiaeconomiaonline.it\/web\/pensioni-cisl-e-fnp-cisl-inammissibile-ridurre-gli-assegni-di-invalidita-e-di-reversibilita\/","url":"https:\/\/www.italiaeconomiaonline.it\/web\/pensioni-cisl-e-fnp-cisl-inammissibile-ridurre-gli-assegni-di-invalidita-e-di-reversibilita\/","name":"Pensioni, Cisl e Fnp Cisl: \" Inammissibile ridurre gli assegni di invalidita\u2019 e di reversibilita\u2019 -","isPartOf":{"@id":"https:\/\/www.italiaeconomiaonline.it\/web\/#website"},"primaryImageOfPage":{"@id":"https:\/\/www.italiaeconomiaonline.it\/web\/pensioni-cisl-e-fnp-cisl-inammissibile-ridurre-gli-assegni-di-invalidita-e-di-reversibilita\/#primaryimage"},"image":{"@id":"https:\/\/www.italiaeconomiaonline.it\/web\/pensioni-cisl-e-fnp-cisl-inammissibile-ridurre-gli-assegni-di-invalidita-e-di-reversibilita\/#primaryimage"},"thumbnailUrl":"https:\/\/www.italiaeconomiaonline.it\/web\/wp-content\/uploads\/2019\/10\/soldi-finanza.jpg","datePublished":"2019-12-30T11:40:53+00:00","dateModified":"2019-12-30T11:40:53+00:00","author":{"@id":"https:\/\/www.italiaeconomiaonline.it\/web\/#\/schema\/person\/909a49cce752523b020fbc37d5ab1c31"},"breadcrumb":{"@id":"https:\/\/www.italiaeconomiaonline.it\/web\/pensioni-cisl-e-fnp-cisl-inammissibile-ridurre-gli-assegni-di-invalidita-e-di-reversibilita\/#breadcrumb"},"inLanguage":"it-IT","potentialAction":[{"@type":"ReadAction","target":["https:\/\/www.italiaeconomiaonline.it\/web\/pensioni-cisl-e-fnp-cisl-inammissibile-ridurre-gli-assegni-di-invalidita-e-di-reversibilita\/"]}]},{"@type":"ImageObject","inLanguage":"it-IT","@id":"https:\/\/www.italiaeconomiaonline.it\/web\/pensioni-cisl-e-fnp-cisl-inammissibile-ridurre-gli-assegni-di-invalidita-e-di-reversibilita\/#primaryimage","url":"https:\/\/www.italiaeconomiaonline.it\/web\/wp-content\/uploads\/2019\/10\/soldi-finanza.jpg","contentUrl":"https:\/\/www.italiaeconomiaonline.it\/web\/wp-content\/uploads\/2019\/10\/soldi-finanza.jpg","width":960,"height":640},{"@type":"BreadcrumbList","@id":"https:\/\/www.italiaeconomiaonline.it\/web\/pensioni-cisl-e-fnp-cisl-inammissibile-ridurre-gli-assegni-di-invalidita-e-di-reversibilita\/#breadcrumb","itemListElement":[{"@type":"ListItem","position":1,"name":"Home","item":"https:\/\/www.italiaeconomiaonline.it\/web\/"},{"@type":"ListItem","position":2,"name":"Pensioni, Cisl e Fnp Cisl: &#8221; Inammissibile ridurre gli assegni di invalidita\u2019 e di reversibilita\u2019"}]},{"@type":"WebSite","@id":"https:\/\/www.italiaeconomiaonline.it\/web\/#website","url":"https:\/\/www.italiaeconomiaonline.it\/web\/","name":"ItaliaEconomiaOnline","description":"Quotidiano Economico Online","potentialAction":[{"@type":"SearchAction","target":{"@type":"EntryPoint","urlTemplate":"https:\/\/www.italiaeconomiaonline.it\/web\/?s={search_term_string}"},"query-input":"required name=search_term_string"}],"inLanguage":"it-IT"},{"@type":"Person","@id":"https:\/\/www.italiaeconomiaonline.it\/web\/#\/schema\/person\/909a49cce752523b020fbc37d5ab1c31","name":"ladyitaliaeconomia","image":{"@type":"ImageObject","inLanguage":"it-IT","@id":"https:\/\/www.italiaeconomiaonline.it\/web\/#\/schema\/person\/image\/","url":"https:\/\/secure.gravatar.com\/avatar\/cedca10ce7416a579b9fa6bce9c0a8f2?s=96&d=mm&r=g","contentUrl":"https:\/\/secure.gravatar.com\/avatar\/cedca10ce7416a579b9fa6bce9c0a8f2?s=96&d=mm&r=g","caption":"ladyitaliaeconomia"},"url":"https:\/\/www.italiaeconomiaonline.it\/web\/author\/ladyitaliaeconomia\/"}]}},"_links":{"self":[{"href":"https:\/\/www.italiaeconomiaonline.it\/web\/wp-json\/wp\/v2\/posts\/2216"}],"collection":[{"href":"https:\/\/www.italiaeconomiaonline.it\/web\/wp-json\/wp\/v2\/posts"}],"about":[{"href":"https:\/\/www.italiaeconomiaonline.it\/web\/wp-json\/wp\/v2\/types\/post"}],"author":[{"embeddable":true,"href":"https:\/\/www.italiaeconomiaonline.it\/web\/wp-json\/wp\/v2\/users\/1"}],"replies":[{"embeddable":true,"href":"https:\/\/www.italiaeconomiaonline.it\/web\/wp-json\/wp\/v2\/comments?post=2216"}],"version-history":[{"count":1,"href":"https:\/\/www.italiaeconomiaonline.it\/web\/wp-json\/wp\/v2\/posts\/2216\/revisions"}],"predecessor-version":[{"id":2217,"href":"https:\/\/www.italiaeconomiaonline.it\/web\/wp-json\/wp\/v2\/posts\/2216\/revisions\/2217"}],"wp:featuredmedia":[{"embeddable":true,"href":"https:\/\/www.italiaeconomiaonline.it\/web\/wp-json\/wp\/v2\/media\/1926"}],"wp:attachment":[{"href":"https:\/\/www.italiaeconomiaonline.it\/web\/wp-json\/wp\/v2\/media?parent=2216"}],"wp:term":[{"taxonomy":"category","embeddable":true,"href":"https:\/\/www.italiaeconomiaonline.it\/web\/wp-json\/wp\/v2\/categories?post=2216"},{"taxonomy":"post_tag","embeddable":true,"href":"https:\/\/www.italiaeconomiaonline.it\/web\/wp-json\/wp\/v2\/tags?post=2216"}],"curies":[{"name":"wp","href":"https:\/\/api.w.org\/{rel}","templated":true}]}}