{"id":2250,"date":"2020-01-09T10:53:10","date_gmt":"2020-01-09T09:53:10","guid":{"rendered":"http:\/\/www.italiaeconomiaonline.it\/web\/?p=2250"},"modified":"2020-01-09T10:53:27","modified_gmt":"2020-01-09T09:53:27","slug":"caro-navi-in-sicilia-confagricoltura-affrontiamo-subito-la-questione","status":"publish","type":"post","link":"https:\/\/www.italiaeconomiaonline.it\/web\/caro-navi-in-sicilia-confagricoltura-affrontiamo-subito-la-questione\/","title":{"rendered":"Caro navi in Sicilia, Confagricoltura: &#8220;Affrontiamo subito la questione&#8221;"},"content":{"rendered":"<p><span class=\"dropcap dropcap3\">L<\/span>a sospensione dello sciopero siciliano degli autotrasportatori per il \u2018caro navi\u2019 \u2013 che protestano per il notevole incremento europeo delle tariffe di trasporto via mare &#8211; \u00e8 una buona notizia per i produttori agricoli.<\/p>\n<p>Nell\u2019isola, in questo momento, si \u00e8 nel vivo della campagna di raccolta di agrumi e ortaggi in serra che hanno shelf-life breve e quindi vanno spediti velocemente. Il blocco delle navi nei porti avrebbe provocato forti ripercussioni sulle imprese agricole, sia per la perdita del prodotto, sia per il mancato rispetto dei contratti di fornitura assunti.<\/p>\n<p>Per\u00f2 il problema dello sciopero \u00e8 solo rimandato\u201d. Cos\u00ec commenta il presidente di Confagricoltura <strong>Massimiliano Giansanti<\/strong> le notizie relative alla protesta degli autotrasportatori siciliani.<\/p>\n<p>Le preoccupazioni sulla situazione in atto in Sicilia e nel Mezzogiorno ha spinto il presidente di Confagricoltura a scrivere al ministro delle Infrastrutture e dei Trasporti, Paola De Micheli, sollecitando una soluzione alla vertenza degli autrasportatori.<\/p>\n<p>Gi\u00e0 ora \u2013 come rilevano i dati del Centro Studi di Confagricoltura &#8211; la situazione \u00e8 difficile con l\u2019export dei prodotti agricoli siciliani che continua a perdere terreno (si stima -15,6% nel 2019 rispetto al 2018), nonostante l\u2019alta qualit\u00e0 della materia prima. E con le esportazioni ortofrutticole ed agrumicole che non riescono a risalire (tra l\u2019altro -11,3% per le arance italiane, stimato nel 2019 rispetto al 2018).<\/p>\n<p>\u201cGli agricoltori \u2013 pone in evidenza il presidente di Confagricoltura &#8211; si trovano tra due fuochi: da un lato una protesta che finisce per penalizzarli nell\u2019immediato; dall\u2019altro lato i rincari delle tariffe di trasporto che faranno lievitare ulteriormente i costi che gi\u00e0 ora sono pi\u00f9 elevati rispetto a quelli dei principali competitor degli altri Paesi. Non si pu\u00f2 penalizzare ulteriormente un\u2019attivit\u00e0 di primaria importanza per l\u2019economia del Mezzogiorno e un importante settore del Made in Italy agroalimentare che avrebbe bisogno invece di essere sostenuto per diventare pi\u00f9 competitivo e redditizio\u201d.<\/p>\n<p>&nbsp;<\/p>\n<p>&nbsp;<\/p>\n","protected":false},"excerpt":{"rendered":"<p>La sospensione dello sciopero siciliano degli autotrasportatori per il \u2018caro navi\u2019 \u2013 che protestano per il notevole incremento europeo delle tariffe di trasporto via mare &#8211; \u00e8 una buona notizia per i produttori agricoli. Nell\u2019isola, in questo momento, si \u00e8 nel vivo della campagna di raccolta di agrumi e ortaggi in serra che hanno shelf-life [&hellip;]<\/p>\n","protected":false},"author":1,"featured_media":1879,"comment_status":"closed","ping_status":"open","sticky":false,"template":"","format":"standard","meta":{"footnotes":""},"categories":[537],"tags":[],"yoast_head":"<!-- This site is optimized with the Yoast SEO plugin v22.2 - https:\/\/yoast.com\/wordpress\/plugins\/seo\/ -->\n<title>Caro navi in Sicilia, Confagricoltura: &quot;Affrontiamo subito la questione&quot; -<\/title>\n<meta name=\"robots\" content=\"index, follow, max-snippet:-1, max-image-preview:large, max-video-preview:-1\" \/>\n<link rel=\"canonical\" href=\"https:\/\/www.italiaeconomiaonline.it\/web\/caro-navi-in-sicilia-confagricoltura-affrontiamo-subito-la-questione\/\" \/>\n<meta property=\"og:locale\" content=\"it_IT\" \/>\n<meta property=\"og:type\" content=\"article\" \/>\n<meta property=\"og:title\" content=\"Caro navi in Sicilia, Confagricoltura: &quot;Affrontiamo subito la questione&quot; -\" \/>\n<meta property=\"og:description\" content=\"La sospensione dello sciopero siciliano degli autotrasportatori per il \u2018caro navi\u2019 \u2013 che protestano per il notevole incremento europeo delle tariffe di trasporto via mare &#8211; \u00e8 una buona notizia per i produttori agricoli. Nell\u2019isola, in questo momento, si \u00e8 nel vivo della campagna di raccolta di agrumi e ortaggi in serra che hanno shelf-life [&hellip;]\" \/>\n<meta property=\"og:url\" content=\"https:\/\/www.italiaeconomiaonline.it\/web\/caro-navi-in-sicilia-confagricoltura-affrontiamo-subito-la-questione\/\" \/>\n<meta property=\"og:site_name\" content=\"ItaliaEconomiaOnline\" \/>\n<meta property=\"article:published_time\" content=\"2020-01-09T09:53:10+00:00\" \/>\n<meta property=\"article:modified_time\" content=\"2020-01-09T09:53:27+00:00\" \/>\n<meta property=\"og:image\" content=\"https:\/\/www.italiaeconomiaonline.it\/web\/wp-content\/uploads\/2019\/10\/SOLDI-ECONOMIA.jpg\" \/>\n\t<meta property=\"og:image:width\" content=\"960\" \/>\n\t<meta property=\"og:image:height\" content=\"544\" \/>\n\t<meta property=\"og:image:type\" content=\"image\/jpeg\" \/>\n<meta name=\"author\" content=\"ladyitaliaeconomia\" \/>\n<meta name=\"twitter:card\" content=\"summary_large_image\" \/>\n<meta name=\"twitter:label1\" content=\"Scritto da\" \/>\n\t<meta name=\"twitter:data1\" content=\"ladyitaliaeconomia\" \/>\n\t<meta name=\"twitter:label2\" content=\"Tempo di lettura stimato\" \/>\n\t<meta name=\"twitter:data2\" content=\"2 minuti\" \/>\n<script type=\"application\/ld+json\" class=\"yoast-schema-graph\">{\"@context\":\"https:\/\/schema.org\",\"@graph\":[{\"@type\":\"WebPage\",\"@id\":\"https:\/\/www.italiaeconomiaonline.it\/web\/caro-navi-in-sicilia-confagricoltura-affrontiamo-subito-la-questione\/\",\"url\":\"https:\/\/www.italiaeconomiaonline.it\/web\/caro-navi-in-sicilia-confagricoltura-affrontiamo-subito-la-questione\/\",\"name\":\"Caro navi in Sicilia, Confagricoltura: \\\"Affrontiamo subito la questione\\\" -\",\"isPartOf\":{\"@id\":\"https:\/\/www.italiaeconomiaonline.it\/web\/#website\"},\"primaryImageOfPage\":{\"@id\":\"https:\/\/www.italiaeconomiaonline.it\/web\/caro-navi-in-sicilia-confagricoltura-affrontiamo-subito-la-questione\/#primaryimage\"},\"image\":{\"@id\":\"https:\/\/www.italiaeconomiaonline.it\/web\/caro-navi-in-sicilia-confagricoltura-affrontiamo-subito-la-questione\/#primaryimage\"},\"thumbnailUrl\":\"https:\/\/www.italiaeconomiaonline.it\/web\/wp-content\/uploads\/2019\/10\/SOLDI-ECONOMIA.jpg\",\"datePublished\":\"2020-01-09T09:53:10+00:00\",\"dateModified\":\"2020-01-09T09:53:27+00:00\",\"author\":{\"@id\":\"https:\/\/www.italiaeconomiaonline.it\/web\/#\/schema\/person\/909a49cce752523b020fbc37d5ab1c31\"},\"breadcrumb\":{\"@id\":\"https:\/\/www.italiaeconomiaonline.it\/web\/caro-navi-in-sicilia-confagricoltura-affrontiamo-subito-la-questione\/#breadcrumb\"},\"inLanguage\":\"it-IT\",\"potentialAction\":[{\"@type\":\"ReadAction\",\"target\":[\"https:\/\/www.italiaeconomiaonline.it\/web\/caro-navi-in-sicilia-confagricoltura-affrontiamo-subito-la-questione\/\"]}]},{\"@type\":\"ImageObject\",\"inLanguage\":\"it-IT\",\"@id\":\"https:\/\/www.italiaeconomiaonline.it\/web\/caro-navi-in-sicilia-confagricoltura-affrontiamo-subito-la-questione\/#primaryimage\",\"url\":\"https:\/\/www.italiaeconomiaonline.it\/web\/wp-content\/uploads\/2019\/10\/SOLDI-ECONOMIA.jpg\",\"contentUrl\":\"https:\/\/www.italiaeconomiaonline.it\/web\/wp-content\/uploads\/2019\/10\/SOLDI-ECONOMIA.jpg\",\"width\":960,\"height\":544},{\"@type\":\"BreadcrumbList\",\"@id\":\"https:\/\/www.italiaeconomiaonline.it\/web\/caro-navi-in-sicilia-confagricoltura-affrontiamo-subito-la-questione\/#breadcrumb\",\"itemListElement\":[{\"@type\":\"ListItem\",\"position\":1,\"name\":\"Home\",\"item\":\"https:\/\/www.italiaeconomiaonline.it\/web\/\"},{\"@type\":\"ListItem\",\"position\":2,\"name\":\"Caro navi in Sicilia, Confagricoltura: &#8220;Affrontiamo subito la questione&#8221;\"}]},{\"@type\":\"WebSite\",\"@id\":\"https:\/\/www.italiaeconomiaonline.it\/web\/#website\",\"url\":\"https:\/\/www.italiaeconomiaonline.it\/web\/\",\"name\":\"ItaliaEconomiaOnline\",\"description\":\"Quotidiano Economico Online\",\"potentialAction\":[{\"@type\":\"SearchAction\",\"target\":{\"@type\":\"EntryPoint\",\"urlTemplate\":\"https:\/\/www.italiaeconomiaonline.it\/web\/?s={search_term_string}\"},\"query-input\":\"required name=search_term_string\"}],\"inLanguage\":\"it-IT\"},{\"@type\":\"Person\",\"@id\":\"https:\/\/www.italiaeconomiaonline.it\/web\/#\/schema\/person\/909a49cce752523b020fbc37d5ab1c31\",\"name\":\"ladyitaliaeconomia\",\"image\":{\"@type\":\"ImageObject\",\"inLanguage\":\"it-IT\",\"@id\":\"https:\/\/www.italiaeconomiaonline.it\/web\/#\/schema\/person\/image\/\",\"url\":\"https:\/\/secure.gravatar.com\/avatar\/cedca10ce7416a579b9fa6bce9c0a8f2?s=96&d=mm&r=g\",\"contentUrl\":\"https:\/\/secure.gravatar.com\/avatar\/cedca10ce7416a579b9fa6bce9c0a8f2?s=96&d=mm&r=g\",\"caption\":\"ladyitaliaeconomia\"},\"url\":\"https:\/\/www.italiaeconomiaonline.it\/web\/author\/ladyitaliaeconomia\/\"}]}<\/script>\n<!-- \/ Yoast SEO plugin. -->","yoast_head_json":{"title":"Caro navi in Sicilia, Confagricoltura: \"Affrontiamo subito la questione\" -","robots":{"index":"index","follow":"follow","max-snippet":"max-snippet:-1","max-image-preview":"max-image-preview:large","max-video-preview":"max-video-preview:-1"},"canonical":"https:\/\/www.italiaeconomiaonline.it\/web\/caro-navi-in-sicilia-confagricoltura-affrontiamo-subito-la-questione\/","og_locale":"it_IT","og_type":"article","og_title":"Caro navi in Sicilia, Confagricoltura: \"Affrontiamo subito la questione\" -","og_description":"La sospensione dello sciopero siciliano degli autotrasportatori per il \u2018caro navi\u2019 \u2013 che protestano per il notevole incremento europeo delle tariffe di trasporto via mare &#8211; \u00e8 una buona notizia per i produttori agricoli. Nell\u2019isola, in questo momento, si \u00e8 nel vivo della campagna di raccolta di agrumi e ortaggi in serra che hanno shelf-life [&hellip;]","og_url":"https:\/\/www.italiaeconomiaonline.it\/web\/caro-navi-in-sicilia-confagricoltura-affrontiamo-subito-la-questione\/","og_site_name":"ItaliaEconomiaOnline","article_published_time":"2020-01-09T09:53:10+00:00","article_modified_time":"2020-01-09T09:53:27+00:00","og_image":[{"width":960,"height":544,"url":"https:\/\/www.italiaeconomiaonline.it\/web\/wp-content\/uploads\/2019\/10\/SOLDI-ECONOMIA.jpg","type":"image\/jpeg"}],"author":"ladyitaliaeconomia","twitter_card":"summary_large_image","twitter_misc":{"Scritto da":"ladyitaliaeconomia","Tempo di lettura stimato":"2 minuti"},"schema":{"@context":"https:\/\/schema.org","@graph":[{"@type":"WebPage","@id":"https:\/\/www.italiaeconomiaonline.it\/web\/caro-navi-in-sicilia-confagricoltura-affrontiamo-subito-la-questione\/","url":"https:\/\/www.italiaeconomiaonline.it\/web\/caro-navi-in-sicilia-confagricoltura-affrontiamo-subito-la-questione\/","name":"Caro navi in Sicilia, Confagricoltura: \"Affrontiamo subito la questione\" -","isPartOf":{"@id":"https:\/\/www.italiaeconomiaonline.it\/web\/#website"},"primaryImageOfPage":{"@id":"https:\/\/www.italiaeconomiaonline.it\/web\/caro-navi-in-sicilia-confagricoltura-affrontiamo-subito-la-questione\/#primaryimage"},"image":{"@id":"https:\/\/www.italiaeconomiaonline.it\/web\/caro-navi-in-sicilia-confagricoltura-affrontiamo-subito-la-questione\/#primaryimage"},"thumbnailUrl":"https:\/\/www.italiaeconomiaonline.it\/web\/wp-content\/uploads\/2019\/10\/SOLDI-ECONOMIA.jpg","datePublished":"2020-01-09T09:53:10+00:00","dateModified":"2020-01-09T09:53:27+00:00","author":{"@id":"https:\/\/www.italiaeconomiaonline.it\/web\/#\/schema\/person\/909a49cce752523b020fbc37d5ab1c31"},"breadcrumb":{"@id":"https:\/\/www.italiaeconomiaonline.it\/web\/caro-navi-in-sicilia-confagricoltura-affrontiamo-subito-la-questione\/#breadcrumb"},"inLanguage":"it-IT","potentialAction":[{"@type":"ReadAction","target":["https:\/\/www.italiaeconomiaonline.it\/web\/caro-navi-in-sicilia-confagricoltura-affrontiamo-subito-la-questione\/"]}]},{"@type":"ImageObject","inLanguage":"it-IT","@id":"https:\/\/www.italiaeconomiaonline.it\/web\/caro-navi-in-sicilia-confagricoltura-affrontiamo-subito-la-questione\/#primaryimage","url":"https:\/\/www.italiaeconomiaonline.it\/web\/wp-content\/uploads\/2019\/10\/SOLDI-ECONOMIA.jpg","contentUrl":"https:\/\/www.italiaeconomiaonline.it\/web\/wp-content\/uploads\/2019\/10\/SOLDI-ECONOMIA.jpg","width":960,"height":544},{"@type":"BreadcrumbList","@id":"https:\/\/www.italiaeconomiaonline.it\/web\/caro-navi-in-sicilia-confagricoltura-affrontiamo-subito-la-questione\/#breadcrumb","itemListElement":[{"@type":"ListItem","position":1,"name":"Home","item":"https:\/\/www.italiaeconomiaonline.it\/web\/"},{"@type":"ListItem","position":2,"name":"Caro navi in Sicilia, Confagricoltura: &#8220;Affrontiamo subito la questione&#8221;"}]},{"@type":"WebSite","@id":"https:\/\/www.italiaeconomiaonline.it\/web\/#website","url":"https:\/\/www.italiaeconomiaonline.it\/web\/","name":"ItaliaEconomiaOnline","description":"Quotidiano Economico Online","potentialAction":[{"@type":"SearchAction","target":{"@type":"EntryPoint","urlTemplate":"https:\/\/www.italiaeconomiaonline.it\/web\/?s={search_term_string}"},"query-input":"required name=search_term_string"}],"inLanguage":"it-IT"},{"@type":"Person","@id":"https:\/\/www.italiaeconomiaonline.it\/web\/#\/schema\/person\/909a49cce752523b020fbc37d5ab1c31","name":"ladyitaliaeconomia","image":{"@type":"ImageObject","inLanguage":"it-IT","@id":"https:\/\/www.italiaeconomiaonline.it\/web\/#\/schema\/person\/image\/","url":"https:\/\/secure.gravatar.com\/avatar\/cedca10ce7416a579b9fa6bce9c0a8f2?s=96&d=mm&r=g","contentUrl":"https:\/\/secure.gravatar.com\/avatar\/cedca10ce7416a579b9fa6bce9c0a8f2?s=96&d=mm&r=g","caption":"ladyitaliaeconomia"},"url":"https:\/\/www.italiaeconomiaonline.it\/web\/author\/ladyitaliaeconomia\/"}]}},"_links":{"self":[{"href":"https:\/\/www.italiaeconomiaonline.it\/web\/wp-json\/wp\/v2\/posts\/2250"}],"collection":[{"href":"https:\/\/www.italiaeconomiaonline.it\/web\/wp-json\/wp\/v2\/posts"}],"about":[{"href":"https:\/\/www.italiaeconomiaonline.it\/web\/wp-json\/wp\/v2\/types\/post"}],"author":[{"embeddable":true,"href":"https:\/\/www.italiaeconomiaonline.it\/web\/wp-json\/wp\/v2\/users\/1"}],"replies":[{"embeddable":true,"href":"https:\/\/www.italiaeconomiaonline.it\/web\/wp-json\/wp\/v2\/comments?post=2250"}],"version-history":[{"count":1,"href":"https:\/\/www.italiaeconomiaonline.it\/web\/wp-json\/wp\/v2\/posts\/2250\/revisions"}],"predecessor-version":[{"id":2251,"href":"https:\/\/www.italiaeconomiaonline.it\/web\/wp-json\/wp\/v2\/posts\/2250\/revisions\/2251"}],"wp:featuredmedia":[{"embeddable":true,"href":"https:\/\/www.italiaeconomiaonline.it\/web\/wp-json\/wp\/v2\/media\/1879"}],"wp:attachment":[{"href":"https:\/\/www.italiaeconomiaonline.it\/web\/wp-json\/wp\/v2\/media?parent=2250"}],"wp:term":[{"taxonomy":"category","embeddable":true,"href":"https:\/\/www.italiaeconomiaonline.it\/web\/wp-json\/wp\/v2\/categories?post=2250"},{"taxonomy":"post_tag","embeddable":true,"href":"https:\/\/www.italiaeconomiaonline.it\/web\/wp-json\/wp\/v2\/tags?post=2250"}],"curies":[{"name":"wp","href":"https:\/\/api.w.org\/{rel}","templated":true}]}}