{"id":2267,"date":"2020-01-09T11:26:09","date_gmt":"2020-01-09T10:26:09","guid":{"rendered":"http:\/\/www.italiaeconomiaonline.it\/web\/?p=2267"},"modified":"2020-01-09T11:26:09","modified_gmt":"2020-01-09T10:26:09","slug":"lavoro-estivo-negli-stati-uniti-selezioni-a-milano-il-18-gennaio-2020","status":"publish","type":"post","link":"https:\/\/www.italiaeconomiaonline.it\/web\/lavoro-estivo-negli-stati-uniti-selezioni-a-milano-il-18-gennaio-2020\/","title":{"rendered":"Lavoro estivo negli Stati Uniti: selezioni a Milano il 18 gennaio 2020"},"content":{"rendered":"<p><strong><span class=\"dropcap dropcap3\">S<\/span>tudenti<\/strong> <strong>universitari<\/strong> di tutta Italia si incontreranno a Milano il 18 gennaio 2020 per le selezioni ufficiali del <a href=\"https:\/\/www.comunicatistampa.net\/mailster\/221008\/fdfd6069116a50dea9d7e4af519eafce\/aHR0cHM6Ly93d3cubW9uZG9pbnNpZW1lLml0L2VzcGVyaWVuemUtbGF2b3JhdGl2ZS11c2EtZS1vY2VhbmlhL3VzYS93b3JrLXRyYXZlbC11c2E\/1\">Programma Summer Work and Travel USA<\/a><em>, <\/em>che permetter\u00e0 loro di <strong>lavorare<\/strong> negli <strong>Stati Uniti<\/strong>. I prescelti torneranno a casa, infatti, con un\u2019offerta di lavoro in mano, per <strong>un\u2019estate a stelle e strisce retribuita<\/strong>, completa e unica nel suo genere.<\/p>\n<p>L\u2019evento merita grande attenzione, soprattutto se pensiamo al mercato del lavoro odierno, sempre pi\u00f9 agguerrito e competitivo: agli studenti che vi si affacciano oggi per la prima volta, viene richiesto di parlare perfettamente pi\u00f9 lingue straniere, dando ormai per scontata la <strong>padronanza ottimale della lingua inglese<\/strong> \u2013 che, per\u00f2, cos\u00ec scontata non \u00e8 \u2013 e di poter sfoggiare esperienze lavorative internazionali su curricula d\u2019impatto e di sostanza.<\/p>\n<p>Lo <strong>sponsor americano ASSE International\/Aspire Worldwide<\/strong> e i <strong>datori di lavoro <\/strong><strong>provenienti<\/strong> da <a href=\"https:\/\/www.comunicatistampa.net\/mailster\/221008\/fdfd6069116a50dea9d7e4af519eafce\/aHR0cHM6Ly93d3cubW9uZG9pbnNpZW1lLml0L2VzcGVyaWVuemUtbGF2b3JhdGl2ZS11c2EtZS1vY2VhbmlhL3VzYS93b3JrLXRyYXZlbC11c2EvaS1kYXRvcmktZGktbGF2b3JvL3BhY2lmaWMtcGFyay1zYW50YS1tb25pY2EtY2FsaWZvcm5pYQ\">California<\/a>, <a href=\"https:\/\/www.comunicatistampa.net\/mailster\/221008\/fdfd6069116a50dea9d7e4af519eafce\/aHR0cHM6Ly93d3cubW9uZG9pbnNpZW1lLml0L2VzcGVyaWVuemUtbGF2b3JhdGl2ZS11c2EtZS1vY2VhbmlhL3VzYS93b3JrLXRyYXZlbC11c2EvaS1kYXRvcmktZGktbGF2b3JvL29jZWFuLWNpdHktbWFyeWxhbmQ\">Maryland<\/a> e <a href=\"https:\/\/www.comunicatistampa.net\/mailster\/221008\/fdfd6069116a50dea9d7e4af519eafce\/aHR0cHM6Ly93d3cubW9uZG9pbnNpZW1lLml0L2VzcGVyaWVuemUtbGF2b3JhdGl2ZS11c2EtZS1vY2VhbmlhL3VzYS93b3JrLXRyYXZlbC11c2EvaS1kYXRvcmktZGktbGF2b3JvL3llbGxvd3N0b25lLW5hdGlvbmFsLXBhcmstd3lvbWluZw\">Wyoming<\/a> incontreranno gli studenti iscritti al programma <em>Summer<\/em> <em>Work and Travel<\/em> presso <a href=\"https:\/\/www.comunicatistampa.net\/mailster\/221008\/fdfd6069116a50dea9d7e4af519eafce\/aHR0cHM6Ly93d3cudW5pY2F0dC5pdC8\">l\u2019Universit\u00e0 Cattolica Del Sacro Cuore<\/a>. L\u2019evento \u00e8 organizzato da <a href=\"https:\/\/www.comunicatistampa.net\/mailster\/221008\/fdfd6069116a50dea9d7e4af519eafce\/aHR0cDovL3d3dy5tb25kb2luc2llbWUuaXQ\">Mondo Insieme<\/a>, organizzazione italiana riconosciuta dal Ministero degli Affari Esteri e specializzata da oltre 30 anni in scambi culturali e programmi di studio e lavoro negli Stati Uniti.<\/p>\n<p>\u201cI candidati incontreranno in un\u2019unica sede vari <strong>datori<\/strong> <strong>di<\/strong> <strong>lavoro<\/strong> <strong>americani<\/strong> alla ricerca di giovani intraprendenti e motivati \u2013 spiega <strong>Elena Bergonzoni<\/strong>, responsabile del Programma <em>Summer Work and Travel USA<\/em> dell\u2019associazione Mondo Insieme \u2013 che potranno assicurarsi la possibilit\u00e0 di lavorare durante i 3 mesi estivi negli Stati Uniti, e contemporaneamente vivere un\u2019esperienza culturale e di crescita personale\u201d.<\/p>\n<p>\u201cGli studenti universitari di oggi sono consapevoli che lo studio e il raggiungimento del tanto ambito diploma di laurea devono necessariamente affiancarsi ad <strong>esperienze formative extracurriculari<\/strong>\u00a0che possano formare personalit\u00e0 cosmopolite e professionalmente mature\u201d aggiunge Elena Bergonzoni.<\/p>\n<p>Il Programma <em>Summer Work and Travel USA<\/em> \u00e8 nato proprio per offrire l\u2019opportunit\u00e0, a tutti gli studenti universitari, di dare una <strong>svolta internazionale al proprio curriculum<\/strong> e al proprio futuro, sfruttando al meglio il periodo della pausa estiva per migliorare l\u2019inglese ed immergersi nella cultura e nell&#8217;etica professionale americana.<\/p>\n<p><strong>I primi fortunati candidati potranno assicurarsi la loro offerta di lavoro a conclusione del colloquio sostenuto sabato 18 gennaio <\/strong>e, per chi non riuscisse a partecipare, le<strong> selezioni continueranno su Skype a febbraio<\/strong>.<\/p>\n<p>Sar\u00e0 quindi possibile iscriversi e partecipare al programma fino ad esaurimento delle posizioni lavorative disponibili.<\/p>\n<p>Le posizioni verranno infine assegnate in base all&#8217;ordine di iscrizione.<\/p>\n<p>Maggiori dettagli, requisiti di partecipazione e modalit\u00e0 di iscrizione sono reperibili su <a href=\"https:\/\/www.comunicatistampa.net\/mailster\/221008\/fdfd6069116a50dea9d7e4af519eafce\/aHR0cDovL3d3dy5tb25kb2luc2llbWUuaXQ\/1\">www.mondoinsieme.it<\/a>, contattando Mondo Insieme allo 051 236890 o scrivendo alla mail\u00a0info@mondoinsieme.it.<\/p>\n","protected":false},"excerpt":{"rendered":"<p>Studenti universitari di tutta Italia si incontreranno a Milano il 18 gennaio 2020 per le selezioni ufficiali del Programma Summer Work and Travel USA, che permetter\u00e0 loro di lavorare negli Stati Uniti. I prescelti torneranno a casa, infatti, con un\u2019offerta di lavoro in mano, per un\u2019estate a stelle e strisce retribuita, completa e unica nel [&hellip;]<\/p>\n","protected":false},"author":1,"featured_media":1772,"comment_status":"closed","ping_status":"open","sticky":false,"template":"","format":"standard","meta":{"footnotes":""},"categories":[224],"tags":[834],"yoast_head":"<!-- This site is optimized with the Yoast SEO plugin v22.2 - https:\/\/yoast.com\/wordpress\/plugins\/seo\/ -->\n<title>Lavoro estivo negli Stati Uniti: selezioni a Milano il 18 gennaio 2020 -<\/title>\n<meta name=\"robots\" content=\"index, follow, max-snippet:-1, max-image-preview:large, max-video-preview:-1\" \/>\n<link rel=\"canonical\" href=\"https:\/\/www.italiaeconomiaonline.it\/web\/lavoro-estivo-negli-stati-uniti-selezioni-a-milano-il-18-gennaio-2020\/\" \/>\n<meta property=\"og:locale\" content=\"it_IT\" \/>\n<meta property=\"og:type\" content=\"article\" \/>\n<meta property=\"og:title\" content=\"Lavoro estivo negli Stati Uniti: selezioni a Milano il 18 gennaio 2020 -\" \/>\n<meta property=\"og:description\" content=\"Studenti universitari di tutta Italia si incontreranno a Milano il 18 gennaio 2020 per le selezioni ufficiali del Programma Summer Work and Travel USA, che permetter\u00e0 loro di lavorare negli Stati Uniti. I prescelti torneranno a casa, infatti, con un\u2019offerta di lavoro in mano, per un\u2019estate a stelle e strisce retribuita, completa e unica nel [&hellip;]\" \/>\n<meta property=\"og:url\" content=\"https:\/\/www.italiaeconomiaonline.it\/web\/lavoro-estivo-negli-stati-uniti-selezioni-a-milano-il-18-gennaio-2020\/\" \/>\n<meta property=\"og:site_name\" content=\"ItaliaEconomiaOnline\" \/>\n<meta property=\"article:published_time\" content=\"2020-01-09T10:26:09+00:00\" \/>\n<meta property=\"og:image\" content=\"https:\/\/www.italiaeconomiaonline.it\/web\/wp-content\/uploads\/2019\/09\/lavoro.jpg\" \/>\n\t<meta property=\"og:image:width\" content=\"960\" \/>\n\t<meta property=\"og:image:height\" content=\"640\" \/>\n\t<meta property=\"og:image:type\" content=\"image\/jpeg\" \/>\n<meta name=\"author\" content=\"ladyitaliaeconomia\" \/>\n<meta name=\"twitter:card\" content=\"summary_large_image\" \/>\n<meta name=\"twitter:label1\" content=\"Scritto da\" \/>\n\t<meta name=\"twitter:data1\" content=\"ladyitaliaeconomia\" \/>\n\t<meta name=\"twitter:label2\" content=\"Tempo di lettura stimato\" \/>\n\t<meta name=\"twitter:data2\" content=\"2 minuti\" \/>\n<script type=\"application\/ld+json\" class=\"yoast-schema-graph\">{\"@context\":\"https:\/\/schema.org\",\"@graph\":[{\"@type\":\"WebPage\",\"@id\":\"https:\/\/www.italiaeconomiaonline.it\/web\/lavoro-estivo-negli-stati-uniti-selezioni-a-milano-il-18-gennaio-2020\/\",\"url\":\"https:\/\/www.italiaeconomiaonline.it\/web\/lavoro-estivo-negli-stati-uniti-selezioni-a-milano-il-18-gennaio-2020\/\",\"name\":\"Lavoro estivo negli Stati Uniti: selezioni a Milano il 18 gennaio 2020 -\",\"isPartOf\":{\"@id\":\"https:\/\/www.italiaeconomiaonline.it\/web\/#website\"},\"primaryImageOfPage\":{\"@id\":\"https:\/\/www.italiaeconomiaonline.it\/web\/lavoro-estivo-negli-stati-uniti-selezioni-a-milano-il-18-gennaio-2020\/#primaryimage\"},\"image\":{\"@id\":\"https:\/\/www.italiaeconomiaonline.it\/web\/lavoro-estivo-negli-stati-uniti-selezioni-a-milano-il-18-gennaio-2020\/#primaryimage\"},\"thumbnailUrl\":\"https:\/\/www.italiaeconomiaonline.it\/web\/wp-content\/uploads\/2019\/09\/lavoro.jpg\",\"datePublished\":\"2020-01-09T10:26:09+00:00\",\"dateModified\":\"2020-01-09T10:26:09+00:00\",\"author\":{\"@id\":\"https:\/\/www.italiaeconomiaonline.it\/web\/#\/schema\/person\/909a49cce752523b020fbc37d5ab1c31\"},\"breadcrumb\":{\"@id\":\"https:\/\/www.italiaeconomiaonline.it\/web\/lavoro-estivo-negli-stati-uniti-selezioni-a-milano-il-18-gennaio-2020\/#breadcrumb\"},\"inLanguage\":\"it-IT\",\"potentialAction\":[{\"@type\":\"ReadAction\",\"target\":[\"https:\/\/www.italiaeconomiaonline.it\/web\/lavoro-estivo-negli-stati-uniti-selezioni-a-milano-il-18-gennaio-2020\/\"]}]},{\"@type\":\"ImageObject\",\"inLanguage\":\"it-IT\",\"@id\":\"https:\/\/www.italiaeconomiaonline.it\/web\/lavoro-estivo-negli-stati-uniti-selezioni-a-milano-il-18-gennaio-2020\/#primaryimage\",\"url\":\"https:\/\/www.italiaeconomiaonline.it\/web\/wp-content\/uploads\/2019\/09\/lavoro.jpg\",\"contentUrl\":\"https:\/\/www.italiaeconomiaonline.it\/web\/wp-content\/uploads\/2019\/09\/lavoro.jpg\",\"width\":960,\"height\":640},{\"@type\":\"BreadcrumbList\",\"@id\":\"https:\/\/www.italiaeconomiaonline.it\/web\/lavoro-estivo-negli-stati-uniti-selezioni-a-milano-il-18-gennaio-2020\/#breadcrumb\",\"itemListElement\":[{\"@type\":\"ListItem\",\"position\":1,\"name\":\"Home\",\"item\":\"https:\/\/www.italiaeconomiaonline.it\/web\/\"},{\"@type\":\"ListItem\",\"position\":2,\"name\":\"Lavoro estivo negli Stati Uniti: selezioni a Milano il 18 gennaio 2020\"}]},{\"@type\":\"WebSite\",\"@id\":\"https:\/\/www.italiaeconomiaonline.it\/web\/#website\",\"url\":\"https:\/\/www.italiaeconomiaonline.it\/web\/\",\"name\":\"ItaliaEconomiaOnline\",\"description\":\"Quotidiano Economico Online\",\"potentialAction\":[{\"@type\":\"SearchAction\",\"target\":{\"@type\":\"EntryPoint\",\"urlTemplate\":\"https:\/\/www.italiaeconomiaonline.it\/web\/?s={search_term_string}\"},\"query-input\":\"required name=search_term_string\"}],\"inLanguage\":\"it-IT\"},{\"@type\":\"Person\",\"@id\":\"https:\/\/www.italiaeconomiaonline.it\/web\/#\/schema\/person\/909a49cce752523b020fbc37d5ab1c31\",\"name\":\"ladyitaliaeconomia\",\"image\":{\"@type\":\"ImageObject\",\"inLanguage\":\"it-IT\",\"@id\":\"https:\/\/www.italiaeconomiaonline.it\/web\/#\/schema\/person\/image\/\",\"url\":\"https:\/\/secure.gravatar.com\/avatar\/cedca10ce7416a579b9fa6bce9c0a8f2?s=96&d=mm&r=g\",\"contentUrl\":\"https:\/\/secure.gravatar.com\/avatar\/cedca10ce7416a579b9fa6bce9c0a8f2?s=96&d=mm&r=g\",\"caption\":\"ladyitaliaeconomia\"},\"url\":\"https:\/\/www.italiaeconomiaonline.it\/web\/author\/ladyitaliaeconomia\/\"}]}<\/script>\n<!-- \/ Yoast SEO plugin. -->","yoast_head_json":{"title":"Lavoro estivo negli Stati Uniti: selezioni a Milano il 18 gennaio 2020 -","robots":{"index":"index","follow":"follow","max-snippet":"max-snippet:-1","max-image-preview":"max-image-preview:large","max-video-preview":"max-video-preview:-1"},"canonical":"https:\/\/www.italiaeconomiaonline.it\/web\/lavoro-estivo-negli-stati-uniti-selezioni-a-milano-il-18-gennaio-2020\/","og_locale":"it_IT","og_type":"article","og_title":"Lavoro estivo negli Stati Uniti: selezioni a Milano il 18 gennaio 2020 -","og_description":"Studenti universitari di tutta Italia si incontreranno a Milano il 18 gennaio 2020 per le selezioni ufficiali del Programma Summer Work and Travel USA, che permetter\u00e0 loro di lavorare negli Stati Uniti. I prescelti torneranno a casa, infatti, con un\u2019offerta di lavoro in mano, per un\u2019estate a stelle e strisce retribuita, completa e unica nel [&hellip;]","og_url":"https:\/\/www.italiaeconomiaonline.it\/web\/lavoro-estivo-negli-stati-uniti-selezioni-a-milano-il-18-gennaio-2020\/","og_site_name":"ItaliaEconomiaOnline","article_published_time":"2020-01-09T10:26:09+00:00","og_image":[{"width":960,"height":640,"url":"https:\/\/www.italiaeconomiaonline.it\/web\/wp-content\/uploads\/2019\/09\/lavoro.jpg","type":"image\/jpeg"}],"author":"ladyitaliaeconomia","twitter_card":"summary_large_image","twitter_misc":{"Scritto da":"ladyitaliaeconomia","Tempo di lettura stimato":"2 minuti"},"schema":{"@context":"https:\/\/schema.org","@graph":[{"@type":"WebPage","@id":"https:\/\/www.italiaeconomiaonline.it\/web\/lavoro-estivo-negli-stati-uniti-selezioni-a-milano-il-18-gennaio-2020\/","url":"https:\/\/www.italiaeconomiaonline.it\/web\/lavoro-estivo-negli-stati-uniti-selezioni-a-milano-il-18-gennaio-2020\/","name":"Lavoro estivo negli Stati Uniti: selezioni a Milano il 18 gennaio 2020 -","isPartOf":{"@id":"https:\/\/www.italiaeconomiaonline.it\/web\/#website"},"primaryImageOfPage":{"@id":"https:\/\/www.italiaeconomiaonline.it\/web\/lavoro-estivo-negli-stati-uniti-selezioni-a-milano-il-18-gennaio-2020\/#primaryimage"},"image":{"@id":"https:\/\/www.italiaeconomiaonline.it\/web\/lavoro-estivo-negli-stati-uniti-selezioni-a-milano-il-18-gennaio-2020\/#primaryimage"},"thumbnailUrl":"https:\/\/www.italiaeconomiaonline.it\/web\/wp-content\/uploads\/2019\/09\/lavoro.jpg","datePublished":"2020-01-09T10:26:09+00:00","dateModified":"2020-01-09T10:26:09+00:00","author":{"@id":"https:\/\/www.italiaeconomiaonline.it\/web\/#\/schema\/person\/909a49cce752523b020fbc37d5ab1c31"},"breadcrumb":{"@id":"https:\/\/www.italiaeconomiaonline.it\/web\/lavoro-estivo-negli-stati-uniti-selezioni-a-milano-il-18-gennaio-2020\/#breadcrumb"},"inLanguage":"it-IT","potentialAction":[{"@type":"ReadAction","target":["https:\/\/www.italiaeconomiaonline.it\/web\/lavoro-estivo-negli-stati-uniti-selezioni-a-milano-il-18-gennaio-2020\/"]}]},{"@type":"ImageObject","inLanguage":"it-IT","@id":"https:\/\/www.italiaeconomiaonline.it\/web\/lavoro-estivo-negli-stati-uniti-selezioni-a-milano-il-18-gennaio-2020\/#primaryimage","url":"https:\/\/www.italiaeconomiaonline.it\/web\/wp-content\/uploads\/2019\/09\/lavoro.jpg","contentUrl":"https:\/\/www.italiaeconomiaonline.it\/web\/wp-content\/uploads\/2019\/09\/lavoro.jpg","width":960,"height":640},{"@type":"BreadcrumbList","@id":"https:\/\/www.italiaeconomiaonline.it\/web\/lavoro-estivo-negli-stati-uniti-selezioni-a-milano-il-18-gennaio-2020\/#breadcrumb","itemListElement":[{"@type":"ListItem","position":1,"name":"Home","item":"https:\/\/www.italiaeconomiaonline.it\/web\/"},{"@type":"ListItem","position":2,"name":"Lavoro estivo negli Stati Uniti: selezioni a Milano il 18 gennaio 2020"}]},{"@type":"WebSite","@id":"https:\/\/www.italiaeconomiaonline.it\/web\/#website","url":"https:\/\/www.italiaeconomiaonline.it\/web\/","name":"ItaliaEconomiaOnline","description":"Quotidiano Economico Online","potentialAction":[{"@type":"SearchAction","target":{"@type":"EntryPoint","urlTemplate":"https:\/\/www.italiaeconomiaonline.it\/web\/?s={search_term_string}"},"query-input":"required name=search_term_string"}],"inLanguage":"it-IT"},{"@type":"Person","@id":"https:\/\/www.italiaeconomiaonline.it\/web\/#\/schema\/person\/909a49cce752523b020fbc37d5ab1c31","name":"ladyitaliaeconomia","image":{"@type":"ImageObject","inLanguage":"it-IT","@id":"https:\/\/www.italiaeconomiaonline.it\/web\/#\/schema\/person\/image\/","url":"https:\/\/secure.gravatar.com\/avatar\/cedca10ce7416a579b9fa6bce9c0a8f2?s=96&d=mm&r=g","contentUrl":"https:\/\/secure.gravatar.com\/avatar\/cedca10ce7416a579b9fa6bce9c0a8f2?s=96&d=mm&r=g","caption":"ladyitaliaeconomia"},"url":"https:\/\/www.italiaeconomiaonline.it\/web\/author\/ladyitaliaeconomia\/"}]}},"_links":{"self":[{"href":"https:\/\/www.italiaeconomiaonline.it\/web\/wp-json\/wp\/v2\/posts\/2267"}],"collection":[{"href":"https:\/\/www.italiaeconomiaonline.it\/web\/wp-json\/wp\/v2\/posts"}],"about":[{"href":"https:\/\/www.italiaeconomiaonline.it\/web\/wp-json\/wp\/v2\/types\/post"}],"author":[{"embeddable":true,"href":"https:\/\/www.italiaeconomiaonline.it\/web\/wp-json\/wp\/v2\/users\/1"}],"replies":[{"embeddable":true,"href":"https:\/\/www.italiaeconomiaonline.it\/web\/wp-json\/wp\/v2\/comments?post=2267"}],"version-history":[{"count":1,"href":"https:\/\/www.italiaeconomiaonline.it\/web\/wp-json\/wp\/v2\/posts\/2267\/revisions"}],"predecessor-version":[{"id":2268,"href":"https:\/\/www.italiaeconomiaonline.it\/web\/wp-json\/wp\/v2\/posts\/2267\/revisions\/2268"}],"wp:featuredmedia":[{"embeddable":true,"href":"https:\/\/www.italiaeconomiaonline.it\/web\/wp-json\/wp\/v2\/media\/1772"}],"wp:attachment":[{"href":"https:\/\/www.italiaeconomiaonline.it\/web\/wp-json\/wp\/v2\/media?parent=2267"}],"wp:term":[{"taxonomy":"category","embeddable":true,"href":"https:\/\/www.italiaeconomiaonline.it\/web\/wp-json\/wp\/v2\/categories?post=2267"},{"taxonomy":"post_tag","embeddable":true,"href":"https:\/\/www.italiaeconomiaonline.it\/web\/wp-json\/wp\/v2\/tags?post=2267"}],"curies":[{"name":"wp","href":"https:\/\/api.w.org\/{rel}","templated":true}]}}