{"id":2319,"date":"2020-01-14T14:35:38","date_gmt":"2020-01-14T13:35:38","guid":{"rendered":"http:\/\/www.italiaeconomiaonline.it\/web\/?p=2319"},"modified":"2020-01-14T14:36:25","modified_gmt":"2020-01-14T13:36:25","slug":"confindustria-al-via-la-seconda-edizione-di-connext2020","status":"publish","type":"post","link":"https:\/\/www.italiaeconomiaonline.it\/web\/confindustria-al-via-la-seconda-edizione-di-connext2020\/","title":{"rendered":"Confindustria: al via la seconda edizione di Connext2020"},"content":{"rendered":"<div><span class=\"dropcap dropcap3\">D<\/span>opo il successo dello scorso anno, con 7000 ingressi registrati, 2500 B2B e 450 aziende espositrici, \u00e8 in corso la campagna per le iscrizioni delle aziende in vista della nuova edizione di Connext2020 che si terr\u00e0 il 27 e 28 febbraio prossimi al MiCo di Milano.<\/div>\n<div>\n<p>Per questa seconda edizione si punta ad un coinvolgimento massiccio del manifatturiero con le imprese industriali pi\u00f9 rappresentative e a numeri di partecipazione pi\u00f9 alti.<\/p>\n<\/div>\n<div>\n<p>Una forte attenzione viene riservata alle filiere, che diventano modello di business e driver strategico dell\u2019iniziativa, con l\u2019identificazione di imprese leader nel ruolo di capofila. Come ulteriore elemento di novit\u00e0, viene data visibilit\u00e0 a prodotti \u2018flagship\u2019, oggetti simbolo come la nave o l\u2019auto elettrica, che faciliteranno l\u2019identificazione delle filiere e quindi le possibili alleanze.<\/p>\n<\/div>\n<div>\n<p>Ridefiniti i 4 driver dell\u2019evento per rendere pi\u00f9 efficace la profilazione nel Marketplace e nello spazio fisico del MiCo: Fabbrica Intelligente; Le citt\u00e0 del futuro; Pianeta sostenibile; La persona al centro del progresso. Grande visibilit\u00e0 ai \u201cLaboratori\u201d trasversali e tematici, dedicati ai temi di attualit\u00e0 come la Domanda pubblica per l\u2019innovazione, Finanza di progetto, Reti d\u2019impresa, Open Innovation. In linea con i 4 driver, grandi nomi di speaker internazionali porteranno lo sguardo sulle sfide del futuro.<\/p>\n<\/div>\n<div>\n<p>Queste sono solo alcune delle novit\u00e0 della seconda edizione di Connext2020, il pi\u00f9 importante evento nazionale di partenariato industriale di Confindustria che si rinnova, punta ad ingrandirsi, e torna nel grande spazio espositivo del MiCo di Milano.<\/p>\n<\/div>\n<div>\n<p>Rafforzato anche il Marketplace digitale, la piattaforma online dove le aziende si iscrivono e programmano virtualmente gli incontri: una vetrina importante per guardare oltre i confini del proprio business, conoscere nuovi partner, clienti e fornitori, per consultare i profili aziendali dei partecipanti, pianificare gli incontri B2B e creare una propria agenda dell\u2019evento, supportati dall&#8217;intelligenza artificiale che facilita il matching tra le imprese.<\/p>\n<\/div>\n<div>\n<p>Molte grandi conferme come Intesa Sanpaolo, Umana, Enel, Erg, FASI, ICE, Gruppo Sole24Ore, TIM, Ferrovie dello Stato Italiane, Mastercard, Inail, Luiss, Liuc, SFC, 4.Manager, Fondirigenti, Rete dei Digital InnovationHub, RetImpresa, RetIndustria, Cosberg, Digital Magics, Selda. E tanti nuovi ingressi come Industria Welfare Salute (IWS) e Assidai riuniti con FASI nel Polo della Salute, Feralpi, Universit\u00e0 Campus Biomedico di Roma, Fata Logistic Systems del Gruppo Leonardo, Fiere di Parma, Consorzio Nazionale per la gestione, raccolta e trattamento degli oli minerali usati (CONOU). In corso il confronto con altri big come Eni, Decomar, Viasat e Fondimpresa.\u00a0 Confermata la Call per startup in collaborazione con Digital Magics e Luiss Enlabs: c\u2019\u00e8 tempo per candidarsi fino al 13 gennaio.<\/p>\n<\/div>\n<div>\n<p>Connext2020 amplia la sua proiezione internazionale e si apre quest&#8217;anno a tutte le imprese estere interessate a partecipare e delegazioni straniere come Businessmed. Attese tante realt\u00e0 provenienti dai paesi del Mediterraneo e dell&#8217;Africa, dell&#8217;Europa centro-orientale, della Russia e dell&#8217;Unione Europea.<\/p>\n<\/div>\n","protected":false},"excerpt":{"rendered":"<p>Dopo il successo dello scorso anno, con 7000 ingressi registrati, 2500 B2B e 450 aziende espositrici, \u00e8 in corso la campagna per le iscrizioni delle aziende in vista della nuova edizione di Connext2020 che si terr\u00e0 il 27 e 28 febbraio prossimi al MiCo di Milano. Per questa seconda edizione si punta ad un coinvolgimento [&hellip;]<\/p>\n","protected":false},"author":1,"featured_media":826,"comment_status":"closed","ping_status":"open","sticky":false,"template":"","format":"standard","meta":{"footnotes":""},"categories":[56,1],"tags":[180,857],"yoast_head":"<!-- This site is optimized with the Yoast SEO plugin v22.2 - https:\/\/yoast.com\/wordpress\/plugins\/seo\/ -->\n<title>Confindustria: al via la seconda edizione di Connext2020 -<\/title>\n<meta name=\"robots\" content=\"index, follow, max-snippet:-1, max-image-preview:large, max-video-preview:-1\" \/>\n<link rel=\"canonical\" href=\"https:\/\/www.italiaeconomiaonline.it\/web\/confindustria-al-via-la-seconda-edizione-di-connext2020\/\" \/>\n<meta property=\"og:locale\" content=\"it_IT\" \/>\n<meta property=\"og:type\" content=\"article\" \/>\n<meta property=\"og:title\" content=\"Confindustria: al via la seconda edizione di Connext2020 -\" \/>\n<meta property=\"og:description\" content=\"Dopo il successo dello scorso anno, con 7000 ingressi registrati, 2500 B2B e 450 aziende espositrici, \u00e8 in corso la campagna per le iscrizioni delle aziende in vista della nuova edizione di Connext2020 che si terr\u00e0 il 27 e 28 febbraio prossimi al MiCo di Milano. Per questa seconda edizione si punta ad un coinvolgimento [&hellip;]\" \/>\n<meta property=\"og:url\" content=\"https:\/\/www.italiaeconomiaonline.it\/web\/confindustria-al-via-la-seconda-edizione-di-connext2020\/\" \/>\n<meta property=\"og:site_name\" content=\"ItaliaEconomiaOnline\" \/>\n<meta property=\"article:published_time\" content=\"2020-01-14T13:35:38+00:00\" \/>\n<meta property=\"article:modified_time\" content=\"2020-01-14T13:36:25+00:00\" \/>\n<meta property=\"og:image\" content=\"https:\/\/www.italiaeconomiaonline.it\/web\/wp-content\/uploads\/2019\/05\/vincenzo_boccia.jpg\" \/>\n\t<meta property=\"og:image:width\" content=\"960\" \/>\n\t<meta property=\"og:image:height\" content=\"540\" \/>\n\t<meta property=\"og:image:type\" content=\"image\/jpeg\" \/>\n<meta name=\"author\" content=\"ladyitaliaeconomia\" \/>\n<meta name=\"twitter:card\" content=\"summary_large_image\" \/>\n<meta name=\"twitter:label1\" content=\"Scritto da\" \/>\n\t<meta name=\"twitter:data1\" content=\"ladyitaliaeconomia\" \/>\n\t<meta name=\"twitter:label2\" content=\"Tempo di lettura stimato\" \/>\n\t<meta name=\"twitter:data2\" content=\"2 minuti\" \/>\n<script type=\"application\/ld+json\" class=\"yoast-schema-graph\">{\"@context\":\"https:\/\/schema.org\",\"@graph\":[{\"@type\":\"WebPage\",\"@id\":\"https:\/\/www.italiaeconomiaonline.it\/web\/confindustria-al-via-la-seconda-edizione-di-connext2020\/\",\"url\":\"https:\/\/www.italiaeconomiaonline.it\/web\/confindustria-al-via-la-seconda-edizione-di-connext2020\/\",\"name\":\"Confindustria: al via la seconda edizione di Connext2020 -\",\"isPartOf\":{\"@id\":\"https:\/\/www.italiaeconomiaonline.it\/web\/#website\"},\"primaryImageOfPage\":{\"@id\":\"https:\/\/www.italiaeconomiaonline.it\/web\/confindustria-al-via-la-seconda-edizione-di-connext2020\/#primaryimage\"},\"image\":{\"@id\":\"https:\/\/www.italiaeconomiaonline.it\/web\/confindustria-al-via-la-seconda-edizione-di-connext2020\/#primaryimage\"},\"thumbnailUrl\":\"https:\/\/www.italiaeconomiaonline.it\/web\/wp-content\/uploads\/2019\/05\/vincenzo_boccia.jpg\",\"datePublished\":\"2020-01-14T13:35:38+00:00\",\"dateModified\":\"2020-01-14T13:36:25+00:00\",\"author\":{\"@id\":\"https:\/\/www.italiaeconomiaonline.it\/web\/#\/schema\/person\/909a49cce752523b020fbc37d5ab1c31\"},\"breadcrumb\":{\"@id\":\"https:\/\/www.italiaeconomiaonline.it\/web\/confindustria-al-via-la-seconda-edizione-di-connext2020\/#breadcrumb\"},\"inLanguage\":\"it-IT\",\"potentialAction\":[{\"@type\":\"ReadAction\",\"target\":[\"https:\/\/www.italiaeconomiaonline.it\/web\/confindustria-al-via-la-seconda-edizione-di-connext2020\/\"]}]},{\"@type\":\"ImageObject\",\"inLanguage\":\"it-IT\",\"@id\":\"https:\/\/www.italiaeconomiaonline.it\/web\/confindustria-al-via-la-seconda-edizione-di-connext2020\/#primaryimage\",\"url\":\"https:\/\/www.italiaeconomiaonline.it\/web\/wp-content\/uploads\/2019\/05\/vincenzo_boccia.jpg\",\"contentUrl\":\"https:\/\/www.italiaeconomiaonline.it\/web\/wp-content\/uploads\/2019\/05\/vincenzo_boccia.jpg\",\"width\":960,\"height\":540,\"caption\":\"Vincenzo Boccia\"},{\"@type\":\"BreadcrumbList\",\"@id\":\"https:\/\/www.italiaeconomiaonline.it\/web\/confindustria-al-via-la-seconda-edizione-di-connext2020\/#breadcrumb\",\"itemListElement\":[{\"@type\":\"ListItem\",\"position\":1,\"name\":\"Home\",\"item\":\"https:\/\/www.italiaeconomiaonline.it\/web\/\"},{\"@type\":\"ListItem\",\"position\":2,\"name\":\"Confindustria: al via la seconda edizione di Connext2020\"}]},{\"@type\":\"WebSite\",\"@id\":\"https:\/\/www.italiaeconomiaonline.it\/web\/#website\",\"url\":\"https:\/\/www.italiaeconomiaonline.it\/web\/\",\"name\":\"ItaliaEconomiaOnline\",\"description\":\"Quotidiano Economico Online\",\"potentialAction\":[{\"@type\":\"SearchAction\",\"target\":{\"@type\":\"EntryPoint\",\"urlTemplate\":\"https:\/\/www.italiaeconomiaonline.it\/web\/?s={search_term_string}\"},\"query-input\":\"required name=search_term_string\"}],\"inLanguage\":\"it-IT\"},{\"@type\":\"Person\",\"@id\":\"https:\/\/www.italiaeconomiaonline.it\/web\/#\/schema\/person\/909a49cce752523b020fbc37d5ab1c31\",\"name\":\"ladyitaliaeconomia\",\"image\":{\"@type\":\"ImageObject\",\"inLanguage\":\"it-IT\",\"@id\":\"https:\/\/www.italiaeconomiaonline.it\/web\/#\/schema\/person\/image\/\",\"url\":\"https:\/\/secure.gravatar.com\/avatar\/cedca10ce7416a579b9fa6bce9c0a8f2?s=96&d=mm&r=g\",\"contentUrl\":\"https:\/\/secure.gravatar.com\/avatar\/cedca10ce7416a579b9fa6bce9c0a8f2?s=96&d=mm&r=g\",\"caption\":\"ladyitaliaeconomia\"},\"url\":\"https:\/\/www.italiaeconomiaonline.it\/web\/author\/ladyitaliaeconomia\/\"}]}<\/script>\n<!-- \/ Yoast SEO plugin. -->","yoast_head_json":{"title":"Confindustria: al via la seconda edizione di Connext2020 -","robots":{"index":"index","follow":"follow","max-snippet":"max-snippet:-1","max-image-preview":"max-image-preview:large","max-video-preview":"max-video-preview:-1"},"canonical":"https:\/\/www.italiaeconomiaonline.it\/web\/confindustria-al-via-la-seconda-edizione-di-connext2020\/","og_locale":"it_IT","og_type":"article","og_title":"Confindustria: al via la seconda edizione di Connext2020 -","og_description":"Dopo il successo dello scorso anno, con 7000 ingressi registrati, 2500 B2B e 450 aziende espositrici, \u00e8 in corso la campagna per le iscrizioni delle aziende in vista della nuova edizione di Connext2020 che si terr\u00e0 il 27 e 28 febbraio prossimi al MiCo di Milano. Per questa seconda edizione si punta ad un coinvolgimento [&hellip;]","og_url":"https:\/\/www.italiaeconomiaonline.it\/web\/confindustria-al-via-la-seconda-edizione-di-connext2020\/","og_site_name":"ItaliaEconomiaOnline","article_published_time":"2020-01-14T13:35:38+00:00","article_modified_time":"2020-01-14T13:36:25+00:00","og_image":[{"width":960,"height":540,"url":"https:\/\/www.italiaeconomiaonline.it\/web\/wp-content\/uploads\/2019\/05\/vincenzo_boccia.jpg","type":"image\/jpeg"}],"author":"ladyitaliaeconomia","twitter_card":"summary_large_image","twitter_misc":{"Scritto da":"ladyitaliaeconomia","Tempo di lettura stimato":"2 minuti"},"schema":{"@context":"https:\/\/schema.org","@graph":[{"@type":"WebPage","@id":"https:\/\/www.italiaeconomiaonline.it\/web\/confindustria-al-via-la-seconda-edizione-di-connext2020\/","url":"https:\/\/www.italiaeconomiaonline.it\/web\/confindustria-al-via-la-seconda-edizione-di-connext2020\/","name":"Confindustria: al via la seconda edizione di Connext2020 -","isPartOf":{"@id":"https:\/\/www.italiaeconomiaonline.it\/web\/#website"},"primaryImageOfPage":{"@id":"https:\/\/www.italiaeconomiaonline.it\/web\/confindustria-al-via-la-seconda-edizione-di-connext2020\/#primaryimage"},"image":{"@id":"https:\/\/www.italiaeconomiaonline.it\/web\/confindustria-al-via-la-seconda-edizione-di-connext2020\/#primaryimage"},"thumbnailUrl":"https:\/\/www.italiaeconomiaonline.it\/web\/wp-content\/uploads\/2019\/05\/vincenzo_boccia.jpg","datePublished":"2020-01-14T13:35:38+00:00","dateModified":"2020-01-14T13:36:25+00:00","author":{"@id":"https:\/\/www.italiaeconomiaonline.it\/web\/#\/schema\/person\/909a49cce752523b020fbc37d5ab1c31"},"breadcrumb":{"@id":"https:\/\/www.italiaeconomiaonline.it\/web\/confindustria-al-via-la-seconda-edizione-di-connext2020\/#breadcrumb"},"inLanguage":"it-IT","potentialAction":[{"@type":"ReadAction","target":["https:\/\/www.italiaeconomiaonline.it\/web\/confindustria-al-via-la-seconda-edizione-di-connext2020\/"]}]},{"@type":"ImageObject","inLanguage":"it-IT","@id":"https:\/\/www.italiaeconomiaonline.it\/web\/confindustria-al-via-la-seconda-edizione-di-connext2020\/#primaryimage","url":"https:\/\/www.italiaeconomiaonline.it\/web\/wp-content\/uploads\/2019\/05\/vincenzo_boccia.jpg","contentUrl":"https:\/\/www.italiaeconomiaonline.it\/web\/wp-content\/uploads\/2019\/05\/vincenzo_boccia.jpg","width":960,"height":540,"caption":"Vincenzo Boccia"},{"@type":"BreadcrumbList","@id":"https:\/\/www.italiaeconomiaonline.it\/web\/confindustria-al-via-la-seconda-edizione-di-connext2020\/#breadcrumb","itemListElement":[{"@type":"ListItem","position":1,"name":"Home","item":"https:\/\/www.italiaeconomiaonline.it\/web\/"},{"@type":"ListItem","position":2,"name":"Confindustria: al via la seconda edizione di Connext2020"}]},{"@type":"WebSite","@id":"https:\/\/www.italiaeconomiaonline.it\/web\/#website","url":"https:\/\/www.italiaeconomiaonline.it\/web\/","name":"ItaliaEconomiaOnline","description":"Quotidiano Economico Online","potentialAction":[{"@type":"SearchAction","target":{"@type":"EntryPoint","urlTemplate":"https:\/\/www.italiaeconomiaonline.it\/web\/?s={search_term_string}"},"query-input":"required name=search_term_string"}],"inLanguage":"it-IT"},{"@type":"Person","@id":"https:\/\/www.italiaeconomiaonline.it\/web\/#\/schema\/person\/909a49cce752523b020fbc37d5ab1c31","name":"ladyitaliaeconomia","image":{"@type":"ImageObject","inLanguage":"it-IT","@id":"https:\/\/www.italiaeconomiaonline.it\/web\/#\/schema\/person\/image\/","url":"https:\/\/secure.gravatar.com\/avatar\/cedca10ce7416a579b9fa6bce9c0a8f2?s=96&d=mm&r=g","contentUrl":"https:\/\/secure.gravatar.com\/avatar\/cedca10ce7416a579b9fa6bce9c0a8f2?s=96&d=mm&r=g","caption":"ladyitaliaeconomia"},"url":"https:\/\/www.italiaeconomiaonline.it\/web\/author\/ladyitaliaeconomia\/"}]}},"_links":{"self":[{"href":"https:\/\/www.italiaeconomiaonline.it\/web\/wp-json\/wp\/v2\/posts\/2319"}],"collection":[{"href":"https:\/\/www.italiaeconomiaonline.it\/web\/wp-json\/wp\/v2\/posts"}],"about":[{"href":"https:\/\/www.italiaeconomiaonline.it\/web\/wp-json\/wp\/v2\/types\/post"}],"author":[{"embeddable":true,"href":"https:\/\/www.italiaeconomiaonline.it\/web\/wp-json\/wp\/v2\/users\/1"}],"replies":[{"embeddable":true,"href":"https:\/\/www.italiaeconomiaonline.it\/web\/wp-json\/wp\/v2\/comments?post=2319"}],"version-history":[{"count":1,"href":"https:\/\/www.italiaeconomiaonline.it\/web\/wp-json\/wp\/v2\/posts\/2319\/revisions"}],"predecessor-version":[{"id":2320,"href":"https:\/\/www.italiaeconomiaonline.it\/web\/wp-json\/wp\/v2\/posts\/2319\/revisions\/2320"}],"wp:featuredmedia":[{"embeddable":true,"href":"https:\/\/www.italiaeconomiaonline.it\/web\/wp-json\/wp\/v2\/media\/826"}],"wp:attachment":[{"href":"https:\/\/www.italiaeconomiaonline.it\/web\/wp-json\/wp\/v2\/media?parent=2319"}],"wp:term":[{"taxonomy":"category","embeddable":true,"href":"https:\/\/www.italiaeconomiaonline.it\/web\/wp-json\/wp\/v2\/categories?post=2319"},{"taxonomy":"post_tag","embeddable":true,"href":"https:\/\/www.italiaeconomiaonline.it\/web\/wp-json\/wp\/v2\/tags?post=2319"}],"curies":[{"name":"wp","href":"https:\/\/api.w.org\/{rel}","templated":true}]}}