{"id":2335,"date":"2020-01-16T18:24:09","date_gmt":"2020-01-16T17:24:09","guid":{"rendered":"http:\/\/www.italiaeconomiaonline.it\/web\/?p=2335"},"modified":"2020-01-16T18:24:09","modified_gmt":"2020-01-16T17:24:09","slug":"biodiversita-il-pe-chiede-obiettivi-vincolanti-a-livello-ue-e-globale","status":"publish","type":"post","link":"https:\/\/www.italiaeconomiaonline.it\/web\/biodiversita-il-pe-chiede-obiettivi-vincolanti-a-livello-ue-e-globale\/","title":{"rendered":"Biodiversit\u00e0: il PE chiede obiettivi vincolanti a livello UE e globale"},"content":{"rendered":"<div class=\"ep_gridcolumn ep-m_product\" data-view1200=\"6\" data-view1020=\"6\" data-view750=\"10\" data-view640=\"6\" data-view480=\"8\" data-view320=\"4\">\n<div class=\"ep_gridcolumn-content\">\n<div class=\"ep-a_text ep-layout_chapo\">\n<p><span class=\"dropcap dropcap3\">I<\/span>l PE chiede che la conferenza globale sulla biodiversit\u00e0, COP 15, si accordi su obiettivi vincolanti, come \u00e8 avvenuto per l&#8217;accordo di Parigi sui cambiamenti climatici.<\/p>\n<\/div>\n<\/div>\n<\/div>\n<div class=\"ep_gridcolumn ep-m_product\" data-view1200=\"6\" data-view1020=\"6\" data-view750=\"10\" data-view640=\"6\" data-view480=\"8\" data-view320=\"4\">\n<div class=\"ep_gridcolumn-content\">\n<div class=\"ep-a_text\">\n<p class=\"ep-wysiwig_paragraph\">Il Parlamento ha adottato, per alzata di mano, la sua posizione in vista della Conferenza delle Nazioni Unite sulla biodiversit\u00e0 del 2020 (COP 15), che si terr\u00e0 a ottobre a Kunming (Cina).<\/p>\n<p class=\"ep-wysiwig_paragraph\">Per arrestare l\u2019attuale tendenza alla perdita globale di biodiversit\u00e0, la conferenza dovrebbe portare a un accordo su obiettivi giuridicamente vincolanti con scadenze ben precise, chiari indicatori di prestazione e meccanismi di revisione <em>inter pares<\/em> o di segnalazione sulla base di norme comuni.<\/p>\n<p class=\"ep-wysiwig_paragraph\"><strong>L\u2019UE deve essere un esempio<\/strong><\/p>\n<p class=\"ep-wysiwig_paragraph\">Il Parlamento vuole che la prossima strategia sulla biodiversit\u00e0 per il 2030 garantisca all&#8217;UE un ruolo centrale, ad esempio:<\/p>\n<ul>\n<li>assicurando che almeno il 30% del territorio dell&#8217;UE sia costituito da aree naturali<\/li>\n<li>ripristinando almeno il 30 % degli ecosistemi danneggiati<\/li>\n<li>integrando maggiormente la biodiversit\u00e0 in tutte le politiche<\/li>\n<li>istituendo un obiettivo di spesa chiaro per l&#8217;integrazione della biodiversit\u00e0 nel bilancio a lungo termine 2021-2027 di un minimo del 10%<\/li>\n<\/ul>\n<p class=\"ep-wysiwig_paragraph\">Infine, i deputati sottolineano il bisogno di assumere degli impegni forti a favore di sistemi alimentari e di agricoltura sostenibili, compresi obiettivi di riduzione vincolanti a livello dell&#8217;UE sull\u2019uso di pesticidi.<\/p>\n<p class=\"ep-wysiwig_paragraph\"><strong>Citazione<\/strong><\/p>\n<p class=\"ep-wysiwig_paragraph\"><a href=\"https:\/\/www.europarl.europa.eu\/meps\/it\/96711\/PASCAL_CANFIN\/home\" target=\"_blank\" rel=\"noopener noreferrer\">Pascal Canfin (RE, FR)<\/a>, Presidente della commissione ambiente, sanit\u00e0 pubblica e sicurezza alimentare ha dichiarato: \u201cI punti cruciali per il Parlamento saranno la definizione di obiettivi europei e globali per la biodiversit\u00e0, che dovrebbero includere una migliore protezione degli ecosistemi naturali, la riduzione dell&#8217;uso di pesticidi in Europa e la sostenibilit\u00e0 del settore agricolo e della pesca. Il 2020 sar\u00e0 un anno fondamentale per la biodiversit\u00e0 con un primo evento a giugno a Marsiglia, l&#8217;<a href=\"https:\/\/www.iucncongress2020.org\/\" target=\"_blank\" rel=\"noopener noreferrer\">IUCN<\/a> e la COP15 a ottobre in Cina&#8221;.<\/p>\n<p class=\"ep-wysiwig_paragraph\"><strong>Contesto<\/strong><\/p>\n<p class=\"ep-wysiwig_paragraph\">Per il Parlamento, la tutela della biodiversit\u00e0 \u00e8 sempre stata una priorit\u00e0. <a href=\"https:\/\/www.cbd.int\/\" target=\"_blank\" rel=\"noopener noreferrer\">La Convenzione delle Nazioni Unite sulla biodiversit\u00e0<\/a> \u00e8 stata istituita il 29 dicembre 1993. Una delegazione del Parlamento europeo parteciper\u00e0 alla sua quindicesima riunione a Kunming, in Cina, dal 19 ottobre al 1 novembre 2020.<\/p>\n<p class=\"ep-wysiwig_paragraph\">La COP15 dovrebbe adottare un quadro globale sulla biodiversit\u00e0 post-2020, che definisca il percorso per i prossimi 10 anni e oltre.<\/p>\n<\/div>\n<\/div>\n<\/div>\n","protected":false},"excerpt":{"rendered":"<p>Il PE chiede che la conferenza globale sulla biodiversit\u00e0, COP 15, si accordi su obiettivi vincolanti, come \u00e8 avvenuto per l&#8217;accordo di Parigi sui cambiamenti climatici. Il Parlamento ha adottato, per alzata di mano, la sua posizione in vista della Conferenza delle Nazioni Unite sulla biodiversit\u00e0 del 2020 (COP 15), che si terr\u00e0 a ottobre [&hellip;]<\/p>\n","protected":false},"author":1,"featured_media":1039,"comment_status":"closed","ping_status":"open","sticky":false,"template":"","format":"standard","meta":{"footnotes":""},"categories":[56],"tags":[],"yoast_head":"<!-- This site is optimized with the Yoast SEO plugin v22.2 - https:\/\/yoast.com\/wordpress\/plugins\/seo\/ -->\n<title>Biodiversit\u00e0: il PE chiede obiettivi vincolanti a livello UE e globale -<\/title>\n<meta name=\"robots\" content=\"index, follow, max-snippet:-1, max-image-preview:large, max-video-preview:-1\" \/>\n<link rel=\"canonical\" href=\"https:\/\/www.italiaeconomiaonline.it\/web\/biodiversita-il-pe-chiede-obiettivi-vincolanti-a-livello-ue-e-globale\/\" \/>\n<meta property=\"og:locale\" content=\"it_IT\" \/>\n<meta property=\"og:type\" content=\"article\" \/>\n<meta property=\"og:title\" content=\"Biodiversit\u00e0: il PE chiede obiettivi vincolanti a livello UE e globale -\" \/>\n<meta property=\"og:description\" content=\"Il PE chiede che la conferenza globale sulla biodiversit\u00e0, COP 15, si accordi su obiettivi vincolanti, come \u00e8 avvenuto per l&#8217;accordo di Parigi sui cambiamenti climatici. Il Parlamento ha adottato, per alzata di mano, la sua posizione in vista della Conferenza delle Nazioni Unite sulla biodiversit\u00e0 del 2020 (COP 15), che si terr\u00e0 a ottobre [&hellip;]\" \/>\n<meta property=\"og:url\" content=\"https:\/\/www.italiaeconomiaonline.it\/web\/biodiversita-il-pe-chiede-obiettivi-vincolanti-a-livello-ue-e-globale\/\" \/>\n<meta property=\"og:site_name\" content=\"ItaliaEconomiaOnline\" \/>\n<meta property=\"article:published_time\" content=\"2020-01-16T17:24:09+00:00\" \/>\n<meta property=\"og:image\" content=\"https:\/\/www.italiaeconomiaonline.it\/web\/wp-content\/uploads\/2019\/06\/biodiversita.jpg\" \/>\n\t<meta property=\"og:image:width\" content=\"960\" \/>\n\t<meta property=\"og:image:height\" content=\"593\" \/>\n\t<meta property=\"og:image:type\" content=\"image\/jpeg\" \/>\n<meta name=\"author\" content=\"ladyitaliaeconomia\" \/>\n<meta name=\"twitter:card\" content=\"summary_large_image\" \/>\n<meta name=\"twitter:label1\" content=\"Scritto da\" \/>\n\t<meta name=\"twitter:data1\" content=\"ladyitaliaeconomia\" \/>\n\t<meta name=\"twitter:label2\" content=\"Tempo di lettura stimato\" \/>\n\t<meta name=\"twitter:data2\" content=\"2 minuti\" \/>\n<script type=\"application\/ld+json\" class=\"yoast-schema-graph\">{\"@context\":\"https:\/\/schema.org\",\"@graph\":[{\"@type\":\"WebPage\",\"@id\":\"https:\/\/www.italiaeconomiaonline.it\/web\/biodiversita-il-pe-chiede-obiettivi-vincolanti-a-livello-ue-e-globale\/\",\"url\":\"https:\/\/www.italiaeconomiaonline.it\/web\/biodiversita-il-pe-chiede-obiettivi-vincolanti-a-livello-ue-e-globale\/\",\"name\":\"Biodiversit\u00e0: il PE chiede obiettivi vincolanti a livello UE e globale -\",\"isPartOf\":{\"@id\":\"https:\/\/www.italiaeconomiaonline.it\/web\/#website\"},\"primaryImageOfPage\":{\"@id\":\"https:\/\/www.italiaeconomiaonline.it\/web\/biodiversita-il-pe-chiede-obiettivi-vincolanti-a-livello-ue-e-globale\/#primaryimage\"},\"image\":{\"@id\":\"https:\/\/www.italiaeconomiaonline.it\/web\/biodiversita-il-pe-chiede-obiettivi-vincolanti-a-livello-ue-e-globale\/#primaryimage\"},\"thumbnailUrl\":\"https:\/\/www.italiaeconomiaonline.it\/web\/wp-content\/uploads\/2019\/06\/biodiversita.jpg\",\"datePublished\":\"2020-01-16T17:24:09+00:00\",\"dateModified\":\"2020-01-16T17:24:09+00:00\",\"author\":{\"@id\":\"https:\/\/www.italiaeconomiaonline.it\/web\/#\/schema\/person\/909a49cce752523b020fbc37d5ab1c31\"},\"breadcrumb\":{\"@id\":\"https:\/\/www.italiaeconomiaonline.it\/web\/biodiversita-il-pe-chiede-obiettivi-vincolanti-a-livello-ue-e-globale\/#breadcrumb\"},\"inLanguage\":\"it-IT\",\"potentialAction\":[{\"@type\":\"ReadAction\",\"target\":[\"https:\/\/www.italiaeconomiaonline.it\/web\/biodiversita-il-pe-chiede-obiettivi-vincolanti-a-livello-ue-e-globale\/\"]}]},{\"@type\":\"ImageObject\",\"inLanguage\":\"it-IT\",\"@id\":\"https:\/\/www.italiaeconomiaonline.it\/web\/biodiversita-il-pe-chiede-obiettivi-vincolanti-a-livello-ue-e-globale\/#primaryimage\",\"url\":\"https:\/\/www.italiaeconomiaonline.it\/web\/wp-content\/uploads\/2019\/06\/biodiversita.jpg\",\"contentUrl\":\"https:\/\/www.italiaeconomiaonline.it\/web\/wp-content\/uploads\/2019\/06\/biodiversita.jpg\",\"width\":960,\"height\":593},{\"@type\":\"BreadcrumbList\",\"@id\":\"https:\/\/www.italiaeconomiaonline.it\/web\/biodiversita-il-pe-chiede-obiettivi-vincolanti-a-livello-ue-e-globale\/#breadcrumb\",\"itemListElement\":[{\"@type\":\"ListItem\",\"position\":1,\"name\":\"Home\",\"item\":\"https:\/\/www.italiaeconomiaonline.it\/web\/\"},{\"@type\":\"ListItem\",\"position\":2,\"name\":\"Biodiversit\u00e0: il PE chiede obiettivi vincolanti a livello UE e globale\"}]},{\"@type\":\"WebSite\",\"@id\":\"https:\/\/www.italiaeconomiaonline.it\/web\/#website\",\"url\":\"https:\/\/www.italiaeconomiaonline.it\/web\/\",\"name\":\"ItaliaEconomiaOnline\",\"description\":\"Quotidiano Economico Online\",\"potentialAction\":[{\"@type\":\"SearchAction\",\"target\":{\"@type\":\"EntryPoint\",\"urlTemplate\":\"https:\/\/www.italiaeconomiaonline.it\/web\/?s={search_term_string}\"},\"query-input\":\"required name=search_term_string\"}],\"inLanguage\":\"it-IT\"},{\"@type\":\"Person\",\"@id\":\"https:\/\/www.italiaeconomiaonline.it\/web\/#\/schema\/person\/909a49cce752523b020fbc37d5ab1c31\",\"name\":\"ladyitaliaeconomia\",\"image\":{\"@type\":\"ImageObject\",\"inLanguage\":\"it-IT\",\"@id\":\"https:\/\/www.italiaeconomiaonline.it\/web\/#\/schema\/person\/image\/\",\"url\":\"https:\/\/secure.gravatar.com\/avatar\/cedca10ce7416a579b9fa6bce9c0a8f2?s=96&d=mm&r=g\",\"contentUrl\":\"https:\/\/secure.gravatar.com\/avatar\/cedca10ce7416a579b9fa6bce9c0a8f2?s=96&d=mm&r=g\",\"caption\":\"ladyitaliaeconomia\"},\"url\":\"https:\/\/www.italiaeconomiaonline.it\/web\/author\/ladyitaliaeconomia\/\"}]}<\/script>\n<!-- \/ Yoast SEO plugin. -->","yoast_head_json":{"title":"Biodiversit\u00e0: il PE chiede obiettivi vincolanti a livello UE e globale -","robots":{"index":"index","follow":"follow","max-snippet":"max-snippet:-1","max-image-preview":"max-image-preview:large","max-video-preview":"max-video-preview:-1"},"canonical":"https:\/\/www.italiaeconomiaonline.it\/web\/biodiversita-il-pe-chiede-obiettivi-vincolanti-a-livello-ue-e-globale\/","og_locale":"it_IT","og_type":"article","og_title":"Biodiversit\u00e0: il PE chiede obiettivi vincolanti a livello UE e globale -","og_description":"Il PE chiede che la conferenza globale sulla biodiversit\u00e0, COP 15, si accordi su obiettivi vincolanti, come \u00e8 avvenuto per l&#8217;accordo di Parigi sui cambiamenti climatici. Il Parlamento ha adottato, per alzata di mano, la sua posizione in vista della Conferenza delle Nazioni Unite sulla biodiversit\u00e0 del 2020 (COP 15), che si terr\u00e0 a ottobre [&hellip;]","og_url":"https:\/\/www.italiaeconomiaonline.it\/web\/biodiversita-il-pe-chiede-obiettivi-vincolanti-a-livello-ue-e-globale\/","og_site_name":"ItaliaEconomiaOnline","article_published_time":"2020-01-16T17:24:09+00:00","og_image":[{"width":960,"height":593,"url":"https:\/\/www.italiaeconomiaonline.it\/web\/wp-content\/uploads\/2019\/06\/biodiversita.jpg","type":"image\/jpeg"}],"author":"ladyitaliaeconomia","twitter_card":"summary_large_image","twitter_misc":{"Scritto da":"ladyitaliaeconomia","Tempo di lettura stimato":"2 minuti"},"schema":{"@context":"https:\/\/schema.org","@graph":[{"@type":"WebPage","@id":"https:\/\/www.italiaeconomiaonline.it\/web\/biodiversita-il-pe-chiede-obiettivi-vincolanti-a-livello-ue-e-globale\/","url":"https:\/\/www.italiaeconomiaonline.it\/web\/biodiversita-il-pe-chiede-obiettivi-vincolanti-a-livello-ue-e-globale\/","name":"Biodiversit\u00e0: il PE chiede obiettivi vincolanti a livello UE e globale -","isPartOf":{"@id":"https:\/\/www.italiaeconomiaonline.it\/web\/#website"},"primaryImageOfPage":{"@id":"https:\/\/www.italiaeconomiaonline.it\/web\/biodiversita-il-pe-chiede-obiettivi-vincolanti-a-livello-ue-e-globale\/#primaryimage"},"image":{"@id":"https:\/\/www.italiaeconomiaonline.it\/web\/biodiversita-il-pe-chiede-obiettivi-vincolanti-a-livello-ue-e-globale\/#primaryimage"},"thumbnailUrl":"https:\/\/www.italiaeconomiaonline.it\/web\/wp-content\/uploads\/2019\/06\/biodiversita.jpg","datePublished":"2020-01-16T17:24:09+00:00","dateModified":"2020-01-16T17:24:09+00:00","author":{"@id":"https:\/\/www.italiaeconomiaonline.it\/web\/#\/schema\/person\/909a49cce752523b020fbc37d5ab1c31"},"breadcrumb":{"@id":"https:\/\/www.italiaeconomiaonline.it\/web\/biodiversita-il-pe-chiede-obiettivi-vincolanti-a-livello-ue-e-globale\/#breadcrumb"},"inLanguage":"it-IT","potentialAction":[{"@type":"ReadAction","target":["https:\/\/www.italiaeconomiaonline.it\/web\/biodiversita-il-pe-chiede-obiettivi-vincolanti-a-livello-ue-e-globale\/"]}]},{"@type":"ImageObject","inLanguage":"it-IT","@id":"https:\/\/www.italiaeconomiaonline.it\/web\/biodiversita-il-pe-chiede-obiettivi-vincolanti-a-livello-ue-e-globale\/#primaryimage","url":"https:\/\/www.italiaeconomiaonline.it\/web\/wp-content\/uploads\/2019\/06\/biodiversita.jpg","contentUrl":"https:\/\/www.italiaeconomiaonline.it\/web\/wp-content\/uploads\/2019\/06\/biodiversita.jpg","width":960,"height":593},{"@type":"BreadcrumbList","@id":"https:\/\/www.italiaeconomiaonline.it\/web\/biodiversita-il-pe-chiede-obiettivi-vincolanti-a-livello-ue-e-globale\/#breadcrumb","itemListElement":[{"@type":"ListItem","position":1,"name":"Home","item":"https:\/\/www.italiaeconomiaonline.it\/web\/"},{"@type":"ListItem","position":2,"name":"Biodiversit\u00e0: il PE chiede obiettivi vincolanti a livello UE e globale"}]},{"@type":"WebSite","@id":"https:\/\/www.italiaeconomiaonline.it\/web\/#website","url":"https:\/\/www.italiaeconomiaonline.it\/web\/","name":"ItaliaEconomiaOnline","description":"Quotidiano Economico Online","potentialAction":[{"@type":"SearchAction","target":{"@type":"EntryPoint","urlTemplate":"https:\/\/www.italiaeconomiaonline.it\/web\/?s={search_term_string}"},"query-input":"required name=search_term_string"}],"inLanguage":"it-IT"},{"@type":"Person","@id":"https:\/\/www.italiaeconomiaonline.it\/web\/#\/schema\/person\/909a49cce752523b020fbc37d5ab1c31","name":"ladyitaliaeconomia","image":{"@type":"ImageObject","inLanguage":"it-IT","@id":"https:\/\/www.italiaeconomiaonline.it\/web\/#\/schema\/person\/image\/","url":"https:\/\/secure.gravatar.com\/avatar\/cedca10ce7416a579b9fa6bce9c0a8f2?s=96&d=mm&r=g","contentUrl":"https:\/\/secure.gravatar.com\/avatar\/cedca10ce7416a579b9fa6bce9c0a8f2?s=96&d=mm&r=g","caption":"ladyitaliaeconomia"},"url":"https:\/\/www.italiaeconomiaonline.it\/web\/author\/ladyitaliaeconomia\/"}]}},"_links":{"self":[{"href":"https:\/\/www.italiaeconomiaonline.it\/web\/wp-json\/wp\/v2\/posts\/2335"}],"collection":[{"href":"https:\/\/www.italiaeconomiaonline.it\/web\/wp-json\/wp\/v2\/posts"}],"about":[{"href":"https:\/\/www.italiaeconomiaonline.it\/web\/wp-json\/wp\/v2\/types\/post"}],"author":[{"embeddable":true,"href":"https:\/\/www.italiaeconomiaonline.it\/web\/wp-json\/wp\/v2\/users\/1"}],"replies":[{"embeddable":true,"href":"https:\/\/www.italiaeconomiaonline.it\/web\/wp-json\/wp\/v2\/comments?post=2335"}],"version-history":[{"count":1,"href":"https:\/\/www.italiaeconomiaonline.it\/web\/wp-json\/wp\/v2\/posts\/2335\/revisions"}],"predecessor-version":[{"id":2336,"href":"https:\/\/www.italiaeconomiaonline.it\/web\/wp-json\/wp\/v2\/posts\/2335\/revisions\/2336"}],"wp:featuredmedia":[{"embeddable":true,"href":"https:\/\/www.italiaeconomiaonline.it\/web\/wp-json\/wp\/v2\/media\/1039"}],"wp:attachment":[{"href":"https:\/\/www.italiaeconomiaonline.it\/web\/wp-json\/wp\/v2\/media?parent=2335"}],"wp:term":[{"taxonomy":"category","embeddable":true,"href":"https:\/\/www.italiaeconomiaonline.it\/web\/wp-json\/wp\/v2\/categories?post=2335"},{"taxonomy":"post_tag","embeddable":true,"href":"https:\/\/www.italiaeconomiaonline.it\/web\/wp-json\/wp\/v2\/tags?post=2335"}],"curies":[{"name":"wp","href":"https:\/\/api.w.org\/{rel}","templated":true}]}}