{"id":2401,"date":"2020-01-29T16:49:03","date_gmt":"2020-01-29T15:49:03","guid":{"rendered":"http:\/\/www.italiaeconomiaonline.it\/web\/?p=2401"},"modified":"2020-01-29T16:49:32","modified_gmt":"2020-01-29T15:49:32","slug":"identita-e-futuro-al-via-il-centenario-di-confagricoltura","status":"publish","type":"post","link":"https:\/\/www.italiaeconomiaonline.it\/web\/identita-e-futuro-al-via-il-centenario-di-confagricoltura\/","title":{"rendered":"\u201cIdentit\u00e0 e Futuro \u201d: al via il centenario di Confagricoltura"},"content":{"rendered":"<p><span class=\"dropcap dropcap3\">C<\/span>onfagricoltura compie cento anni. Per celebrare questa ricorrenza ha previsto una serie di eventi che si terranno nel corso del 2020, non solo per ricordare il passato ma, soprattutto, per guardare avanti, definire scenari e progettare il futuro.<\/p>\n<p>Kick off del centenario un appuntamento speciale: \u201cIdentit\u00e0 e futuro\u201d, una due giorni &#8211; in calendario il 31 gennaio e l\u20191 febbraio a Roma, nella prestigiosa Villa Blanc &#8211; organizzata in collaborazione con Luiss Business School. Un\u2019occasione per rimarcare il ruolo dell\u2019Organizzazione e la profonda identit\u00e0 che hanno caratterizzato un secolo di storia del nostro Paese, e per delineare il percorso da seguire nei prossimi anni.<\/p>\n<p>I lavori si apriranno con la relazione introduttiva del presidente di Confagricoltura Massimiliano Giansanti, alla presenza del presidente del Consiglio Giuseppe Conte. Seguiranno talk di approfondimento con rappresentanti delle Istituzioni, della politica, e del mondo imprenditoriale.<\/p>\n<p>Quindi i tavoli di lavoro, a cui parteciperanno imprenditori e dirigenti di Confagricoltura, stakeholder e docenti della Luiss, incentrati sulle grandi sfide che l\u2019agricoltura \u00e8 chiamata ad affrontare: innovazione, digitale, territorio, clima, sostenibilit\u00e0, lavoro, semplificazione, credito, formazione, filiere, made in Italy ed export, Europa.<\/p>\n<p>\u201cL\u2019agricoltura e Confagricoltura sono stati e lo saranno sempre di pi\u00f9 centrali nell\u2019economia del nostro Paese \u2013 afferma il presidente di Massimiliano Giansanti -. Guardiamo con coraggio alle sfide che ci attendono. <a class=\"matchTooltip\">Oggi<\/a> pi\u00f9 che mai abbiamo necessit\u00e0 di affrontare il mercato globale ed \u00e8 per questo che dobbiamo tutelare e valorizzare al meglio il nostro grande made in Italy agroalimentare\u201d.<\/p>\n<p>&nbsp;<\/p>\n","protected":false},"excerpt":{"rendered":"<p>Confagricoltura compie cento anni. Per celebrare questa ricorrenza ha previsto una serie di eventi che si terranno nel corso del 2020, non solo per ricordare il passato ma, soprattutto, per guardare avanti, definire scenari e progettare il futuro. Kick off del centenario un appuntamento speciale: \u201cIdentit\u00e0 e futuro\u201d, una due giorni &#8211; in calendario il [&hellip;]<\/p>\n","protected":false},"author":1,"featured_media":2402,"comment_status":"closed","ping_status":"open","sticky":false,"template":"","format":"standard","meta":{"footnotes":""},"categories":[537,1],"tags":[867,20,59],"yoast_head":"<!-- This site is optimized with the Yoast SEO plugin v22.2 - https:\/\/yoast.com\/wordpress\/plugins\/seo\/ -->\n<title>\u201cIdentit\u00e0 e Futuro \u201d: al via il centenario di Confagricoltura -<\/title>\n<meta name=\"robots\" content=\"index, follow, max-snippet:-1, max-image-preview:large, max-video-preview:-1\" \/>\n<link rel=\"canonical\" href=\"https:\/\/www.italiaeconomiaonline.it\/web\/identita-e-futuro-al-via-il-centenario-di-confagricoltura\/\" \/>\n<meta property=\"og:locale\" content=\"it_IT\" \/>\n<meta property=\"og:type\" content=\"article\" \/>\n<meta property=\"og:title\" content=\"\u201cIdentit\u00e0 e Futuro \u201d: al via il centenario di Confagricoltura -\" \/>\n<meta property=\"og:description\" content=\"Confagricoltura compie cento anni. Per celebrare questa ricorrenza ha previsto una serie di eventi che si terranno nel corso del 2020, non solo per ricordare il passato ma, soprattutto, per guardare avanti, definire scenari e progettare il futuro. Kick off del centenario un appuntamento speciale: \u201cIdentit\u00e0 e futuro\u201d, una due giorni &#8211; in calendario il [&hellip;]\" \/>\n<meta property=\"og:url\" content=\"https:\/\/www.italiaeconomiaonline.it\/web\/identita-e-futuro-al-via-il-centenario-di-confagricoltura\/\" \/>\n<meta property=\"og:site_name\" content=\"ItaliaEconomiaOnline\" \/>\n<meta property=\"article:published_time\" content=\"2020-01-29T15:49:03+00:00\" \/>\n<meta property=\"article:modified_time\" content=\"2020-01-29T15:49:32+00:00\" \/>\n<meta property=\"og:image\" content=\"https:\/\/www.italiaeconomiaonline.it\/web\/wp-content\/uploads\/2020\/01\/confagricoltura.jpg\" \/>\n\t<meta property=\"og:image:width\" content=\"800\" \/>\n\t<meta property=\"og:image:height\" content=\"445\" \/>\n\t<meta property=\"og:image:type\" content=\"image\/jpeg\" \/>\n<meta name=\"author\" content=\"ladyitaliaeconomia\" \/>\n<meta name=\"twitter:card\" content=\"summary_large_image\" \/>\n<meta name=\"twitter:label1\" content=\"Scritto da\" \/>\n\t<meta name=\"twitter:data1\" content=\"ladyitaliaeconomia\" \/>\n\t<meta name=\"twitter:label2\" content=\"Tempo di lettura stimato\" \/>\n\t<meta name=\"twitter:data2\" content=\"1 minuto\" \/>\n<script type=\"application\/ld+json\" class=\"yoast-schema-graph\">{\"@context\":\"https:\/\/schema.org\",\"@graph\":[{\"@type\":\"WebPage\",\"@id\":\"https:\/\/www.italiaeconomiaonline.it\/web\/identita-e-futuro-al-via-il-centenario-di-confagricoltura\/\",\"url\":\"https:\/\/www.italiaeconomiaonline.it\/web\/identita-e-futuro-al-via-il-centenario-di-confagricoltura\/\",\"name\":\"\u201cIdentit\u00e0 e Futuro \u201d: al via il centenario di Confagricoltura -\",\"isPartOf\":{\"@id\":\"https:\/\/www.italiaeconomiaonline.it\/web\/#website\"},\"primaryImageOfPage\":{\"@id\":\"https:\/\/www.italiaeconomiaonline.it\/web\/identita-e-futuro-al-via-il-centenario-di-confagricoltura\/#primaryimage\"},\"image\":{\"@id\":\"https:\/\/www.italiaeconomiaonline.it\/web\/identita-e-futuro-al-via-il-centenario-di-confagricoltura\/#primaryimage\"},\"thumbnailUrl\":\"https:\/\/www.italiaeconomiaonline.it\/web\/wp-content\/uploads\/2020\/01\/confagricoltura.jpg\",\"datePublished\":\"2020-01-29T15:49:03+00:00\",\"dateModified\":\"2020-01-29T15:49:32+00:00\",\"author\":{\"@id\":\"https:\/\/www.italiaeconomiaonline.it\/web\/#\/schema\/person\/909a49cce752523b020fbc37d5ab1c31\"},\"breadcrumb\":{\"@id\":\"https:\/\/www.italiaeconomiaonline.it\/web\/identita-e-futuro-al-via-il-centenario-di-confagricoltura\/#breadcrumb\"},\"inLanguage\":\"it-IT\",\"potentialAction\":[{\"@type\":\"ReadAction\",\"target\":[\"https:\/\/www.italiaeconomiaonline.it\/web\/identita-e-futuro-al-via-il-centenario-di-confagricoltura\/\"]}]},{\"@type\":\"ImageObject\",\"inLanguage\":\"it-IT\",\"@id\":\"https:\/\/www.italiaeconomiaonline.it\/web\/identita-e-futuro-al-via-il-centenario-di-confagricoltura\/#primaryimage\",\"url\":\"https:\/\/www.italiaeconomiaonline.it\/web\/wp-content\/uploads\/2020\/01\/confagricoltura.jpg\",\"contentUrl\":\"https:\/\/www.italiaeconomiaonline.it\/web\/wp-content\/uploads\/2020\/01\/confagricoltura.jpg\",\"width\":800,\"height\":445},{\"@type\":\"BreadcrumbList\",\"@id\":\"https:\/\/www.italiaeconomiaonline.it\/web\/identita-e-futuro-al-via-il-centenario-di-confagricoltura\/#breadcrumb\",\"itemListElement\":[{\"@type\":\"ListItem\",\"position\":1,\"name\":\"Home\",\"item\":\"https:\/\/www.italiaeconomiaonline.it\/web\/\"},{\"@type\":\"ListItem\",\"position\":2,\"name\":\"\u201cIdentit\u00e0 e Futuro \u201d: al via il centenario di Confagricoltura\"}]},{\"@type\":\"WebSite\",\"@id\":\"https:\/\/www.italiaeconomiaonline.it\/web\/#website\",\"url\":\"https:\/\/www.italiaeconomiaonline.it\/web\/\",\"name\":\"ItaliaEconomiaOnline\",\"description\":\"Quotidiano Economico Online\",\"potentialAction\":[{\"@type\":\"SearchAction\",\"target\":{\"@type\":\"EntryPoint\",\"urlTemplate\":\"https:\/\/www.italiaeconomiaonline.it\/web\/?s={search_term_string}\"},\"query-input\":\"required name=search_term_string\"}],\"inLanguage\":\"it-IT\"},{\"@type\":\"Person\",\"@id\":\"https:\/\/www.italiaeconomiaonline.it\/web\/#\/schema\/person\/909a49cce752523b020fbc37d5ab1c31\",\"name\":\"ladyitaliaeconomia\",\"image\":{\"@type\":\"ImageObject\",\"inLanguage\":\"it-IT\",\"@id\":\"https:\/\/www.italiaeconomiaonline.it\/web\/#\/schema\/person\/image\/\",\"url\":\"https:\/\/secure.gravatar.com\/avatar\/cedca10ce7416a579b9fa6bce9c0a8f2?s=96&d=mm&r=g\",\"contentUrl\":\"https:\/\/secure.gravatar.com\/avatar\/cedca10ce7416a579b9fa6bce9c0a8f2?s=96&d=mm&r=g\",\"caption\":\"ladyitaliaeconomia\"},\"url\":\"https:\/\/www.italiaeconomiaonline.it\/web\/author\/ladyitaliaeconomia\/\"}]}<\/script>\n<!-- \/ Yoast SEO plugin. -->","yoast_head_json":{"title":"\u201cIdentit\u00e0 e Futuro \u201d: al via il centenario di Confagricoltura -","robots":{"index":"index","follow":"follow","max-snippet":"max-snippet:-1","max-image-preview":"max-image-preview:large","max-video-preview":"max-video-preview:-1"},"canonical":"https:\/\/www.italiaeconomiaonline.it\/web\/identita-e-futuro-al-via-il-centenario-di-confagricoltura\/","og_locale":"it_IT","og_type":"article","og_title":"\u201cIdentit\u00e0 e Futuro \u201d: al via il centenario di Confagricoltura -","og_description":"Confagricoltura compie cento anni. Per celebrare questa ricorrenza ha previsto una serie di eventi che si terranno nel corso del 2020, non solo per ricordare il passato ma, soprattutto, per guardare avanti, definire scenari e progettare il futuro. Kick off del centenario un appuntamento speciale: \u201cIdentit\u00e0 e futuro\u201d, una due giorni &#8211; in calendario il [&hellip;]","og_url":"https:\/\/www.italiaeconomiaonline.it\/web\/identita-e-futuro-al-via-il-centenario-di-confagricoltura\/","og_site_name":"ItaliaEconomiaOnline","article_published_time":"2020-01-29T15:49:03+00:00","article_modified_time":"2020-01-29T15:49:32+00:00","og_image":[{"width":800,"height":445,"url":"https:\/\/www.italiaeconomiaonline.it\/web\/wp-content\/uploads\/2020\/01\/confagricoltura.jpg","type":"image\/jpeg"}],"author":"ladyitaliaeconomia","twitter_card":"summary_large_image","twitter_misc":{"Scritto da":"ladyitaliaeconomia","Tempo di lettura stimato":"1 minuto"},"schema":{"@context":"https:\/\/schema.org","@graph":[{"@type":"WebPage","@id":"https:\/\/www.italiaeconomiaonline.it\/web\/identita-e-futuro-al-via-il-centenario-di-confagricoltura\/","url":"https:\/\/www.italiaeconomiaonline.it\/web\/identita-e-futuro-al-via-il-centenario-di-confagricoltura\/","name":"\u201cIdentit\u00e0 e Futuro \u201d: al via il centenario di Confagricoltura -","isPartOf":{"@id":"https:\/\/www.italiaeconomiaonline.it\/web\/#website"},"primaryImageOfPage":{"@id":"https:\/\/www.italiaeconomiaonline.it\/web\/identita-e-futuro-al-via-il-centenario-di-confagricoltura\/#primaryimage"},"image":{"@id":"https:\/\/www.italiaeconomiaonline.it\/web\/identita-e-futuro-al-via-il-centenario-di-confagricoltura\/#primaryimage"},"thumbnailUrl":"https:\/\/www.italiaeconomiaonline.it\/web\/wp-content\/uploads\/2020\/01\/confagricoltura.jpg","datePublished":"2020-01-29T15:49:03+00:00","dateModified":"2020-01-29T15:49:32+00:00","author":{"@id":"https:\/\/www.italiaeconomiaonline.it\/web\/#\/schema\/person\/909a49cce752523b020fbc37d5ab1c31"},"breadcrumb":{"@id":"https:\/\/www.italiaeconomiaonline.it\/web\/identita-e-futuro-al-via-il-centenario-di-confagricoltura\/#breadcrumb"},"inLanguage":"it-IT","potentialAction":[{"@type":"ReadAction","target":["https:\/\/www.italiaeconomiaonline.it\/web\/identita-e-futuro-al-via-il-centenario-di-confagricoltura\/"]}]},{"@type":"ImageObject","inLanguage":"it-IT","@id":"https:\/\/www.italiaeconomiaonline.it\/web\/identita-e-futuro-al-via-il-centenario-di-confagricoltura\/#primaryimage","url":"https:\/\/www.italiaeconomiaonline.it\/web\/wp-content\/uploads\/2020\/01\/confagricoltura.jpg","contentUrl":"https:\/\/www.italiaeconomiaonline.it\/web\/wp-content\/uploads\/2020\/01\/confagricoltura.jpg","width":800,"height":445},{"@type":"BreadcrumbList","@id":"https:\/\/www.italiaeconomiaonline.it\/web\/identita-e-futuro-al-via-il-centenario-di-confagricoltura\/#breadcrumb","itemListElement":[{"@type":"ListItem","position":1,"name":"Home","item":"https:\/\/www.italiaeconomiaonline.it\/web\/"},{"@type":"ListItem","position":2,"name":"\u201cIdentit\u00e0 e Futuro \u201d: al via il centenario di Confagricoltura"}]},{"@type":"WebSite","@id":"https:\/\/www.italiaeconomiaonline.it\/web\/#website","url":"https:\/\/www.italiaeconomiaonline.it\/web\/","name":"ItaliaEconomiaOnline","description":"Quotidiano Economico Online","potentialAction":[{"@type":"SearchAction","target":{"@type":"EntryPoint","urlTemplate":"https:\/\/www.italiaeconomiaonline.it\/web\/?s={search_term_string}"},"query-input":"required name=search_term_string"}],"inLanguage":"it-IT"},{"@type":"Person","@id":"https:\/\/www.italiaeconomiaonline.it\/web\/#\/schema\/person\/909a49cce752523b020fbc37d5ab1c31","name":"ladyitaliaeconomia","image":{"@type":"ImageObject","inLanguage":"it-IT","@id":"https:\/\/www.italiaeconomiaonline.it\/web\/#\/schema\/person\/image\/","url":"https:\/\/secure.gravatar.com\/avatar\/cedca10ce7416a579b9fa6bce9c0a8f2?s=96&d=mm&r=g","contentUrl":"https:\/\/secure.gravatar.com\/avatar\/cedca10ce7416a579b9fa6bce9c0a8f2?s=96&d=mm&r=g","caption":"ladyitaliaeconomia"},"url":"https:\/\/www.italiaeconomiaonline.it\/web\/author\/ladyitaliaeconomia\/"}]}},"_links":{"self":[{"href":"https:\/\/www.italiaeconomiaonline.it\/web\/wp-json\/wp\/v2\/posts\/2401"}],"collection":[{"href":"https:\/\/www.italiaeconomiaonline.it\/web\/wp-json\/wp\/v2\/posts"}],"about":[{"href":"https:\/\/www.italiaeconomiaonline.it\/web\/wp-json\/wp\/v2\/types\/post"}],"author":[{"embeddable":true,"href":"https:\/\/www.italiaeconomiaonline.it\/web\/wp-json\/wp\/v2\/users\/1"}],"replies":[{"embeddable":true,"href":"https:\/\/www.italiaeconomiaonline.it\/web\/wp-json\/wp\/v2\/comments?post=2401"}],"version-history":[{"count":1,"href":"https:\/\/www.italiaeconomiaonline.it\/web\/wp-json\/wp\/v2\/posts\/2401\/revisions"}],"predecessor-version":[{"id":2403,"href":"https:\/\/www.italiaeconomiaonline.it\/web\/wp-json\/wp\/v2\/posts\/2401\/revisions\/2403"}],"wp:featuredmedia":[{"embeddable":true,"href":"https:\/\/www.italiaeconomiaonline.it\/web\/wp-json\/wp\/v2\/media\/2402"}],"wp:attachment":[{"href":"https:\/\/www.italiaeconomiaonline.it\/web\/wp-json\/wp\/v2\/media?parent=2401"}],"wp:term":[{"taxonomy":"category","embeddable":true,"href":"https:\/\/www.italiaeconomiaonline.it\/web\/wp-json\/wp\/v2\/categories?post=2401"},{"taxonomy":"post_tag","embeddable":true,"href":"https:\/\/www.italiaeconomiaonline.it\/web\/wp-json\/wp\/v2\/tags?post=2401"}],"curies":[{"name":"wp","href":"https:\/\/api.w.org\/{rel}","templated":true}]}}