{"id":2431,"date":"2020-01-31T15:14:11","date_gmt":"2020-01-31T14:14:11","guid":{"rendered":"http:\/\/www.italiaeconomiaonline.it\/web\/?p=2431"},"modified":"2020-01-31T15:19:13","modified_gmt":"2020-01-31T14:19:13","slug":"fieragricola-focus-sul-green-deal-per-uneuropa-a-impatto-zero","status":"publish","type":"post","link":"https:\/\/www.italiaeconomiaonline.it\/web\/fieragricola-focus-sul-green-deal-per-uneuropa-a-impatto-zero\/","title":{"rendered":"Fieragricola, focus sul &#8220;Green Deal&#8221; per un&#8217;Europa a impatto zero"},"content":{"rendered":"<p><span class=\"dropcap dropcap3\">I<\/span>l Green Deal Europeo, presentato recentemente dalla Commissione europea, prevede una serie di azioni per stimolare l&#8217;uso efficiente delle risorse, grazie al passaggio a un&#8217;economia circolare e pulita, arrestare i cambiamenti climatici, mettere fine alla perdita di biodiversit\u00e0 e ridurre l&#8217;inquinamento.<\/p>\n<p>Il documento, accolto con favore da tutte le parti sociali, illustra anche gli investimenti necessari e gli strumenti di finanziamento che l\u2019UE metter\u00e0 a disposizione per facilitare il raggiungimenti di questi importanti obiettivi.<\/p>\n<p>Il Green Deal riguarder\u00e0 tutti i settori dell&#8217;economia, in particolare quelli dei trasporti, dell&#8217;energia, dell&#8217;edilizia, vari comparti industriali, le TIC, e ovviamente l&#8217;agricoltura.<\/p>\n<p>\u00c8 proprio sul binomio \u201cGreen Deal e Agricoltura\u201d che sar\u00e0 dedicato il seminario proposto da Veneto Agricoltura, d\u2019intesa con UNAGA e ARGAV (i giornalisti agroalimentari italiani e veneti), sabato 1\u00b0 febbraio (ore 11:30) nello stand della Regione Veneto (Pad. 4) a Verona in occasione di Fieragricola.<\/p>\n<p>L\u2019importante tema sar\u00e0 affrontato, tra gli altri, dal Prof. <strong>Angelo Frascarelli<\/strong> dell\u2019Universit\u00e0 di Perugia, che spiegher\u00e0 come gli agricoltori europei siano s\u00ec pronti a sostenere una visione cos\u00ec ambiziosa come quella proposta dall\u2019UE per il clima, ma a condizione che il Green Deal sia coerente con lo sviluppo del settore agricolo e accompagnato da risorse finanziarie adeguate.<\/p>\n<p>Sono queste concrete e sacrosante preoccupazioni che l\u2019UE deve affrontare con urgenza, ancora pi\u00f9 oggi di fronte ad un Green Deal che al momento solleva pi\u00f9 domande tra gli agricoltori europei di quante non siano le risposte che dovrebbe invece offrire. Avere una visione chiara sui cambiamenti climatici \u00e8 per l\u2019Unione Europea senz\u2019altro obbligatorio, ma questo dovr\u00e0 avvenire nell\u2019ambito di un progetto concreto e realistico, che davvero &#8220;non lasci indietro nessuno&#8221;, come recita il documento della Commissione sul Green Deal, neppure gli agricoltori.<\/p>\n<p><strong>\u00a0<\/strong><\/p>\n","protected":false},"excerpt":{"rendered":"<p>Il Green Deal Europeo, presentato recentemente dalla Commissione europea, prevede una serie di azioni per stimolare l&#8217;uso efficiente delle risorse, grazie al passaggio a un&#8217;economia circolare e pulita, arrestare i cambiamenti climatici, mettere fine alla perdita di biodiversit\u00e0 e ridurre l&#8217;inquinamento. Il documento, accolto con favore da tutte le parti sociali, illustra anche gli investimenti [&hellip;]<\/p>\n","protected":false},"author":1,"featured_media":2432,"comment_status":"closed","ping_status":"open","sticky":false,"template":"","format":"standard","meta":{"footnotes":""},"categories":[127],"tags":[233,873,874],"yoast_head":"<!-- This site is optimized with the Yoast SEO plugin v22.2 - https:\/\/yoast.com\/wordpress\/plugins\/seo\/ -->\n<title>Fieragricola, focus sul &quot;Green Deal&quot; per un&#039;Europa a impatto zero -<\/title>\n<meta name=\"robots\" content=\"index, follow, max-snippet:-1, max-image-preview:large, max-video-preview:-1\" \/>\n<link rel=\"canonical\" href=\"https:\/\/www.italiaeconomiaonline.it\/web\/fieragricola-focus-sul-green-deal-per-uneuropa-a-impatto-zero\/\" \/>\n<meta property=\"og:locale\" content=\"it_IT\" \/>\n<meta property=\"og:type\" content=\"article\" \/>\n<meta property=\"og:title\" content=\"Fieragricola, focus sul &quot;Green Deal&quot; per un&#039;Europa a impatto zero -\" \/>\n<meta property=\"og:description\" content=\"Il Green Deal Europeo, presentato recentemente dalla Commissione europea, prevede una serie di azioni per stimolare l&#8217;uso efficiente delle risorse, grazie al passaggio a un&#8217;economia circolare e pulita, arrestare i cambiamenti climatici, mettere fine alla perdita di biodiversit\u00e0 e ridurre l&#8217;inquinamento. Il documento, accolto con favore da tutte le parti sociali, illustra anche gli investimenti [&hellip;]\" \/>\n<meta property=\"og:url\" content=\"https:\/\/www.italiaeconomiaonline.it\/web\/fieragricola-focus-sul-green-deal-per-uneuropa-a-impatto-zero\/\" \/>\n<meta property=\"og:site_name\" content=\"ItaliaEconomiaOnline\" \/>\n<meta property=\"article:published_time\" content=\"2020-01-31T14:14:11+00:00\" \/>\n<meta property=\"article:modified_time\" content=\"2020-01-31T14:19:13+00:00\" \/>\n<meta property=\"og:image\" content=\"https:\/\/www.italiaeconomiaonline.it\/web\/wp-content\/uploads\/2020\/01\/Schermata-2020-01-31-alle-15.13.33.png\" \/>\n\t<meta property=\"og:image:width\" content=\"818\" \/>\n\t<meta property=\"og:image:height\" content=\"475\" \/>\n\t<meta property=\"og:image:type\" content=\"image\/png\" \/>\n<meta name=\"author\" content=\"ladyitaliaeconomia\" \/>\n<meta name=\"twitter:card\" content=\"summary_large_image\" \/>\n<meta name=\"twitter:label1\" content=\"Scritto da\" \/>\n\t<meta name=\"twitter:data1\" content=\"ladyitaliaeconomia\" \/>\n\t<meta name=\"twitter:label2\" content=\"Tempo di lettura stimato\" \/>\n\t<meta name=\"twitter:data2\" content=\"1 minuto\" \/>\n<script type=\"application\/ld+json\" class=\"yoast-schema-graph\">{\"@context\":\"https:\/\/schema.org\",\"@graph\":[{\"@type\":\"WebPage\",\"@id\":\"https:\/\/www.italiaeconomiaonline.it\/web\/fieragricola-focus-sul-green-deal-per-uneuropa-a-impatto-zero\/\",\"url\":\"https:\/\/www.italiaeconomiaonline.it\/web\/fieragricola-focus-sul-green-deal-per-uneuropa-a-impatto-zero\/\",\"name\":\"Fieragricola, focus sul \\\"Green Deal\\\" per un'Europa a impatto zero -\",\"isPartOf\":{\"@id\":\"https:\/\/www.italiaeconomiaonline.it\/web\/#website\"},\"primaryImageOfPage\":{\"@id\":\"https:\/\/www.italiaeconomiaonline.it\/web\/fieragricola-focus-sul-green-deal-per-uneuropa-a-impatto-zero\/#primaryimage\"},\"image\":{\"@id\":\"https:\/\/www.italiaeconomiaonline.it\/web\/fieragricola-focus-sul-green-deal-per-uneuropa-a-impatto-zero\/#primaryimage\"},\"thumbnailUrl\":\"https:\/\/www.italiaeconomiaonline.it\/web\/wp-content\/uploads\/2020\/01\/Schermata-2020-01-31-alle-15.13.33.png\",\"datePublished\":\"2020-01-31T14:14:11+00:00\",\"dateModified\":\"2020-01-31T14:19:13+00:00\",\"author\":{\"@id\":\"https:\/\/www.italiaeconomiaonline.it\/web\/#\/schema\/person\/909a49cce752523b020fbc37d5ab1c31\"},\"breadcrumb\":{\"@id\":\"https:\/\/www.italiaeconomiaonline.it\/web\/fieragricola-focus-sul-green-deal-per-uneuropa-a-impatto-zero\/#breadcrumb\"},\"inLanguage\":\"it-IT\",\"potentialAction\":[{\"@type\":\"ReadAction\",\"target\":[\"https:\/\/www.italiaeconomiaonline.it\/web\/fieragricola-focus-sul-green-deal-per-uneuropa-a-impatto-zero\/\"]}]},{\"@type\":\"ImageObject\",\"inLanguage\":\"it-IT\",\"@id\":\"https:\/\/www.italiaeconomiaonline.it\/web\/fieragricola-focus-sul-green-deal-per-uneuropa-a-impatto-zero\/#primaryimage\",\"url\":\"https:\/\/www.italiaeconomiaonline.it\/web\/wp-content\/uploads\/2020\/01\/Schermata-2020-01-31-alle-15.13.33.png\",\"contentUrl\":\"https:\/\/www.italiaeconomiaonline.it\/web\/wp-content\/uploads\/2020\/01\/Schermata-2020-01-31-alle-15.13.33.png\",\"width\":818,\"height\":475},{\"@type\":\"BreadcrumbList\",\"@id\":\"https:\/\/www.italiaeconomiaonline.it\/web\/fieragricola-focus-sul-green-deal-per-uneuropa-a-impatto-zero\/#breadcrumb\",\"itemListElement\":[{\"@type\":\"ListItem\",\"position\":1,\"name\":\"Home\",\"item\":\"https:\/\/www.italiaeconomiaonline.it\/web\/\"},{\"@type\":\"ListItem\",\"position\":2,\"name\":\"Fieragricola, focus sul &#8220;Green Deal&#8221; per un&#8217;Europa a impatto zero\"}]},{\"@type\":\"WebSite\",\"@id\":\"https:\/\/www.italiaeconomiaonline.it\/web\/#website\",\"url\":\"https:\/\/www.italiaeconomiaonline.it\/web\/\",\"name\":\"ItaliaEconomiaOnline\",\"description\":\"Quotidiano Economico Online\",\"potentialAction\":[{\"@type\":\"SearchAction\",\"target\":{\"@type\":\"EntryPoint\",\"urlTemplate\":\"https:\/\/www.italiaeconomiaonline.it\/web\/?s={search_term_string}\"},\"query-input\":\"required name=search_term_string\"}],\"inLanguage\":\"it-IT\"},{\"@type\":\"Person\",\"@id\":\"https:\/\/www.italiaeconomiaonline.it\/web\/#\/schema\/person\/909a49cce752523b020fbc37d5ab1c31\",\"name\":\"ladyitaliaeconomia\",\"image\":{\"@type\":\"ImageObject\",\"inLanguage\":\"it-IT\",\"@id\":\"https:\/\/www.italiaeconomiaonline.it\/web\/#\/schema\/person\/image\/\",\"url\":\"https:\/\/secure.gravatar.com\/avatar\/cedca10ce7416a579b9fa6bce9c0a8f2?s=96&d=mm&r=g\",\"contentUrl\":\"https:\/\/secure.gravatar.com\/avatar\/cedca10ce7416a579b9fa6bce9c0a8f2?s=96&d=mm&r=g\",\"caption\":\"ladyitaliaeconomia\"},\"url\":\"https:\/\/www.italiaeconomiaonline.it\/web\/author\/ladyitaliaeconomia\/\"}]}<\/script>\n<!-- \/ Yoast SEO plugin. -->","yoast_head_json":{"title":"Fieragricola, focus sul \"Green Deal\" per un'Europa a impatto zero -","robots":{"index":"index","follow":"follow","max-snippet":"max-snippet:-1","max-image-preview":"max-image-preview:large","max-video-preview":"max-video-preview:-1"},"canonical":"https:\/\/www.italiaeconomiaonline.it\/web\/fieragricola-focus-sul-green-deal-per-uneuropa-a-impatto-zero\/","og_locale":"it_IT","og_type":"article","og_title":"Fieragricola, focus sul \"Green Deal\" per un'Europa a impatto zero -","og_description":"Il Green Deal Europeo, presentato recentemente dalla Commissione europea, prevede una serie di azioni per stimolare l&#8217;uso efficiente delle risorse, grazie al passaggio a un&#8217;economia circolare e pulita, arrestare i cambiamenti climatici, mettere fine alla perdita di biodiversit\u00e0 e ridurre l&#8217;inquinamento. Il documento, accolto con favore da tutte le parti sociali, illustra anche gli investimenti [&hellip;]","og_url":"https:\/\/www.italiaeconomiaonline.it\/web\/fieragricola-focus-sul-green-deal-per-uneuropa-a-impatto-zero\/","og_site_name":"ItaliaEconomiaOnline","article_published_time":"2020-01-31T14:14:11+00:00","article_modified_time":"2020-01-31T14:19:13+00:00","og_image":[{"width":818,"height":475,"url":"https:\/\/www.italiaeconomiaonline.it\/web\/wp-content\/uploads\/2020\/01\/Schermata-2020-01-31-alle-15.13.33.png","type":"image\/png"}],"author":"ladyitaliaeconomia","twitter_card":"summary_large_image","twitter_misc":{"Scritto da":"ladyitaliaeconomia","Tempo di lettura stimato":"1 minuto"},"schema":{"@context":"https:\/\/schema.org","@graph":[{"@type":"WebPage","@id":"https:\/\/www.italiaeconomiaonline.it\/web\/fieragricola-focus-sul-green-deal-per-uneuropa-a-impatto-zero\/","url":"https:\/\/www.italiaeconomiaonline.it\/web\/fieragricola-focus-sul-green-deal-per-uneuropa-a-impatto-zero\/","name":"Fieragricola, focus sul \"Green Deal\" per un'Europa a impatto zero -","isPartOf":{"@id":"https:\/\/www.italiaeconomiaonline.it\/web\/#website"},"primaryImageOfPage":{"@id":"https:\/\/www.italiaeconomiaonline.it\/web\/fieragricola-focus-sul-green-deal-per-uneuropa-a-impatto-zero\/#primaryimage"},"image":{"@id":"https:\/\/www.italiaeconomiaonline.it\/web\/fieragricola-focus-sul-green-deal-per-uneuropa-a-impatto-zero\/#primaryimage"},"thumbnailUrl":"https:\/\/www.italiaeconomiaonline.it\/web\/wp-content\/uploads\/2020\/01\/Schermata-2020-01-31-alle-15.13.33.png","datePublished":"2020-01-31T14:14:11+00:00","dateModified":"2020-01-31T14:19:13+00:00","author":{"@id":"https:\/\/www.italiaeconomiaonline.it\/web\/#\/schema\/person\/909a49cce752523b020fbc37d5ab1c31"},"breadcrumb":{"@id":"https:\/\/www.italiaeconomiaonline.it\/web\/fieragricola-focus-sul-green-deal-per-uneuropa-a-impatto-zero\/#breadcrumb"},"inLanguage":"it-IT","potentialAction":[{"@type":"ReadAction","target":["https:\/\/www.italiaeconomiaonline.it\/web\/fieragricola-focus-sul-green-deal-per-uneuropa-a-impatto-zero\/"]}]},{"@type":"ImageObject","inLanguage":"it-IT","@id":"https:\/\/www.italiaeconomiaonline.it\/web\/fieragricola-focus-sul-green-deal-per-uneuropa-a-impatto-zero\/#primaryimage","url":"https:\/\/www.italiaeconomiaonline.it\/web\/wp-content\/uploads\/2020\/01\/Schermata-2020-01-31-alle-15.13.33.png","contentUrl":"https:\/\/www.italiaeconomiaonline.it\/web\/wp-content\/uploads\/2020\/01\/Schermata-2020-01-31-alle-15.13.33.png","width":818,"height":475},{"@type":"BreadcrumbList","@id":"https:\/\/www.italiaeconomiaonline.it\/web\/fieragricola-focus-sul-green-deal-per-uneuropa-a-impatto-zero\/#breadcrumb","itemListElement":[{"@type":"ListItem","position":1,"name":"Home","item":"https:\/\/www.italiaeconomiaonline.it\/web\/"},{"@type":"ListItem","position":2,"name":"Fieragricola, focus sul &#8220;Green Deal&#8221; per un&#8217;Europa a impatto zero"}]},{"@type":"WebSite","@id":"https:\/\/www.italiaeconomiaonline.it\/web\/#website","url":"https:\/\/www.italiaeconomiaonline.it\/web\/","name":"ItaliaEconomiaOnline","description":"Quotidiano Economico Online","potentialAction":[{"@type":"SearchAction","target":{"@type":"EntryPoint","urlTemplate":"https:\/\/www.italiaeconomiaonline.it\/web\/?s={search_term_string}"},"query-input":"required name=search_term_string"}],"inLanguage":"it-IT"},{"@type":"Person","@id":"https:\/\/www.italiaeconomiaonline.it\/web\/#\/schema\/person\/909a49cce752523b020fbc37d5ab1c31","name":"ladyitaliaeconomia","image":{"@type":"ImageObject","inLanguage":"it-IT","@id":"https:\/\/www.italiaeconomiaonline.it\/web\/#\/schema\/person\/image\/","url":"https:\/\/secure.gravatar.com\/avatar\/cedca10ce7416a579b9fa6bce9c0a8f2?s=96&d=mm&r=g","contentUrl":"https:\/\/secure.gravatar.com\/avatar\/cedca10ce7416a579b9fa6bce9c0a8f2?s=96&d=mm&r=g","caption":"ladyitaliaeconomia"},"url":"https:\/\/www.italiaeconomiaonline.it\/web\/author\/ladyitaliaeconomia\/"}]}},"_links":{"self":[{"href":"https:\/\/www.italiaeconomiaonline.it\/web\/wp-json\/wp\/v2\/posts\/2431"}],"collection":[{"href":"https:\/\/www.italiaeconomiaonline.it\/web\/wp-json\/wp\/v2\/posts"}],"about":[{"href":"https:\/\/www.italiaeconomiaonline.it\/web\/wp-json\/wp\/v2\/types\/post"}],"author":[{"embeddable":true,"href":"https:\/\/www.italiaeconomiaonline.it\/web\/wp-json\/wp\/v2\/users\/1"}],"replies":[{"embeddable":true,"href":"https:\/\/www.italiaeconomiaonline.it\/web\/wp-json\/wp\/v2\/comments?post=2431"}],"version-history":[{"count":1,"href":"https:\/\/www.italiaeconomiaonline.it\/web\/wp-json\/wp\/v2\/posts\/2431\/revisions"}],"predecessor-version":[{"id":2433,"href":"https:\/\/www.italiaeconomiaonline.it\/web\/wp-json\/wp\/v2\/posts\/2431\/revisions\/2433"}],"wp:featuredmedia":[{"embeddable":true,"href":"https:\/\/www.italiaeconomiaonline.it\/web\/wp-json\/wp\/v2\/media\/2432"}],"wp:attachment":[{"href":"https:\/\/www.italiaeconomiaonline.it\/web\/wp-json\/wp\/v2\/media?parent=2431"}],"wp:term":[{"taxonomy":"category","embeddable":true,"href":"https:\/\/www.italiaeconomiaonline.it\/web\/wp-json\/wp\/v2\/categories?post=2431"},{"taxonomy":"post_tag","embeddable":true,"href":"https:\/\/www.italiaeconomiaonline.it\/web\/wp-json\/wp\/v2\/tags?post=2431"}],"curies":[{"name":"wp","href":"https:\/\/api.w.org\/{rel}","templated":true}]}}