{"id":2474,"date":"2020-02-05T11:34:50","date_gmt":"2020-02-05T10:34:50","guid":{"rendered":"http:\/\/www.italiaeconomiaonline.it\/web\/?p=2474"},"modified":"2020-02-05T11:34:50","modified_gmt":"2020-02-05T10:34:50","slug":"la-silver-economy-unopportunita-di-crescita-per-il-paese","status":"publish","type":"post","link":"https:\/\/www.italiaeconomiaonline.it\/web\/la-silver-economy-unopportunita-di-crescita-per-il-paese\/","title":{"rendered":"La Silver Economy un&#8217;opportunit\u00e0 di crescita per il Paese"},"content":{"rendered":"<p><span class=\"dropcap dropcap3\">S<\/span>i svolger\u00e0 a Genova il 7 febbraio il convegno dal titolo \u201cSILVER &amp; THE CITY\u201d: pi\u00f9 consumi, pi\u00f9 turismo, pi\u00f9 crescita, la terza et\u00e0 \u201cringiovanisce\u201d l\u2019economia\u201d, organizzato da Confcommercio con<span class=\"Apple-converted-space\">\u00a0 <\/span>50&amp;Pi\u00f9 e Confcommercio Genova, per fare il punto sulla <b>Silver Economy<\/b>, l\u2019economia che riguarda il complesso delle attivit\u00e0 economiche rivolte specificamente alla popolazione con 65 anni o pi\u00f9.<span class=\"Apple-converted-space\">\u00a0<\/span><\/p>\n<p>Quanti sono gli anziani in Italia, le loro abitudini di consumo, come investono i risparmi e come stanno cambiando, non solo i servizi e le attivit\u00e0 impreditoriali, ma anche le citt\u00e0 dal punto di vista urbanistico<span class=\"Apple-converted-space\">\u00a0 <\/span>per adeguarsi alla societ\u00e0 in cambiamento che sta diventando sempre pi\u00f9 silver: sono i temi oggetto del convegno nazionale che vedr\u00e0 al centro della giornata l\u2019intervista del direttore del Secolo XIX, <b>Luca Ubaldeschi<\/b>, al sindaco e di Genova, <b>Marco Bucci<\/b> e all\u2019Architetto di fama internazionale, <b>Stefano Boeri<\/b>.<\/p>\n<p>Interverranno tra gli altri,<span class=\"Apple-converted-space\">\u00a0 <\/span>il presidente di Confcommercio, <b>Carlo Sangalli<\/b>, il presidente della Regione Liguria, <b>Giovanni Toti<\/b>, il presidente di Confcommercio Genova<b>, Paolo Odone<\/b>.<\/p>\n","protected":false},"excerpt":{"rendered":"<p>Si svolger\u00e0 a Genova il 7 febbraio il convegno dal titolo \u201cSILVER &amp; THE CITY\u201d: pi\u00f9 consumi, pi\u00f9 turismo, pi\u00f9 crescita, la terza et\u00e0 \u201cringiovanisce\u201d l\u2019economia\u201d, organizzato da Confcommercio con\u00a0 50&amp;Pi\u00f9 e Confcommercio Genova, per fare il punto sulla Silver Economy, l\u2019economia che riguarda il complesso delle attivit\u00e0 economiche rivolte specificamente alla popolazione con 65 [&hellip;]<\/p>\n","protected":false},"author":1,"featured_media":2432,"comment_status":"closed","ping_status":"open","sticky":false,"template":"","format":"standard","meta":{"footnotes":""},"categories":[224],"tags":[],"yoast_head":"<!-- This site is optimized with the Yoast SEO plugin v22.2 - https:\/\/yoast.com\/wordpress\/plugins\/seo\/ -->\n<title>La Silver Economy un&#039;opportunit\u00e0 di crescita per il Paese -<\/title>\n<meta name=\"robots\" content=\"index, follow, max-snippet:-1, max-image-preview:large, max-video-preview:-1\" \/>\n<link rel=\"canonical\" href=\"https:\/\/www.italiaeconomiaonline.it\/web\/la-silver-economy-unopportunita-di-crescita-per-il-paese\/\" \/>\n<meta property=\"og:locale\" content=\"it_IT\" \/>\n<meta property=\"og:type\" content=\"article\" \/>\n<meta property=\"og:title\" content=\"La Silver Economy un&#039;opportunit\u00e0 di crescita per il Paese -\" \/>\n<meta property=\"og:description\" content=\"Si svolger\u00e0 a Genova il 7 febbraio il convegno dal titolo \u201cSILVER &amp; THE CITY\u201d: pi\u00f9 consumi, pi\u00f9 turismo, pi\u00f9 crescita, la terza et\u00e0 \u201cringiovanisce\u201d l\u2019economia\u201d, organizzato da Confcommercio con\u00a0 50&amp;Pi\u00f9 e Confcommercio Genova, per fare il punto sulla Silver Economy, l\u2019economia che riguarda il complesso delle attivit\u00e0 economiche rivolte specificamente alla popolazione con 65 [&hellip;]\" \/>\n<meta property=\"og:url\" content=\"https:\/\/www.italiaeconomiaonline.it\/web\/la-silver-economy-unopportunita-di-crescita-per-il-paese\/\" \/>\n<meta property=\"og:site_name\" content=\"ItaliaEconomiaOnline\" \/>\n<meta property=\"article:published_time\" content=\"2020-02-05T10:34:50+00:00\" \/>\n<meta property=\"og:image\" content=\"https:\/\/www.italiaeconomiaonline.it\/web\/wp-content\/uploads\/2020\/01\/Schermata-2020-01-31-alle-15.13.33.png\" \/>\n\t<meta property=\"og:image:width\" content=\"818\" \/>\n\t<meta property=\"og:image:height\" content=\"475\" \/>\n\t<meta property=\"og:image:type\" content=\"image\/png\" \/>\n<meta name=\"author\" content=\"ladyitaliaeconomia\" \/>\n<meta name=\"twitter:card\" content=\"summary_large_image\" \/>\n<meta name=\"twitter:label1\" content=\"Scritto da\" \/>\n\t<meta name=\"twitter:data1\" content=\"ladyitaliaeconomia\" \/>\n\t<meta name=\"twitter:label2\" content=\"Tempo di lettura stimato\" \/>\n\t<meta name=\"twitter:data2\" content=\"1 minuto\" \/>\n<script type=\"application\/ld+json\" class=\"yoast-schema-graph\">{\"@context\":\"https:\/\/schema.org\",\"@graph\":[{\"@type\":\"WebPage\",\"@id\":\"https:\/\/www.italiaeconomiaonline.it\/web\/la-silver-economy-unopportunita-di-crescita-per-il-paese\/\",\"url\":\"https:\/\/www.italiaeconomiaonline.it\/web\/la-silver-economy-unopportunita-di-crescita-per-il-paese\/\",\"name\":\"La Silver Economy un'opportunit\u00e0 di crescita per il Paese -\",\"isPartOf\":{\"@id\":\"https:\/\/www.italiaeconomiaonline.it\/web\/#website\"},\"primaryImageOfPage\":{\"@id\":\"https:\/\/www.italiaeconomiaonline.it\/web\/la-silver-economy-unopportunita-di-crescita-per-il-paese\/#primaryimage\"},\"image\":{\"@id\":\"https:\/\/www.italiaeconomiaonline.it\/web\/la-silver-economy-unopportunita-di-crescita-per-il-paese\/#primaryimage\"},\"thumbnailUrl\":\"https:\/\/www.italiaeconomiaonline.it\/web\/wp-content\/uploads\/2020\/01\/Schermata-2020-01-31-alle-15.13.33.png\",\"datePublished\":\"2020-02-05T10:34:50+00:00\",\"dateModified\":\"2020-02-05T10:34:50+00:00\",\"author\":{\"@id\":\"https:\/\/www.italiaeconomiaonline.it\/web\/#\/schema\/person\/909a49cce752523b020fbc37d5ab1c31\"},\"breadcrumb\":{\"@id\":\"https:\/\/www.italiaeconomiaonline.it\/web\/la-silver-economy-unopportunita-di-crescita-per-il-paese\/#breadcrumb\"},\"inLanguage\":\"it-IT\",\"potentialAction\":[{\"@type\":\"ReadAction\",\"target\":[\"https:\/\/www.italiaeconomiaonline.it\/web\/la-silver-economy-unopportunita-di-crescita-per-il-paese\/\"]}]},{\"@type\":\"ImageObject\",\"inLanguage\":\"it-IT\",\"@id\":\"https:\/\/www.italiaeconomiaonline.it\/web\/la-silver-economy-unopportunita-di-crescita-per-il-paese\/#primaryimage\",\"url\":\"https:\/\/www.italiaeconomiaonline.it\/web\/wp-content\/uploads\/2020\/01\/Schermata-2020-01-31-alle-15.13.33.png\",\"contentUrl\":\"https:\/\/www.italiaeconomiaonline.it\/web\/wp-content\/uploads\/2020\/01\/Schermata-2020-01-31-alle-15.13.33.png\",\"width\":818,\"height\":475},{\"@type\":\"BreadcrumbList\",\"@id\":\"https:\/\/www.italiaeconomiaonline.it\/web\/la-silver-economy-unopportunita-di-crescita-per-il-paese\/#breadcrumb\",\"itemListElement\":[{\"@type\":\"ListItem\",\"position\":1,\"name\":\"Home\",\"item\":\"https:\/\/www.italiaeconomiaonline.it\/web\/\"},{\"@type\":\"ListItem\",\"position\":2,\"name\":\"La Silver Economy un&#8217;opportunit\u00e0 di crescita per il Paese\"}]},{\"@type\":\"WebSite\",\"@id\":\"https:\/\/www.italiaeconomiaonline.it\/web\/#website\",\"url\":\"https:\/\/www.italiaeconomiaonline.it\/web\/\",\"name\":\"ItaliaEconomiaOnline\",\"description\":\"Quotidiano Economico Online\",\"potentialAction\":[{\"@type\":\"SearchAction\",\"target\":{\"@type\":\"EntryPoint\",\"urlTemplate\":\"https:\/\/www.italiaeconomiaonline.it\/web\/?s={search_term_string}\"},\"query-input\":\"required name=search_term_string\"}],\"inLanguage\":\"it-IT\"},{\"@type\":\"Person\",\"@id\":\"https:\/\/www.italiaeconomiaonline.it\/web\/#\/schema\/person\/909a49cce752523b020fbc37d5ab1c31\",\"name\":\"ladyitaliaeconomia\",\"image\":{\"@type\":\"ImageObject\",\"inLanguage\":\"it-IT\",\"@id\":\"https:\/\/www.italiaeconomiaonline.it\/web\/#\/schema\/person\/image\/\",\"url\":\"https:\/\/secure.gravatar.com\/avatar\/cedca10ce7416a579b9fa6bce9c0a8f2?s=96&d=mm&r=g\",\"contentUrl\":\"https:\/\/secure.gravatar.com\/avatar\/cedca10ce7416a579b9fa6bce9c0a8f2?s=96&d=mm&r=g\",\"caption\":\"ladyitaliaeconomia\"},\"url\":\"https:\/\/www.italiaeconomiaonline.it\/web\/author\/ladyitaliaeconomia\/\"}]}<\/script>\n<!-- \/ Yoast SEO plugin. -->","yoast_head_json":{"title":"La Silver Economy un'opportunit\u00e0 di crescita per il Paese -","robots":{"index":"index","follow":"follow","max-snippet":"max-snippet:-1","max-image-preview":"max-image-preview:large","max-video-preview":"max-video-preview:-1"},"canonical":"https:\/\/www.italiaeconomiaonline.it\/web\/la-silver-economy-unopportunita-di-crescita-per-il-paese\/","og_locale":"it_IT","og_type":"article","og_title":"La Silver Economy un'opportunit\u00e0 di crescita per il Paese -","og_description":"Si svolger\u00e0 a Genova il 7 febbraio il convegno dal titolo \u201cSILVER &amp; THE CITY\u201d: pi\u00f9 consumi, pi\u00f9 turismo, pi\u00f9 crescita, la terza et\u00e0 \u201cringiovanisce\u201d l\u2019economia\u201d, organizzato da Confcommercio con\u00a0 50&amp;Pi\u00f9 e Confcommercio Genova, per fare il punto sulla Silver Economy, l\u2019economia che riguarda il complesso delle attivit\u00e0 economiche rivolte specificamente alla popolazione con 65 [&hellip;]","og_url":"https:\/\/www.italiaeconomiaonline.it\/web\/la-silver-economy-unopportunita-di-crescita-per-il-paese\/","og_site_name":"ItaliaEconomiaOnline","article_published_time":"2020-02-05T10:34:50+00:00","og_image":[{"width":818,"height":475,"url":"https:\/\/www.italiaeconomiaonline.it\/web\/wp-content\/uploads\/2020\/01\/Schermata-2020-01-31-alle-15.13.33.png","type":"image\/png"}],"author":"ladyitaliaeconomia","twitter_card":"summary_large_image","twitter_misc":{"Scritto da":"ladyitaliaeconomia","Tempo di lettura stimato":"1 minuto"},"schema":{"@context":"https:\/\/schema.org","@graph":[{"@type":"WebPage","@id":"https:\/\/www.italiaeconomiaonline.it\/web\/la-silver-economy-unopportunita-di-crescita-per-il-paese\/","url":"https:\/\/www.italiaeconomiaonline.it\/web\/la-silver-economy-unopportunita-di-crescita-per-il-paese\/","name":"La Silver Economy un'opportunit\u00e0 di crescita per il Paese -","isPartOf":{"@id":"https:\/\/www.italiaeconomiaonline.it\/web\/#website"},"primaryImageOfPage":{"@id":"https:\/\/www.italiaeconomiaonline.it\/web\/la-silver-economy-unopportunita-di-crescita-per-il-paese\/#primaryimage"},"image":{"@id":"https:\/\/www.italiaeconomiaonline.it\/web\/la-silver-economy-unopportunita-di-crescita-per-il-paese\/#primaryimage"},"thumbnailUrl":"https:\/\/www.italiaeconomiaonline.it\/web\/wp-content\/uploads\/2020\/01\/Schermata-2020-01-31-alle-15.13.33.png","datePublished":"2020-02-05T10:34:50+00:00","dateModified":"2020-02-05T10:34:50+00:00","author":{"@id":"https:\/\/www.italiaeconomiaonline.it\/web\/#\/schema\/person\/909a49cce752523b020fbc37d5ab1c31"},"breadcrumb":{"@id":"https:\/\/www.italiaeconomiaonline.it\/web\/la-silver-economy-unopportunita-di-crescita-per-il-paese\/#breadcrumb"},"inLanguage":"it-IT","potentialAction":[{"@type":"ReadAction","target":["https:\/\/www.italiaeconomiaonline.it\/web\/la-silver-economy-unopportunita-di-crescita-per-il-paese\/"]}]},{"@type":"ImageObject","inLanguage":"it-IT","@id":"https:\/\/www.italiaeconomiaonline.it\/web\/la-silver-economy-unopportunita-di-crescita-per-il-paese\/#primaryimage","url":"https:\/\/www.italiaeconomiaonline.it\/web\/wp-content\/uploads\/2020\/01\/Schermata-2020-01-31-alle-15.13.33.png","contentUrl":"https:\/\/www.italiaeconomiaonline.it\/web\/wp-content\/uploads\/2020\/01\/Schermata-2020-01-31-alle-15.13.33.png","width":818,"height":475},{"@type":"BreadcrumbList","@id":"https:\/\/www.italiaeconomiaonline.it\/web\/la-silver-economy-unopportunita-di-crescita-per-il-paese\/#breadcrumb","itemListElement":[{"@type":"ListItem","position":1,"name":"Home","item":"https:\/\/www.italiaeconomiaonline.it\/web\/"},{"@type":"ListItem","position":2,"name":"La Silver Economy un&#8217;opportunit\u00e0 di crescita per il Paese"}]},{"@type":"WebSite","@id":"https:\/\/www.italiaeconomiaonline.it\/web\/#website","url":"https:\/\/www.italiaeconomiaonline.it\/web\/","name":"ItaliaEconomiaOnline","description":"Quotidiano Economico Online","potentialAction":[{"@type":"SearchAction","target":{"@type":"EntryPoint","urlTemplate":"https:\/\/www.italiaeconomiaonline.it\/web\/?s={search_term_string}"},"query-input":"required name=search_term_string"}],"inLanguage":"it-IT"},{"@type":"Person","@id":"https:\/\/www.italiaeconomiaonline.it\/web\/#\/schema\/person\/909a49cce752523b020fbc37d5ab1c31","name":"ladyitaliaeconomia","image":{"@type":"ImageObject","inLanguage":"it-IT","@id":"https:\/\/www.italiaeconomiaonline.it\/web\/#\/schema\/person\/image\/","url":"https:\/\/secure.gravatar.com\/avatar\/cedca10ce7416a579b9fa6bce9c0a8f2?s=96&d=mm&r=g","contentUrl":"https:\/\/secure.gravatar.com\/avatar\/cedca10ce7416a579b9fa6bce9c0a8f2?s=96&d=mm&r=g","caption":"ladyitaliaeconomia"},"url":"https:\/\/www.italiaeconomiaonline.it\/web\/author\/ladyitaliaeconomia\/"}]}},"_links":{"self":[{"href":"https:\/\/www.italiaeconomiaonline.it\/web\/wp-json\/wp\/v2\/posts\/2474"}],"collection":[{"href":"https:\/\/www.italiaeconomiaonline.it\/web\/wp-json\/wp\/v2\/posts"}],"about":[{"href":"https:\/\/www.italiaeconomiaonline.it\/web\/wp-json\/wp\/v2\/types\/post"}],"author":[{"embeddable":true,"href":"https:\/\/www.italiaeconomiaonline.it\/web\/wp-json\/wp\/v2\/users\/1"}],"replies":[{"embeddable":true,"href":"https:\/\/www.italiaeconomiaonline.it\/web\/wp-json\/wp\/v2\/comments?post=2474"}],"version-history":[{"count":1,"href":"https:\/\/www.italiaeconomiaonline.it\/web\/wp-json\/wp\/v2\/posts\/2474\/revisions"}],"predecessor-version":[{"id":2475,"href":"https:\/\/www.italiaeconomiaonline.it\/web\/wp-json\/wp\/v2\/posts\/2474\/revisions\/2475"}],"wp:featuredmedia":[{"embeddable":true,"href":"https:\/\/www.italiaeconomiaonline.it\/web\/wp-json\/wp\/v2\/media\/2432"}],"wp:attachment":[{"href":"https:\/\/www.italiaeconomiaonline.it\/web\/wp-json\/wp\/v2\/media?parent=2474"}],"wp:term":[{"taxonomy":"category","embeddable":true,"href":"https:\/\/www.italiaeconomiaonline.it\/web\/wp-json\/wp\/v2\/categories?post=2474"},{"taxonomy":"post_tag","embeddable":true,"href":"https:\/\/www.italiaeconomiaonline.it\/web\/wp-json\/wp\/v2\/tags?post=2474"}],"curies":[{"name":"wp","href":"https:\/\/api.w.org\/{rel}","templated":true}]}}