{"id":2478,"date":"2020-02-06T09:50:27","date_gmt":"2020-02-06T08:50:27","guid":{"rendered":"http:\/\/www.italiaeconomiaonline.it\/web\/?p=2478"},"modified":"2020-02-06T09:50:27","modified_gmt":"2020-02-06T08:50:27","slug":"federcontribuenti-il-419-dei-poveri-esclusi-dal-rdc","status":"publish","type":"post","link":"https:\/\/www.italiaeconomiaonline.it\/web\/federcontribuenti-il-419-dei-poveri-esclusi-dal-rdc\/","title":{"rendered":"Federcontribuenti: Il 41,9% dei poveri esclusi dal Rdc"},"content":{"rendered":"<p><span class=\"dropcap dropcap3\">A<\/span>l 7 gennaio 2020 1,6 milioni di nuclei hanno presentato una domanda di Reddito\/Pensione di Cittadinanza all\u2019Inps: 1,1 milione (67%) sono state accolte, 88 mila (5%) sono in lavorazione e 457 mila (28%) sono state respinte o cancellate. Il reddito di cittadinanza copre un totale di 2,5 mln di persone e l&#8217;altra met\u00e0 dei poveri esclusi chi sono?<\/p>\n<p><strong>Federcontribuenti<\/strong>: &#8221;Il 32% dei contribuenti italiani, circa 13 milioni di persone, con un reddito inferiore ai 10mila euro all\u2019anno. Con il nuovo ISEE ancora meno poveri avranno diritto al Rdc&#8221;.<\/p>\n<p>Ogni famiglia di tasca propria ha sovvenzionato l&#8217;intero welfare, circa 143,4 miliardi, l\u20198,3% di Pil, versando circa 5.611 euro, l&#8217;8,6% del reddito netto familiare ( su un reddito pari a 30 mila euro l&#8217;anno).<\/p>\n<p>&nbsp;<\/p>\n<p><strong>Marco Paccagnella<\/strong>, presidente della Federcontribuenti porta un esempio molto chiaro: &#8221;se in casa ho tutte le finestre rotte \u00e8 inutile che spenda ingenti somme in riscaldamento, bisogner\u00e0 prima aggiustare le finestre per evitare di avere per sempre freddo. Il Rdc \u00e8 una toppa insufficiente a risolvere il problema dei redditi in Italia&#8221;.<\/p>\n<p>Il 45% dei contribuenti italiani guadagna meno di 15mila euro all\u2019anno e dichiara solo il 4% dell\u2019Irpef totale. &#8221;L&#8217;Italia \u00e8 tra i Paesi con la maggior spesa welfare, soldi spesi male e basterebbe ragionare al contrario. Se invece di dare assegni a chi ha et\u00e0 e salute per lavorare li avessimo investiti in occupazione ora avremmo una platea di contribuenti con reddito sufficiente a vivere decisamente pi\u00f9 ampia. Il welfare deve servire a sostenere i non autosufficienti, i malati gravi come gli anziani con una pensione inadeguata e una sanit\u00e0 ed istruzione <a class=\"matchTooltip\">oggi<\/a> entrambi carenti per numero strutture e professionisti&#8221;.<\/p>\n<p>&nbsp;<\/p>\n<p>Non \u00e8 vero che la povert\u00e0 \u00e8 calata, risulta invece essere stazionaria anche a fronte dell&#8217;importante spesa sostenuta: il 70% degli aiuti \u00e8 coperta dai contributi versati dai lavoratori dipendenti e dalle imprese, mentre il 30% dalla fiscalit\u00e0 in generale.<\/p>\n<p>Presto finiranno le misure per quota 100 e per il Rdc e cosa succeder\u00e0?<\/p>\n<p>&#8221;Tutto torner\u00e0 peggio di prima perch\u00e9 nel frattempo avremo impoverito anche chi ha un reddito. Non avendo attuato nessuna misura contro l&#8217;impoverimento delle P.Iva; senza aver attuato alcuna misura contro il lavoro nero; senza aver fatto nulla contro le paghe ridicole questo castello roviner\u00e0 addosso a quelle stesse categorie di cittadini illusi e fragili dal punto di vista economico&#8221;.<\/p>\n<p>Se ci si lamenta di non trovare figure professionali; se ci si lamenta di buste paghe da fame; se ci si lamenta di una fiscalit\u00e0 aggressiva \u00e8 responsabilit\u00e0 della politica e dei sindacati risolvere il dramma occupazionale in Italia.<\/p>\n","protected":false},"excerpt":{"rendered":"<p>Al 7 gennaio 2020 1,6 milioni di nuclei hanno presentato una domanda di Reddito\/Pensione di Cittadinanza all\u2019Inps: 1,1 milione (67%) sono state accolte, 88 mila (5%) sono in lavorazione e 457 mila (28%) sono state respinte o cancellate. Il reddito di cittadinanza copre un totale di 2,5 mln di persone e l&#8217;altra met\u00e0 dei poveri [&hellip;]<\/p>\n","protected":false},"author":1,"featured_media":1052,"comment_status":"closed","ping_status":"open","sticky":false,"template":"","format":"standard","meta":{"footnotes":""},"categories":[490],"tags":[],"yoast_head":"<!-- This site is optimized with the Yoast SEO plugin v22.2 - https:\/\/yoast.com\/wordpress\/plugins\/seo\/ -->\n<title>Federcontribuenti: Il 41,9% dei poveri esclusi dal Rdc -<\/title>\n<meta name=\"robots\" content=\"index, follow, max-snippet:-1, max-image-preview:large, max-video-preview:-1\" \/>\n<link rel=\"canonical\" href=\"https:\/\/www.italiaeconomiaonline.it\/web\/federcontribuenti-il-419-dei-poveri-esclusi-dal-rdc\/\" \/>\n<meta property=\"og:locale\" content=\"it_IT\" \/>\n<meta property=\"og:type\" content=\"article\" \/>\n<meta property=\"og:title\" content=\"Federcontribuenti: Il 41,9% dei poveri esclusi dal Rdc -\" \/>\n<meta property=\"og:description\" content=\"Al 7 gennaio 2020 1,6 milioni di nuclei hanno presentato una domanda di Reddito\/Pensione di Cittadinanza all\u2019Inps: 1,1 milione (67%) sono state accolte, 88 mila (5%) sono in lavorazione e 457 mila (28%) sono state respinte o cancellate. Il reddito di cittadinanza copre un totale di 2,5 mln di persone e l&#8217;altra met\u00e0 dei poveri [&hellip;]\" \/>\n<meta property=\"og:url\" content=\"https:\/\/www.italiaeconomiaonline.it\/web\/federcontribuenti-il-419-dei-poveri-esclusi-dal-rdc\/\" \/>\n<meta property=\"og:site_name\" content=\"ItaliaEconomiaOnline\" \/>\n<meta property=\"article:published_time\" content=\"2020-02-06T08:50:27+00:00\" \/>\n<meta property=\"og:image\" content=\"https:\/\/www.italiaeconomiaonline.it\/web\/wp-content\/uploads\/2019\/06\/fattura.jpg\" \/>\n\t<meta property=\"og:image:width\" content=\"960\" \/>\n\t<meta property=\"og:image:height\" content=\"640\" \/>\n\t<meta property=\"og:image:type\" content=\"image\/jpeg\" \/>\n<meta name=\"author\" content=\"ladyitaliaeconomia\" \/>\n<meta name=\"twitter:card\" content=\"summary_large_image\" \/>\n<meta name=\"twitter:label1\" content=\"Scritto da\" \/>\n\t<meta name=\"twitter:data1\" content=\"ladyitaliaeconomia\" \/>\n\t<meta name=\"twitter:label2\" content=\"Tempo di lettura stimato\" \/>\n\t<meta name=\"twitter:data2\" content=\"2 minuti\" \/>\n<script type=\"application\/ld+json\" class=\"yoast-schema-graph\">{\"@context\":\"https:\/\/schema.org\",\"@graph\":[{\"@type\":\"WebPage\",\"@id\":\"https:\/\/www.italiaeconomiaonline.it\/web\/federcontribuenti-il-419-dei-poveri-esclusi-dal-rdc\/\",\"url\":\"https:\/\/www.italiaeconomiaonline.it\/web\/federcontribuenti-il-419-dei-poveri-esclusi-dal-rdc\/\",\"name\":\"Federcontribuenti: Il 41,9% dei poveri esclusi dal Rdc -\",\"isPartOf\":{\"@id\":\"https:\/\/www.italiaeconomiaonline.it\/web\/#website\"},\"primaryImageOfPage\":{\"@id\":\"https:\/\/www.italiaeconomiaonline.it\/web\/federcontribuenti-il-419-dei-poveri-esclusi-dal-rdc\/#primaryimage\"},\"image\":{\"@id\":\"https:\/\/www.italiaeconomiaonline.it\/web\/federcontribuenti-il-419-dei-poveri-esclusi-dal-rdc\/#primaryimage\"},\"thumbnailUrl\":\"https:\/\/www.italiaeconomiaonline.it\/web\/wp-content\/uploads\/2019\/06\/fattura.jpg\",\"datePublished\":\"2020-02-06T08:50:27+00:00\",\"dateModified\":\"2020-02-06T08:50:27+00:00\",\"author\":{\"@id\":\"https:\/\/www.italiaeconomiaonline.it\/web\/#\/schema\/person\/909a49cce752523b020fbc37d5ab1c31\"},\"breadcrumb\":{\"@id\":\"https:\/\/www.italiaeconomiaonline.it\/web\/federcontribuenti-il-419-dei-poveri-esclusi-dal-rdc\/#breadcrumb\"},\"inLanguage\":\"it-IT\",\"potentialAction\":[{\"@type\":\"ReadAction\",\"target\":[\"https:\/\/www.italiaeconomiaonline.it\/web\/federcontribuenti-il-419-dei-poveri-esclusi-dal-rdc\/\"]}]},{\"@type\":\"ImageObject\",\"inLanguage\":\"it-IT\",\"@id\":\"https:\/\/www.italiaeconomiaonline.it\/web\/federcontribuenti-il-419-dei-poveri-esclusi-dal-rdc\/#primaryimage\",\"url\":\"https:\/\/www.italiaeconomiaonline.it\/web\/wp-content\/uploads\/2019\/06\/fattura.jpg\",\"contentUrl\":\"https:\/\/www.italiaeconomiaonline.it\/web\/wp-content\/uploads\/2019\/06\/fattura.jpg\",\"width\":960,\"height\":640},{\"@type\":\"BreadcrumbList\",\"@id\":\"https:\/\/www.italiaeconomiaonline.it\/web\/federcontribuenti-il-419-dei-poveri-esclusi-dal-rdc\/#breadcrumb\",\"itemListElement\":[{\"@type\":\"ListItem\",\"position\":1,\"name\":\"Home\",\"item\":\"https:\/\/www.italiaeconomiaonline.it\/web\/\"},{\"@type\":\"ListItem\",\"position\":2,\"name\":\"Federcontribuenti: Il 41,9% dei poveri esclusi dal Rdc\"}]},{\"@type\":\"WebSite\",\"@id\":\"https:\/\/www.italiaeconomiaonline.it\/web\/#website\",\"url\":\"https:\/\/www.italiaeconomiaonline.it\/web\/\",\"name\":\"ItaliaEconomiaOnline\",\"description\":\"Quotidiano Economico Online\",\"potentialAction\":[{\"@type\":\"SearchAction\",\"target\":{\"@type\":\"EntryPoint\",\"urlTemplate\":\"https:\/\/www.italiaeconomiaonline.it\/web\/?s={search_term_string}\"},\"query-input\":\"required name=search_term_string\"}],\"inLanguage\":\"it-IT\"},{\"@type\":\"Person\",\"@id\":\"https:\/\/www.italiaeconomiaonline.it\/web\/#\/schema\/person\/909a49cce752523b020fbc37d5ab1c31\",\"name\":\"ladyitaliaeconomia\",\"image\":{\"@type\":\"ImageObject\",\"inLanguage\":\"it-IT\",\"@id\":\"https:\/\/www.italiaeconomiaonline.it\/web\/#\/schema\/person\/image\/\",\"url\":\"https:\/\/secure.gravatar.com\/avatar\/cedca10ce7416a579b9fa6bce9c0a8f2?s=96&d=mm&r=g\",\"contentUrl\":\"https:\/\/secure.gravatar.com\/avatar\/cedca10ce7416a579b9fa6bce9c0a8f2?s=96&d=mm&r=g\",\"caption\":\"ladyitaliaeconomia\"},\"url\":\"https:\/\/www.italiaeconomiaonline.it\/web\/author\/ladyitaliaeconomia\/\"}]}<\/script>\n<!-- \/ Yoast SEO plugin. -->","yoast_head_json":{"title":"Federcontribuenti: Il 41,9% dei poveri esclusi dal Rdc -","robots":{"index":"index","follow":"follow","max-snippet":"max-snippet:-1","max-image-preview":"max-image-preview:large","max-video-preview":"max-video-preview:-1"},"canonical":"https:\/\/www.italiaeconomiaonline.it\/web\/federcontribuenti-il-419-dei-poveri-esclusi-dal-rdc\/","og_locale":"it_IT","og_type":"article","og_title":"Federcontribuenti: Il 41,9% dei poveri esclusi dal Rdc -","og_description":"Al 7 gennaio 2020 1,6 milioni di nuclei hanno presentato una domanda di Reddito\/Pensione di Cittadinanza all\u2019Inps: 1,1 milione (67%) sono state accolte, 88 mila (5%) sono in lavorazione e 457 mila (28%) sono state respinte o cancellate. Il reddito di cittadinanza copre un totale di 2,5 mln di persone e l&#8217;altra met\u00e0 dei poveri [&hellip;]","og_url":"https:\/\/www.italiaeconomiaonline.it\/web\/federcontribuenti-il-419-dei-poveri-esclusi-dal-rdc\/","og_site_name":"ItaliaEconomiaOnline","article_published_time":"2020-02-06T08:50:27+00:00","og_image":[{"width":960,"height":640,"url":"https:\/\/www.italiaeconomiaonline.it\/web\/wp-content\/uploads\/2019\/06\/fattura.jpg","type":"image\/jpeg"}],"author":"ladyitaliaeconomia","twitter_card":"summary_large_image","twitter_misc":{"Scritto da":"ladyitaliaeconomia","Tempo di lettura stimato":"2 minuti"},"schema":{"@context":"https:\/\/schema.org","@graph":[{"@type":"WebPage","@id":"https:\/\/www.italiaeconomiaonline.it\/web\/federcontribuenti-il-419-dei-poveri-esclusi-dal-rdc\/","url":"https:\/\/www.italiaeconomiaonline.it\/web\/federcontribuenti-il-419-dei-poveri-esclusi-dal-rdc\/","name":"Federcontribuenti: Il 41,9% dei poveri esclusi dal Rdc -","isPartOf":{"@id":"https:\/\/www.italiaeconomiaonline.it\/web\/#website"},"primaryImageOfPage":{"@id":"https:\/\/www.italiaeconomiaonline.it\/web\/federcontribuenti-il-419-dei-poveri-esclusi-dal-rdc\/#primaryimage"},"image":{"@id":"https:\/\/www.italiaeconomiaonline.it\/web\/federcontribuenti-il-419-dei-poveri-esclusi-dal-rdc\/#primaryimage"},"thumbnailUrl":"https:\/\/www.italiaeconomiaonline.it\/web\/wp-content\/uploads\/2019\/06\/fattura.jpg","datePublished":"2020-02-06T08:50:27+00:00","dateModified":"2020-02-06T08:50:27+00:00","author":{"@id":"https:\/\/www.italiaeconomiaonline.it\/web\/#\/schema\/person\/909a49cce752523b020fbc37d5ab1c31"},"breadcrumb":{"@id":"https:\/\/www.italiaeconomiaonline.it\/web\/federcontribuenti-il-419-dei-poveri-esclusi-dal-rdc\/#breadcrumb"},"inLanguage":"it-IT","potentialAction":[{"@type":"ReadAction","target":["https:\/\/www.italiaeconomiaonline.it\/web\/federcontribuenti-il-419-dei-poveri-esclusi-dal-rdc\/"]}]},{"@type":"ImageObject","inLanguage":"it-IT","@id":"https:\/\/www.italiaeconomiaonline.it\/web\/federcontribuenti-il-419-dei-poveri-esclusi-dal-rdc\/#primaryimage","url":"https:\/\/www.italiaeconomiaonline.it\/web\/wp-content\/uploads\/2019\/06\/fattura.jpg","contentUrl":"https:\/\/www.italiaeconomiaonline.it\/web\/wp-content\/uploads\/2019\/06\/fattura.jpg","width":960,"height":640},{"@type":"BreadcrumbList","@id":"https:\/\/www.italiaeconomiaonline.it\/web\/federcontribuenti-il-419-dei-poveri-esclusi-dal-rdc\/#breadcrumb","itemListElement":[{"@type":"ListItem","position":1,"name":"Home","item":"https:\/\/www.italiaeconomiaonline.it\/web\/"},{"@type":"ListItem","position":2,"name":"Federcontribuenti: Il 41,9% dei poveri esclusi dal Rdc"}]},{"@type":"WebSite","@id":"https:\/\/www.italiaeconomiaonline.it\/web\/#website","url":"https:\/\/www.italiaeconomiaonline.it\/web\/","name":"ItaliaEconomiaOnline","description":"Quotidiano Economico Online","potentialAction":[{"@type":"SearchAction","target":{"@type":"EntryPoint","urlTemplate":"https:\/\/www.italiaeconomiaonline.it\/web\/?s={search_term_string}"},"query-input":"required name=search_term_string"}],"inLanguage":"it-IT"},{"@type":"Person","@id":"https:\/\/www.italiaeconomiaonline.it\/web\/#\/schema\/person\/909a49cce752523b020fbc37d5ab1c31","name":"ladyitaliaeconomia","image":{"@type":"ImageObject","inLanguage":"it-IT","@id":"https:\/\/www.italiaeconomiaonline.it\/web\/#\/schema\/person\/image\/","url":"https:\/\/secure.gravatar.com\/avatar\/cedca10ce7416a579b9fa6bce9c0a8f2?s=96&d=mm&r=g","contentUrl":"https:\/\/secure.gravatar.com\/avatar\/cedca10ce7416a579b9fa6bce9c0a8f2?s=96&d=mm&r=g","caption":"ladyitaliaeconomia"},"url":"https:\/\/www.italiaeconomiaonline.it\/web\/author\/ladyitaliaeconomia\/"}]}},"_links":{"self":[{"href":"https:\/\/www.italiaeconomiaonline.it\/web\/wp-json\/wp\/v2\/posts\/2478"}],"collection":[{"href":"https:\/\/www.italiaeconomiaonline.it\/web\/wp-json\/wp\/v2\/posts"}],"about":[{"href":"https:\/\/www.italiaeconomiaonline.it\/web\/wp-json\/wp\/v2\/types\/post"}],"author":[{"embeddable":true,"href":"https:\/\/www.italiaeconomiaonline.it\/web\/wp-json\/wp\/v2\/users\/1"}],"replies":[{"embeddable":true,"href":"https:\/\/www.italiaeconomiaonline.it\/web\/wp-json\/wp\/v2\/comments?post=2478"}],"version-history":[{"count":1,"href":"https:\/\/www.italiaeconomiaonline.it\/web\/wp-json\/wp\/v2\/posts\/2478\/revisions"}],"predecessor-version":[{"id":2479,"href":"https:\/\/www.italiaeconomiaonline.it\/web\/wp-json\/wp\/v2\/posts\/2478\/revisions\/2479"}],"wp:featuredmedia":[{"embeddable":true,"href":"https:\/\/www.italiaeconomiaonline.it\/web\/wp-json\/wp\/v2\/media\/1052"}],"wp:attachment":[{"href":"https:\/\/www.italiaeconomiaonline.it\/web\/wp-json\/wp\/v2\/media?parent=2478"}],"wp:term":[{"taxonomy":"category","embeddable":true,"href":"https:\/\/www.italiaeconomiaonline.it\/web\/wp-json\/wp\/v2\/categories?post=2478"},{"taxonomy":"post_tag","embeddable":true,"href":"https:\/\/www.italiaeconomiaonline.it\/web\/wp-json\/wp\/v2\/tags?post=2478"}],"curies":[{"name":"wp","href":"https:\/\/api.w.org\/{rel}","templated":true}]}}